{"id":8943,"date":"2020-07-03T08:03:29","date_gmt":"2020-07-03T08:03:29","guid":{"rendered":"https:\/\/www.mes-allocs.fr\/guides\/?p=8943"},"modified":"2026-04-03T13:44:28","modified_gmt":"2026-04-03T12:44:28","slug":"cpf-permis","status":"publish","type":"post","link":"https:\/\/www.mes-allocs.fr\/guides\/aide-mobilite\/aide-permis-de-conduire\/cpf-permis\/","title":{"rendered":"CPF permis 2026 : conditions, montant, d\u00e9marches"},"content":{"rendered":"<p style=\"text-align: justify;\"><strong><img loading=\"lazy\" decoding=\"async\" class=\"aligncenter wp-image-9121 size-full\" src=\"https:\/\/www.mes-allocs.fr\/guides\/wp-content\/uploads\/2020\/07\/CPF-permis-conditions-montant-de\u0301marchess-e1769767236167.jpg\" alt=\"CPF permis : conditions, montant, de\u0301marchess\" width=\"1280\" height=\"300\" srcset=\"https:\/\/www.mes-allocs.fr\/guides\/wp-content\/uploads\/2020\/07\/CPF-permis-conditions-montant-de\u0301marchess-e1769767236167.jpg 1280w, https:\/\/www.mes-allocs.fr\/guides\/wp-content\/uploads\/2020\/07\/CPF-permis-conditions-montant-de\u0301marchess-e1769767236167-300x70.jpg 300w, https:\/\/www.mes-allocs.fr\/guides\/wp-content\/uploads\/2020\/07\/CPF-permis-conditions-montant-de\u0301marchess-e1769767236167-1024x240.jpg 1024w, https:\/\/www.mes-allocs.fr\/guides\/wp-content\/uploads\/2020\/07\/CPF-permis-conditions-montant-de\u0301marchess-e1769767236167-768x180.jpg 768w, https:\/\/www.mes-allocs.fr\/guides\/wp-content\/uploads\/2020\/07\/CPF-permis-conditions-montant-de\u0301marchess-e1769767236167-600x141.jpg 600w\" sizes=\"auto, (max-width: 1280px) 100vw, 1280px\" \/><\/strong><\/p>\n<p style=\"text-align: justify;\">[Mis \u00e0 jour le 03\/04\/2026] Vous souhaitez utiliser votre <b>CPF pour financer votre permis<\/b> ? Cette astuce vous permet de r\u00e9duire le co\u00fbt de votre formation. Mais attention, cette <a href=\"https:\/\/www.mes-allocs.fr\/guides\/aide-mobilite\/aide-permis-de-conduire\">aide au permis de conduire<\/a> conna\u00eet quelques changements depuis le 21 f\u00e9vrier 2026. Conditions, montant utilisable et d\u00e9marches pour en b\u00e9n\u00e9ficier. Mes Allocs vous explique tout.<\/p>\n<div class='cta-block'><div class='text'>Simulez toutes vos aides en 2 min.<\/div><a href='https:\/\/www.mes-allocs.fr\/ab-app?origin=guides\/wp-json\/wp\/v2\/posts\/8943' class='app-button fit'>Simulation gratuite<\/a><\/div>\n<h1>Fin permis CPF : quels changements en 2026 ?<\/h1>\n<h2>Suppression du CPF pour payer votre permis si vous travaillez<\/h2>\n<p>Depuis le 21 f\u00e9vrier 2026, vous ne pouvez plus utiliser votre CPF pour financer votre permis si vous \u00a0\u00eates <b>salari\u00e9 ou actif. <\/b>La suppression du CPF pour payer votre permis est une mesure inscrite dans le Budget 2026 du Gouvernement.<\/p>\n<h2>\u00c0 partir de quand vous ne pourrez plus utiliser votre CPF pour le permis ?<\/h2>\n<p>Vous ne pouvez plus utiliser votre CPF pour financer votre permis depuis le 21 f\u00e9vrier 2026.\u00a0 Les \u00e9preuves th\u00e9oriques (Code de la route) comme pratiques (conduite) ne sont plus finan\u00e7ables avec votre CPF si vous \u00eates actif ou salari\u00e9.<\/p>\n<h1>CPF permis : comment en b\u00e9n\u00e9ficier en 2026 ?<\/h1>\n<h2>Qui est encore \u00e9ligible au CPF pour le permis ?<\/h2>\n<p>Si vous \u00eates <b>demandeur d\u2019emploi<\/b> ou que vous b\u00e9n\u00e9ficiez du <b>ch\u00f4mage<\/b>, vous pouvez toujours financer votre permis avec votre Compte Personnel de Formation (CPF). Si vous \u00eates <b>salari\u00e9<\/b> ou <b>actif<\/b>, vous ne pouvez plus avoir recours \u00e0 votre CPF pour payer une partie de votre permis, et cela depuis le 21 f\u00e9vrier 2026.<\/p>\n<h2>Quelles conditions remplir ?<\/h2>\n<p>Si vous souhaite utiliser votre CPF pour financer votre permis en 2026, vous devez remplir plusieurs conditions :<\/p>\n<ul>\n<li aria-level=\"1\">\u00catre demandeur d&#8217;emploi inscrit \u00e0 France Travail,<\/li>\n<li aria-level=\"1\">B\u00e9n\u00e9ficier d&rsquo;un financement d&rsquo;un tiers \u00e0 hauteur de 100\u20ac (employeur, r\u00e9gion, OPCO&#8230;)<\/li>\n<li aria-level=\"1\">Ne pas avoir une <b>suspension<\/b> ou une <b>interdiction<\/b> de passer le permis au moment de votre demande (raison m\u00e9dicale, administrative\u2026)<\/li>\n<li aria-level=\"1\">Vous devez justifier de la <b>n\u00e9cessit\u00e9 du permis<\/b> par rapport \u00e0 votre situation professionnelle (reprise d\u2019emploi, insertion, reconversion\u2026)<\/li>\n<li aria-level=\"1\">Vous ne pouvez pas utiliser <strong>plus de 900\u20ac<\/strong> de votre CPF pour financer votre permis (\u00e9preuves th\u00e9oriques et pratiques).<\/li>\n<\/ul>\n<div class='shortcode disclaimer'><div class='title'>Attention<\/div><div class='content'> Vous ne pouvez pas utiliser votre CPF pour financer un permis A1, A2, B1 ou B2 si vous poss\u00e9dez d\u00e9j\u00e0 un permis de ce groupe.<\/div><\/div>\n<div class='cta-block'><div class='text'>Simulez toutes vos aides en 2 min.<\/div><a href='https:\/\/www.mes-allocs.fr\/ab-app?origin=guides\/wp-json\/wp\/v2\/posts\/8943' class='app-button fit'>Simulation gratuite<\/a><\/div>\n<h1>CPF permis : quelles formations ne sont plus prises en charge ?<\/h1>\n<h2>Les formations pour les salari\u00e9s \/actifs<\/h2>\n<p>D\u00e9sormais tous les permis ne seront plus pris en charge pour les salari\u00e9s et les actifs. Le <b>permis voiture (B1 et B2)<\/b> et le<b> permis moto (A1 et A2)<\/b> ne peuvent plus \u00eatre financ\u00e9s avec le CPF.<\/p>\n<h2>Les formations sp\u00e9cifiques<\/h2>\n<p>Des formations li\u00e9es au permis ne sont pas prises en charge par votre CPF :<\/p>\n<ul>\n<li aria-level=\"1\">Les stages de<b> remise \u00e0 niveau<\/b>,<\/li>\n<li aria-level=\"1\">Les <b>heures suppl\u00e9mentaires<\/b> effectu\u00e9es pour pr\u00e9parer un permis qui n\u2019ont pas \u00e9t\u00e9 souscrites via votre CPF,<\/li>\n<li aria-level=\"1\">Les stages de <b>r\u00e9cup\u00e9ration de points<\/b>,<\/li>\n<li aria-level=\"1\">Les formations permettant de passer d\u2019une bo\u00eete manuelle \u00e0 une automatique ou inversement<b> (permis B78)<\/b>,<\/li>\n<li aria-level=\"1\">Les formations au <b>permis B96<\/b> (permis remorque sup\u00e9rieure \u00e0 750 kg et inf\u00e9rieure \u00e0 3,5 tonnes),<\/li>\n<li aria-level=\"1\">Les formations permettant aux <b>titulaires de permis B<\/b> de conduire un deux-roues ou trois-roues motoris\u00e9 (permis A),<\/li>\n<li aria-level=\"1\">Si votre demande de permis n\u2019est pas justifi\u00e9e par un <b>objectif professionnel<\/b>.<\/li>\n<\/ul>\n<p><iframe loading=\"lazy\" title=\"Les aides \u00e0 la formation\" width=\"500\" height=\"281\" src=\"https:\/\/www.youtube.com\/embed\/gs3ZRHqtzmY?feature=oembed\" frameborder=\"0\" allow=\"accelerometer; autoplay; clipboard-write; encrypted-media; gyroscope; picture-in-picture; web-share\" referrerpolicy=\"strict-origin-when-cross-origin\" allowfullscreen><\/iframe><\/p>\n<h1>Comment utiliser mes droits CPF pour le permis ?<\/h1>\n<p>Vous souhaitez utiliser votre Compte Personnel de Formation pour financer votre permis en 2026 ? Voici la d\u00e9marche \u00e0 suivre.<\/p>\n<h2>\u00c9tape 1 : Faire votre demande de financement<\/h2>\n<p>Rendez-vous sur le site Moncompteformation.gouv.fr. Remplissez vos identifiants, votre num\u00e9ro de s\u00e9curit\u00e9 sociale et votre mot de passe. Votre num\u00e9ro de s\u00e9curit\u00e9 sociale est inscrit sur votre Carte vitale. <b>V\u00e9rifiez votre solde<\/b>. Il doit \u00eatre compris entre <b>1 500\u20ac et 2 000\u20ac<\/b> si vous souhaitez une prise en charge totale de votre permis. Le tarif d\u00e9pend de chaque auto-\u00e9cole.<\/p>\n<h2>\u00c9tape 2 : Trouver l\u2019organisme de formation<\/h2>\n<p>Vous devez s\u00e9lectionner une auto-\u00e9cole certifi\u00e9e <b>Qualiopi. <\/b>L\u2019auto-\u00e9cole que vous avez s\u00e9lectionn\u00e9 doit \u00eatre r\u00e9f\u00e9renc\u00e9e sur la plateforme Qualiopi. <b>Choisissez votre offre<\/b>, puis cr\u00e9ez votre dossier d\u2019inscription en ligne. L\u2019auto-\u00e9cole a 2 jours pour valider votre demande.<\/p>\n<h2>\u00c9tape 3 : La participation financi\u00e8re<\/h2>\n<p>Depuis le 2 avril 2026, vous devez payer <b>150\u20ac<\/b> pour finaliser votre inscription. Vous \u00eates exon\u00e9r\u00e9 de ces frais si vous \u00eates demandeur d\u2019emploi.<\/p>\n<h2>\u00c9tape 4 : R\u00e9ponse de l\u2019auto-\u00e9cole<\/h2>\n<p>Apr\u00e8s avoir re\u00e7u la r\u00e9ponse de l\u2019auto-\u00e9cole, vous devrez <b>confirmer votre inscription<\/b>. Enregistrez votre num\u00e9ro pr\u00e9fectoral (NEPH). Vous obtiendrez ensuite vos cr\u00e9dits CPF <b>sous 14 jours<\/b>, sur votre compte auto-\u00e9cole.<\/p>\n<h1>Comment financer mon permis de conduire sans le CPF ?<\/h1>\n<p>Un permis de conduire co\u00fbte entre<b> 1 500\u20ac et 2 000\u20ac<\/b>. Si vous ne pouvez pas utiliser votre CPF pour le financer, vous pouvez certainement b\u00e9n\u00e9ficier d&rsquo;une <a href=\"https:\/\/www.mes-allocs.fr\/guides\/aide-mobilite\/aide-permis-de-conduire\/aide-region-permis-de-conduire\/\">aide de la r\u00e9gion pour financer votre permis<\/a>, ou encore de votre ville ou d\u00e9partement. Ces aides sont n\u00e9anmoins allou\u00e9es sous conditions : \u00e2ge, situation professionnelle, ressources\u2026<\/p>\n<p>Vous pouvez aussi b\u00e9n\u00e9ficier d\u2019aides nationales pour financer votre permis : <a href=\"https:\/\/www.mes-allocs.fr\/guides\/aide-mobilite\/aide-permis-de-conduire\/permis-a-1-euros\/\">permis \u00e0 1\u20ac par jour<\/a> pour les 15-25 ans, le Fonds d\u2019Aide aux Jeunes <b>(FAJ)<\/b> pour les 18-25 ans ou encore l\u2019aide au permis pour les jeunes en service militaire.<\/p>\n<div class='shortcode summary'><div class='title'>En r\u00e9sum\u00e9 :<\/div><div class='content'><ul><li> Si vous \u00eates <b>salari\u00e9<\/b> ou <b>actif<\/b>, vous ne pouvez plus utiliser votre CPF pour payer votre permis.<\/li><li> Vous devez \u00eatre <strong>demandeur d&#8217;emploi inscrit \u00e0 France Travail<\/strong> pour financer votre permis avec votre CPF. <\/li><li>Les <b>demandeurs d\u2019emploi<\/b> et personnes b\u00e9n\u00e9ficiant du <b>ch\u00f4mage<\/b> peuvent utiliser leur CPF pour financer leur permis.<\/li><li>Vous pouvez b\u00e9n\u00e9ficier d\u2019aides de votre <b>ville, d\u00e9partement<\/b> ou<b> r\u00e9gion<\/b> pour financer votre permis.<\/li><\/ul><\/div><\/div>\n<div class='cta-block'><div class='text'>Simulez toutes vos aides en 2 min.<\/div><a href='https:\/\/www.mes-allocs.fr\/ab-app?origin=guides\/wp-json\/wp\/v2\/posts\/8943' class='app-button fit'>Simulation gratuite<\/a><\/div>\n","protected":false},"excerpt":{"rendered":"<p>[Mis \u00e0 jour le 03\/04\/2026] Vous souhaitez utiliser votre CPF pour financer votre permis ? Cette astuce vous permet de r\u00e9duire le co\u00fbt de votre formation. Mais attention, cette aide au permis de conduire conna\u00eet quelques changements depuis le 21 f\u00e9vrier 2026. Conditions, montant utilisable et d\u00e9marches pour en b\u00e9n\u00e9ficier. Mes Allocs vous explique tout. [&hellip;]<\/p>\n","protected":false},"author":10,"featured_media":108865,"comment_status":"open","ping_status":"open","sticky":false,"template":"","format":"standard","meta":{"amp_status":"","footnotes":""},"categories":[9928,29],"tags":[],"class_list":["post-8943","post","type-post","status-publish","format-standard","has-post-thumbnail","hentry","category-aide-permis-de-conduire","category-aide-mobilite"],"yoast_head":"<!-- This site is optimized with the Yoast SEO plugin v14.9 - https:\/\/yoast.com\/wordpress\/plugins\/seo\/ -->\n<title>CPF permis 2026 : conditions, montant, d\u00e9marches | Mes-Allocs.fr<\/title>\n<meta name=\"description\" content=\"Depuis le 21 f\u00e9vrier 2026, seules les personnes inscrites \u00e0 France travail peuvent utiliser leur CPF pour leur permis. On vous explique.\" \/>\n<meta name=\"robots\" content=\"index, follow, max-snippet:-1, max-image-preview:large, max-video-preview:-1\" \/>\n<link rel=\"canonical\" href=\"https:\/\/www.mes-allocs.fr\/guides\/aide-mobilite\/aide-permis-de-conduire\/cpf-permis\/\" \/>\n<meta property=\"og:locale\" content=\"fr_FR\" \/>\n<meta property=\"og:type\" content=\"article\" \/>\n<meta property=\"og:title\" content=\"CPF permis 2026 : conditions, montant, d\u00e9marches | Mes-Allocs.fr\" \/>\n<meta property=\"og:description\" content=\"Depuis le 21 f\u00e9vrier 2026, seules les personnes inscrites \u00e0 France travail peuvent utiliser leur CPF pour leur permis. On vous explique.\" \/>\n<meta property=\"og:url\" content=\"https:\/\/www.mes-allocs.fr\/guides\/aide-mobilite\/aide-permis-de-conduire\/cpf-permis\/\" \/>\n<meta property=\"og:site_name\" content=\"Mes-Allocs.fr\" \/>\n<meta property=\"article:published_time\" content=\"2020-07-03T08:03:29+00:00\" \/>\n<meta property=\"article:modified_time\" content=\"2026-04-03T12:44:28+00:00\" \/>\n<meta property=\"og:image\" content=\"https:\/\/www.mes-allocs.fr\/guides\/wp-content\/uploads\/2020\/07\/cpf-permis.jpg?wsr\" \/>\n\t<meta property=\"og:image:width\" content=\"1279\" \/>\n\t<meta property=\"og:image:height\" content=\"853\" \/>\n<meta name=\"twitter:card\" content=\"summary_large_image\" \/>\n<script type=\"application\/ld+json\" class=\"yoast-schema-graph\">{\"@context\":\"https:\/\/schema.org\",\"@graph\":[{\"@type\":\"WebSite\",\"@id\":\"https:\/\/www.mes-allocs.fr\/guides\/#website\",\"url\":\"https:\/\/www.mes-allocs.fr\/guides\/\",\"name\":\"Mes-Allocs.fr\",\"description\":\"\",\"potentialAction\":[{\"@type\":\"SearchAction\",\"target\":\"https:\/\/www.mes-allocs.fr\/guides\/?s={search_term_string}\",\"query-input\":\"required name=search_term_string\"}],\"inLanguage\":\"fr-FR\"},{\"@type\":\"ImageObject\",\"@id\":\"https:\/\/www.mes-allocs.fr\/guides\/aide-mobilite\/aide-permis-de-conduire\/cpf-permis\/#primaryimage\",\"inLanguage\":\"fr-FR\",\"url\":\"https:\/\/www.mes-allocs.fr\/guides\/wp-content\/uploads\/2020\/07\/cpf-permis.jpg?wsr\",\"width\":1279,\"height\":853,\"caption\":\"cpf permis\"},{\"@type\":\"WebPage\",\"@id\":\"https:\/\/www.mes-allocs.fr\/guides\/aide-mobilite\/aide-permis-de-conduire\/cpf-permis\/#webpage\",\"url\":\"https:\/\/www.mes-allocs.fr\/guides\/aide-mobilite\/aide-permis-de-conduire\/cpf-permis\/\",\"name\":\"CPF permis 2026 : conditions, montant, d\\u00e9marches | Mes-Allocs.fr\",\"isPartOf\":{\"@id\":\"https:\/\/www.mes-allocs.fr\/guides\/#website\"},\"primaryImageOfPage\":{\"@id\":\"https:\/\/www.mes-allocs.fr\/guides\/aide-mobilite\/aide-permis-de-conduire\/cpf-permis\/#primaryimage\"},\"datePublished\":\"2020-07-03T08:03:29+00:00\",\"dateModified\":\"2026-04-03T12:44:28+00:00\",\"author\":{\"@id\":\"https:\/\/www.mes-allocs.fr\/guides\/#\/schema\/person\/8d47b912c0ad15f379df96b4e4e33f58\"},\"description\":\"Depuis le 21 f\\u00e9vrier 2026, seules les personnes inscrites \\u00e0 France travail peuvent utiliser leur CPF pour leur permis. On vous explique.\",\"inLanguage\":\"fr-FR\"},{\"@type\":\"Person\",\"@id\":\"https:\/\/www.mes-allocs.fr\/guides\/#\/schema\/person\/8d47b912c0ad15f379df96b4e4e33f58\",\"name\":\"Constance de Cagny\",\"image\":{\"@type\":\"ImageObject\",\"@id\":\"https:\/\/www.mes-allocs.fr\/guides\/#personlogo\",\"inLanguage\":\"fr-FR\",\"url\":\"https:\/\/www.mes-allocs.fr\/guides\/wp-content\/uploads\/2021\/06\/Constance.2e8ee0b.png\",\"caption\":\"Constance de Cagny\"},\"description\":\"Constance est r\\u00e9dactrice au sein de l'\\u00e9quipe Mes Allocs. Elle a l'habitude d'\\u00e9crire sur les sujets conso, bons plans et \\u00e9conomies. Dipl\\u00f4m\\u00e9e de l'ENACO, elle rejoint Mes Allocs apr\\u00e8s une premi\\u00e8re exp\\u00e9rience en cabinet notarial.\",\"sameAs\":[\"https:\/\/www.linkedin.com\/in\/constance-de-cagny-mayeur-bbb414135\"]}]}<\/script>\n<!-- \/ Yoast SEO plugin. -->","amp_validity":null,"acf":{"faq":{"1":{"question":"Est-ce que le CPF peut payer le permis ?","answer":"Oui, votre CPF peut payer votre permis mais uniquement si vous \u00eates demandeur d'emploi ou si vous avez le ch\u00f4mage. C'est une des nouveaut\u00e9s qui est appliqu\u00e9e depuis le 21 f\u00e9vrier 2026."},"2":{"question":"Pourquoi le CPF ne finance plus le permis de conduire ?","answer":"C'est une mesure prise par le Gouvernement qui pr\u00e9voit de restreindre l'utilisation du CPF pour financer son permis, uniquement aux demandeurs d'emploi et aux personnes ayant le ch\u00f4mage. "},"3":{"question":"Comment voir son solde CPF ?","answer":"Rendez vous sur votre Compte CPF \r\n(www.moncompteformation.gouv.fr) pour consulter votre solde CPF."},"4":{"question":"Puis-je utiliser mon CPF pour le permis de mon fils 2026 ?","answer":"Non, vous ne pouvez pas utiliser votre CPF pour financer le permis de votre enfant. "},"5":{"question":"Comment avoir les 500 \u20ac de la mairie pour le permis ?","answer":"Vous devez justifier avec une facture, vos frais d'auto-\u00e9cole datant de -12 mois. Vous devez fournir une pi\u00e8ce d'identit\u00e9 \u00e0 votre demande. Attention : toutes les mairies ne proposent pas une aide financi\u00e8re au permis."},"6":{"question":"Qu'est-ce qui va changer pour le permis en 2026 ?","answer":"Seul les demandeurs d'emplois et personnes ayant le ch\u00f4mage peuvent financer le permis avec leur CPF. Les actifs et salari\u00e9s ne peuvent plus le faire depuis le 21 f\u00e9vrier 2026. "},"7":{"question":"","answer":""},"8":{"question":"","answer":""},"9":{"question":"","answer":""},"10":{"question":"","answer":""},"11":{"question":"","answer":""},"12":{"question":"","answer":""},"13":{"question":"","answer":""},"14":{"question":"","answer":""},"15":{"question":"","answer":""},"16":{"question":"","answer":""}}},"_links":{"self":[{"href":"https:\/\/www.mes-allocs.fr\/guides\/wp-json\/wp\/v2\/posts\/8943","targetHints":{"allow":["GET"]}}],"collection":[{"href":"https:\/\/www.mes-allocs.fr\/guides\/wp-json\/wp\/v2\/posts"}],"about":[{"href":"https:\/\/www.mes-allocs.fr\/guides\/wp-json\/wp\/v2\/types\/post"}],"author":[{"embeddable":true,"href":"https:\/\/www.mes-allocs.fr\/guides\/wp-json\/wp\/v2\/users\/10"}],"replies":[{"embeddable":true,"href":"https:\/\/www.mes-allocs.fr\/guides\/wp-json\/wp\/v2\/comments?post=8943"}],"version-history":[{"count":40,"href":"https:\/\/www.mes-allocs.fr\/guides\/wp-json\/wp\/v2\/posts\/8943\/revisions"}],"predecessor-version":[{"id":111508,"href":"https:\/\/www.mes-allocs.fr\/guides\/wp-json\/wp\/v2\/posts\/8943\/revisions\/111508"}],"wp:featuredmedia":[{"embeddable":true,"href":"https:\/\/www.mes-allocs.fr\/guides\/wp-json\/wp\/v2\/media\/108865"}],"wp:attachment":[{"href":"https:\/\/www.mes-allocs.fr\/guides\/wp-json\/wp\/v2\/media?parent=8943"}],"wp:term":[{"taxonomy":"category","embeddable":true,"href":"https:\/\/www.mes-allocs.fr\/guides\/wp-json\/wp\/v2\/categories?post=8943"},{"taxonomy":"post_tag","embeddable":true,"href":"https:\/\/www.mes-allocs.fr\/guides\/wp-json\/wp\/v2\/tags?post=8943"}],"curies":[{"name":"wp","href":"https:\/\/api.w.org\/{rel}","templated":true}]}}