{"id":8771,"date":"2020-07-03T08:12:51","date_gmt":"2020-07-03T08:12:51","guid":{"rendered":"https:\/\/www.mes-allocs.fr\/guides\/?p=8771"},"modified":"2026-04-07T14:14:37","modified_gmt":"2026-04-07T13:14:37","slug":"compte-personnel-formation-cpf","status":"publish","type":"post","link":"https:\/\/www.mes-allocs.fr\/guides\/aide-formation\/compte-personnel-formation-cpf\/","title":{"rendered":"En quoi consiste le compte personnel formation cpf ?"},"content":{"rendered":"<p><strong><a href=\"https:\/\/www.mes-allocs.fr\/guides\/wp-content\/uploads\/2020\/07\/En-quoi-consiste-le-compte-personnel-formation-cpf-s.jpg\"><img loading=\"lazy\" decoding=\"async\" class=\"aligncenter wp-image-9117 size-large\" src=\"https:\/\/www.mes-allocs.fr\/guides\/wp-content\/uploads\/2020\/07\/En-quoi-consiste-le-compte-personnel-formation-cpf-s-e1593707325670-1024x302.jpg\" alt=\"En quoi consiste le compte personnel formation cpf ?s\" width=\"1024\" height=\"302\" srcset=\"https:\/\/www.mes-allocs.fr\/guides\/wp-content\/uploads\/2020\/07\/En-quoi-consiste-le-compte-personnel-formation-cpf-s-e1593707325670-1024x302.jpg 1024w, https:\/\/www.mes-allocs.fr\/guides\/wp-content\/uploads\/2020\/07\/En-quoi-consiste-le-compte-personnel-formation-cpf-s-e1593707325670-300x88.jpg 300w, https:\/\/www.mes-allocs.fr\/guides\/wp-content\/uploads\/2020\/07\/En-quoi-consiste-le-compte-personnel-formation-cpf-s-e1593707325670-768x226.jpg 768w, https:\/\/www.mes-allocs.fr\/guides\/wp-content\/uploads\/2020\/07\/En-quoi-consiste-le-compte-personnel-formation-cpf-s-e1593707325670-600x177.jpg 600w, https:\/\/www.mes-allocs.fr\/guides\/wp-content\/uploads\/2020\/07\/En-quoi-consiste-le-compte-personnel-formation-cpf-s-e1593707325670.jpg 1280w\" sizes=\"auto, (max-width: 1024px) 100vw, 1024px\" \/><\/a><\/strong>[Mis \u00e0 jour le 03\/04\/2026]<strong> Le compte personnel formation CPF est une initiative mise en place qui permet de cumuler des heures de formations (converties en euros) dans le but d&rsquo;assurer le d\u00e9veloppement professionnel des salari\u00e9s (du secteur priv\u00e9 et de la fonction publique). Mes Allocs vous explique.<\/strong><\/p>\n<div class='cta-block'><div class='text'>Simulez toutes vos aides en 2 min.<\/div><a href='https:\/\/www.mes-allocs.fr\/ab-app?origin=guides\/wp-json\/wp\/v2\/posts\/8771' class='app-button fit'>Simulation gratuite<\/a><\/div>\n<h1>Mon compte personnel de formation (CPF)<\/h1>\n<h2>De quoi s&rsquo;agit-il ?<\/h2>\n<p>Le compte personnel de formation est adress\u00e9 aux salari\u00e9s. Peu r\u00e9pandue, mais tr\u00e8s avantageuse, cette aide est accessible \u00e0 la majorit\u00e9 des salari\u00e9s.<\/p>\n<p>En effet, en tant que salari\u00e9, vous cumulez chaque ann\u00e9e des cr\u00e9dits sur ce compte virtuel. Ces cr\u00e9dits peuvent \u00eatre ensuite employ\u00e9s pour financer des formations, dont celle du permis de conduire.<\/p>\n<h2>Quels sont les avantages du CPF ?<\/h2>\n<p id=\"Qu-est-ce-que-le-compte-personnel-de-formation\" class=\"spip\">Il vous permet d&rsquo;acqu\u00e9rir des droits \u00e0 la formation que vous pouvez utiliser tout au long de votre vie professionnelle. Le CPF a donc pour but de :<\/p>\n<ul>\n<li class=\"spip\">s\u00e9curiser votre parcours professionnel,<\/li>\n<li>favoriser le maintien de l\u2019employabilit\u00e9.<\/li>\n<\/ul>\n<p>\u00c0 noter que depuis le 1<sup>er<\/sup> janvier 2019 (loi pour la Libert\u00e9 de choisir son avenir professionnel), le dispositif repose sur la conversion heures CPF en euros. C&rsquo;est-\u00e0-dire que le CPF est aliment\u00e9 en euros et non plus en heures.<\/p>\n<p>En outre, votre CPF peut continuer \u00e0 \u00eatre aliment\u00e9 et ce, m\u00eame si vous avez fait valoir tous vos droits \u00e0 la retraite, au titre des activit\u00e9s b\u00e9n\u00e9voles et volontaires que vous exercez.<\/p>\n<h2>Comment fonctionne-t-il ?<\/h2>\n<p>Le CPF a remplac\u00e9 le droit individuel \u00e0 la formation (DIF) le 1<sup>er<\/sup> janvier 2015. Les droits acquis (les heures non consomm\u00e9es) sur le DIF ont \u00e9t\u00e9 transf\u00e9r\u00e9s sur le CPF. Pour cela, il faut que votre employeur vous remette une attestation.<\/p>\n<p>Attention, depuis le 2 avril 2026, un <a href=\"https:\/\/www.mes-allocs.fr\/guides\/aide-formation\/compte-personnel-formation-cpf\/participation-forfaitaire-cpf\/\">reste \u00e0 charge pour le CPF<\/a><strong> d&rsquo;un montant de 150\u20ac<\/strong> vous sera demand\u00e9 si vous souhaitez mobiliser votre CPF (sauf pour certains publics comme les demandeurs d\u2019emploi).<\/p>\n<h2 id=\"A-qui-s-adresse-le-Compte-personnel-de-formation-CPF\" class=\"spip\">Qui peut b\u00e9n\u00e9ficier d&rsquo;un CPF ?<\/h2>\n<ul class=\"spip\">\n<li>Les personnes \u00e2g\u00e9es de 16 ans et plus disposent d\u2019un Compte personnel de formation (CPF).<\/li>\n<li>Les jeunes de 15 ans ayant sign\u00e9 un contrat d\u2019apprentissage, par d\u00e9rogation, sont \u00e9galement concern\u00e9s.<\/li>\n<\/ul>\n<p>Les personnes suivantes peuvent ainsi b\u00e9n\u00e9ficier du CPF :<\/p>\n<ul>\n<li>salari\u00e9s \u00e0 temps complet et \u00e0 temps partiel.<\/li>\n<li>travailleurs ind\u00e9pendants.<\/li>\n<li>employ\u00e9s saisonniers.<\/li>\n<li>agents publics et consulaires.<\/li>\n<li>demandeurs d emploi.<\/li>\n<li>personnes handicap\u00e9es h\u00e9berg\u00e9es en \u00e9tablissement ou en service d&rsquo;aide par le travail (ESAT).<\/li>\n<\/ul>\n<p>\u00c0 noter que le CPF est ferm\u00e9 lorsque vous faites valoir vos droits \u00e0 la retraite.<\/p>\n<h2>Comment acc\u00e9der au CPF ?<\/h2>\n<p id=\"Comment-consulter-son-Compte-personnel-de-formation-CPF\" class=\"spip\">C&rsquo;est sur le compte officiel moncompteformation.gouv.fr que vous pouvez acc\u00e9der \u00e0 votre espace personnel s\u00e9curis\u00e9. Vous y trouverez \u00e9galement :<\/p>\n<ul class=\"spip\">\n<li>informations vous concernant (par exemple : cr\u00e9dit en euros enregistr\u00e9 sur votre compte).<\/li>\n<li>d\u00e9tails sur les formations que vous pouvez solliciter (formations \u00e9ligibles au Compte personnel de formation).<\/li>\n<li>informations sur les financements de formation.<\/li>\n<li>acc\u00e8s aux services num\u00e9riques li\u00e9s \u00e0 l\u2019orientation professionnelle et la capitalisation des comp\u00e9tences.<\/li>\n<\/ul>\n<p><iframe loading=\"lazy\" title=\"Les aides \u00e0 la formation\" width=\"500\" height=\"281\" src=\"https:\/\/www.youtube.com\/embed\/gs3ZRHqtzmY?feature=oembed\" frameborder=\"0\" allow=\"accelerometer; autoplay; clipboard-write; encrypted-media; gyroscope; picture-in-picture; web-share\" referrerpolicy=\"strict-origin-when-cross-origin\" allowfullscreen><\/iframe><\/p>\n<h1 id=\"Pour-quelles-formations\" class=\"spip\">Quelles sont les formations \u00e9ligibles au CPF ?<\/h1>\n<ul class=\"spip\">\n<li>formations permettant de faire valider les acquis de l\u2019exp\u00e9rience (VAE) indiqu\u00e9s au <strong>3\u00b0 de l\u2019article L.6313-1.<\/strong><\/li>\n<li>bilan de comp\u00e9tences.<\/li>\n<li>actions de formation \u00e0 destination des cr\u00e9ateurs ou repreneurs d\u2019entreprises.<\/li>\n<li>pr\u00e9paration de <strong>l\u2019\u00e9preuve th\u00e9orique du Code de la route et de l\u2019\u00e9preuve pratique<\/strong> du permis de conduire des v\u00e9hicules du groupe l\u00e9ger (permis B) dans une limite de 900\u20ac du CPF et du groupe lourd.<\/li>\n<\/ul>\n<h1 id=\"Que-faire-si-le-nombre-d-heures-disponibles-ne-couvrent-pas-le-cout-de-la-nbsp\" class=\"spip\">Le nombre d\u2019heures acquis ne couvre pas le co\u00fbt de la formation : comment faire ?<\/h1>\n<p>Vous pouvez avoir recours \u00e0 des compl\u00e9ments pour r\u00e9aliser le projet de votre choix. Ils ne seront pas pris en compte pour le calcul du plafond de droits :<\/p>\n<ul>\n<li><strong>5.000\u20ac<\/strong><\/li>\n<li><strong>ou 8.000\u20ac.<\/strong><\/li>\n<\/ul>\n<p>Par ailleurs, depuis novembre 2019, vous pouvez compl\u00e9ter vous-m\u00eame votre financement, si le montant CPF est insuffisant.<\/p>\n<h1>Qui finance le CPF ?<\/h1>\n<p>C&rsquo;est la Caisse des D\u00e9p\u00f4ts et Consignations, institution financi\u00e8re publique, qui g\u00e8re le CPF.<\/p>\n<p>Plus exactement, les fonds proviennent partiellement de la \u00ab\u00a0contribution \u00e0 la formation professionnelle et \u00e0 l\u2019alternance\u00a0\u00bb, pay\u00e9es par les employeurs chaque ann\u00e9e.<\/p>\n<h1>CPF permis : comment en b\u00e9n\u00e9ficier ?<\/h1>\n<h2>Quelles sont les d\u00e9marches \u00e0 mener ?<\/h2>\n<ol>\n<li>connectez-vous sur le site moncompteformation.gouv.<\/li>\n<li>choisissez l\u2019offre de permis de votre choix qui correspond avec le montant pr\u00e9sent sur votre solde.<\/li>\n<li>cliquez sur \u201cs\u2019inscrire \u00e0 la formation\u201d (en bas \u00e0 droite).<\/li>\n<li>votre demande sera accept\u00e9e sous 2 jours ouvr\u00e9s (vous serez inform\u00e9 par mail).<\/li>\n<li>connectez-vous sur moncompteformation pour accepter la mobilisation de votre solde CPF pour votre permis de conduire.<\/li>\n<li>vous recevrez un mail de l&rsquo;auto-\u00e9cole choisie sous 2 jours ouvr\u00e9s pour vous indiquer comment d\u00e9buter votre formation.<\/li>\n<\/ol>\n<h2>Quelle auto-\u00e9cole choisir pour passer son permis avec le CPF ?<\/h2>\n<p>Il faut vous diriger vers une auto-\u00e9cole agr\u00e9\u00e9e pour le CPF. Plus exactement, une auto-\u00e9cole caract\u00e9ris\u00e9e comme \u00ab\u00a0organisme de formation\u00a0\u00bb.<\/p>\n<p>C&rsquo;est un label attribu\u00e9 par la pr\u00e9fecture aux \u00e9coles de conduite qui en font le sollicitent. Elles doivent toutefois r\u00e9pondre \u00e0 des crit\u00e8res pr\u00e9cis pour l&rsquo;obtenir.<\/p>\n<h1>Que peut-on conduire avec un permis B ?<\/h1>\n<p>Tout d&rsquo;abord, vous pouvez conduire une voiture ou camionnette dont :<\/p>\n<ul>\n<li>le poids total \u00e0 charge (PTAC) n&rsquo;exc\u00e8de pas <strong>3,5 tonnes.<\/strong><\/li>\n<li>le PTAC n&rsquo;exc\u00e8de pas <strong>3,5 tonnes<\/strong>, attel\u00e9e d&rsquo;une remorque dont le PTAC <strong>est inf\u00e9rieur \u00e0 750 kg.<\/strong><\/li>\n<li>le PTAC ne d\u00e9passe pas <strong>3,5 tonnes,<\/strong> attel\u00e9e d&rsquo;une remorque dont le PTAC d\u00e9passe 750 kg, sans que la somme des PTAC (voiture + remorque) exc\u00e8de 3 500 kg.<\/li>\n<\/ul>\n<p>\u00c0 cela s&rsquo;ajoute :<\/p>\n<ul>\n<li>Un v\u00e9hicule ou appareil agricole ou forestier dont la vitesse ne d\u00e9passe pas 40 km\/h. Et ce, peu importe le poids de sa remorque.<\/li>\n<li>D\u2019autres v\u00e9hicules (camping-cars notamment). Une formation compl\u00e9mentaire peut \u00eatre n\u00e9cessaire dans certains cas.<\/li>\n<\/ul>\n<h1>Quelles sont les conditions pour b\u00e9n\u00e9ficier du permis avec le CPF ?<\/h1>\n<ul>\n<li>Avoir acquis suffisamment de droits formations sur votre compte CPF.<\/li>\n<li>Justifier d&rsquo;une raison expliquant en quoi le permis vous permet de s\u00e9curiser ou d\u00e9velopper votre parcours professionnel.<\/li>\n<li>Choisir une auto-\u00e9cole agr\u00e9\u00e9e organisme de formation.<\/li>\n<li>Ne pas avoir fait l\u2019objet d\u2019une suspension de permis B, ni d\u2019une interdiction de le repasser.<\/li>\n<\/ul>\n<div class='shortcode disclaimer'><div class='title'>Attention<\/div><div class='content'> Le financement du permis l\u00e9ger via votre CPF est d\u00e9sormais restreint qu&rsquo;aux personnes demandeuses d&#8217;emploi. Si vous \u00eates salari\u00e9, vous n&rsquo;y avez plus droit. <\/div><\/div>\n<h1>Comment annuler une formation CPF ?<\/h1>\n<p>Rendez-vous sur votre espace num\u00e9rique CPF. Il sera alors recr\u00e9dit\u00e9 des droits CPF utillis\u00e9s.<\/p>\n<p>En outre, suite \u00e0 la crise sanitaire, le minist\u00e8re du Travail a d\u00e9clar\u00e9 que \u00ab\u00a0les personnes ayant financ\u00e9es une partie du montant de la formation par du reste \u00e0 charge, seront rembours\u00e9es du montant int\u00e9gral\u00a0\u00bb. Il a publi\u00e9 un questions\/r\u00e9ponses sur MonCompteFormation.<\/p>\n<p>Par ailleurs, dans le m\u00eame contexte, les annulations effectu\u00e9es depuis le 12 mars 2020 sont consid\u00e9r\u00e9es comme des cas de force majeure. <strong>\u00c0 noter qu&rsquo;elles ne sont pas automatiques.<\/strong><\/p>\n<div class='cta-block'><div class='text'>Simulez toutes vos aides en 2 min.<\/div><a href='https:\/\/www.mes-allocs.fr\/ab-app?origin=guides\/wp-json\/wp\/v2\/posts\/8771' class='app-button fit'>Simulation gratuite<\/a><\/div>\n<h1>CPF <b>de transition : en quoi consiste-t-il ?<\/b><\/h1>\n<p>Instaur\u00e9 d\u00e8s le 1<sup>er<\/sup> janvier 2019, le projet de transition professionnelle du CPF vous permet, en tant que salari\u00e9, de :<\/p>\n<ul>\n<li><strong>changer de m\u00e9tier<\/strong><\/li>\n<li><strong>ou de profession.<\/strong><\/li>\n<\/ul>\n<p>Et ce, pour financer des formations certifiantes en lien avec votre projet.<\/p>\n<div class=\"main-article__texte texte--editorial crayon article-texte-377017 \">\n<h2>Quelles sont les d\u00e9marches \u00e0 mener ?<\/h2>\n<p>Le projet de transition professionnelle a remplac\u00e9 l\u2019ancien dispositif du CIF, supprim\u00e9 depuis le 1<sup>er<\/sup> janvier 2019. Le projet de transition permet de cumuler :<\/p>\n<ul>\n<li>financement de formations de reconversion<\/li>\n<li>et cong\u00e9 associ\u00e9.<\/li>\n<\/ul>\n<p>Plus pr\u00e9cis\u00e9ment, le projet de transition fait partie du CPF. Il en est l&rsquo;une des modalit\u00e9s.<\/p>\n<h2 id=\"Quelles-conditions-dois-je-remplir-pour-pouvoir-utiliser-mon-projet-de-nbsp\" class=\"spip\">Quels sont les crit\u00e8res d&rsquo;\u00e9ligibilit\u00e9 au projet de transition professionnelle ?<\/h2>\n<p>Vous devez justifier d\u2019une anciennet\u00e9 d\u2019au moins 24 mois (dont 12 dans l&rsquo;entreprise). Ils peuvent \u00eatre cons\u00e9cutifs ou non.<\/p>\n<p>Par d\u00e9rogation, des conditions d\u2019anciennet\u00e9 sp\u00e9cifiques s&rsquo;adressent aux :<\/p>\n<ul>\n<li>salari\u00e9s souhaitant r\u00e9aliser leur projet de transition \u00e0 l\u2019issue de leur CDD,<\/li>\n<li>salari\u00e9s int\u00e9rimaires,<\/li>\n<li>intermittents du spectacle.<\/li>\n<\/ul>\n<p>En revanche, la condition d\u2019anciennet\u00e9 n\u2019est pas requise pour :<\/p>\n<ul class=\"spip\">\n<li>les b\u00e9n\u00e9ficiaires de l\u2019obligation d\u2019emploi des travailleurs handicap\u00e9es (OETH)\u00a0;<\/li>\n<li>les salari\u00e9s licenci\u00e9s pour motif \u00e9conomique ou pour inaptitude et qui n\u2019ont pas suivi de formation entre leur licenciement et leur nouvel emploi.<\/li>\n<\/ul>\n<p style=\"text-align: justify;\"><div itemscope itemtype=\"http:\/\/schema.org\/Table\"><h2 itemprop=\"about\">Quelles sont les d\u00e9marches \u00e0 accomplir aupr\u00e8s de l\u2019employeur ?<\/h2><\/p>\n<table style=\"border-collapse: collapse; width: 100.664%; height: 148px;\">\n<tbody>\n<tr style=\"height: 48px;\">\n<td style=\"width: 29.52819906759907%; height: 60px; background-color: #d8e6f2; border: 1px solid black; text-align: center;\"><strong>Interruption continue de travail de plus de 6 mois<\/strong><\/td>\n<td style=\"width: 29.11540093240093%; height: 60px; background-color: #d8e6f2; border: 1px solid black; text-align: center;\"><strong>Interruption continue de travail de mois de 6 mois (ou formation \u00e0\u00a0temps partiel)<\/strong><\/td>\n<\/tr>\n<tr style=\"height: 24px;\">\n<td style=\"width: 29.52819906759907%; height: 88px; border: 1px solid black; text-align: center;\">Adresser une demande \u00e9crite \u00e0 l\u2019employeur au plus tard 120 jours avant le d\u00e9but de l\u2019action de formation.<\/td>\n<td style=\"width: 29.11540093240093%; height: 88px; border: 1px solid black; text-align: center;\">Adresser une demande \u00e9crite \u00e0 l\u2019employeur au plus tard 60 jours avant le d\u00e9but de l\u2019action de formation.<\/td>\n<\/tr>\n<\/tbody>\n<\/table>\n<p><span style=\"font-weight: 400;\"><\/div><\/span><\/p>\n<p>La proc\u00e9dure d\u00e9pend de la dur\u00e9e de l&rsquo;interruption de travail, n\u00e9cessaire pour suivre la formation.<\/p>\n<p>L\u2019employeur dispose de<strong> 30 jours pour vous r\u00e9pondre<\/strong>, suivant la r\u00e9ception de la demande de cong\u00e9. S&rsquo;il n&rsquo;y a pas de r\u00e9ponse, cela vaut pour une autorisation.<\/p>\n<div class=\"main-article__texte texte--editorial crayon article-texte-377017 \">\n<p style=\"text-align: justify;\"><div itemscope itemtype=\"http:\/\/schema.org\/Table\"><h2 itemprop=\"about\">Quelle r\u00e9mun\u00e9ration pendant le cong\u00e9 de transition professionnelle ?<\/h2><\/p>\n<table style=\"border-collapse: collapse; width: 100.664%; height: 263px;\">\n<tbody>\n<tr style=\"height: 48px;\">\n<td style=\"width: 29.52819906759907%; height: 60px; background-color: #d8e6f2; border: 1px solid black; text-align: center;\"><strong>\u00c9gale ou inf\u00e9rieur \u00e0 un an ou \u00e0 1200 heures<\/strong><\/td>\n<td style=\"width: 29.11540093240093%; height: 60px; background-color: #d8e6f2; border: 1px solid black; text-align: center;\"><strong>Sup\u00e9rieur \u00e0 un an ou \u00e0 1200 heures<\/strong><\/td>\n<\/tr>\n<tr style=\"height: 24px;\">\n<td style=\"width: 29.52819906759907%; height: 88px; border: 1px solid black; text-align: center;\">Adresser une demande \u00e9crite \u00e0 l\u2019employeur au plus tard 120 jours avant le d\u00e9but de l\u2019action de formation.<\/td>\n<td style=\"width: 29.11540093240093%; height: 88px; border: 1px solid black; text-align: center;\">Adresser une demande \u00e9crite \u00e0 l\u2019employeur au plus tard 60 jours avant le d\u00e9but de l\u2019action de formation.<\/td>\n<\/tr>\n<tr style=\"height: 57px;\">\n<td style=\"width: 29.52819906759907%; border: 1px solid black; text-align: center; height: 57px;\">100% du salaire de r\u00e9f\u00e9rence<\/td>\n<td style=\"width: 29.11540093240093%; border: 1px solid black; text-align: center; height: 57px;\">100% du salaire de r\u00e9f\u00e9rence apr\u00e8s un an<\/td>\n<\/tr>\n<tr style=\"height: 58px;\">\n<td style=\"width: 29.52819906759907%; border: 1px solid black; text-align: center; height: 58px;\">90% du salaire de r\u00e9f\u00e9rence<\/td>\n<td style=\"width: 29.11540093240093%; border: 1px solid black; text-align: center; height: 58px;\">60% du salaire de r\u00e9f\u00e9rence apr\u00e8s un an<\/td>\n<\/tr>\n<\/tbody>\n<\/table>\n<p><span style=\"font-weight: 400;\"><\/div><\/span><\/p>\n<p style=\"text-align: justify;\"><div itemscope itemtype=\"http:\/\/schema.org\/Table\"><p itemprop=\"about\"><\/p><\/p>\n<\/div>\n<div class=\"main-article__texte texte--editorial crayon article-texte-377017 \">\n<table style=\"border-collapse: collapse; width: 100.664%; height: 106px;\">\n<tbody>\n<tr style=\"height: 48px;\">\n<td style=\"width: 19.659204428904427%; background-color: #d8e6f2; border: 1px solid black; text-align: center; height: 10px;\"><strong>Entreprises de 50 salari\u00e9s ou plus<\/strong><\/td>\n<td style=\"width: 24.437759207459205%; height: 10px; background-color: #d8e6f2; border: 1px solid black; text-align: center;\"><strong>Entreprises de moins de 50 salari\u00e9s et particuliers employeurs<\/strong><\/td>\n<td style=\"width: 14.546636363636363%; height: 10px; background-color: #d8e6f2; border: 1px solid black; text-align: center;\"><strong>Particuliers employeurs<\/strong><\/td>\n<\/tr>\n<tr style=\"height: 24px;\">\n<td style=\"width: 19.659204428904427%; border: 1px solid black; text-align: center; height: 96px;\">R\u00e9mun\u00e9ration + cotisations sociales l\u00e9gales et conventionnelles vous sont directement vers\u00e9es. Votre employeur est ensuite rembours\u00e9 par la CPIR.<\/td>\n<td style=\"width: 24.437759207459205%; height: 96px; border: 1px solid black; text-align: center;\"><span style=\"font-family: inherit; font-size: inherit;\">R\u00e9mun\u00e9ration + cotisations sociales l\u00e9gales et conventionnelles vous sont directement vers\u00e9es. \u00c0 noter que d\u00e8s le\u00a01<\/span><sup style=\"font-family: inherit;\">er<\/sup><span style=\"font-family: inherit; font-size: inherit;\"> mars 2020, l&#8217;employeur peut demander \u00e0 la CPIR le versement d\u2019avances sur le remboursement de la r\u00e9mun\u00e9ration .<\/span><\/td>\n<td style=\"width: 14.546636363636363%; height: 96px; border: 1px solid black; text-align: center;\">R\u00e9mun\u00e9ration vers\u00e9e directement par la CPIR .<\/p>\n<p style=\"text-align: justify;\">\n<\/td>\n<\/tr>\n<\/tbody>\n<\/table>\n<\/div>\n<p><\/div><\/p>\n<p>Depuis le 1<sup>er<\/sup> janvier 2020, ce sont <strong>les commissions paritaires interprofessionnelles (CPIR)<\/strong> qui prennent en charge financi\u00e8rement les projets de transition professionnelle. Ces commissions sont commun\u00e9ment appel\u00e9es<strong> associations Transitions Pro (ATpro).<\/strong><\/p>\n<p>Vous devez donc d\u00e9poser une demande de prise en charge de votre projet \u00e0 la commission paritaire interprofessionnelle r\u00e9gionale. Cette demande peut s&rsquo;effectuer sur :<\/p>\n<ul>\n<li>votre lieu de travail,<\/li>\n<li>ou lieu de r\u00e9sidence principale.<\/li>\n<\/ul>\n<p style=\"text-align: justify;\"><div itemscope itemtype=\"http:\/\/schema.org\/Table\"><h2 itemprop=\"about\">Quelles sont les d\u00e9marches \u00e0 accomplir aupr\u00e8s de l\u2019employeur ?<\/h2><\/p>\n<table style=\"border-collapse: collapse; width: 100.664%; height: 148px;\">\n<tbody>\n<tr style=\"height: 48px;\">\n<td style=\"width: 29.52819906759907%; height: 60px; background-color: #d8e6f2; border: 1px solid black; text-align: center;\"><strong>Interruption continue de travail de plus de 6 mois<\/strong><\/td>\n<td style=\"width: 29.11540093240093%; height: 60px; background-color: #d8e6f2; border: 1px solid black; text-align: center;\"><strong>Interruption continue de travail de mois de 6 mois (ou formation \u00e0\u00a0temps partiel)<\/strong><\/td>\n<\/tr>\n<tr style=\"height: 24px;\">\n<td style=\"width: 29.52819906759907%; height: 88px; border: 1px solid black; text-align: center;\">Adresser une demande \u00e9crite \u00e0 l\u2019employeur au plus tard 120 jours avant le d\u00e9but de l\u2019action de formation.<\/td>\n<td style=\"width: 29.11540093240093%; height: 88px; border: 1px solid black; text-align: center;\">Adresser une demande \u00e9crite \u00e0 l\u2019employeur au plus tard 60 jours avant le d\u00e9but de l\u2019action de formation.<\/td>\n<\/tr>\n<\/tbody>\n<\/table>\n<p><span style=\"font-weight: 400;\"><\/div><\/span><\/p>\n<p>Si vous effectuez votre formation sur votre temps de travail, vous pouvez toucher une r\u00e9mun\u00e9ration. Et ce, d\u00e8s que vous avez re\u00e7u l\u2019accord de la <a href=\"https:\/\/travail-emploi.gouv.fr\/formation-professionnelle\/acteurs-cadre-et-qualite-de-la-formation-professionnelle\/cpir\" target=\"_blank\" rel=\"noopener nofollow noreferrer\">commission paritaire interprofessionnelle r\u00e9gionale (CPIR)<\/a>.<\/p>\n<p><span style=\"text-decoration: underline;\"><strong>Attention :<\/strong><\/span> pour obtenir cette r\u00e9mun\u00e9ration, il faut \u00eatre assidu \u00e0 la formation ou au stage demand\u00e9s.<\/p>\n<div class='cta-block'><div class='text'>Simulez toutes vos aides en 2 min.<\/div><a href='https:\/\/www.mes-allocs.fr\/ab-app?origin=guides\/wp-json\/wp\/v2\/posts\/8771' class='app-button fit'>Simulation gratuite<\/a><\/div>\n<\/div>\n","protected":false},"excerpt":{"rendered":"<p>[Mis \u00e0 jour le 03\/04\/2026] Le compte personnel formation CPF est une initiative mise en place qui permet de cumuler des heures de formations (converties en euros) dans le but d&rsquo;assurer le d\u00e9veloppement professionnel des salari\u00e9s (du secteur priv\u00e9 et de la fonction publique). Mes Allocs vous explique. Mon compte personnel de formation (CPF) De [&hellip;]<\/p>\n","protected":false},"author":10,"featured_media":9119,"comment_status":"open","ping_status":"open","sticky":false,"template":"","format":"standard","meta":{"amp_status":"","footnotes":""},"categories":[2045],"tags":[],"class_list":["post-8771","post","type-post","status-publish","format-standard","has-post-thumbnail","hentry","category-aide-formation"],"yoast_head":"<!-- This site is optimized with the Yoast SEO plugin v14.9 - https:\/\/yoast.com\/wordpress\/plugins\/seo\/ -->\n<title>En quoi consiste le compte personnel formation cpf ? | Mes-Allocs.fr<\/title>\n<meta name=\"description\" content=\"Le CPF est une initiative mise en place qui permet de cumuler des heures de formations dans le but d&#039;assurer le d\u00e9veloppement professionnel des salari\u00e9s\" \/>\n<meta name=\"robots\" content=\"index, follow, max-snippet:-1, max-image-preview:large, max-video-preview:-1\" \/>\n<link rel=\"canonical\" href=\"https:\/\/www.mes-allocs.fr\/guides\/aide-formation\/compte-personnel-formation-cpf\/\" \/>\n<meta property=\"og:locale\" content=\"fr_FR\" \/>\n<meta property=\"og:type\" content=\"article\" \/>\n<meta property=\"og:title\" content=\"En quoi consiste le compte personnel formation cpf ? | Mes-Allocs.fr\" \/>\n<meta property=\"og:description\" content=\"Le CPF est une initiative mise en place qui permet de cumuler des heures de formations dans le but d&#039;assurer le d\u00e9veloppement professionnel des salari\u00e9s\" \/>\n<meta property=\"og:url\" content=\"https:\/\/www.mes-allocs.fr\/guides\/aide-formation\/compte-personnel-formation-cpf\/\" \/>\n<meta property=\"og:site_name\" content=\"Mes-Allocs.fr\" \/>\n<meta property=\"article:published_time\" content=\"2020-07-03T08:12:51+00:00\" \/>\n<meta property=\"article:modified_time\" content=\"2026-04-07T13:14:37+00:00\" \/>\n<meta property=\"og:image\" content=\"https:\/\/www.mes-allocs.fr\/guides\/wp-content\/uploads\/2020\/07\/En-quoi-consiste-le-compte-personnel-formation-cpf-.jpg?wsr\" \/>\n\t<meta property=\"og:image:width\" content=\"1280\" \/>\n\t<meta property=\"og:image:height\" content=\"853\" \/>\n<meta name=\"twitter:card\" content=\"summary_large_image\" \/>\n<script type=\"application\/ld+json\" class=\"yoast-schema-graph\">{\"@context\":\"https:\/\/schema.org\",\"@graph\":[{\"@type\":\"WebSite\",\"@id\":\"https:\/\/www.mes-allocs.fr\/guides\/#website\",\"url\":\"https:\/\/www.mes-allocs.fr\/guides\/\",\"name\":\"Mes-Allocs.fr\",\"description\":\"\",\"potentialAction\":[{\"@type\":\"SearchAction\",\"target\":\"https:\/\/www.mes-allocs.fr\/guides\/?s={search_term_string}\",\"query-input\":\"required name=search_term_string\"}],\"inLanguage\":\"fr-FR\"},{\"@type\":\"ImageObject\",\"@id\":\"https:\/\/www.mes-allocs.fr\/guides\/aide-formation\/compte-personnel-formation-cpf\/#primaryimage\",\"inLanguage\":\"fr-FR\",\"url\":\"https:\/\/www.mes-allocs.fr\/guides\/wp-content\/uploads\/2020\/07\/En-quoi-consiste-le-compte-personnel-formation-cpf-.jpg?wsr\",\"width\":1280,\"height\":853,\"caption\":\"En quoi consiste le compte personnel formation cpf\"},{\"@type\":\"WebPage\",\"@id\":\"https:\/\/www.mes-allocs.fr\/guides\/aide-formation\/compte-personnel-formation-cpf\/#webpage\",\"url\":\"https:\/\/www.mes-allocs.fr\/guides\/aide-formation\/compte-personnel-formation-cpf\/\",\"name\":\"En quoi consiste le compte personnel formation cpf ? | Mes-Allocs.fr\",\"isPartOf\":{\"@id\":\"https:\/\/www.mes-allocs.fr\/guides\/#website\"},\"primaryImageOfPage\":{\"@id\":\"https:\/\/www.mes-allocs.fr\/guides\/aide-formation\/compte-personnel-formation-cpf\/#primaryimage\"},\"datePublished\":\"2020-07-03T08:12:51+00:00\",\"dateModified\":\"2026-04-07T13:14:37+00:00\",\"author\":{\"@id\":\"https:\/\/www.mes-allocs.fr\/guides\/#\/schema\/person\/8d47b912c0ad15f379df96b4e4e33f58\"},\"description\":\"Le CPF est une initiative mise en place qui permet de cumuler des heures de formations dans le but d'assurer le d\\u00e9veloppement professionnel des salari\\u00e9s\",\"inLanguage\":\"fr-FR\"},{\"@type\":\"Person\",\"@id\":\"https:\/\/www.mes-allocs.fr\/guides\/#\/schema\/person\/8d47b912c0ad15f379df96b4e4e33f58\",\"name\":\"Constance de Cagny\",\"image\":{\"@type\":\"ImageObject\",\"@id\":\"https:\/\/www.mes-allocs.fr\/guides\/#personlogo\",\"inLanguage\":\"fr-FR\",\"url\":\"https:\/\/www.mes-allocs.fr\/guides\/wp-content\/uploads\/2021\/06\/Constance.2e8ee0b.png\",\"caption\":\"Constance de Cagny\"},\"description\":\"Constance est r\\u00e9dactrice au sein de l'\\u00e9quipe Mes Allocs. Elle a l'habitude d'\\u00e9crire sur les sujets conso, bons plans et \\u00e9conomies. Dipl\\u00f4m\\u00e9e de l'ENACO, elle rejoint Mes Allocs apr\\u00e8s une premi\\u00e8re exp\\u00e9rience en cabinet notarial.\",\"sameAs\":[\"https:\/\/www.linkedin.com\/in\/constance-de-cagny-mayeur-bbb414135\"]}]}<\/script>\n<!-- \/ Yoast SEO plugin. -->","amp_validity":null,"acf":{"faq":{"1":{"question":"Comment est cr\u00e9dit\u00e9 le compte CPF ?","answer":"Le compte CPF est cr\u00e9dit\u00e9 en heures converties en euros. En 2026, il est aliment\u00e9 \u00e0 hauteur de 500\u20ac par ann\u00e9e de travail, dans la limite d'un plafond de 5 000\u20ac, pour les heures travaill\u00e9es en 2024."},"2":{"question":"Puis-je donner mon CPF ?","answer":"Non, le CPF est un dispositif individuel. Vous ne pouvez pas faire don de vos heures."},"3":{"question":"Comment utiliser son CPF pendant le temps de travail ?","answer":"Vous devez en faire la demande \u00e0 votre employeur (autorisation d'absence) dans les d\u00e9lais requis :\r\n\r\n-minimum 60 jours avant le d\u00e9but de la formation, si sa dur\u00e9e est inf\u00e9rieure \u00e0 6 mois ;\r\n-minimum 120 jours avant le d\u00e9but de la formation,  si sa dur\u00e9e est \u00e9gale ou sup\u00e9rieure \u00e0 6 mois."},"4":{"question":"Comment est aliment\u00e9 le compte CPF ?","answer":"Ce sont vos heures de travail qui contribuent \u00e0 alimenter le CPF. En 2026, il est aliment\u00e9 \u00e0 hauteur de 500\u20ac par ann\u00e9e de travail, dans la limite d'un plafond de 5 000\u20ac, pour les heures travaill\u00e9es en 2025."},"5":{"question":"Comment utiliser son CPF quand on est au ch\u00f4mage ?","answer":"Vous ne cumulez pas d'heures CPF lorsque vous \u00eates au ch\u00f4mage. Vous avez donc la possibilit\u00e9 d'utiliser vos heures d\u00e9j\u00e0 cumul\u00e9es. Si ce n'est pas assez, n'h\u00e9sitez pas \u00e0 solliciter P\u00f4le emploi. Un abondement peut vous \u00eatre propos\u00e9."},"6":{"question":"Comment faire valider une formation par le CPF ?","answer":"Apr\u00e8s avoir cr\u00e9\u00e9 votre dossier de formation sur le site internet du CPF, il faut ouvrir un acc\u00e8s \u00e0 votre ou vos employeurs, afin qu'ils puissent valider la formation men\u00e9e."},"7":{"question":"","answer":""},"8":{"question":"","answer":""},"9":{"question":"","answer":""},"10":{"question":"","answer":""},"11":{"question":"","answer":""},"12":{"question":"","answer":""},"13":{"question":"","answer":""},"14":{"question":"","answer":""},"15":{"question":"","answer":""},"16":{"question":"","answer":""}}},"_links":{"self":[{"href":"https:\/\/www.mes-allocs.fr\/guides\/wp-json\/wp\/v2\/posts\/8771","targetHints":{"allow":["GET"]}}],"collection":[{"href":"https:\/\/www.mes-allocs.fr\/guides\/wp-json\/wp\/v2\/posts"}],"about":[{"href":"https:\/\/www.mes-allocs.fr\/guides\/wp-json\/wp\/v2\/types\/post"}],"author":[{"embeddable":true,"href":"https:\/\/www.mes-allocs.fr\/guides\/wp-json\/wp\/v2\/users\/10"}],"replies":[{"embeddable":true,"href":"https:\/\/www.mes-allocs.fr\/guides\/wp-json\/wp\/v2\/comments?post=8771"}],"version-history":[{"count":26,"href":"https:\/\/www.mes-allocs.fr\/guides\/wp-json\/wp\/v2\/posts\/8771\/revisions"}],"predecessor-version":[{"id":111674,"href":"https:\/\/www.mes-allocs.fr\/guides\/wp-json\/wp\/v2\/posts\/8771\/revisions\/111674"}],"wp:featuredmedia":[{"embeddable":true,"href":"https:\/\/www.mes-allocs.fr\/guides\/wp-json\/wp\/v2\/media\/9119"}],"wp:attachment":[{"href":"https:\/\/www.mes-allocs.fr\/guides\/wp-json\/wp\/v2\/media?parent=8771"}],"wp:term":[{"taxonomy":"category","embeddable":true,"href":"https:\/\/www.mes-allocs.fr\/guides\/wp-json\/wp\/v2\/categories?post=8771"},{"taxonomy":"post_tag","embeddable":true,"href":"https:\/\/www.mes-allocs.fr\/guides\/wp-json\/wp\/v2\/tags?post=8771"}],"curies":[{"name":"wp","href":"https:\/\/api.w.org\/{rel}","templated":true}]}}