{"id":86449,"date":"2024-12-03T16:03:36","date_gmt":"2024-12-03T14:03:36","guid":{"rendered":"https:\/\/www.mes-allocs.fr\/guides\/?p=86449"},"modified":"2026-04-22T10:50:49","modified_gmt":"2026-04-22T09:50:49","slug":"difference-ave-avf","status":"publish","type":"post","link":"https:\/\/www.mes-allocs.fr\/guides\/aide-vacances\/vacaf\/ave-avf\/difference-ave-avf\/","title":{"rendered":"Quelle est la diff\u00e9rence entre AVE et AVF ?"},"content":{"rendered":"<p><img loading=\"lazy\" decoding=\"async\" class=\"alignnone wp-image-57553 size-full\" title=\"difference entre ave et avf\" src=\"https:\/\/www.mes-allocs.fr\/guides\/wp-content\/uploads\/2022\/10\/tyler-nix-V3dHmb1MOXM-unsplash-e1666970924900.jpg\" alt=\"difference entre ave et avf\" width=\"1920\" height=\"384\" srcset=\"https:\/\/www.mes-allocs.fr\/guides\/wp-content\/uploads\/2022\/10\/tyler-nix-V3dHmb1MOXM-unsplash-e1666970924900.jpg 1920w, https:\/\/www.mes-allocs.fr\/guides\/wp-content\/uploads\/2022\/10\/tyler-nix-V3dHmb1MOXM-unsplash-e1666970924900-300x60.jpg 300w, https:\/\/www.mes-allocs.fr\/guides\/wp-content\/uploads\/2022\/10\/tyler-nix-V3dHmb1MOXM-unsplash-e1666970924900-1024x205.jpg 1024w, https:\/\/www.mes-allocs.fr\/guides\/wp-content\/uploads\/2022\/10\/tyler-nix-V3dHmb1MOXM-unsplash-e1666970924900-768x154.jpg 768w, https:\/\/www.mes-allocs.fr\/guides\/wp-content\/uploads\/2022\/10\/tyler-nix-V3dHmb1MOXM-unsplash-e1666970924900-1536x307.jpg 1536w, https:\/\/www.mes-allocs.fr\/guides\/wp-content\/uploads\/2022\/10\/tyler-nix-V3dHmb1MOXM-unsplash-e1666970924900-600x120.jpg 600w\" sizes=\"auto, (max-width: 1920px) 100vw, 1920px\" \/><\/p>\n<p>Dans le cadre des dispositifs d\u2019<a href=\"https:\/\/www.mes-allocs.fr\/guides\/aide-vacances\/\">aide vacances<\/a>, l\u2019AVE (Aide aux Vacances Enfants) et l\u2019AVF (Aide aux Vacances Familiales) sont deux programmes propos\u00e9s par la CAF (Caisse d&rsquo;Allocations Familiales) pour faciliter l&rsquo;acc\u00e8s aux vacances des familles et des enfants. Ces aides, bien qu\u2019ayant des objectifs similaires, pr\u00e9sentent des diff\u00e9rences en termes de b\u00e9n\u00e9ficiaires, de montants et de conditions d\u2019attribution. Si vous vous interrogez sur la <strong>diff\u00e9rence entre AVE et AVF<\/strong>, cet \u00a0article vous \u00e9clairera sur leurs sp\u00e9cificit\u00e9s pour mieux comprendre laquelle pourrait convenir \u00e0 votre situation.<\/p>\n<div class='cta-block'><div class='text'>Simulez toutes vos aides en 2 min.<\/div><a href='https:\/\/www.mes-allocs.fr\/ab-app?origin=guides\/wp-json\/wp\/v2\/posts\/86449' class='app-button fit'>Simulation gratuite<\/a><\/div>\n<h1><strong>Qu\u2019est-ce que l\u2019AVE (Aide aux Vacances Enfants) ?<\/strong><\/h1>\n<h2><strong>Objectif et r\u00f4le de l\u2019AVE dans l\u2019aide aux familles<\/strong><\/h2>\n<p>L&rsquo;<strong>Aide aux Vacances Enfants (AVE)<\/strong> est un dispositif mis en place par la <strong>Caisse d&rsquo;Allocations Familiales (CAF)<\/strong>pour faciliter le d\u00e9part en vacances des enfants issus de familles modestes. Son principal objectif est de promouvoir l\u2019acc\u00e8s aux loisirs et \u00e0 des s\u00e9jours \u00e9ducatifs pour les enfants \u00e2g\u00e9s de 3 \u00e0 17 ans. L\u2019AVE permet ainsi de financer partiellement des s\u00e9jours en colonies de vacances, centres de loisirs avec h\u00e9bergement, ou autres activit\u00e9s \u00e9ducatives encadr\u00e9es.<\/p>\n<p>Ce dispositif contribue non seulement \u00e0 r\u00e9duire les in\u00e9galit\u00e9s sociales en mati\u00e8re d\u2019acc\u00e8s aux vacances, mais aussi \u00e0 offrir aux enfants des opportunit\u00e9s de socialisation, d\u2019apprentissage et d\u2019\u00e9panouissement en dehors de leur cadre quotidien. En couvrant une partie des frais de s\u00e9jour, l\u2019AVE all\u00e8ge consid\u00e9rablement la charge financi\u00e8re des familles b\u00e9n\u00e9ficiaires, les encourageant \u00e0 inscrire leurs enfants \u00e0 des activit\u00e9s enrichissantes.<\/p>\n<h2><strong>Les crit\u00e8res d\u2019\u00e9ligibilit\u00e9 et les b\u00e9n\u00e9ficiaires de l\u2019AVE<\/strong><\/h2>\n<p>Pour b\u00e9n\u00e9ficier de l\u2019AVE, certaines conditions doivent \u00eatre remplies. Tout d\u2019abord, le quotient familial de la famille doit \u00eatre inf\u00e9rieur \u00e0 un seuil fix\u00e9 par la CAF, qui varie selon les d\u00e9partements. Ensuite, l\u2019enfant b\u00e9n\u00e9ficiaire doit avoir entre 3 et 17 ans et \u00eatre \u00e0 la charge de la famille. Enfin, le s\u00e9jour choisi doit \u00eatre organis\u00e9 par un organisme agr\u00e9\u00e9 VACAF ou par des structures conventionn\u00e9es.<\/p>\n<p>Le montant de l\u2019aide est calcul\u00e9 en fonction de plusieurs param\u00e8tres : le co\u00fbt du s\u00e9jour, le quotient familial et l\u2019\u00e2ge de l\u2019enfant. Dans la plupart des cas, l\u2019AVE est directement vers\u00e9e \u00e0 l\u2019organisme de vacances, ce qui simplifie la gestion administrative pour les familles.<\/p>\n<p><a href=\"https:\/\/www.mes-allocs.fr\/guides\/allocations-familiales\/vacaf\">Le dispositif VACAF<\/a> est une aide financi\u00e8re mise en place par la Caisse d\u2019Allocations Familiales (CAF) pour permettre aux familles \u00e0 revenus modestes de partir en vacances.<\/p>\n<h1><strong>Qu\u2019est-ce que l\u2019AVF (Aide aux Vacances Familiales) ?<\/strong><\/h1>\n<h2><strong>Missions et actions de l\u2019AVF<\/strong><\/h2>\n<p data-sourcepos=\"10:1-10:189\">La mission principale de l&rsquo;AVF est de <strong>favoriser le d\u00e9part en vacances des familles ayant des ressources limit\u00e9es<\/strong>. Pour atteindre cet objectif, l&rsquo;AVF met en place les actions suivantes :<\/p>\n<p><strong>Financement partiel des s\u00e9jours :<\/strong> l&rsquo;AVF prend en charge une partie du co\u00fbt du s\u00e9jour en fonction du quotient familial de la famille. Le montant de l&rsquo;aide varie g\u00e9n\u00e9ralement entre 50% et 75% du co\u00fbt du s\u00e9jour, avec un plafond maximal.<\/p>\n<p><strong>S\u00e9lection de destinations de vacances abordables :<\/strong> Vacaf travaille en partenariat avec de nombreux centres de vacances, campings et autres h\u00e9bergements proposant des tarifs pr\u00e9f\u00e9rentiels pour les b\u00e9n\u00e9ficiaires de l&rsquo;AVF.<\/p>\n<p><strong>Facilitation de la r\u00e9servation :<\/strong> la plateforme en ligne de Vacaf permet aux familles \u00e9ligibles de rechercher, comparer et r\u00e9server directement leurs s\u00e9jours en b\u00e9n\u00e9ficiant de la r\u00e9duction AVF.<\/p>\n<p><strong>Information et accompagnement :<\/strong> la CAF et la MSA informent les familles sur l&rsquo;existence de l&rsquo;AVF et les accompagnent dans leurs d\u00e9marches pour en b\u00e9n\u00e9ficier.<\/p>\n<h2><strong>Les avantages de b\u00e9n\u00e9ficier de l&rsquo;AVF\u00a0<\/strong><\/h2>\n<p>L&rsquo;avantage principal est la r\u00e9duction significative du prix du s\u00e9jour, rendant les vacances plus accessibles financi\u00e8rement.<\/p>\n<ul>\n<li data-sourcepos=\"24:1-24:161\"><strong>Possibilit\u00e9 de choisir parmi un large \u00e9ventail de destinations :<\/strong> Vacaf propose un grand choix de lieux de vacances adapt\u00e9s aux familles, partout en France.<\/li>\n<li data-sourcepos=\"25:1-25:144\"><strong>Simplification des d\u00e9marches :<\/strong> la r\u00e9servation via la plateforme Vacaf est simple et rapide, et la r\u00e9duction est appliqu\u00e9e automatiquement.<\/li>\n<li data-sourcepos=\"26:1-27:0\"><strong>Am\u00e9lioration du bien-\u00eatre familial :<\/strong> partir en vacances permet de se d\u00e9tendre, de se ressourcer et de renforcer les liens familiaux.<\/li>\n<\/ul>\n<p>Quelle aide choisir entre <a href=\"https:\/\/www.mes-allocs.fr\/guides\/aide-vacances\/vacaf\/ave-avf\/\">AVE ou AVF<\/a> ?<\/p>\n<div class='cta-block'><div class='text'>Simulez toutes vos aides en 2 min.<\/div><a href='https:\/\/www.mes-allocs.fr\/ab-app?origin=guides\/wp-json\/wp\/v2\/posts\/86449' class='app-button fit'>Simulation gratuite<\/a><\/div>\n<div class=\"flex max-w-full flex-col flex-grow\">\n<div class=\"min-h-8 text-message flex w-full flex-col items-end gap-2 whitespace-normal break-words [.text-message+&amp;]:mt-5\" dir=\"auto\" data-message-author-role=\"assistant\" data-message-id=\"4a0097a3-0909-4ddd-b822-dd26b0e25d3e\" data-message-model-slug=\"gpt-4o\">\n<div class=\"flex w-full flex-col gap-1 empty:hidden first:pt-[3px]\">\n<div class=\"markdown prose w-full break-words dark:prose-invert dark\">\n<h1><strong>Diff\u00e9rences fondamentales entre AVE et AVF<\/strong><\/h1>\n<h2><strong>Comparaison des objectifs de l\u2019AVE et de l\u2019AVF<\/strong><\/h2>\n<p data-sourcepos=\"16:3-16:26\"><strong>Objectifs de l\u2019AVE :<\/strong><\/p>\n<ul>\n<li>Offrir aux enfants et adolescents la possibilit\u00e9 de d\u00e9couvrir de nouveaux environnements et de participer \u00e0 des activit\u00e9s enrichissantes pendant les vacances scolaires.<\/li>\n<li>Favoriser leur autonomie, leur socialisation et leur d\u00e9veloppement personnel.<\/li>\n<li>Permettre aux parents de b\u00e9n\u00e9ficier d&rsquo;un temps de r\u00e9pit pendant les vacances.<\/li>\n<\/ul>\n<p data-sourcepos=\"21:3-21:26\"><strong>Objectifs de l\u2019AVF :<\/strong><\/p>\n<ul>\n<li>Faciliter l&rsquo;acc\u00e8s aux vacances pour l&rsquo;ensemble de la famille, en tenant compte des contraintes financi\u00e8res.<\/li>\n<li>Renforcer les liens familiaux et cr\u00e9er des souvenirs communs.<\/li>\n<li>Contribuer au bien-\u00eatre et \u00e0 l&rsquo;\u00e9panouissement de chaque membre de la famille.<\/li>\n<\/ul>\n<p>Voici un tableau r\u00e9capitulatif des diff\u00e9rence entre AVF ET AVE :<\/p>\n\n<div class=\"wpdt-c row wpDataTableContainerSimpleTable wpDataTables wpDataTablesWrapper\n\"\n    >\n    <table id=\"wpdtSimpleTable-628\"\n           class=\"wpdtSimpleTable wpDataTable\"\n           data-column=\"3\"\n           data-rows=\"5\"\n           data-wpID=\"628\"\n           data-responsive=\"0\"\n           data-has-header=\"1\">\n\n                    <thead>        <tr class=\"wpdt-cell-row \" >\n                            <th class=\"wpdt-cell wpdt-bc-6BB6F2\"\n                                    data-cell-id=\"A1\"\n                data-col-index=\"0\"\n                data-row-index=\"0\"\n                style=\" width:32.692307692308%;                padding:10px;\"\n                >\n                                Caract\u00e9ristique                <\/th>\n                                            <th class=\"wpdt-cell wpdt-bc-6BB6F2\"\n                                    data-cell-id=\"B1\"\n                data-col-index=\"1\"\n                data-row-index=\"0\"\n                style=\" width:32.692307692308%;                padding:10px;\"\n                >\n                                AVE (Aide aux Vacances Enfants)                <\/th>\n                                            <th class=\"wpdt-cell wpdt-bc-6BB6F2\"\n                                    data-cell-id=\"C1\"\n                data-col-index=\"2\"\n                data-row-index=\"0\"\n                style=\" width:34.615384615385%;                padding:10px;\"\n                >\n                                AVF (Aide aux Vacances Familiales)                <\/th>\n                                        <\/tr>\n                    <tbody>        <tr class=\"wpdt-cell-row \" >\n                            <td class=\"wpdt-cell \"\n                                    data-cell-id=\"A2\"\n                data-col-index=\"0\"\n                data-row-index=\"1\"\n                style=\"                padding:10px;\"\n                >\n                                B\u00e9n\u00e9ficiaires                <\/td>\n                                            <td class=\"wpdt-cell \"\n                                    data-cell-id=\"B2\"\n                data-col-index=\"1\"\n                data-row-index=\"1\"\n                style=\"                padding:10px;\"\n                >\n                                Enfants et adolescents (g\u00e9n\u00e9ralement de 6 \u00e0 17 ans)                <\/td>\n                                            <td class=\"wpdt-cell \"\n                                    data-cell-id=\"C2\"\n                data-col-index=\"2\"\n                data-row-index=\"1\"\n                style=\"                padding:10px;\"\n                >\n                                Familles avec au moins un enfant \u00e0 charge (jusqu'\u00e0 20 ans)                <\/td>\n                                        <\/tr>\n                            <tr class=\"wpdt-cell-row \" >\n                            <td class=\"wpdt-cell \"\n                                    data-cell-id=\"A3\"\n                data-col-index=\"0\"\n                data-row-index=\"2\"\n                style=\"                padding:10px;\"\n                >\n                                Objectif principal                <\/td>\n                                            <td class=\"wpdt-cell \"\n                                    data-cell-id=\"B3\"\n                data-col-index=\"1\"\n                data-row-index=\"2\"\n                style=\"                padding:10px;\"\n                >\n                                Permettre aux enfants de partir en vacances, souvent en colonies ou centres de loisirs.                <\/td>\n                                            <td class=\"wpdt-cell \"\n                                    data-cell-id=\"C3\"\n                data-col-index=\"2\"\n                data-row-index=\"2\"\n                style=\"                padding:10px;\"\n                >\n                                Permettre \u00e0 l'ensemble de la famille de partir en vacances ensemble.                <\/td>\n                                        <\/tr>\n                            <tr class=\"wpdt-cell-row \" >\n                            <td class=\"wpdt-cell \"\n                                    data-cell-id=\"A4\"\n                data-col-index=\"0\"\n                data-row-index=\"3\"\n                style=\"                padding:10px;\"\n                >\n                                Type de s\u00e9jour                <\/td>\n                                            <td class=\"wpdt-cell \"\n                                    data-cell-id=\"B4\"\n                data-col-index=\"1\"\n                data-row-index=\"3\"\n                style=\"                padding:10px;\"\n                >\n                                S\u00e9jours en groupe pour enfants (colonies, camps, etc.)                <\/td>\n                                            <td class=\"wpdt-cell \"\n                                    data-cell-id=\"C4\"\n                data-col-index=\"2\"\n                data-row-index=\"3\"\n                style=\"                padding:10px;\"\n                >\n                                S\u00e9jours en famille (location, camping, h\u00f4tel, etc.)                <\/td>\n                                        <\/tr>\n                            <tr class=\"wpdt-cell-row \" >\n                            <td class=\"wpdt-cell \"\n                                    data-cell-id=\"A5\"\n                data-col-index=\"0\"\n                data-row-index=\"4\"\n                style=\"                padding:10px;\"\n                >\n                                Gestion                <\/td>\n                                            <td class=\"wpdt-cell \"\n                                    data-cell-id=\"B5\"\n                data-col-index=\"1\"\n                data-row-index=\"4\"\n                style=\"                padding:10px;\"\n                >\n                                Principalement g\u00e9r\u00e9e par la CAF ou la MSA pour les s\u00e9jours enfants.                <\/td>\n                                            <td class=\"wpdt-cell \"\n                                    data-cell-id=\"C5\"\n                data-col-index=\"2\"\n                data-row-index=\"4\"\n                style=\"                padding:10px;\"\n                >\n                                G\u00e9r\u00e9e par la CAF ou la MSA via la plateforme Vacaf pour les s\u00e9jours familiaux.                <\/td>\n                                        <\/tr>\n                    <\/table>\n<\/div><style id='wpdt-custom-style-628'>\ntable#wpdtSimpleTable-628{ table-layout: fixed !important; }\n.wpdt-bc-6BB6F2 { background-color: #6BB6F2 !important;}\n<\/style>\n\n<h2><strong>Impact de l\u2019AVE sur les familles versus r\u00f4le de l\u2019AVF dans le soutien aux vacances familiales<\/strong><\/h2>\n<h3 data-sourcepos=\"28:3-28:40\"><strong>Impact de l\u2019AVE sur les familles\u00a0<\/strong><\/h3>\n<p><strong>Pour l&rsquo;enfant :<\/strong> l&rsquo;AVE permet \u00e0 l&rsquo;enfant de vivre des exp\u00e9riences nouvelles, de se faire des amis, de gagner en ind\u00e9pendance et de d\u00e9velopper de nouvelles comp\u00e9tences. Cela peut avoir un impact positif sur sa confiance en soi et son ouverture au monde.<\/p>\n<p><strong>Pour les parents :<\/strong> l&rsquo;AVE peut soulager les parents en leur offrant une solution de garde pendant les vacances scolaires, leur permettant de continuer \u00e0 travailler ou de profiter d&rsquo;un temps de repos. <span class=\"citation-2 entailed citation-end-2\" tabindex=\"0\" role=\"button\">Sur le plan financier, l&rsquo;aide r\u00e9duit le co\u00fbt des s\u00e9jours pour enfants.<\/span><\/p>\n<h3 data-sourcepos=\"32:3-32:61\"><strong>R\u00f4le de l\u2019AVF dans le soutien aux vacances familiales\u00a0<\/strong><\/h3>\n<p><span class=\"citation-3 entailed citation-end-3\" tabindex=\"0\" role=\"button\">L&rsquo;AVF rend les vacances familiales plus abordables pour les foyers aux revenus modestes et moyens, levant ainsi un frein financier important au d\u00e9part en vacances. <\/span>En permettant \u00e0 toute la famille de partir ensemble, l&rsquo;AVF favorise le partage d&rsquo;exp\u00e9riences, la communication et le renforcement des liens affectifs entre les membres. Les vacances sont essentielles pour le bien-\u00eatre physique et mental de tous. L&rsquo;AVF contribue \u00e0 offrir ces moments de d\u00e9tente et de ressourcement aux familles qui en ont le plus besoin.<\/p>\n<p>&nbsp;<\/p>\n<p><iframe loading=\"lazy\" title=\"L&#039;AVF\" width=\"500\" height=\"281\" src=\"https:\/\/www.youtube.com\/embed\/cRdflmmRSBU?feature=oembed\" frameborder=\"0\" allow=\"accelerometer; autoplay; clipboard-write; encrypted-media; gyroscope; picture-in-picture; web-share\" referrerpolicy=\"strict-origin-when-cross-origin\" allowfullscreen><\/iframe><\/p>\n<h1 data-sourcepos=\"13:1-13:57\">Les d\u00e9marches pour b\u00e9n\u00e9ficier de l&rsquo;AVE et de l&rsquo;AVF<\/h1>\n<h2 data-sourcepos=\"3:1-3:73\">Les d\u00e9marches pour b\u00e9n\u00e9ficier de l&rsquo;Aide aux Vacances Enfants (AVE)<\/h2>\n<p data-sourcepos=\"5:1-5:74\">Pour b\u00e9n\u00e9ficier de l&rsquo;AVE, plusieurs \u00e9tapes sont g\u00e9n\u00e9ralement n\u00e9cessaires :<\/p>\n<p>La premi\u00e8re \u00e9tape consiste \u00e0 vous assurer que votre famille remplit les conditions d&rsquo;\u00e9ligibilit\u00e9. Les principaux crit\u00e8res concernent le quotient familial, qui doit \u00eatre inf\u00e9rieur \u00e0 un seuil d\u00e9termin\u00e9 par votre CAF ou MSA. Vous pouvez g\u00e9n\u00e9ralement v\u00e9rifier votre quotient familial sur votre espace personnel en ligne sur le site de votre organisme.<\/p>\n<p>L&rsquo;AVE est g\u00e9n\u00e9ralement attribu\u00e9e pour des s\u00e9jours organis\u00e9s par des organismes agr\u00e9\u00e9s VACAF (pour les centres de vacances et les colonies) ou par des structures conventionn\u00e9es avec votre CAF ou MSA (comme certains centres de loisirs avec h\u00e9bergement).<\/p>\n<p>Une fois que vous avez identifi\u00e9 un s\u00e9jour qui vous int\u00e9resse et dont l&rsquo;organisme est \u00e9ligible \u00e0 l&rsquo;AVE, vous devez proc\u00e9der \u00e0 l&rsquo;inscription de votre enfant. Lors de l&rsquo;inscription, il est important de mentionner que vous \u00eates b\u00e9n\u00e9ficiaire de l&rsquo;AVE.<\/p>\n<p>Dans la plupart des cas, l&rsquo;organisme de vacances contacte directement la CAF ou la MSA pour conna\u00eetre le montant de l&rsquo;aide auquel vous avez droit. L&rsquo;AVE est alors d\u00e9duite du co\u00fbt total du s\u00e9jour, et vous n&rsquo;avez qu&rsquo;\u00e0 r\u00e9gler le montant restant \u00e0 votre charge. Dans certains cas, l&rsquo;aide peut vous \u00eatre vers\u00e9e directement, et il vous incombe alors de r\u00e9gler la totalit\u00e9 du co\u00fbt du s\u00e9jour \u00e0 l&rsquo;organisme.<\/p>\n<p>Il peut vous \u00eatre demand\u00e9 de fournir certains documents justificatifs \u00e0 l&rsquo;organisme de vacances ou \u00e0 votre CAF\/MSA pour confirmer votre \u00e9ligibilit\u00e9 \u00e0 l&rsquo;AVE (par exemple, une attestation de quotient familial).<\/p>\n<h3 data-sourcepos=\"13:1-13:76\">Les d\u00e9marches pour b\u00e9n\u00e9ficier de l&rsquo;Aide aux Vacances Familiales (AVF)<\/h3>\n<p data-sourcepos=\"15:1-15:72\">Les d\u00e9marches pour b\u00e9n\u00e9ficier de l&rsquo;AVF sont g\u00e9n\u00e9ralement les suivantes :<\/p>\n<ul data-sourcepos=\"17:1-23:0\">\n<li data-sourcepos=\"17:1-17:363\"><strong>V\u00e9rification de l&rsquo;\u00e9ligibilit\u00e9 aupr\u00e8s de votre CAF ou MSA\u00a0<\/strong><\/li>\n<li data-sourcepos=\"18:1-18:258\"><strong>Acc\u00e8s \u00e0 la plateforme en ligne Vacaf :<\/strong> l&rsquo;AVF est principalement utilis\u00e9e pour r\u00e9server des s\u00e9jours via la plateforme en ligne de Vacaf (www.vacaf.org). Vous devrez g\u00e9n\u00e9ralement vous connecter \u00e0 cette plateforme en utilisant vos identifiants CAF ou MSA.<\/li>\n<li data-sourcepos=\"19:1-19:338\"><strong>Recherche et s\u00e9lection d&rsquo;un s\u00e9jour\u00a0<\/strong><\/li>\n<li data-sourcepos=\"20:1-20:265\"><strong>V\u00e9rification de l&rsquo;\u00e9ligibilit\u00e9 AVF pour le s\u00e9jour choisi\u00a0<\/strong><\/li>\n<li data-sourcepos=\"21:1-21:249\"><strong>R\u00e9servation du s\u00e9jour :<\/strong> si le s\u00e9jour vous convient, vous pouvez proc\u00e9der \u00e0 la r\u00e9servation directement sur la plateforme Vacaf. La r\u00e9duction AVF est automatiquement appliqu\u00e9e au prix total du s\u00e9jour, et vous n&rsquo;avez qu&rsquo;\u00e0 r\u00e9gler la part restante.<\/li>\n<li data-sourcepos=\"22:1-23:0\"><strong>Confirmation de la r\u00e9servation :<\/strong> une fois la r\u00e9servation effectu\u00e9e et le paiement de votre part r\u00e9alis\u00e9, vous recevrez une confirmation de r\u00e9servation.<\/li>\n<\/ul>\n<\/div>\n<\/div>\n<\/div>\n<\/div>\n<div class='cta-block'><div class='text'>Simulez toutes vos aides en 2 min.<\/div><a href='https:\/\/www.mes-allocs.fr\/ab-app?origin=guides\/wp-json\/wp\/v2\/posts\/86449' class='app-button fit'>Simulation gratuite<\/a><\/div>\n","protected":false},"excerpt":{"rendered":"<p>Dans le cadre des dispositifs d\u2019aide vacances, l\u2019AVE (Aide aux Vacances Enfants) et l\u2019AVF (Aide aux Vacances Familiales) sont deux programmes propos\u00e9s par la CAF (Caisse d&rsquo;Allocations Familiales) pour faciliter l&rsquo;acc\u00e8s aux vacances des familles et des enfants. Ces aides, bien qu\u2019ayant des objectifs similaires, pr\u00e9sentent des diff\u00e9rences en termes de b\u00e9n\u00e9ficiaires, de montants et [&hellip;]<\/p>\n","protected":false},"author":26,"featured_media":45467,"comment_status":"open","ping_status":"open","sticky":false,"template":"","format":"standard","meta":{"amp_status":"","footnotes":""},"categories":[38652,39847,13],"tags":[],"class_list":["post-86449","post","type-post","status-publish","format-standard","has-post-thumbnail","hentry","category-aide-vacances","category-ave-avf","category-vacaf"],"yoast_head":"<!-- This site is optimized with the Yoast SEO plugin v14.9 - https:\/\/yoast.com\/wordpress\/plugins\/seo\/ -->\n<title>Quelle est la diff\u00e9rence entre AVE et AVF ? Tout savoir !<\/title>\n<meta name=\"description\" content=\"Si vous vous interrogez sur la diff\u00e9rence entre AVE et AVF, cet \u00a0article vous \u00e9clairera sur leurs sp\u00e9cificit\u00e9s pour mieux comprendre.\" \/>\n<meta name=\"robots\" content=\"index, follow, max-snippet:-1, max-image-preview:large, max-video-preview:-1\" \/>\n<link rel=\"canonical\" href=\"https:\/\/www.mes-allocs.fr\/guides\/aide-vacances\/vacaf\/ave-avf\/difference-ave-avf\/\" \/>\n<meta property=\"og:locale\" content=\"fr_FR\" \/>\n<meta property=\"og:type\" content=\"article\" \/>\n<meta property=\"og:title\" content=\"Quelle est la diff\u00e9rence entre AVE et AVF ? Tout savoir !\" \/>\n<meta property=\"og:description\" content=\"Si vous vous interrogez sur la diff\u00e9rence entre AVE et AVF, cet \u00a0article vous \u00e9clairera sur leurs sp\u00e9cificit\u00e9s pour mieux comprendre.\" \/>\n<meta property=\"og:url\" content=\"https:\/\/www.mes-allocs.fr\/guides\/aide-vacances\/vacaf\/ave-avf\/difference-ave-avf\/\" \/>\n<meta property=\"og:site_name\" content=\"Mes-Allocs.fr\" \/>\n<meta property=\"article:published_time\" content=\"2024-12-03T14:03:36+00:00\" \/>\n<meta property=\"article:modified_time\" content=\"2026-04-22T09:50:49+00:00\" \/>\n<meta property=\"og:image\" content=\"https:\/\/www.mes-allocs.fr\/guides\/wp-content\/uploads\/2022\/02\/famille-6.jpeg?wsr\" \/>\n\t<meta property=\"og:image:width\" content=\"1075\" \/>\n\t<meta property=\"og:image:height\" content=\"750\" \/>\n<meta name=\"twitter:card\" content=\"summary_large_image\" \/>\n<script type=\"application\/ld+json\" class=\"yoast-schema-graph\">{\"@context\":\"https:\/\/schema.org\",\"@graph\":[{\"@type\":\"WebSite\",\"@id\":\"https:\/\/www.mes-allocs.fr\/guides\/#website\",\"url\":\"https:\/\/www.mes-allocs.fr\/guides\/\",\"name\":\"Mes-Allocs.fr\",\"description\":\"\",\"potentialAction\":[{\"@type\":\"SearchAction\",\"target\":\"https:\/\/www.mes-allocs.fr\/guides\/?s={search_term_string}\",\"query-input\":\"required name=search_term_string\"}],\"inLanguage\":\"fr-FR\"},{\"@type\":\"ImageObject\",\"@id\":\"https:\/\/www.mes-allocs.fr\/guides\/aide-vacances\/vacaf\/ave-avf\/difference-ave-avf\/#primaryimage\",\"inLanguage\":\"fr-FR\",\"url\":\"https:\/\/www.mes-allocs.fr\/guides\/wp-content\/uploads\/2022\/02\/famille-6.jpeg?wsr\",\"width\":1075,\"height\":750,\"caption\":\"difference entre ave et avf\"},{\"@type\":\"WebPage\",\"@id\":\"https:\/\/www.mes-allocs.fr\/guides\/aide-vacances\/vacaf\/ave-avf\/difference-ave-avf\/#webpage\",\"url\":\"https:\/\/www.mes-allocs.fr\/guides\/aide-vacances\/vacaf\/ave-avf\/difference-ave-avf\/\",\"name\":\"Quelle est la diff\\u00e9rence entre AVE et AVF ? Tout savoir !\",\"isPartOf\":{\"@id\":\"https:\/\/www.mes-allocs.fr\/guides\/#website\"},\"primaryImageOfPage\":{\"@id\":\"https:\/\/www.mes-allocs.fr\/guides\/aide-vacances\/vacaf\/ave-avf\/difference-ave-avf\/#primaryimage\"},\"datePublished\":\"2024-12-03T14:03:36+00:00\",\"dateModified\":\"2026-04-22T09:50:49+00:00\",\"author\":{\"@id\":\"https:\/\/www.mes-allocs.fr\/guides\/#\/schema\/person\/9c38f3be41a0ddcd1e3fde5a3df713bf\"},\"description\":\"Si vous vous interrogez sur la diff\\u00e9rence entre AVE et AVF, cet \\u00a0article vous \\u00e9clairera sur leurs sp\\u00e9cificit\\u00e9s pour mieux comprendre.\",\"inLanguage\":\"fr-FR\"},{\"@type\":\"Person\",\"@id\":\"https:\/\/www.mes-allocs.fr\/guides\/#\/schema\/person\/9c38f3be41a0ddcd1e3fde5a3df713bf\",\"name\":\"Sessime Ananou\",\"image\":{\"@type\":\"ImageObject\",\"@id\":\"https:\/\/www.mes-allocs.fr\/guides\/#personlogo\",\"inLanguage\":\"fr-FR\",\"url\":\"https:\/\/www.mes-allocs.fr\/guides\/wp-content\/uploads\/2023\/08\/IMG_8173-150x150.jpg\",\"caption\":\"Sessime Ananou\"},\"description\":\"Sessime est r\\u00e9dactrice chez Mes Allocs, sp\\u00e9cialis\\u00e9e sur le pouvoir d'achat. Elle rejoint l'\\u00e9quipe Mes Allocs en ao\\u00fbt 2023 afin de simplifier l'acc\\u00e8s \\u00e0 l'information sur les aides en g\\u00e9n\\u00e9ral.\"}]}<\/script>\n<!-- \/ Yoast SEO plugin. -->","amp_validity":null,"acf":{"faq":{"1":{"question":"Qu\u2019est-ce que l\u2019AVE ?","answer":"L\u2019AVE (Aide aux Vacances Enfants) est une aide financi\u00e8re sp\u00e9cifiquement destin\u00e9e aux enfants, pour leur permettre de partir en colonies de vacances, camps d\u2019\u00e9t\u00e9 ou s\u00e9jours \u00e9ducatifs organis\u00e9s. Elle est souvent directement vers\u00e9e \u00e0 l\u2019organisme de vacances pour couvrir une partie des frais."},"2":{"question":"Qu\u2019est-ce que l\u2019AVF ?","answer":"L\u2019AVF (Aide aux Vacances Familiales) est une aide con\u00e7ue pour permettre aux familles modestes de partir en vacances ensemble. Elle est utilis\u00e9e pour r\u00e9server des s\u00e9jours en camping, villages vacances ou autres h\u00e9bergements agr\u00e9\u00e9s VACAF."},"3":{"question":"Qui peut b\u00e9n\u00e9ficier de l\u2019AVE et de l\u2019AVF ?","answer":"AVE : Les familles ayant des enfants entre 3 et 17 ans, selon les crit\u00e8res d\u00e9finis par leur CAF.\r\nAVF : Les familles avec au moins un enfant \u00e0 charge, mais le revenu familial doit respecter un plafond fix\u00e9 par la CAF."},"4":{"question":"Quels sont les montants propos\u00e9s par l\u2019AVE et l\u2019AVF ?","answer":"AVE : Le montant varie en fonction du co\u00fbt du s\u00e9jour, de l\u2019\u00e2ge de l\u2019enfant et du quotient familial.\r\nAVF : L\u2019aide est proportionnelle au co\u00fbt du s\u00e9jour familial et d\u00e9pend \u00e9galement du quotient familial."},"5":{"question":"O\u00f9 peut-on utiliser l\u2019AVE et l\u2019AVF ?","answer":"AVE : Dans des colonies, s\u00e9jours \u00e9ducatifs ou camps d\u2019\u00e9t\u00e9 agr\u00e9\u00e9s par VACAF.\r\nAVF : Dans des h\u00e9bergements labellis\u00e9s VACAF, tels que des campings, villages vacances ou g\u00eetes."},"6":{"question":"Peut-on cumuler l\u2019AVE et l\u2019AVF ?","answer":"Oui, il est possible de b\u00e9n\u00e9ficier \u00e0 la fois de l\u2019AVE pour les enfants partant en colonie et de l\u2019AVF pour financer un s\u00e9jour en famille. Cependant, chaque aide doit respecter les conditions sp\u00e9cifiques de la CAF."},"7":{"question":"","answer":""},"8":{"question":"","answer":""},"9":{"question":"","answer":""},"10":{"question":"","answer":""},"11":{"question":"","answer":""},"12":{"question":"","answer":""},"13":{"question":"","answer":""},"14":{"question":"","answer":""},"15":{"question":"","answer":""},"16":{"question":"","answer":""}}},"_links":{"self":[{"href":"https:\/\/www.mes-allocs.fr\/guides\/wp-json\/wp\/v2\/posts\/86449","targetHints":{"allow":["GET"]}}],"collection":[{"href":"https:\/\/www.mes-allocs.fr\/guides\/wp-json\/wp\/v2\/posts"}],"about":[{"href":"https:\/\/www.mes-allocs.fr\/guides\/wp-json\/wp\/v2\/types\/post"}],"author":[{"embeddable":true,"href":"https:\/\/www.mes-allocs.fr\/guides\/wp-json\/wp\/v2\/users\/26"}],"replies":[{"embeddable":true,"href":"https:\/\/www.mes-allocs.fr\/guides\/wp-json\/wp\/v2\/comments?post=86449"}],"version-history":[{"count":6,"href":"https:\/\/www.mes-allocs.fr\/guides\/wp-json\/wp\/v2\/posts\/86449\/revisions"}],"predecessor-version":[{"id":96692,"href":"https:\/\/www.mes-allocs.fr\/guides\/wp-json\/wp\/v2\/posts\/86449\/revisions\/96692"}],"wp:featuredmedia":[{"embeddable":true,"href":"https:\/\/www.mes-allocs.fr\/guides\/wp-json\/wp\/v2\/media\/45467"}],"wp:attachment":[{"href":"https:\/\/www.mes-allocs.fr\/guides\/wp-json\/wp\/v2\/media?parent=86449"}],"wp:term":[{"taxonomy":"category","embeddable":true,"href":"https:\/\/www.mes-allocs.fr\/guides\/wp-json\/wp\/v2\/categories?post=86449"},{"taxonomy":"post_tag","embeddable":true,"href":"https:\/\/www.mes-allocs.fr\/guides\/wp-json\/wp\/v2\/tags?post=86449"}],"curies":[{"name":"wp","href":"https:\/\/api.w.org\/{rel}","templated":true}]}}