{"id":86302,"date":"2024-11-28T19:06:49","date_gmt":"2024-11-28T17:06:49","guid":{"rendered":"https:\/\/www.mes-allocs.fr\/guides\/?p=86302"},"modified":"2026-04-22T10:50:50","modified_gmt":"2026-04-22T09:50:50","slug":"cheques-vacances-perimes","status":"publish","type":"post","link":"https:\/\/www.mes-allocs.fr\/guides\/aide-vacances\/cheque-vacances\/cheques-vacances-perimes\/","title":{"rendered":"Ch\u00e8ques-vacances p\u00e9rim\u00e9s en 2026 : comment les \u00e9changer ?"},"content":{"rendered":"<p><img loading=\"lazy\" decoding=\"async\" class=\"alignnone wp-image-26159 size-full\" title=\"cheques vacances perimes\" src=\"https:\/\/www.mes-allocs.fr\/guides\/wp-content\/uploads\/2021\/05\/pexels-vladimir-kudinov-67384-e1771920907881.jpg\" alt=\"cheques vacances perimes\" width=\"1280\" height=\"300\" srcset=\"https:\/\/www.mes-allocs.fr\/guides\/wp-content\/uploads\/2021\/05\/pexels-vladimir-kudinov-67384-e1771920907881.jpg 1280w, https:\/\/www.mes-allocs.fr\/guides\/wp-content\/uploads\/2021\/05\/pexels-vladimir-kudinov-67384-e1771920907881-300x70.jpg 300w, https:\/\/www.mes-allocs.fr\/guides\/wp-content\/uploads\/2021\/05\/pexels-vladimir-kudinov-67384-e1771920907881-1024x240.jpg 1024w, https:\/\/www.mes-allocs.fr\/guides\/wp-content\/uploads\/2021\/05\/pexels-vladimir-kudinov-67384-e1771920907881-768x180.jpg 768w, https:\/\/www.mes-allocs.fr\/guides\/wp-content\/uploads\/2021\/05\/pexels-vladimir-kudinov-67384-e1771920907881-600x141.jpg 600w\" sizes=\"auto, (max-width: 1280px) 100vw, 1280px\" \/><\/p>\n<p>[Mis \u00e0 jour le 24\/02\/2026] Les <a href=\"https:\/\/www.mes-allocs.fr\/guides\/aide-vacances\/cheque-vacances\/\">ch\u00e8ques-vacances<\/a> sont une v\u00e9ritable aide pour financer vos loisirs, h\u00e9bergements, transports, et autres activit\u00e9s li\u00e9es aux vacances. Cependant, comme tout titre de paiement, ils ont une date de validit\u00e9 limit\u00e9e. Que faire si vous avez des <strong>ch\u00e8ques-vacances p\u00e9rim\u00e9s<\/strong> ? Pas de panique : l\u2019ANCV (Agence Nationale pour les Ch\u00e8ques-Vacances) offre des solutions pour ne pas les perdre. On vous explique les d\u00e9marches \u00e0 suivre pour les \u00e9changer.<\/p>\n<div class='cta-block'><div class='text'>Simulez toutes vos aides en 2 min.<\/div><a href='https:\/\/www.mes-allocs.fr\/ab-app?origin=guides\/wp-json\/wp\/v2\/posts\/86302' class='app-button fit'>Simulation gratuite<\/a><\/div>\n<h1>Ch\u00e8ques-vacances p\u00e9rim\u00e9s : jusqu&rsquo;au 31 mars 2026 pour les \u00e9changer<\/h1>\n<p>Si vous avez encore des ch\u00e8ques-vacances \u00e9mis en 2023, sachez que m\u00eame s\u2019ils ont expir\u00e9 au 31 d\u00e9cembre 2025, vous avez la possibilit\u00e9 de les \u00e9changer <strong>jusqu\u2019au 31 mars 2026<\/strong> afin d\u2019en obtenir de nouveaux valables plus longtemps. La demande doit \u00eatre faite avec un <strong>minimum de 30 \u20ac de titres<\/strong> \u00e0 \u00e9changer, et des frais d\u2019environ 10 \u20ac peuvent s\u2019appliquer pour un renouvellement au format papier (le format num\u00e9rique \u00e9tant souvent gratuit). Ils seront alors valable <strong>jusqu&rsquo;au 31 d\u00e9cembre 2028<\/strong>.<\/p>\n<p>En revanche, apr\u00e8s le 31 mars, ces ch\u00e8ques ne pourront plus \u00eatre ni \u00e9chang\u00e9s ni rembours\u00e9s, il est donc important d\u2019effectuer la d\u00e9marche avant cette date pour ne pas perdre ce droit.<\/p>\n<h1><strong>Les ch\u00e8ques-vacances ont-ils une date de p\u00e9remption ?<\/strong><\/h1>\n<h2><strong>Combien de temps les ch\u00e8ques-vacances restent-ils valables ?<\/strong><\/h2>\n<p>Les ch\u00e8ques-vacances ont une dur\u00e9e de validit\u00e9 limit\u00e9e. Ils sont utilisables pendant <strong>2 ans apr\u00e8s l\u2019ann\u00e9e d\u2019\u00e9mission<\/strong>, soit une p\u00e9riode totale de 3 ans. Par exemple, des ch\u00e8ques-vacances \u00e9mis en 2026 resteront valides jusqu\u2019au <strong>31 d\u00e9cembre 2027<\/strong>.<\/p>\n<h2><strong>Comment v\u00e9rifier la date de p\u00e9remption de vos ch\u00e8ques-vacances ?<\/strong><\/h2>\n<p>Pour v\u00e9rifier la date limite d\u2019utilisation :<\/p>\n<ul>\n<li>Consultez la date d\u2019expiration imprim\u00e9e directement sur chaque ch\u00e8que-vacances.<\/li>\n<li>Si vous utilisez les ch\u00e8ques-vacances num\u00e9riques via l\u2019application <strong>ANCV Connect<\/strong>, la validit\u00e9 est affich\u00e9e sur votre compte en ligne.<\/li>\n<\/ul>\n<h2><strong>Que se passe-t-il si vous ne pouvez pas utiliser vos ch\u00e8ques-vacances avant la date limite ?<\/strong><\/h2>\n<p>Si vous n\u2019avez pas utilis\u00e9 vos ch\u00e8ques-vacances avant leur expiration, vous disposez d\u2019un d\u00e9lai de <strong>3 mois suppl\u00e9mentaires<\/strong> (jusqu\u2019au 31 mars de l\u2019ann\u00e9e suivante) pour demander leur <strong>\u00e9change contre de nouveaux ch\u00e8ques <\/strong>aupr\u00e8s de l\u2019ANCV. Pour les ch\u00e8ques vacances p\u00e9rim\u00e9s en 2025, vous avez jusqu&rsquo;au 31 mars 2026 pour faire l&rsquo;\u00e9change.<\/p>\n<h1><strong>Est-il possible de prolonger la validit\u00e9 des ch\u00e8ques-vacances p\u00e9rim\u00e9s ?<\/strong><\/h1>\n<h2><strong>Existe-t-il une possibilit\u00e9 de prolongation pour les ch\u00e8ques-vacances arriv\u00e9s \u00e0 expiration ?<\/strong><\/h2>\n<p>Oui, l\u2019ANCV propose une proc\u00e9dure d\u2019<a href=\"https:\/\/www.mes-allocs.fr\/guides\/aide-vacances\/cheque-vacances\/echange-cheque-vacances\/\">\u00e9change de ch\u00e8ques-vacances<\/a>. Les ch\u00e8ques p\u00e9rim\u00e9s peuvent \u00eatre \u00e9chang\u00e9s dans les <strong>3 mois suivant leur expiration<\/strong> contre de nouveaux ch\u00e8ques d\u2019un montant \u00e9quivalent. Au-del\u00e0 de ce d\u00e9lai, aucune prolongation ou conversion n\u2019est possible.<\/p>\n<h2><strong>Que faire si vous avez des ch\u00e8ques-vacances p\u00e9rim\u00e9s dans un contexte particulier (ex : perte de votre emploi) ?<\/strong><\/h2>\n<p>En cas de circonstances particuli\u00e8res, telles qu\u2019une perte d\u2019emploi ou une impossibilit\u00e9 d\u2019utilisation pour des raisons exceptionnelles, il est recommand\u00e9 de <strong>contacter directement l\u2019ANCV<\/strong>. Bien que les politiques soient strictes, l\u2019organisme peut proposer des solutions ou des exceptions dans certains cas.<\/p>\n<h2><strong>Comment contacter l\u2019ANCV pour discuter de solutions alternatives en cas de ch\u00e8ques-vacances p\u00e9rim\u00e9s ?<\/strong><\/h2>\n<p>Vous pouvez joindre l\u2019ANCV via :<\/p>\n<ul>\n<li>Leur site officiel<\/li>\n<li>Leur service client t\u00e9l\u00e9phonique.<\/li>\n<li>Leur formulaire de contact en ligne pour toute demande sp\u00e9cifique li\u00e9e \u00e0 des ch\u00e8ques-vacances p\u00e9rim\u00e9s.<\/li>\n<\/ul>\n<p><iframe loading=\"lazy\" title=\"Tout savoir sur le ch\u00e8que-vacances !\" width=\"500\" height=\"281\" src=\"https:\/\/www.youtube.com\/embed\/Xk9sp0mu6OE?feature=oembed\" frameborder=\"0\" allow=\"accelerometer; autoplay; clipboard-write; encrypted-media; gyroscope; picture-in-picture; web-share\" referrerpolicy=\"strict-origin-when-cross-origin\" allowfullscreen><\/iframe><\/p>\n<h1><strong>Quelle est la proc\u00e9dure pour prolonger la validit\u00e9 des ch\u00e8ques-vacances p\u00e9rim\u00e9s ?<\/strong><\/h1>\n<p>Les ch\u00e8ques-vacances p\u00e9rim\u00e9s peuvent \u00eatre \u00e9chang\u00e9s selon une proc\u00e9dure bien d\u00e9finie :<\/p>\n<ol>\n<li><strong>D\u00e9lai d\u2019\u00e9change<\/strong> : vous avez <strong>3 mois apr\u00e8s la fin de la validit\u00e9<\/strong> pour effectuer une demande.<\/li>\n<li><strong>Demande en ligne<\/strong> : Connectez-vous sur le site ANCV et rendez-vous dans la rubrique \u00ab\u00a0\u00c9changer mes ch\u00e8ques-vacances\u00a0\u00bb.<\/li>\n<li><strong>Envoi des ch\u00e8ques p\u00e9rim\u00e9s<\/strong> : Imprimez et compl\u00e9tez le formulaire d\u2019\u00e9change, puis envoyez-le avec les ch\u00e8ques p\u00e9rim\u00e9s \u00e0 l\u2019adresse indiqu\u00e9e.<\/li>\n<li><strong>R\u00e9ception des nouveaux ch\u00e8ques<\/strong> : Les ch\u00e8ques \u00e9chang\u00e9s vous seront transmis avec une nouvelle dur\u00e9e de validit\u00e9 de 2 ans.<\/li>\n<\/ol>\n<p><strong>\u00c0 noter<\/strong> : cette proc\u00e9dure est totalement <strong>gratuite<\/strong>, mais ne concerne que les ch\u00e8ques non utilis\u00e9s.<\/p>\n<div class='cta-block'><div class='text'>Simulez toutes vos aides en 2 min.<\/div><a href='https:\/\/www.mes-allocs.fr\/ab-app?origin=guides\/wp-json\/wp\/v2\/posts\/86302' class='app-button fit'>Simulation gratuite<\/a><\/div>\n<h1>Que faire si mes ch\u00e8ques-vacances sont p\u00e9rim\u00e9s depuis plus d&rsquo;un an ?<\/h1>\n<p>Si vos ch\u00e8ques-vacances sont p\u00e9rim\u00e9s depuis plus d\u2019un an, vous ne pouvez plus les \u00e9changer ni les prolonger : ils sont d\u00e9finitivement perdus. L\u2019ANCV ne propose aucun rattrapage apr\u00e8s ce d\u00e9lai (m\u00eame en cas d\u2019oubli ou de maladie). Vos ch\u00e8ques ne peuvent plus \u00eatre utilis\u00e9s ni \u00e9chang\u00e9s contre de nouveaux.<\/p>\n<h1><strong>Comment \u00e9viter de se retrouver avec des ch\u00e8ques-vacances p\u00e9rim\u00e9s ?<\/strong><\/h1>\n<h2><strong>Convertir vos ch\u00e8ques-vacances en bons d\u2019achat ou cartes cadeaux<\/strong><\/h2>\n<p>Si vous craignez de ne pas pouvoir utiliser vos ch\u00e8ques avant leur expiration, certaines enseignes partenaires permettent de les convertir en bons d\u2019achat ou en cartes cadeaux valables plus longtemps.<\/p>\n<h2><strong>Utiliser des ch\u00e8ques-vacances pour des services encore accept\u00e9s malgr\u00e9 leur p\u00e9remption<\/strong><\/h2>\n<p>Bien que rare, certains prestataires locaux ou de proximit\u00e9 acceptent parfois des ch\u00e8ques p\u00e9rim\u00e9s pour des achats. Cela d\u00e9pend de leur politique interne et n\u00e9cessite de v\u00e9rifier aupr\u00e8s d\u2019eux.<\/p>\n<h2><strong>Faire don de vos ch\u00e8ques-vacances \u00e0 une association ou \u00e0 une personne en besoin de vacances<\/strong><\/h2>\n<p>Les ch\u00e8ques-vacances peuvent \u00eatre offerts \u00e0 des associations qui financent des projets de solidarit\u00e9 ou \u00e0 des proches qui peuvent les utiliser avant leur expiration.<\/p>\n<h1><strong>Conseils pour \u00e9viter que vos ch\u00e8ques-vacances ne p\u00e9riment<\/strong><\/h1>\n<h2><strong>Planifier l\u2019utilisation des ch\u00e8ques-vacances avant leur expiration<\/strong><\/h2>\n<p>Il est essentiel d\u2019organiser \u00e0 l\u2019avance vos d\u00e9penses pour \u00e9viter de perdre vos ch\u00e8ques. Vous vous demandez <a href=\"https:\/\/www.mes-allocs.fr\/guides\/aide-vacances\/cheque-vacances\/ou-utiliser-cheques-vacances\/\">o\u00f9 utiliser les ch\u00e8ques-vacances<\/a> ? Commencez par lister les activit\u00e9s ou services qui acceptent les ch\u00e8ques-vacances et planifiez vos paiements sur l\u2019ann\u00e9e.<\/p>\n<h2><strong>Conna\u00eetre les plateformes et services compatibles pour les utiliser rapidement<\/strong><\/h2>\n<p>Certaines plateformes en ligne, comme des sites de r\u00e9servation de voyages, de billetterie, ou de loisirs, acceptent les ch\u00e8ques-vacances. Renseignez-vous sur les services compatibles pour les utiliser efficacement.<\/p>\n<h2><strong>Suivre l\u2019actualit\u00e9 et les changements de politique li\u00e9s aux ch\u00e8ques-vacances via l\u2019ANCV<\/strong><\/h2>\n<p>L\u2019ANCV propose r\u00e9guli\u00e8rement des mises \u00e0 jour ou des promotions pour optimiser l\u2019utilisation des ch\u00e8ques-vacances. Consultez leur site officiel pour rester inform\u00e9.<\/p>\n<div class='cta-block'><div class='text'>Simulez toutes vos aides en 2 min.<\/div><a href='https:\/\/www.mes-allocs.fr\/ab-app?origin=guides\/wp-json\/wp\/v2\/posts\/86302' class='app-button fit'>Simulation gratuite<\/a><\/div>\n","protected":false},"excerpt":{"rendered":"<p>[Mis \u00e0 jour le 24\/02\/2026] Les ch\u00e8ques-vacances sont une v\u00e9ritable aide pour financer vos loisirs, h\u00e9bergements, transports, et autres activit\u00e9s li\u00e9es aux vacances. Cependant, comme tout titre de paiement, ils ont une date de validit\u00e9 limit\u00e9e. Que faire si vous avez des ch\u00e8ques-vacances p\u00e9rim\u00e9s ? Pas de panique : l\u2019ANCV (Agence Nationale pour les Ch\u00e8ques-Vacances) [&hellip;]<\/p>\n","protected":false},"author":26,"featured_media":2966,"comment_status":"open","ping_status":"open","sticky":false,"template":"","format":"standard","meta":{"amp_status":"","footnotes":""},"categories":[38652,32],"tags":[],"class_list":["post-86302","post","type-post","status-publish","format-standard","has-post-thumbnail","hentry","category-aide-vacances","category-cheque-vacances"],"yoast_head":"<!-- This site is optimized with the Yoast SEO plugin v14.9 - https:\/\/yoast.com\/wordpress\/plugins\/seo\/ -->\n<title>Ch\u00e8ques-vacances p\u00e9rim\u00e9s en 2026 : comment les \u00e9changer ?<\/title>\n<meta name=\"description\" content=\"Vos ch\u00e8ques-vacances sont p\u00e9rim\u00e9s ou vont l&#039;\u00eatre ? Pas de panique, vous pouvez les \u00e9changer. Mais attention \u00e0 la date limite en 2026 !\" \/>\n<meta name=\"robots\" content=\"index, follow, max-snippet:-1, max-image-preview:large, max-video-preview:-1\" \/>\n<link rel=\"canonical\" href=\"https:\/\/www.mes-allocs.fr\/guides\/aide-vacances\/cheque-vacances\/cheques-vacances-perimes\/\" \/>\n<meta property=\"og:locale\" content=\"fr_FR\" \/>\n<meta property=\"og:type\" content=\"article\" \/>\n<meta property=\"og:title\" content=\"Ch\u00e8ques-vacances p\u00e9rim\u00e9s en 2026 : comment les \u00e9changer ?\" \/>\n<meta property=\"og:description\" content=\"Vos ch\u00e8ques-vacances sont p\u00e9rim\u00e9s ou vont l&#039;\u00eatre ? Pas de panique, vous pouvez les \u00e9changer. Mais attention \u00e0 la date limite en 2026 !\" \/>\n<meta property=\"og:url\" content=\"https:\/\/www.mes-allocs.fr\/guides\/aide-vacances\/cheque-vacances\/cheques-vacances-perimes\/\" \/>\n<meta property=\"og:site_name\" content=\"Mes-Allocs.fr\" \/>\n<meta property=\"article:published_time\" content=\"2024-11-28T17:06:49+00:00\" \/>\n<meta property=\"article:modified_time\" content=\"2026-04-22T09:50:50+00:00\" \/>\n<meta property=\"og:image\" content=\"https:\/\/www.mes-allocs.fr\/guides\/wp-content\/uploads\/2019\/12\/conditions-cheque-vacances.jpg?wsr\" \/>\n\t<meta property=\"og:image:width\" content=\"1024\" \/>\n\t<meta property=\"og:image:height\" content=\"681\" \/>\n<meta name=\"twitter:card\" content=\"summary_large_image\" \/>\n<script type=\"application\/ld+json\" class=\"yoast-schema-graph\">{\"@context\":\"https:\/\/schema.org\",\"@graph\":[{\"@type\":\"WebSite\",\"@id\":\"https:\/\/www.mes-allocs.fr\/guides\/#website\",\"url\":\"https:\/\/www.mes-allocs.fr\/guides\/\",\"name\":\"Mes-Allocs.fr\",\"description\":\"\",\"potentialAction\":[{\"@type\":\"SearchAction\",\"target\":\"https:\/\/www.mes-allocs.fr\/guides\/?s={search_term_string}\",\"query-input\":\"required name=search_term_string\"}],\"inLanguage\":\"fr-FR\"},{\"@type\":\"ImageObject\",\"@id\":\"https:\/\/www.mes-allocs.fr\/guides\/aide-vacances\/cheque-vacances\/cheques-vacances-perimes\/#primaryimage\",\"inLanguage\":\"fr-FR\",\"url\":\"https:\/\/www.mes-allocs.fr\/guides\/wp-content\/uploads\/2019\/12\/conditions-cheque-vacances.jpg?wsr\",\"width\":1024,\"height\":681,\"caption\":\"cheques vacances perimes\"},{\"@type\":\"WebPage\",\"@id\":\"https:\/\/www.mes-allocs.fr\/guides\/aide-vacances\/cheque-vacances\/cheques-vacances-perimes\/#webpage\",\"url\":\"https:\/\/www.mes-allocs.fr\/guides\/aide-vacances\/cheque-vacances\/cheques-vacances-perimes\/\",\"name\":\"Ch\\u00e8ques-vacances p\\u00e9rim\\u00e9s en 2026 : comment les \\u00e9changer ?\",\"isPartOf\":{\"@id\":\"https:\/\/www.mes-allocs.fr\/guides\/#website\"},\"primaryImageOfPage\":{\"@id\":\"https:\/\/www.mes-allocs.fr\/guides\/aide-vacances\/cheque-vacances\/cheques-vacances-perimes\/#primaryimage\"},\"datePublished\":\"2024-11-28T17:06:49+00:00\",\"dateModified\":\"2026-04-22T09:50:50+00:00\",\"author\":{\"@id\":\"https:\/\/www.mes-allocs.fr\/guides\/#\/schema\/person\/9c38f3be41a0ddcd1e3fde5a3df713bf\"},\"description\":\"Vos ch\\u00e8ques-vacances sont p\\u00e9rim\\u00e9s ou vont l'\\u00eatre ? Pas de panique, vous pouvez les \\u00e9changer. Mais attention \\u00e0 la date limite en 2026 !\",\"inLanguage\":\"fr-FR\"},{\"@type\":\"Person\",\"@id\":\"https:\/\/www.mes-allocs.fr\/guides\/#\/schema\/person\/9c38f3be41a0ddcd1e3fde5a3df713bf\",\"name\":\"Sessime Ananou\",\"image\":{\"@type\":\"ImageObject\",\"@id\":\"https:\/\/www.mes-allocs.fr\/guides\/#personlogo\",\"inLanguage\":\"fr-FR\",\"url\":\"https:\/\/www.mes-allocs.fr\/guides\/wp-content\/uploads\/2023\/08\/IMG_8173-150x150.jpg\",\"caption\":\"Sessime Ananou\"},\"description\":\"Sessime est r\\u00e9dactrice chez Mes Allocs, sp\\u00e9cialis\\u00e9e sur le pouvoir d'achat. Elle rejoint l'\\u00e9quipe Mes Allocs en ao\\u00fbt 2023 afin de simplifier l'acc\\u00e8s \\u00e0 l'information sur les aides en g\\u00e9n\\u00e9ral.\"}]}<\/script>\n<!-- \/ Yoast SEO plugin. -->","amp_validity":null,"acf":{"faq":{"1":{"question":"Les ch\u00e8ques-vacances ont-ils une date de p\u00e9remption ?","answer":"Oui, les ch\u00e8ques-vacances ont une dur\u00e9e de validit\u00e9 de 2 ans apr\u00e8s leur ann\u00e9e d\u2019\u00e9mission. Par exemple, un ch\u00e8que \u00e9mis en janvier 2025 sera valable jusqu\u2019au 31 d\u00e9cembre 2027. Pass\u00e9e cette date, ils ne sont plus utilisables aupr\u00e8s des prestataires."},"2":{"question":"Peut-on \u00e9changer des ch\u00e8ques-vacances p\u00e9rim\u00e9s ?","answer":"Oui, il est possible d\u2019\u00e9changer vos ch\u00e8ques-vacances p\u00e9rim\u00e9s, mais uniquement dans certaines conditions. L\u2019ANCV vous permet d\u2019\u00e9changer les ch\u00e8ques non utilis\u00e9s contre de nouveaux ch\u00e8ques-vacances, \u00e0 condition que la demande soit faite dans les trois mois suivant leur expiration. Pass\u00e9 ce d\u00e9lai, l\u2019\u00e9change n\u2019est plus possible.\r\n"},"3":{"question":"Comment demander l\u2019\u00e9change des ch\u00e8ques-vacances p\u00e9rim\u00e9s ?","answer":"Pour demander un \u00e9change, voici les \u00e9tapes \u00e0 suivre :\r\n\r\nRendez-vous sur le site officiel de l\u2019ANCV (cheque-vacances.com).\r\nAcc\u00e9dez \u00e0 la section d\u00e9di\u00e9e \u00e0 l\u2019\u00e9change de ch\u00e8ques-vacances.\r\nRemplissez le formulaire en ligne et suivez les instructions pour envoyer vos ch\u00e8ques p\u00e9rim\u00e9s.\r\nAttendez la r\u00e9ception de vos nouveaux ch\u00e8ques, qui seront valables pour une nouvelle p\u00e9riode de 2 ans.\r\n"},"4":{"question":"Y a-t-il des frais pour \u00e9changer des ch\u00e8ques-vacances p\u00e9rim\u00e9s ?","answer":"Non, l\u2019\u00e9change des ch\u00e8ques-vacances p\u00e9rim\u00e9s est gratuit. Vous n\u2019avez donc rien \u00e0 payer pour recevoir vos nouveaux ch\u00e8ques.\r\n"},"5":{"question":"Quels ch\u00e8ques-vacances ne peuvent pas \u00eatre \u00e9chang\u00e9s ?","answer":"Certains ch\u00e8ques ne sont pas \u00e9ligibles \u00e0 l\u2019\u00e9change, notamment :\r\n\r\nLes ch\u00e8ques dont la demande d\u2019\u00e9change est faite plus de 3 mois apr\u00e8s leur expiration.\r\nLes ch\u00e8ques partiellement utilis\u00e9s.\r\nLes ch\u00e8ques-vacances num\u00e9riques (ANCV Connect), qui ne sont pas concern\u00e9s par cette proc\u00e9dure."},"6":{"question":" Que faire si vous ne pouvez pas \u00e9changer vos ch\u00e8ques-vacances p\u00e9rim\u00e9s ?","answer":"Si vos ch\u00e8ques ne sont pas \u00e9ligibles \u00e0 l\u2019\u00e9change, voici quelques options \u00e0 envisager :\r\n\r\nContactez directement l\u2019ANCV pour conna\u00eetre les alternatives possibles.\r\nParticipez \u00e0 des campagnes solidaires : Certaines associations acceptent les ch\u00e8ques-vacances inutilisables pour financer des projets sociaux.\r\nUtilisez-les pour des partenaires encore flexibles : Bien que ce ne soit pas officiel, certains prestataires pourraient accepter des ch\u00e8ques l\u00e9g\u00e8rement p\u00e9rim\u00e9s. Cela reste rare, mais cela vaut la peine de demander."},"7":{"question":"","answer":""},"8":{"question":"","answer":""},"9":{"question":"","answer":""},"10":{"question":"","answer":""},"11":{"question":"","answer":""},"12":{"question":"","answer":""},"13":{"question":"","answer":""},"14":{"question":"","answer":""},"15":{"question":"","answer":""},"16":{"question":"","answer":""}}},"_links":{"self":[{"href":"https:\/\/www.mes-allocs.fr\/guides\/wp-json\/wp\/v2\/posts\/86302","targetHints":{"allow":["GET"]}}],"collection":[{"href":"https:\/\/www.mes-allocs.fr\/guides\/wp-json\/wp\/v2\/posts"}],"about":[{"href":"https:\/\/www.mes-allocs.fr\/guides\/wp-json\/wp\/v2\/types\/post"}],"author":[{"embeddable":true,"href":"https:\/\/www.mes-allocs.fr\/guides\/wp-json\/wp\/v2\/users\/26"}],"replies":[{"embeddable":true,"href":"https:\/\/www.mes-allocs.fr\/guides\/wp-json\/wp\/v2\/comments?post=86302"}],"version-history":[{"count":11,"href":"https:\/\/www.mes-allocs.fr\/guides\/wp-json\/wp\/v2\/posts\/86302\/revisions"}],"predecessor-version":[{"id":109780,"href":"https:\/\/www.mes-allocs.fr\/guides\/wp-json\/wp\/v2\/posts\/86302\/revisions\/109780"}],"wp:featuredmedia":[{"embeddable":true,"href":"https:\/\/www.mes-allocs.fr\/guides\/wp-json\/wp\/v2\/media\/2966"}],"wp:attachment":[{"href":"https:\/\/www.mes-allocs.fr\/guides\/wp-json\/wp\/v2\/media?parent=86302"}],"wp:term":[{"taxonomy":"category","embeddable":true,"href":"https:\/\/www.mes-allocs.fr\/guides\/wp-json\/wp\/v2\/categories?post=86302"},{"taxonomy":"post_tag","embeddable":true,"href":"https:\/\/www.mes-allocs.fr\/guides\/wp-json\/wp\/v2\/tags?post=86302"}],"curies":[{"name":"wp","href":"https:\/\/api.w.org\/{rel}","templated":true}]}}