{"id":8623,"date":"2020-06-25T12:32:00","date_gmt":"2020-06-25T12:32:00","guid":{"rendered":"https:\/\/www.mes-allocs.fr\/guides\/?p=8623"},"modified":"2026-03-18T11:19:13","modified_gmt":"2026-03-18T10:19:13","slug":"apl-etudiant-etranger","status":"publish","type":"post","link":"https:\/\/www.mes-allocs.fr\/guides\/aide-etranger\/aides-au-logement-etranger\/apl-etranger\/apl-etudiant-etranger\/","title":{"rendered":"APL \u00e9tudiant \u00e9tranger 2026 : conditions, montant, d\u00e9marches\u00a0"},"content":{"rendered":"<p><a href=\"https:\/\/www.mes-allocs.fr\/guides\/wp-content\/uploads\/2020\/06\/library-1400313_1920-e1592984547953.jpg\"><img loading=\"lazy\" decoding=\"async\" class=\"aligncenter wp-image-8654 size-full\" src=\"https:\/\/www.mes-allocs.fr\/guides\/wp-content\/uploads\/2020\/06\/library-1400313_1920-e1685971357858.jpg\" alt=\"APL \u00e9tudiant \u00e9tranger\" width=\"1920\" height=\"451\" \/><\/a><\/p>\n<p>[Mis \u00e0 jour le 18\/03\/2026] Vous \u00eates \u00e9tudiant \u00e9tranger et vous souhaitez vous installer en France ? En 2026, l\u2019attribution de l\u2019<a href=\"https:\/\/www.mes-allocs.fr\/guides\/aide-etranger\/aides-au-logement-etranger\/apl-etranger\/\">APL pour un \u00e9tranger<\/a> est possible, mais sous certaines conditions. Alors, pouvez-vous b\u00e9n\u00e9ficier de l\u2019<b>APL en tant qu\u2019\u00e9tudiant \u00e9tranger<\/b> ? Qu\u2019est-ce qui change au 1er juillet 2026 ? Explications.<\/p>\n<div class='cta-block'><div class='text'>Simuler mes APL et toutes mes aides<\/div><a href='https:\/\/www.mes-allocs.fr\/ab-app?origin=guides\/wp-json\/wp\/v2\/posts\/8623' class='app-button fit'>Simulation gratuite<\/a><\/div>\n<h1>Nouveaut\u00e9 2026 : fin des APL pour les \u00e9tudiants \u00e9trangers<\/h1>\n<h2>Qui est concern\u00e9 par la suppression des APL ?<\/h2>\n<p><b>A partir du 1er juillet 2026<\/b>, les \u00e9tudiants \u00e9trangers qui ne sont pas originaires de l\u2019Union europ\u00e9enne, de l\u2019Espace \u00e9conomique europ\u00e9en (EEE) et de la Suisse et qui n\u2019ont pas de bourse sur crit\u00e8res sociaux (bourse CROUS), ne pourront plus b\u00e9n\u00e9ficier des APL.<\/p>\n<p>Si vous \u00eates un \u00e9tudiant \u00e9tranger non boursier d\u00e9j\u00e0 install\u00e9 en France et que vous percevez d\u00e9j\u00e0 les APL, il est possible que ce droit vous soit retir\u00e9 \u00e0 partir du 1er juillet 2026.<\/p>\n<h2>\u00c0 partir de quand la suppression s\u2019applique-t-elle ?<\/h2>\n<p>La suppression des APL pour les \u00e9tudiants \u00e9trangers originaires hors UE, EEE et Suisse et n\u2019ayant pas de bourses sur crit\u00e8res sociaux, sera effective <b>d\u00e8s le 1er juillet 2026<\/b>. Le Gouvernement pr\u00e9cisera dans les mois \u00e0 venir, les nouvelles conditions d\u2019acc\u00e8s aux APL pour les \u00e9tudiants \u00e9trangers. Il est conseill\u00e9 de mettre \u00e0 jour votre situation sur votre espace personnel CAF pour anticiper tout changement de montant ou l\u2019arr\u00eat de vos versements d\u2019allocations.<\/p>\n<div class='shortcode read-more'><div class='title'>En savoir plus<\/div><div class='content'>Si vous n&rsquo;\u00eates plus \u00e9ligible \u00e0 l&rsquo;APL, vous pouvez b\u00e9n\u00e9ficiez d&rsquo;autres dispositifs comme l&rsquo;ALS. <\/div><\/div>\n<h1>Un \u00e9tudiant \u00e9tranger peut-il demander l\u2019APL en 2026 ?<\/h1>\n<h2>Les \u00e9tudiants boursiers venant de l\u2019UE<\/h2>\n<p>Vous pouvez demander l\u2019obtention des APL si vous \u00eates <b>\u00e9tudiant boursier<\/b> et que vous \u00eates originaire de la Suisse, d\u2019un pays <b>membre de l&rsquo;Union Europ\u00e9enne<\/b> ou de l&rsquo;Espace \u00c9conomique Europ\u00e9en (EEE). Vous n&rsquo;\u00eates pas concern\u00e9 par la r\u00e9forme du 1er juillet 2026 car vous \u00eates boursier et venez de l\u2019UE. Cette r\u00e9forme visant \u00e0 supprimer les APL pour les \u00e9tudiants \u00e9trangers non-boursiers venant de zones en-dehors de l\u2019UE, de l\u2019EEE et de la Suisse, sera appliqu\u00e9e d\u00e8s le 1er juillet 2026.<\/p>\n<h2>Les \u00e9tudiants non boursiers venant de l\u2019UE<\/h2>\n<p>M\u00eame sans bourse sur crit\u00e8res sociaux, vous pouvez demander \u00e0 b\u00e9n\u00e9ficier des APL. Si vous \u00eates originaire de la Suisse, <b>d\u2019un pays membre de l\u2019UE<\/b> ou de l<b>\u2019EEE <\/b>mais que vous n\u2019\u00eates pas boursier, vous pouvez faire une demande d\u2019APL. Vous n\u2019\u00eates pas concern\u00e9 par la suppression des APL pour les \u00e9tudiants \u00e9trangers n\u2019\u00e9tant pas originaires de Suisse, de l\u2019UE ou de l\u2019EEE. Cette mesure sera appliqu\u00e9e <b>d\u00e8s le 1er juillet 2026<\/b>.<\/p>\n<h2>Les \u00e9tudiants boursiers hors UE<\/h2>\n<p>Si vous n\u2019\u00eates pas originaire de la Suisse ou d\u2019un pays faisant partie de l\u2019UE ou de l\u2019EEE mais que vous \u00eates boursier, <b>vous restez \u00e9ligible aux APL<\/b>, quelle que soit votre nationalit\u00e9. Vous n\u2019\u00eates donc pas concern\u00e9 par la suppression des APL car vous \u00eates boursier et que la r\u00e9forme du Gouvernement ne concerne que les \u00e9tudiants \u00e9trangers non-boursiers et originaires hors Suisse, UE et EEE.<\/p>\n<h2>Les \u00e9tudiants non boursiers hors UE<\/h2>\n<p>Vous ne pourrez plus b\u00e9n\u00e9ficier des APL \u00e0 partir du 1er juillet 2026, si vous ne venez pas de Suisse ou d\u2019un pays de l\u2019UE ou de l\u2019EEE et que vous n\u2019\u00eates pas boursier sur crit\u00e8res sociaux (bourse CROUS). Vous pouvez en revanche simuler vos droits \u00e0 une autre aide logement (ALS, Mobili-jeune) pour savoir si vous pouvez en b\u00e9n\u00e9ficiez.<\/p>\n<div class='cta-block'><div class='text'>Simuler mes APL et toutes mes aides<\/div><a href='https:\/\/www.mes-allocs.fr\/ab-app?origin=guides\/wp-json\/wp\/v2\/posts\/8623' class='app-button fit'>Simulation gratuite<\/a><\/div>\n<p><iframe loading=\"lazy\" title=\"L&#039;APL\" width=\"500\" height=\"281\" src=\"https:\/\/www.youtube.com\/embed\/dfDRI2qg_z4?feature=oembed\" frameborder=\"0\" allow=\"accelerometer; autoplay; clipboard-write; encrypted-media; gyroscope; picture-in-picture; web-share\" referrerpolicy=\"strict-origin-when-cross-origin\" allowfullscreen><\/iframe><\/p>\n<h1>APL \u00e9tudiant \u00e9tranger : quelles conditions remplir ?<\/h1>\n<p>Si vous souhaitez faire une demande d\u2019APL, vous devez respecter de<b> nouvelles conditions en 2026<\/b> :<\/p>\n<ul>\n<li aria-level=\"1\">\u00catre <b>\u00e9tudiant boursier<\/b> OU <b>non-boursier <\/b>mais venant de l\u2019UE, de l\u2019EEE ou de Suisse,<\/li>\n<li aria-level=\"1\">Vivre dans un logement <b>conventionn\u00e9<\/b>,<\/li>\n<li aria-level=\"1\">Avoir un bail \u00e0 votre nom,<\/li>\n<li aria-level=\"1\">Votre logement doit respecter l<b>es normes de d\u00e9cence<\/b> (environ 9 m\u00b2 minimum pour une personne seule, \u00e9quipements de base, etc.),<br \/>\nVotre logement ne doit pas appartenir \u00e0 un membre proche de votre famille,<\/li>\n<li aria-level=\"1\">Ne pas recevoir d\u2019autres aides au logement <b>(ALS ou ALF)<\/b>,<\/li>\n<li aria-level=\"1\">Vous devez respecter des plafonds de revenus,<b> 5 400\u20ac<\/b> par an si vous \u00eates en r\u00e9sidence CROUS ou<b> 6 900\u20ac <\/b>par an si vous habitez un logement classique.<\/li>\n<\/ul>\n<h1>Comment savoir si votre logement est \u00e9ligible ?<\/h1>\n<h2>Comment savoir si votre logement est conventionn\u00e9 ?<\/h2>\n<p>L\u2019APL ne peut vous \u00eatre vers\u00e9e que si<b> votre logement est conventionn\u00e9<\/b>. C\u2019est-\u00e0-dire que le propri\u00e9taire de votre logement et l\u2019\u00c9tat ont sign\u00e9 un accord.<\/p>\n<p>Renseignez vous aupr\u00e8s du bailleur pour savoir si un logement est conventionn\u00e9. C\u2019est une des informations \u00e0 demander <b>avant de signer un bail<\/b>. La plupart <b>des r\u00e9sidences universitaires du CROUS<\/b> et <b>des logements sociaux<\/b> (HLM) sont conventionn\u00e9s. Si votre logement rel\u00e8ve du parc priv\u00e9, consultez <b>votre attestation de loyer<\/b> ou <b>votre contrat de location<\/b> (fourni par votre bailleur).<\/p>\n<h2>Que faire si votre logement n\u2019est pas conventionn\u00e9 ?<\/h2>\n<p>Si votre logement n\u2019est pas conventionn\u00e9, vous ne pouvez pas obtenir les APL, mais vous pouvez en revanche b\u00e9n\u00e9ficier de <b>l\u2019ALS<\/b> (Allocation de Logement Sociale), sous conditions. Votre logement doit simplement r\u00e9pondre <b>aux normes de d\u00e9cence<\/b> (surface minimale de 9m\u00b2 pour une personne seule).<\/p>\n<h1>APL \u00e9tudiant \u00e9tranger montant : combien pouvez-vous toucher ?<\/h1>\n<p>Le montant de l&rsquo;APL pour un \u00e9tudiant \u00e9tranger varie en fonction de <b>vos ressources<\/b>, de la <b>composition de votre foyer<\/b> et de votre lieu de logement :<\/p>\n<ul>\n<li><b>Vos ressources des 12 derniers mois <\/b>sont prises en compte pour le calcul de vos APL.<\/li>\n<li aria-level=\"1\"><b>La composition de votre foyer, si vous avez un ou plusieurs enfants ou si vous avez des personnes \u00e0 charge,\u00a0<\/b><\/li>\n<li aria-level=\"1\"><b>La zone g\u00e9ographique<\/b> est aussi est des \u00e9l\u00e9ments sur lequel repose le montant de l\u2019APL. La France est d\u00e9coup\u00e9e en trois zones (Zone 1 pour Paris et l&rsquo;\u00cele-de-France, Zone 2 pour les grandes agglom\u00e9rations, Zone 3 pour le reste du territoire).<\/li>\n<\/ul>\n\n<div class=\"wpdt-c row wpDataTableContainerSimpleTable wpDataTables wpDataTablesWrapper\n wdtscroll\"\n    >\n    <table id=\"wpdtSimpleTable-810\"\n           class=\"wpdtSimpleTable wpDataTable\"\n           data-column=\"4\"\n           data-rows=\"4\"\n           data-wpID=\"810\"\n           data-responsive=\"0\"\n           data-has-header=\"0\">\n\n                    <tbody>        <tr class=\"wpdt-cell-row \" >\n                            <td class=\"wpdt-cell wpdt-bold wpdt-bc-F3F9FE\"\n                                    data-cell-id=\"A1\"\n                data-col-index=\"0\"\n                data-row-index=\"0\"\n                style=\" width:100px;                padding:10px;\"\n                >\n                                Profil Etudiant                <\/td>\n                                            <td class=\"wpdt-cell wpdt-bold wpdt-bc-F3F9FE\"\n                                    data-cell-id=\"B1\"\n                data-col-index=\"1\"\n                data-row-index=\"0\"\n                style=\" width:100px;                padding:10px;\"\n                >\n                                Ville (Zone)                <\/td>\n                                            <td class=\"wpdt-cell wpdt-bold wpdt-bc-F3F9FE\"\n                                    data-cell-id=\"C1\"\n                data-col-index=\"2\"\n                data-row-index=\"0\"\n                style=\" width:100px;                padding:10px;\"\n                >\n                                Loyer moyen                <\/td>\n                                            <td class=\"wpdt-cell wpdt-bold wpdt-bc-F3F9FE\"\n                                    data-cell-id=\"D1\"\n                data-col-index=\"3\"\n                data-row-index=\"0\"\n                style=\" width:100px;                padding:10px;\"\n                >\n                                Estimation APL 2026                <\/td>\n                                        <\/tr>\n                            <tr class=\"wpdt-cell-row \" >\n                            <td class=\"wpdt-cell \"\n                                    data-cell-id=\"A2\"\n                data-col-index=\"0\"\n                data-row-index=\"1\"\n                style=\"                padding:10px;\"\n                >\n                                Boursier (\u00e9chelon 4)                <\/td>\n                                            <td class=\"wpdt-cell \"\n                                    data-cell-id=\"B2\"\n                data-col-index=\"1\"\n                data-row-index=\"1\"\n                style=\"                padding:10px;\"\n                >\n                                Lyon (Zone 2)                <\/td>\n                                            <td class=\"wpdt-cell \"\n                                    data-cell-id=\"C2\"\n                data-col-index=\"2\"\n                data-row-index=\"1\"\n                style=\"                padding:10px;\"\n                >\n                                450 \u20ac                <\/td>\n                                            <td class=\"wpdt-cell \"\n                                    data-cell-id=\"D2\"\n                data-col-index=\"3\"\n                data-row-index=\"1\"\n                style=\"                padding:10px;\"\n                >\n                                220 \u20ac                <\/td>\n                                        <\/tr>\n                            <tr class=\"wpdt-cell-row \" >\n                            <td class=\"wpdt-cell \"\n                                    data-cell-id=\"A3\"\n                data-col-index=\"0\"\n                data-row-index=\"2\"\n                style=\"                padding:10px;\"\n                >\n                                Non boursier                <\/td>\n                                            <td class=\"wpdt-cell \"\n                                    data-cell-id=\"B3\"\n                data-col-index=\"1\"\n                data-row-index=\"2\"\n                style=\"                padding:10px;\"\n                >\n                                Paris (Zone 1)                <\/td>\n                                            <td class=\"wpdt-cell \"\n                                    data-cell-id=\"C3\"\n                data-col-index=\"2\"\n                data-row-index=\"2\"\n                style=\"                padding:10px;\"\n                >\n                                800 \u20ac                <\/td>\n                                            <td class=\"wpdt-cell \"\n                                    data-cell-id=\"D3\"\n                data-col-index=\"3\"\n                data-row-index=\"2\"\n                style=\"                padding:10px;\"\n                >\n                                210\u20ac                <\/td>\n                                        <\/tr>\n                            <tr class=\"wpdt-cell-row \" >\n                            <td class=\"wpdt-cell \"\n                                    data-cell-id=\"A4\"\n                data-col-index=\"0\"\n                data-row-index=\"3\"\n                style=\"                padding:10px;\"\n                >\n                                En colocation                <\/td>\n                                            <td class=\"wpdt-cell \"\n                                    data-cell-id=\"B4\"\n                data-col-index=\"1\"\n                data-row-index=\"3\"\n                style=\"                padding:10px;\"\n                >\n                                Bordeaux (Zone 2)                <\/td>\n                                            <td class=\"wpdt-cell \"\n                                    data-cell-id=\"C4\"\n                data-col-index=\"2\"\n                data-row-index=\"3\"\n                style=\"                padding:10px;\"\n                >\n                                400 \u20ac                <\/td>\n                                            <td class=\"wpdt-cell \"\n                                    data-cell-id=\"D4\"\n                data-col-index=\"3\"\n                data-row-index=\"3\"\n                style=\"                padding:10px;\"\n                >\n                                160\u20ac                <\/td>\n                                        <\/tr>\n                    <\/table>\n<\/div><style id='wpdt-custom-style-810'>\n.wpdt-bc-F3F9FE { background-color: #F3F9FE !important;}\n<\/style>\n\n<div class='shortcode important'><div class='title'>Important<\/div><div class='content'>Le calcul de la CAF applique un forfait \u00e9tudiant. Si vos revenus sont faibles ou nuls, c&rsquo;est ce forfait qui sert de base. <\/div><\/div>\n<h1>Faire sa demande d\u2019APL comme \u00e9tudiant \u00e9tranger<\/h1>\n<h2>Comment demander l\u2019APL en 2026 ?<\/h2>\n<p>Vous pouvez faire votre demande d\u2019APL<b> sur le site<\/b> ou <b>l\u2019application mobile de la CAF<\/b>. Si vous n\u2019\u00eates pas encore en possession de votre titre de s\u00e9jour, vous pouvez faire votre demande d\u2019aide avec <b>le r\u00e9cipiss\u00e9 de demande de votre titre de s\u00e9jour<\/b>.<\/p>\n<p>Il est conseill\u00e9 de faire votre demande d\u2019APL au plus t\u00f4t, d\u00e8s votre entr\u00e9e dans le logement, car l\u2019APL n\u2019est pas <b>r\u00e9troactive<\/b>. C\u2019est-\u00e0-dire que tout mois oubli\u00e9 est perdu.<\/p>\n<h2>APL \u00e9tudiant \u00e9tranger : les \u00e9l\u00e9ments \u00e0 fournir<\/h2>\n<p>Pour constituer votre dossier d\u2019APL en tant qu\u2019\u00e9tudiant \u00e9tranger, pr\u00e9parez les documents et informations suivants :<\/p>\n<ul>\n<li aria-level=\"1\">Une copie de votre passeport et de votre titre de s\u00e9jour (ou visa VLS-TS valid\u00e9),<\/li>\n<li aria-level=\"1\">Votre carte vitale (ou une attestation de droit),<\/li>\n<li aria-level=\"1\">Votre bail ou une attestation de loyer remplie et sign\u00e9e par votre propri\u00e9taire,<\/li>\n<li aria-level=\"1\">Un Relev\u00e9 d&rsquo;Identit\u00e9 Bancaire (RIB) d&rsquo;un compte ouvert en France,<\/li>\n<li aria-level=\"1\">Votre justificatif de scolarit\u00e9 pour l&rsquo;ann\u00e9e 2025-2026,<\/li>\n<li aria-level=\"1\">Vos ressources des 12 derniers mois.<\/li>\n<\/ul>\n<div class='shortcode check'><div class='content'>Assurez-vous que le nom sur votre contrat de bail est identique \u00e0 celui sur votre pi\u00e8ce d&rsquo;identit\u00e9 pour \u00e9viter tout blocage administratif.<\/div><\/div>\n<h1>Quel d\u00e9lai pour recevoir l\u2019APL ?<\/h1>\n<p>Le d\u00e9lai de traitement varie selon les d\u00e9partements, mais comptez en moyenne entre 4 et 8 semaines pour une premi\u00e8re demande d&rsquo;<b>APL si vous \u00eates \u00e9tudiant \u00e9tranger<\/b>. Si vous entrez dans votre logement le 1er avril 2026 et faites votre demande imm\u00e9diatement, vos droits seront ouverts en mai et le premier versement interviendra d\u00e9but juin.<\/p>\n<div class='shortcode summary'><div class='title'>En r\u00e9sum\u00e9 :<\/div><div class='content'><ul><li> Si vous \u00eates \u00e9tudiant \u00e9tranger, votre \u00e9gibilit\u00e9 \u00e0 l\u2019APL d\u00e9pend de <b>votre statut de boursier<\/b> et si vous \u00eates originaire d\u2019un pays de l\u2019UE, de l\u2019EEE ou de la Suisse.<\/li><li>Les \u00e9tudiants \u00e9trangers non boursiers et originaires d\u2019un pays non membre de l\u2019UE, de l\u2019Espace Economique Europ\u00e9en et de la Suisse ne pourront plus b\u00e9n\u00e9ficier de l\u2019APL <b>d\u00e8s le 1er juillet 2026<\/b>.<\/li><li>Votre logement doit \u00eatre <b>conventionn\u00e9<\/b> pour b\u00e9n\u00e9ficier de l&rsquo;APL.<\/li><li>La demande d\u2019APL se fait <b>en ligne<\/b> d\u00e8s l&rsquo;entr\u00e9e dans les lieux.<\/li><li>Les montants de l\u2019APL varient selon la <b>zone g\u00e9ographique<\/b>, le loyer pay\u00e9 et votre composition familiale.<\/li><\/ul><\/div><\/div>\n<div class='cta-block'><div class='text'>Simuler mes APL et toutes mes aides<\/div><a href='https:\/\/www.mes-allocs.fr\/ab-app?origin=guides\/wp-json\/wp\/v2\/posts\/8623' class='app-button fit'>Simulation gratuite<\/a><\/div>\n","protected":false},"excerpt":{"rendered":"<p>[Mis \u00e0 jour le 18\/03\/2026] Vous \u00eates \u00e9tudiant \u00e9tranger et vous souhaitez vous installer en France ? En 2026, l\u2019attribution de l\u2019APL pour un \u00e9tranger est possible, mais sous certaines conditions. Alors, pouvez-vous b\u00e9n\u00e9ficier de l\u2019APL en tant qu\u2019\u00e9tudiant \u00e9tranger ? Qu\u2019est-ce qui change au 1er juillet 2026 ? Explications. Nouveaut\u00e9 2026 : fin des [&hellip;]<\/p>\n","protected":false},"author":10,"featured_media":8654,"comment_status":"open","ping_status":"open","sticky":false,"template":"","format":"standard","meta":{"amp_status":"","footnotes":""},"categories":[40871,41089,44520],"tags":[],"class_list":["post-8623","post","type-post","status-publish","format-standard","has-post-thumbnail","hentry","category-aide-etranger","category-aides-au-logement-etranger","category-apl-etranger"],"yoast_head":"<!-- This site is optimized with the Yoast SEO plugin v14.9 - https:\/\/yoast.com\/wordpress\/plugins\/seo\/ -->\n<title>APL \u00e9tudiant \u00e9tranger 2026 : conditions, montant, d\u00e9marches\u00a0<\/title>\n<meta name=\"description\" content=\"Si vous \u00eates \u00e9tudiant \u00e9tranger et que vous n&#039;avez pas la bourse, il est possible que vous n&#039;ayez plus les APL en 2026. On vous explique.\" \/>\n<meta name=\"robots\" content=\"index, follow, max-snippet:-1, max-image-preview:large, max-video-preview:-1\" \/>\n<link rel=\"canonical\" href=\"https:\/\/www.mes-allocs.fr\/guides\/aide-etranger\/aides-au-logement-etranger\/apl-etranger\/apl-etudiant-etranger\/\" \/>\n<meta property=\"og:locale\" content=\"fr_FR\" \/>\n<meta property=\"og:type\" content=\"article\" \/>\n<meta property=\"og:title\" content=\"APL \u00e9tudiant \u00e9tranger 2026 : conditions, montant, d\u00e9marches\u00a0\" \/>\n<meta property=\"og:description\" content=\"Si vous \u00eates \u00e9tudiant \u00e9tranger et que vous n&#039;avez pas la bourse, il est possible que vous n&#039;ayez plus les APL en 2026. On vous explique.\" \/>\n<meta property=\"og:url\" content=\"https:\/\/www.mes-allocs.fr\/guides\/aide-etranger\/aides-au-logement-etranger\/apl-etranger\/apl-etudiant-etranger\/\" \/>\n<meta property=\"og:site_name\" content=\"Mes-Allocs.fr\" \/>\n<meta property=\"article:published_time\" content=\"2020-06-25T12:32:00+00:00\" \/>\n<meta property=\"article:modified_time\" content=\"2026-03-18T10:19:13+00:00\" \/>\n<meta property=\"og:image\" content=\"https:\/\/www.mes-allocs.fr\/guides\/wp-content\/uploads\/2020\/06\/library-1400313_1920.jpg?wsr\" \/>\n\t<meta property=\"og:image:width\" content=\"1920\" \/>\n\t<meta property=\"og:image:height\" content=\"1280\" \/>\n<meta name=\"twitter:card\" content=\"summary_large_image\" \/>\n<script type=\"application\/ld+json\" class=\"yoast-schema-graph\">{\"@context\":\"https:\/\/schema.org\",\"@graph\":[{\"@type\":\"WebSite\",\"@id\":\"https:\/\/www.mes-allocs.fr\/guides\/#website\",\"url\":\"https:\/\/www.mes-allocs.fr\/guides\/\",\"name\":\"Mes-Allocs.fr\",\"description\":\"\",\"potentialAction\":[{\"@type\":\"SearchAction\",\"target\":\"https:\/\/www.mes-allocs.fr\/guides\/?s={search_term_string}\",\"query-input\":\"required name=search_term_string\"}],\"inLanguage\":\"fr-FR\"},{\"@type\":\"ImageObject\",\"@id\":\"https:\/\/www.mes-allocs.fr\/guides\/aide-etranger\/aides-au-logement-etranger\/apl-etranger\/apl-etudiant-etranger\/#primaryimage\",\"inLanguage\":\"fr-FR\",\"url\":\"https:\/\/www.mes-allocs.fr\/guides\/wp-content\/uploads\/2020\/06\/library-1400313_1920.jpg?wsr\",\"width\":1920,\"height\":1280,\"caption\":\"apl \\u00e9tranger\"},{\"@type\":\"WebPage\",\"@id\":\"https:\/\/www.mes-allocs.fr\/guides\/aide-etranger\/aides-au-logement-etranger\/apl-etranger\/apl-etudiant-etranger\/#webpage\",\"url\":\"https:\/\/www.mes-allocs.fr\/guides\/aide-etranger\/aides-au-logement-etranger\/apl-etranger\/apl-etudiant-etranger\/\",\"name\":\"APL \\u00e9tudiant \\u00e9tranger 2026 : conditions, montant, d\\u00e9marches\\u00a0\",\"isPartOf\":{\"@id\":\"https:\/\/www.mes-allocs.fr\/guides\/#website\"},\"primaryImageOfPage\":{\"@id\":\"https:\/\/www.mes-allocs.fr\/guides\/aide-etranger\/aides-au-logement-etranger\/apl-etranger\/apl-etudiant-etranger\/#primaryimage\"},\"datePublished\":\"2020-06-25T12:32:00+00:00\",\"dateModified\":\"2026-03-18T10:19:13+00:00\",\"author\":{\"@id\":\"https:\/\/www.mes-allocs.fr\/guides\/#\/schema\/person\/8d47b912c0ad15f379df96b4e4e33f58\"},\"description\":\"Si vous \\u00eates \\u00e9tudiant \\u00e9tranger et que vous n'avez pas la bourse, il est possible que vous n'ayez plus les APL en 2026. On vous explique.\",\"inLanguage\":\"fr-FR\"},{\"@type\":\"Person\",\"@id\":\"https:\/\/www.mes-allocs.fr\/guides\/#\/schema\/person\/8d47b912c0ad15f379df96b4e4e33f58\",\"name\":\"Constance de Cagny\",\"image\":{\"@type\":\"ImageObject\",\"@id\":\"https:\/\/www.mes-allocs.fr\/guides\/#personlogo\",\"inLanguage\":\"fr-FR\",\"url\":\"https:\/\/www.mes-allocs.fr\/guides\/wp-content\/uploads\/2021\/06\/Constance.2e8ee0b.png\",\"caption\":\"Constance de Cagny\"},\"description\":\"Constance est r\\u00e9dactrice au sein de l'\\u00e9quipe Mes Allocs. Elle a l'habitude d'\\u00e9crire sur les sujets conso, bons plans et \\u00e9conomies. Dipl\\u00f4m\\u00e9e de l'ENACO, elle rejoint Mes Allocs apr\\u00e8s une premi\\u00e8re exp\\u00e9rience en cabinet notarial.\",\"sameAs\":[\"https:\/\/www.linkedin.com\/in\/constance-de-cagny-mayeur-bbb414135\"]}]}<\/script>\n<!-- \/ Yoast SEO plugin. -->","amp_validity":null,"acf":{"faq":{"1":{"question":"\ud83e\udd14  Comment s'inscrire \u00e0 la CAF pour la premi\u00e8re fois ?","answer":"Pour cr\u00e9er un compte CAF vous devez faire une demande de prestation. Vous aurez un num\u00e9ro d'allocataire et serez enregistr\u00e9 dans les bases de donn\u00e9es de la CAF. "},"2":{"question":"\ud83d\udcb0 Quel document pour APL \u00e9tudiant \u00e9tranger ? ","answer":"En plus des pi\u00e8ces justificatives \u00e0 fournir vous devrez joindre une copie de votre titre de s\u00e9jour en cours de validation."},"3":{"question":"\ud83c\udfc6 Comment constituer un dossier APL ?","answer":"Vous devez remplir votre demande sur le site de la caf. D\u00e8s que votre dossier sera compl\u00e9t\u00e9 vous recevrez un mail de confirmation o\u00f9 sera mentionn\u00e9 les pi\u00e8ces justificatives \u00e0 fournir."},"4":{"question":"\ud83e\udd14  Quand faire la demande d'APL Etudiant ?","answer":"Vous devez faire votre demande d\u00e8s que votre bail est sign\u00e9, le temps que votre dossier soit trait\u00e9 il peut se passer deux mois, c'est pourquoi il est conseill\u00e9 de faire votre dossier au plus vite !"},"5":{"question":"\ud83d\ude4b Quand est vers\u00e9 l'APL pour un \u00e9tudiant \u00e9tranger ? ","answer":"Comme pour toutes personnes fran\u00e7aises percevant l'APL, les versements arrivent sur votre compte entre le 5 et le 10 du mois"},"6":{"question":"","answer":""},"7":{"question":"","answer":""},"8":{"question":"","answer":""},"9":{"question":"","answer":""},"10":{"question":"","answer":""},"11":{"question":"","answer":""},"12":{"question":"","answer":""},"13":{"question":"","answer":""},"14":{"question":"","answer":""},"15":{"question":"","answer":""},"16":{"question":"","answer":""}}},"_links":{"self":[{"href":"https:\/\/www.mes-allocs.fr\/guides\/wp-json\/wp\/v2\/posts\/8623","targetHints":{"allow":["GET"]}}],"collection":[{"href":"https:\/\/www.mes-allocs.fr\/guides\/wp-json\/wp\/v2\/posts"}],"about":[{"href":"https:\/\/www.mes-allocs.fr\/guides\/wp-json\/wp\/v2\/types\/post"}],"author":[{"embeddable":true,"href":"https:\/\/www.mes-allocs.fr\/guides\/wp-json\/wp\/v2\/users\/10"}],"replies":[{"embeddable":true,"href":"https:\/\/www.mes-allocs.fr\/guides\/wp-json\/wp\/v2\/comments?post=8623"}],"version-history":[{"count":25,"href":"https:\/\/www.mes-allocs.fr\/guides\/wp-json\/wp\/v2\/posts\/8623\/revisions"}],"predecessor-version":[{"id":110681,"href":"https:\/\/www.mes-allocs.fr\/guides\/wp-json\/wp\/v2\/posts\/8623\/revisions\/110681"}],"wp:featuredmedia":[{"embeddable":true,"href":"https:\/\/www.mes-allocs.fr\/guides\/wp-json\/wp\/v2\/media\/8654"}],"wp:attachment":[{"href":"https:\/\/www.mes-allocs.fr\/guides\/wp-json\/wp\/v2\/media?parent=8623"}],"wp:term":[{"taxonomy":"category","embeddable":true,"href":"https:\/\/www.mes-allocs.fr\/guides\/wp-json\/wp\/v2\/categories?post=8623"},{"taxonomy":"post_tag","embeddable":true,"href":"https:\/\/www.mes-allocs.fr\/guides\/wp-json\/wp\/v2\/tags?post=8623"}],"curies":[{"name":"wp","href":"https:\/\/api.w.org\/{rel}","templated":true}]}}