{"id":8607,"date":"2020-06-25T12:35:47","date_gmt":"2020-06-25T12:35:47","guid":{"rendered":"https:\/\/www.mes-allocs.fr\/guides\/?p=8607"},"modified":"2022-06-06T15:06:12","modified_gmt":"2022-06-06T13:06:12","slug":"apl-etudiants-caf","status":"publish","type":"post","link":"https:\/\/www.mes-allocs.fr\/guides\/aide-logement\/apl\/apl-etudiant\/apl-etudiants-caf\/","title":{"rendered":"Les APL pour les \u00e9tudiants attribu\u00e9es par la Caf"},"content":{"rendered":"<p><a href=\"https:\/\/www.mes-allocs.fr\/guides\/wp-content\/uploads\/2020\/06\/people-2557396_1920.jpg\"><img loading=\"lazy\" decoding=\"async\" class=\"aligncenter wp-image-8616 size-full\" src=\"https:\/\/www.mes-allocs.fr\/guides\/wp-content\/uploads\/2020\/06\/people-2557396_1920-e1592923281435.jpg\" alt=\"Les APL pour les \u00e9tudiants par la CAF\" width=\"1920\" height=\"686\" srcset=\"https:\/\/www.mes-allocs.fr\/guides\/wp-content\/uploads\/2020\/06\/people-2557396_1920-e1592923281435.jpg 1920w, https:\/\/www.mes-allocs.fr\/guides\/wp-content\/uploads\/2020\/06\/people-2557396_1920-e1592923281435-300x107.jpg 300w, https:\/\/www.mes-allocs.fr\/guides\/wp-content\/uploads\/2020\/06\/people-2557396_1920-e1592923281435-1024x366.jpg 1024w, https:\/\/www.mes-allocs.fr\/guides\/wp-content\/uploads\/2020\/06\/people-2557396_1920-e1592923281435-768x274.jpg 768w, https:\/\/www.mes-allocs.fr\/guides\/wp-content\/uploads\/2020\/06\/people-2557396_1920-e1592923281435-1536x549.jpg 1536w, https:\/\/www.mes-allocs.fr\/guides\/wp-content\/uploads\/2020\/06\/people-2557396_1920-e1592923281435-600x214.jpg 600w\" sizes=\"auto, (max-width: 1920px) 100vw, 1920px\" \/><\/a><\/p>\n<p style=\"text-align: justify;\">Le loyer fait partie des grosses d\u00e9penses pour les \u00e9tudiants, c&rsquo;est pourquoi l&rsquo; <a href=\"https:\/\/www.mes-allocs.fr\/guides\/aide-logement\/apl\/apl-etudiant\/\">apl \u00e9tudiant<\/a> caf a \u00e9t\u00e9 mis en place, vous \u00eates peut-\u00eatre \u00e9ligible \u00e0 cette <a href=\"https:\/\/www.mes-allocs.fr\/guides\/aide-logement\">aide au logement<\/a> vers\u00e9e tous les 5 du mois. Zoom sur les modalit\u00e9s d&rsquo;\u00e9ligibilit\u00e9 et les d\u00e9marches \u00e0 entreprendre.<\/p>\n<hr \/>\n<h1>L&rsquo;APL, une aide de la Caisse des allocations familiale (CAF)<\/h1>\n<p style=\"text-align: justify;\"><a href=\"https:\/\/www.mes-allocs.fr\/guides\/aide-logement\/apl\/simulation-apl\/\">L&rsquo;APL<\/a> \u00e9tudiant est une des aides au logement dont peuvent b\u00e9n\u00e9ficier tous les \u00e9tudiants, elle se fait g\u00e9n\u00e9ralement au moment de votre entr\u00e9e dans votre nouveau logement (\u00e0 demander sur le site de la caf), cette allocation vous est attribu\u00e9e pour vous aider \u00e0 payer votre logement \u00e9tudiant et donc poursuivre vos \u00e9tudes dans de bonnes conditions. <a href=\"https:\/\/www.mes-allocs.fr\/guides\/wp-content\/uploads\/2020\/06\/accountant-1238598_1280.jpg\"><img loading=\"lazy\" decoding=\"async\" class=\"alignright wp-image-8633 size-medium\" src=\"https:\/\/www.mes-allocs.fr\/guides\/wp-content\/uploads\/2020\/06\/accountant-1238598_1280-300x200.jpg\" alt=\"Les APL pour les \u00e9tudiants attribu\u00e9es par la Caf\" width=\"300\" height=\"200\" srcset=\"https:\/\/www.mes-allocs.fr\/guides\/wp-content\/uploads\/2020\/06\/accountant-1238598_1280-300x200.jpg 300w, https:\/\/www.mes-allocs.fr\/guides\/wp-content\/uploads\/2020\/06\/accountant-1238598_1280-1024x682.jpg 1024w, https:\/\/www.mes-allocs.fr\/guides\/wp-content\/uploads\/2020\/06\/accountant-1238598_1280-768x512.jpg 768w, https:\/\/www.mes-allocs.fr\/guides\/wp-content\/uploads\/2020\/06\/accountant-1238598_1280-600x400.jpg 600w, https:\/\/www.mes-allocs.fr\/guides\/wp-content\/uploads\/2020\/06\/accountant-1238598_1280.jpg 1280w\" sizes=\"auto, (max-width: 300px) 100vw, 300px\" \/><\/a>Colocation, r\u00e9sidence \u00e9tudiante, si un de ces logements est le v\u00f4tre vous \u00eates peut-\u00eatre \u00e9ligible \u00e0 l&rsquo; aide personnalis\u00e9e au logement apl. A contrario, l&rsquo; allocation au logement social (ALS) ne peut vous \u00eatre vers\u00e9e si votre logement est conventionn\u00e9.<\/p>\n<p style=\"text-align: justify;\">Attention : Si vous b\u00e9n\u00e9ficiez d\u00e9j\u00e0 de l&rsquo;ALS vous ne pouvez pas faire une demande d&rsquo;APL, les deux ne sont pas cumulables.<\/p>\n<p style=\"text-align: justify;\">\u00c0 noter qu&rsquo;il n&rsquo;y a pas de limite d&rsquo;\u00e2ge pour b\u00e9n\u00e9ficier de l&rsquo; aide au logement \u00e9tudiant, si vous \u00eates un \u00e9tudiant mineur \u00e9mancip\u00e9 poss\u00e9dant un bail \u00e0 votre nom vous pouvez percevoir l&rsquo;aide, mais dans le cas ou vous seriez mineur non \u00e9mancip\u00e9 le bail devra \u00eatre co-sign\u00e9 avec vous parents.<\/p>\n<p>Le simulateur gratuit de Mes Allocs vous aide dans vos d\u00e9marches !<\/p>\n<p><span id=\"Les_aides_pour_le_logement_etudiant\" class=\"ez-toc-section\"><div class='cta-block'><div class='text'>Simulez vos APL \u00e9tudiant en 2 min. Gratuit.<\/div><a href='https:\/\/www.mes-allocs.fr\/ab-app?origin=guides\/wp-json\/wp\/v2\/posts\/8607' class='app-button fit'>Simulation gratuite<\/a><\/div><\/span><\/p>\n<p><iframe loading=\"lazy\" title=\"L&#039;APL\" width=\"500\" height=\"281\" src=\"https:\/\/www.youtube.com\/embed\/dfDRI2qg_z4?feature=oembed\" frameborder=\"0\" allow=\"accelerometer; autoplay; clipboard-write; encrypted-media; gyroscope; picture-in-picture; web-share\" referrerpolicy=\"strict-origin-when-cross-origin\" allowfullscreen><\/iframe><\/p>\n<h2>Les conditions d&rsquo;attribution pour un \u00e9tudiant<\/h2>\n<p style=\"text-align: justify;\">Vous pouvez percevoir les APL de la caf d\u00e8s que vous occupez un logement et si le propri\u00e9taire de ce dernier n&rsquo;est pas un membre de votre famille proche. Sachez que vous pouvez percevoir les APL tout en \u00e9tant rattach\u00e9 au foyer fiscal de vos parents, ce rattachement leur permet \u00e0 de b\u00e9n\u00e9ficier d&rsquo;une demi-part fiscale entrainant une diminution de l&rsquo;imposition.<\/p>\n<p style=\"text-align: justify;\">L&rsquo;APL est attribu\u00e9e sous conditions de ressources et selon certains crit\u00e8res :<\/p>\n<ul style=\"text-align: justify;\">\n<li>\u00catre fran\u00e7ais ou avoir un titre de s\u00e9jour en cours de validit\u00e9<\/li>\n<li>Louer un logement d\u00e9cent (une surface habitable, sans risque pour votre s\u00e9curit\u00e9, ayant des \u00e9quipements qui le rend d\u00e9cent pour une location)<\/li>\n<li>Avoir des ressources inf\u00e9rieures aux plafonds fix\u00e9s pour cette aide<\/li>\n<\/ul>\n<p style=\"text-align: justify;\">Ce sont les conditions principales pour un \u00e9tudiant souhaitant b\u00e9n\u00e9ficier de l&rsquo;APL, pour une location pour vous seul, une r\u00e9sidence \u00e9tudiante, ou une colocation.<\/p>\n<p style=\"text-align: justify;\">L&rsquo;APL vous sera vers\u00e9e que si le type de logement est respect\u00e9 et r\u00e9pond aux normes minimales de confort, et si vous r\u00e9pondez aux crit\u00e8res d&rsquo;\u00e9ligibilit\u00e9. Notre simulateur gratuit vous permet d&rsquo;estimer vos droits, notez \u00e9galement que la demande d&rsquo;APL doit \u00eatre formul\u00e9e en votre nom propre, dans le cas contraire, la CAF pourra se voir refuser votre requ\u00eate.<\/p>\n<p style=\"text-align: justify;\">Attention : Si vos parents per\u00e7oivent des prestations familiales vous ne pouvez pas b\u00e9n\u00e9ficier de l&rsquo;APL, les deux ne sont pas cumulables.<\/p>\n<h2>Les pi\u00e8ces justificatives \u00e0 fournir pour un \u00e9tudiant<\/h2>\n<p style=\"text-align: justify;\">Pour que votre demande soit trait\u00e9e au plus vite, n&rsquo;oubliez pas de fournir la totalit\u00e9 des documents \u00e0 joindre \u00e0 votre dossier, c&rsquo;est pourquoi vous ne pouvez faire votre demande d&rsquo;APL qu&rsquo;une fois le bail sign\u00e9 car vous aurez besoin de joindre le contrat de location\/bail de location.<\/p>\n<p style=\"text-align: justify;\"><strong>Outre le contrat de location, vous devrez fournir :\u00a0<\/strong><\/p>\n<ul>\n<li>Le montant de vos revenus (ann\u00e9e n-2)<\/li>\n<li>Le montant du loyer qui est obligatoirement inscrit sur le bail de location<\/li>\n<li>Les coordonn\u00e9es du bailleur<\/li>\n<li>Votre relev\u00e9 d&rsquo;identit\u00e9 bancaire<\/li>\n<li>Le num\u00e9ro d&rsquo;allocataire de vos parents et leur CAF d&rsquo;appartenance<\/li>\n<li>Informations concernant votre statut \u00e9tudiant<\/li>\n<\/ul>\n<h1>Les limites de l&rsquo;APL pour un \u00e9tudiant<\/h1>\n<p style=\"text-align: justify;\">Pour calculer le montant de vos APL, la Caisse des allocations familiales utilise un bar\u00e8me. Est pris en compte vos ressources de 2018 pour une demande en 2020, m\u00e9thode appliqu\u00e9e en attendant la r\u00e9forme des APL qui doit entrer en vigueur tr\u00e8s prochainement, la formule actuelle est assez complexe, il n&rsquo;est pas conseill\u00e9 de l&rsquo;estimer vous-m\u00eame.<\/p>\n<p><span id=\"Les_aides_pour_le_logement_etudiant\" class=\"ez-toc-section\"><div class='cta-block'><div class='text'>Simulez vos APL \u00e9tudiant en 2 min. Gratuit.<\/div><a href='https:\/\/www.mes-allocs.fr\/ab-app?origin=guides\/wp-json\/wp\/v2\/posts\/8607' class='app-button fit'>Simulation gratuite<\/a><\/div><\/span><\/p>\n<h2>Quel est le plafond pour un \u00e9tudiant ?<\/h2>\n<p>Le loyer pris en compte par la caf\u00a0 pour d\u00e9terminer le montant de vos APL a une limite. Le plafond d\u00e9pend de la zone g\u00e9ographique dans laquelle se situe votre logement, il existe 3 zones. La zone 1 correspond \u00e0 l&rsquo;\u00cele-de-France, la zone 2 aux agglom\u00e9rations de plus de 100 000 habitants et \u00e0 la Corse, la zone 3 correspond au reste du territoire.<\/p>\n<p>&nbsp;<\/p>\n<div itemscope itemtype=\"http:\/\/schema.org\/Table\"><p itemprop=\"about\">Les plafonds de la caf pour calculer les apl<\/p>\n<table style=\"border-collapse: collapse; width: 100.664%; height: 304px;\">\n<tbody>\n<tr style=\"height: 48px;\">\n<td style=\"width: 6.94228%; height: 53px; background-color: #d8e6f2; border: 1px solid black; text-align: center;\"><b>Composition du foyer<\/b><\/td>\n<td style=\"width: 7.48829%; height: 53px; background-color: #d8e6f2; border: 1px solid black; text-align: center;\"><strong>Zone 1<\/strong><\/td>\n<td style=\"width: 7.64846%; background-color: #d8e6f2; border: 1px solid black; text-align: center; height: 53px;\"><strong>Zone 2<\/strong><\/td>\n<td style=\"width: 7.97141%; background-color: #d8e6f2; border: 1px solid black; text-align: center; height: 53px;\"><strong>Zone 3<\/strong><\/td>\n<\/tr>\n<tr style=\"height: 24px;\">\n<td style=\"width: 6.94228%; height: 63px; border: 1px solid black; text-align: center;\">Personne seule sans personne \u00e0 charge<\/td>\n<td style=\"width: 7.48829%; height: 63px; border: 1px solid black; text-align: center;\">298,07 euros<\/td>\n<td style=\"width: 7.64846%; border: 1px solid black; text-align: center; height: 63px;\">259,78 euros<\/td>\n<td style=\"width: 7.97141%; border: 1px solid black; text-align: center; height: 63px;\">243,48 euros<\/td>\n<\/tr>\n<tr style=\"height: 24px;\">\n<td style=\"width: 6.94228%; border: 1px solid black; text-align: center; height: 64px;\">Couple sans personne \u00e0 charge<\/td>\n<td style=\"width: 7.48829%; border: 1px solid black; text-align: center; height: 64px;\">359,49 euros<\/td>\n<td style=\"width: 7.64846%; text-align: center;\" align=\"right\">317,97 euros<\/td>\n<td style=\"width: 7.97141%; border: 1px solid black; text-align: center; height: 64px;\">295,15 euros<\/td>\n<\/tr>\n<tr style=\"height: 56px;\">\n<td style=\"width: 6.94228%; border: 1px solid black; text-align: center; height: 64px;\">Personne seule ou couple ayant une personne \u00e0 charge<\/td>\n<td style=\"width: 7.48829%; border: 1px solid black; text-align: center; height: 64px;\">406,30 euros<\/td>\n<td style=\"width: 7.64846%; border: 1px solid black; text-align: center; height: 64px;\">357,80 euros<\/td>\n<td style=\"width: 7.97141%; border: 1px solid black; text-align: center; height: 64px;\">330,94 euros<\/td>\n<\/tr>\n<tr style=\"height: 60px;\">\n<td style=\"width: 6.94228%; border: 1px solid black; text-align: center; height: 60px;\">Par personne \u00e0 charge suppl\u00e9mentaire<\/td>\n<td style=\"width: 7.48829%; border: 1px solid black; text-align: center; height: 60px;\">58,95 euros<\/td>\n<td style=\"width: 7.64846%; border: 1px solid black; text-align: center; height: 60px;\">52,08 euros<\/td>\n<td style=\"width: 7.97141%; border: 1px solid black; text-align: center; height: 60px;\">47,43 euros<\/td>\n<\/tr>\n<\/tbody>\n<\/table>\n<p><span style=\"font-weight: 400;\"><\/div><\/span><\/p>\n<h2>R\u00e9forme des APL, ce qui change pour l&rsquo;\u00e9tudiant<\/h2>\n<p style=\"text-align: justify;\">Actuellement la caf calcul vos droits \u00e0 l&rsquo;APL sur la base de vos revenus n-2, la r\u00e9forme des APL va revoir le mode de calcul, ainsi cette r\u00e9forme concerne les allocations de logement familial (ALF) et les allocations de logement social (ALS), les revenus pris en compte seront ceux des 12 derniers mois et non plus sur la base de ceux per\u00e7us \u00e0 l&rsquo;ann\u00e9e n-2. Cette r\u00e9forme peut r\u00e9\u00e9valuer les prestations que vous percevez car vos informations concernant vos revenus seront r\u00e9actualis\u00e9es tous les trois mois, de mani\u00e8re \u00e0 recalculer vos droits tous les trimestres.<\/p>\n<h1>Quand et comment faire la demande aupr\u00e8s de la Caf ?<\/h1>\n<h2>Les d\u00e9marches \u00e0 suivre<\/h2>\n<p><a href=\"https:\/\/www.mes-allocs.fr\/guides\/wp-content\/uploads\/2020\/06\/question-mark-2110767_1280.jpg\"><img loading=\"lazy\" decoding=\"async\" class=\"wp-image-8636 size-medium alignright\" src=\"https:\/\/www.mes-allocs.fr\/guides\/wp-content\/uploads\/2020\/06\/question-mark-2110767_1280-300x200.jpg\" alt=\"Les APL pour les \u00e9tudiants attribu\u00e9es par la Caf\" width=\"300\" height=\"200\" srcset=\"https:\/\/www.mes-allocs.fr\/guides\/wp-content\/uploads\/2020\/06\/question-mark-2110767_1280-300x200.jpg 300w, https:\/\/www.mes-allocs.fr\/guides\/wp-content\/uploads\/2020\/06\/question-mark-2110767_1280-1024x682.jpg 1024w, https:\/\/www.mes-allocs.fr\/guides\/wp-content\/uploads\/2020\/06\/question-mark-2110767_1280-768x512.jpg 768w, https:\/\/www.mes-allocs.fr\/guides\/wp-content\/uploads\/2020\/06\/question-mark-2110767_1280-600x400.jpg 600w, https:\/\/www.mes-allocs.fr\/guides\/wp-content\/uploads\/2020\/06\/question-mark-2110767_1280.jpg 1280w\" sizes=\"auto, (max-width: 300px) 100vw, 300px\" \/><\/a><\/p>\n<p style=\"text-align: justify;\">Concr\u00e8tement, vous faites une demande d&rsquo;APL aupr\u00e8s de votre caf le 12 septembre, apr\u00e8s validation vous percevrez votre aide au logement en novembre. Il faut en g\u00e9n\u00e9ral 2 mois avant de pouvoir recevoir les APL.<\/p>\n<p style=\"text-align: justify;\">Vous devez r\u00e9aliser la demande en ligne en fournissant les justificatifs cit\u00e9s pr\u00e9c\u00e9demment, si vous n&rsquo;\u00eates pas \u00e9quip\u00e9 d&rsquo;un acc\u00e8s \u00e0 internet vous pouvez \u00e9galement retirer le dossier papier aupr\u00e8s de votre Caisse d&rsquo;allocations familiales.<\/p>\n<h2>Date de versement<\/h2>\n<p style=\"text-align: justify;\">La caf effectue le versement des APL selon un calendrier officiel qui est actualis\u00e9 chaque ann\u00e9e, vous percevrez le montant mensuellement et uniquement par virement bancaire.<\/p>\n<p style=\"text-align: justify;\">Vous devrez verser le montant du loyer aupr\u00e8s du propri\u00e9taire de votre logement, en d\u00e9but de chaque mois, le versement de l&rsquo; APL, lui,\u00a0 vous sera vers\u00e9 au d\u00e9but du mois suivant.<\/p>\n<p><span id=\"Les_aides_pour_le_logement_etudiant\" class=\"ez-toc-section\"><div class='cta-block'><div class='text'>Simulez vos APL \u00e9tudiant en 2 min. Gratuit.<\/div><a href='https:\/\/www.mes-allocs.fr\/ab-app?origin=guides\/wp-json\/wp\/v2\/posts\/8607' class='app-button fit'>Simulation gratuite<\/a><\/div><\/span><\/p>\n","protected":false},"excerpt":{"rendered":"<p>Le loyer fait partie des grosses d\u00e9penses pour les \u00e9tudiants, c&rsquo;est pourquoi l&rsquo; apl \u00e9tudiant caf a \u00e9t\u00e9 mis en place, vous \u00eates peut-\u00eatre \u00e9ligible \u00e0 cette aide au logement vers\u00e9e tous les 5 du mois. Zoom sur les modalit\u00e9s d&rsquo;\u00e9ligibilit\u00e9 et les d\u00e9marches \u00e0 entreprendre. L&rsquo;APL, une aide de la Caisse des allocations familiale [&hellip;]<\/p>\n","protected":false},"author":10,"featured_media":8616,"comment_status":"open","ping_status":"open","sticky":false,"template":"","format":"standard","meta":{"amp_status":"","footnotes":""},"categories":[1,4,1727],"tags":[],"class_list":["post-8607","post","type-post","status-publish","format-standard","has-post-thumbnail","hentry","category-aide-logement","category-apl","category-apl-etudiant"],"yoast_head":"<!-- This site is optimized with the Yoast SEO plugin v14.9 - https:\/\/yoast.com\/wordpress\/plugins\/seo\/ -->\n<title>Les APL pour les \u00e9tudiants attribu\u00e9es par la Caf | Mes-Allocs.fr<\/title>\n<meta name=\"description\" content=\"Les APL sont des aides au logement vers\u00e9es par la CAF, \u00e9ligibilit\u00e9, d\u00e9marches, et estimation de vos droits notre simulateur gratuit r\u00e9pond \u00e0 vos questions !\" \/>\n<meta name=\"robots\" content=\"index, follow, max-snippet:-1, max-image-preview:large, max-video-preview:-1\" \/>\n<link rel=\"canonical\" href=\"https:\/\/www.mes-allocs.fr\/guides\/aide-logement\/apl\/apl-etudiant\/apl-etudiants-caf\/\" \/>\n<meta property=\"og:locale\" content=\"fr_FR\" \/>\n<meta property=\"og:type\" content=\"article\" \/>\n<meta property=\"og:title\" content=\"Les APL pour les \u00e9tudiants attribu\u00e9es par la Caf | Mes-Allocs.fr\" \/>\n<meta property=\"og:description\" content=\"Les APL sont des aides au logement vers\u00e9es par la CAF, \u00e9ligibilit\u00e9, d\u00e9marches, et estimation de vos droits notre simulateur gratuit r\u00e9pond \u00e0 vos questions !\" \/>\n<meta property=\"og:url\" content=\"https:\/\/www.mes-allocs.fr\/guides\/aide-logement\/apl\/apl-etudiant\/apl-etudiants-caf\/\" \/>\n<meta property=\"og:site_name\" content=\"Mes-Allocs.fr\" \/>\n<meta property=\"article:published_time\" content=\"2020-06-25T12:35:47+00:00\" \/>\n<meta property=\"article:modified_time\" content=\"2022-06-06T13:06:12+00:00\" \/>\n<meta property=\"og:image\" content=\"https:\/\/www.mes-allocs.fr\/guides\/wp-content\/uploads\/2020\/06\/people-2557396_1920-e1592923281435.jpg?wsr\" \/>\n\t<meta property=\"og:image:width\" content=\"1920\" \/>\n\t<meta property=\"og:image:height\" content=\"686\" \/>\n<meta name=\"twitter:card\" content=\"summary_large_image\" \/>\n<script type=\"application\/ld+json\" class=\"yoast-schema-graph\">{\"@context\":\"https:\/\/schema.org\",\"@graph\":[{\"@type\":\"WebSite\",\"@id\":\"https:\/\/www.mes-allocs.fr\/guides\/#website\",\"url\":\"https:\/\/www.mes-allocs.fr\/guides\/\",\"name\":\"Mes-Allocs.fr\",\"description\":\"\",\"potentialAction\":[{\"@type\":\"SearchAction\",\"target\":\"https:\/\/www.mes-allocs.fr\/guides\/?s={search_term_string}\",\"query-input\":\"required name=search_term_string\"}],\"inLanguage\":\"fr-FR\"},{\"@type\":\"ImageObject\",\"@id\":\"https:\/\/www.mes-allocs.fr\/guides\/aide-logement\/apl\/apl-etudiant\/apl-etudiants-caf\/#primaryimage\",\"inLanguage\":\"fr-FR\",\"url\":\"https:\/\/www.mes-allocs.fr\/guides\/wp-content\/uploads\/2020\/06\/people-2557396_1920-e1592923281435.jpg?wsr\",\"width\":1920,\"height\":686,\"caption\":\"people 2557396 1920 e1592923281435\"},{\"@type\":\"WebPage\",\"@id\":\"https:\/\/www.mes-allocs.fr\/guides\/aide-logement\/apl\/apl-etudiant\/apl-etudiants-caf\/#webpage\",\"url\":\"https:\/\/www.mes-allocs.fr\/guides\/aide-logement\/apl\/apl-etudiant\/apl-etudiants-caf\/\",\"name\":\"Les APL pour les \\u00e9tudiants attribu\\u00e9es par la Caf | Mes-Allocs.fr\",\"isPartOf\":{\"@id\":\"https:\/\/www.mes-allocs.fr\/guides\/#website\"},\"primaryImageOfPage\":{\"@id\":\"https:\/\/www.mes-allocs.fr\/guides\/aide-logement\/apl\/apl-etudiant\/apl-etudiants-caf\/#primaryimage\"},\"datePublished\":\"2020-06-25T12:35:47+00:00\",\"dateModified\":\"2022-06-06T13:06:12+00:00\",\"author\":{\"@id\":\"https:\/\/www.mes-allocs.fr\/guides\/#\/schema\/person\/8d47b912c0ad15f379df96b4e4e33f58\"},\"description\":\"Les APL sont des aides au logement vers\\u00e9es par la CAF, \\u00e9ligibilit\\u00e9, d\\u00e9marches, et estimation de vos droits notre simulateur gratuit r\\u00e9pond \\u00e0 vos questions !\",\"inLanguage\":\"fr-FR\"},{\"@type\":\"Person\",\"@id\":\"https:\/\/www.mes-allocs.fr\/guides\/#\/schema\/person\/8d47b912c0ad15f379df96b4e4e33f58\",\"name\":\"Constance de Cagny\",\"image\":{\"@type\":\"ImageObject\",\"@id\":\"https:\/\/www.mes-allocs.fr\/guides\/#personlogo\",\"inLanguage\":\"fr-FR\",\"url\":\"https:\/\/www.mes-allocs.fr\/guides\/wp-content\/uploads\/2021\/06\/Constance.2e8ee0b.png\",\"caption\":\"Constance de Cagny\"},\"description\":\"Constance est r\\u00e9dactrice au sein de l'\\u00e9quipe Mes Allocs. Elle a l'habitude d'\\u00e9crire sur les sujets conso, bons plans et \\u00e9conomies. Dipl\\u00f4m\\u00e9e de l'ENACO, elle rejoint Mes Allocs apr\\u00e8s une premi\\u00e8re exp\\u00e9rience en cabinet notarial.\",\"sameAs\":[\"https:\/\/www.linkedin.com\/in\/constance-de-cagny-mayeur-bbb414135\"]}]}<\/script>\n<!-- \/ Yoast SEO plugin. -->","amp_validity":null,"acf":{"faq":{"1":{"question":"\u2753 Quels revenus sont pris en compte pour l'APL ?","answer":"Les revenus pris en compte pour le versement de l'APL sont ceux de l'ann\u00e9e n-2, soit ceux de l'ann\u00e9e 2018 pour une demande faite en 2019"},"2":{"question":"\ud83e\udd14 Pourquoi la CAF prend en compte les revenus n-2 ? ","answer":"La CAF ne se base pas uniquement sur vos revenus de l'ann\u00e9e n-2, mais \u00e9galement sur votre situation actuelle. \r\nCette m\u00e9thode de calcul doit \u00eatre r\u00e9form\u00e9e courant 2021"},"3":{"question":"\ud83d\udcb0 Quel montant APL pour un \u00e9tudiant ? ","answer":"Le montant n'est pas fixe et d\u00e9pend de certains crit\u00e8res tels que vos revenus et votre situation familiale. \r\nLe montant moyen de l'APL est de l'ordre de 100 \u00e0 150 euros"},"4":{"question":"\ud83c\udfc6 Peut-on cumuler l'APL et d'autres aides de la caf ? ","answer":"Vous pouvez cumuler l'APL avec d'autres aides telle que la Prime d'activit\u00e9, par contre l'ALS n'est pas cumulable."},"5":{"question":"\ud83d\udd0e Qu'est-ce que la r\u00e9forme des APL change pour l'\u00e9tudiant ? ? ","answer":"La r\u00e9forme des APL va modifier la fa\u00e7on de calculer vos droits, ainsi ce ne sont plus vos revenus n-2 qui seront pris en compte mais ceux des 12 derniers mois. Le montant sera d\u00e9sormais actualis\u00e9 tous les trimestres et non plus une fois par an"},"6":{"question":"\ud83e\uddd0 Comment la caf calcul les APL ? ","answer":"Depuis le 1er octobre 2017 la formule de calcul est : \r\nAPL = loyer + charges - participation personnelle-5 euros"},"7":{"question":"","answer":""},"8":{"question":"","answer":""},"9":{"question":"","answer":""},"10":{"question":"","answer":""},"11":{"question":"","answer":""},"12":{"question":"","answer":""},"13":{"question":"","answer":""},"14":{"question":"","answer":""},"15":{"question":"","answer":""},"16":{"question":"","answer":""}}},"_links":{"self":[{"href":"https:\/\/www.mes-allocs.fr\/guides\/wp-json\/wp\/v2\/posts\/8607","targetHints":{"allow":["GET"]}}],"collection":[{"href":"https:\/\/www.mes-allocs.fr\/guides\/wp-json\/wp\/v2\/posts"}],"about":[{"href":"https:\/\/www.mes-allocs.fr\/guides\/wp-json\/wp\/v2\/types\/post"}],"author":[{"embeddable":true,"href":"https:\/\/www.mes-allocs.fr\/guides\/wp-json\/wp\/v2\/users\/10"}],"replies":[{"embeddable":true,"href":"https:\/\/www.mes-allocs.fr\/guides\/wp-json\/wp\/v2\/comments?post=8607"}],"version-history":[{"count":18,"href":"https:\/\/www.mes-allocs.fr\/guides\/wp-json\/wp\/v2\/posts\/8607\/revisions"}],"predecessor-version":[{"id":51940,"href":"https:\/\/www.mes-allocs.fr\/guides\/wp-json\/wp\/v2\/posts\/8607\/revisions\/51940"}],"wp:featuredmedia":[{"embeddable":true,"href":"https:\/\/www.mes-allocs.fr\/guides\/wp-json\/wp\/v2\/media\/8616"}],"wp:attachment":[{"href":"https:\/\/www.mes-allocs.fr\/guides\/wp-json\/wp\/v2\/media?parent=8607"}],"wp:term":[{"taxonomy":"category","embeddable":true,"href":"https:\/\/www.mes-allocs.fr\/guides\/wp-json\/wp\/v2\/categories?post=8607"},{"taxonomy":"post_tag","embeddable":true,"href":"https:\/\/www.mes-allocs.fr\/guides\/wp-json\/wp\/v2\/tags?post=8607"}],"curies":[{"name":"wp","href":"https:\/\/api.w.org\/{rel}","templated":true}]}}