{"id":86069,"date":"2024-11-27T16:48:08","date_gmt":"2024-11-27T14:48:08","guid":{"rendered":"https:\/\/www.mes-allocs.fr\/guides\/?p=86069"},"modified":"2026-04-22T10:51:10","modified_gmt":"2026-04-22T09:51:10","slug":"apl-etranger","status":"publish","type":"post","link":"https:\/\/www.mes-allocs.fr\/guides\/aide-etranger\/aides-au-logement-etranger\/apl-etranger\/","title":{"rendered":"Un \u00e9tranger a-t-il droit aux APL ?"},"content":{"rendered":"<p><img loading=\"lazy\" decoding=\"async\" class=\"alignnone wp-image-86076 size-full\" title=\"apl etranger\" src=\"https:\/\/www.mes-allocs.fr\/guides\/wp-content\/uploads\/2024\/11\/apl-etranger-e1732701985619.jpg\" alt=\"apl etranger\" width=\"1280\" height=\"336\" srcset=\"https:\/\/www.mes-allocs.fr\/guides\/wp-content\/uploads\/2024\/11\/apl-etranger-e1732701985619.jpg 1280w, https:\/\/www.mes-allocs.fr\/guides\/wp-content\/uploads\/2024\/11\/apl-etranger-e1732701985619-300x79.jpg 300w, https:\/\/www.mes-allocs.fr\/guides\/wp-content\/uploads\/2024\/11\/apl-etranger-e1732701985619-1024x269.jpg 1024w, https:\/\/www.mes-allocs.fr\/guides\/wp-content\/uploads\/2024\/11\/apl-etranger-e1732701985619-768x202.jpg 768w, https:\/\/www.mes-allocs.fr\/guides\/wp-content\/uploads\/2024\/11\/apl-etranger-e1732701985619-600x158.jpg 600w\" sizes=\"auto, (max-width: 1280px) 100vw, 1280px\" \/><\/p>\n<p>Le co\u00fbt du logement en France peut \u00eatre un frein pour de nombreux \u00e9trangers. Heureusement, des <a href=\"https:\/\/www.mes-allocs.fr\/guides\/aide-logement\/\">aides au logement<\/a> existent pour all\u00e9ger les charges locatives. L&rsquo;Aide Personnalis\u00e9e au Logement (APL) fait partie de ces aides. Mais un <strong>\u00e9tranger a-t-il droit aux APL<\/strong> ? Dans cet article, on r\u00e9pond \u00e0 toutes vos questions et on vous dit tout.<\/p>\n<div class='cta-block'><div class='text'>Simulez toutes vos aides en 2 min.<\/div><a href='https:\/\/www.mes-allocs.fr\/ab-app?origin=guides\/wp-json\/wp\/v2\/posts\/86069' class='app-button fit'>Simulation gratuite<\/a><\/div>\n<h1>L&rsquo;APL : qu&rsquo;est-ce que c&rsquo;est ?<\/h1>\n<p>L&rsquo;Aide Personnalis\u00e9e au Logement (APL) constitue <strong>une aide financi\u00e8re<\/strong> vers\u00e9e par l&rsquo;un des deux organismes suivants :<\/p>\n<ul>\n<li><strong>La Caisse d&rsquo;Allocations Familiales (CAF)<\/strong><\/li>\n<li><strong>La Mutualit\u00e9 Sociale Agricole (MSA) si vous \u00eates travailleur du secteur agricole<\/strong><\/li>\n<\/ul>\n<p>Les APL sont vers\u00e9es pour aider les m\u00e9nages \u00e0 faire face \u00e0 leurs d\u00e9penses de logement. Elles sont calcul\u00e9es en fonction des diff\u00e9rents \u00e9l\u00e9ments suivants :<\/p>\n<ul>\n<li><strong>Les ressources du foyer<\/strong><\/li>\n<li><strong>La composition familiale<\/strong><\/li>\n<li><strong>Le montant du loyer<\/strong><\/li>\n<li><strong>La zone g\u00e9ographique du lieu de r\u00e9sidence<\/strong><\/li>\n<\/ul>\n<p>L&rsquo;objectif des APL est donc de permettre \u00e0 tous d&rsquo;<strong>acc\u00e9der \u00e0 un logement d\u00e9cent tout en r\u00e9duisant le poids financier du loyer.<\/strong><\/p>\n<h1>Un \u00e9tranger peut-il percevoir des APL et sous quelles conditions ?<\/h1>\n<p>Un \u00e9tranger peut b\u00e9n\u00e9ficier des APL mais il est soumis \u00e0 des conditions sp\u00e9cifiques.<\/p>\n<h2>Les conditions de r\u00e9sidence de l&rsquo;\u00e9tranger<\/h2>\n<p>Pour pr\u00e9tendre aux <a href=\"https:\/\/www.mes-allocs.fr\/guides\/aide-logement\/aides-au-logement-etranger\/\">aides au logement en tant qu\u2019\u00e9tranger<\/a>, et notamment \u00e0 l&rsquo;APL, il faut tout d&rsquo;abord remplir des conditions de r\u00e9sidence que nous vous d\u00e9crivons ci-dessous.<\/p>\n<p>Un \u00e9tranger doit \u00eatre en capacit\u00e9 de <strong>justifier d\u2019un s\u00e9jour r\u00e9gulier et stable en France<\/strong>. La CAF demande donc une justification par un titre de s\u00e9jour en cours de validit\u00e9.<\/p>\n<p>Pour rappel, le titre de s\u00e9jour doit prendre l&rsquo;une des formes suivantes :<\/p>\n<ul>\n<li><strong>Visa long-s\u00e9jour<\/strong><\/li>\n<li><strong>Carte de r\u00e9sident<\/strong><\/li>\n<li><strong>R\u00e9c\u00e9piss\u00e9 d\u2019une demande de renouvellement de titre de s\u00e9jour<\/strong><\/li>\n<li><strong>Autorisation au s\u00e9jour de plus de 3 mois<\/strong><\/li>\n<li><strong>Titre pluriannuel<\/strong><\/li>\n<\/ul>\n<p><strong>Mais attention,<\/strong> depuis la nouvelle loi \u00ab\u00a0immigration\u00a0\u00bb, certaines conditions ont chang\u00e9. En effet, les aides au logement ne sont accessibles aux \u00e9trangers que s&rsquo;ils remplissent un de ces crit\u00e8res :<\/p>\n<ul>\n<li><strong>\u00catre pr\u00e9sent depuis 5 ans sur le territoire<\/strong><\/li>\n<li><strong>\u00catre pr\u00e9sent depuis 2 ans et demi sur le territoire pour ceux qui travaillent<\/strong><\/li>\n<\/ul>\n<p>Ce qui veut dire que l&rsquo;acc\u00e8s n&rsquo;est plus imm\u00e9diat.<\/p>\n<p>\u00c0 noter : \u00e0 partir du <strong>1er janvier 2025<\/strong>, les \u00e9trangers devront r\u00e9sider en France pendant\u00a0<strong>9 mois par an<\/strong>\u00a0pour avoir acc\u00e8s aux aides sociales, y compris les APL.<\/p>\n<p><strong>Attention,<\/strong> cette mesure ne concerne pas les titulaires d&rsquo;une carte de r\u00e9sident de dix ans ni les \u00e9tudiants internationaux.<\/p>\n<h2>Les ressources financi\u00e8res de l&rsquo;\u00e9tranger<\/h2>\n<p>Pour b\u00e9n\u00e9ficier des APL en tant qu&rsquo;\u00e9tranger en France, il faut b\u00e9n\u00e9ficier<strong> de revenus modestes. <\/strong><\/p>\n<p>En effet, les revenus mensuels de l&rsquo;\u00e9tranger ne doivent <strong>pas d\u00e9passer des plafonds.<\/strong> Il n&rsquo;existe pas de plafonds pr\u00e9d\u00e9finis car ils d\u00e9pendent de la composition du foyer, de la zone g\u00e9ographique du logement et du montant du loyer. La CAF r\u00e9vise r\u00e9vise r\u00e9guli\u00e8rement ses plafonds de ressources.<\/p>\n<p>Voici les plafonds de ressources pour pouvoir b\u00e9n\u00e9ficier des APL en 2025.<\/p>\n\n<div class=\"wpdt-c row wpDataTableContainerSimpleTable wpDataTables wpDataTablesWrapper\n\"\n    >\n    <table id=\"wpdtSimpleTable-145\"\n           class=\"wpdtSimpleTable wpDataTable\"\n           data-column=\"2\"\n           data-rows=\"10\"\n           data-wpID=\"145\"\n           data-responsive=\"0\"\n           data-has-header=\"1\">\n\n                    <thead>        <tr class=\"wpdt-cell-row \" >\n                            <th class=\"wpdt-cell wpdt-bold wpdt-bc-F3F9FE\"\n                                    data-cell-id=\"A1\"\n                data-col-index=\"0\"\n                data-row-index=\"0\"\n                style=\" width:26.151930261519%;                padding:10px;\"\n                >\n                                Composition du foyer                <\/th>\n                                            <th class=\"wpdt-cell wpdt-bold wpdt-bc-F3F9FE\"\n                                    data-cell-id=\"B1\"\n                data-col-index=\"1\"\n                data-row-index=\"0\"\n                style=\" width:73.848069738481%;                padding:10px;\"\n                >\n                                Plafonds de ressources (en \u20ac) \u00e0 ne pas d\u00e9passer pour toucher le montant maximal d'APL en 2026                <\/th>\n                                        <\/tr>\n                    <tbody>        <tr class=\"wpdt-cell-row \" >\n                            <td class=\"wpdt-cell wpdt-bold wpdt-bc-F3F9FE\"\n                                    data-cell-id=\"A2\"\n                data-col-index=\"0\"\n                data-row-index=\"1\"\n                style=\"                padding:10px;\"\n                >\n                                Personne seule                <\/td>\n                                            <td class=\"wpdt-cell wpdt-bc-FFFFFF\"\n                                    data-cell-id=\"B2\"\n                data-col-index=\"1\"\n                data-row-index=\"1\"\n                style=\"                padding:10px;\"\n                >\n                                5 235                <\/td>\n                                        <\/tr>\n                            <tr class=\"wpdt-cell-row \" >\n                            <td class=\"wpdt-cell wpdt-bold wpdt-bc-F3F9FE\"\n                                    data-cell-id=\"A3\"\n                data-col-index=\"0\"\n                data-row-index=\"2\"\n                style=\"                padding:10px;\"\n                >\n                                Couple sans personne \u00e0 charge                <\/td>\n                                            <td class=\"wpdt-cell wpdt-bc-FFFFFF\"\n                                    data-cell-id=\"B3\"\n                data-col-index=\"1\"\n                data-row-index=\"2\"\n                style=\"                padding:10px;\"\n                >\n                                7 501                <\/td>\n                                        <\/tr>\n                            <tr class=\"wpdt-cell-row \" >\n                            <td class=\"wpdt-cell wpdt-bold wpdt-bc-F3F9FE\"\n                                    data-cell-id=\"A4\"\n                data-col-index=\"0\"\n                data-row-index=\"3\"\n                style=\"                padding:10px;\"\n                >\n                                Personne seule ou couple avec une personne \u00e0 charge                <\/td>\n                                            <td class=\"wpdt-cell wpdt-bc-FFFFFF\"\n                                    data-cell-id=\"B4\"\n                data-col-index=\"1\"\n                data-row-index=\"3\"\n                style=\"                padding:10px;\"\n                >\n                                8 947                <\/td>\n                                        <\/tr>\n                            <tr class=\"wpdt-cell-row \" >\n                            <td class=\"wpdt-cell wpdt-bold wpdt-bc-F3F9FE\"\n                                    data-cell-id=\"A5\"\n                data-col-index=\"0\"\n                data-row-index=\"4\"\n                style=\"                padding:10px;\"\n                >\n                                Personne seule ou couple ayant 2 personnes \u00e0 charge                <\/td>\n                                            <td class=\"wpdt-cell wpdt-bc-FFFFFF\"\n                                    data-cell-id=\"B5\"\n                data-col-index=\"1\"\n                data-row-index=\"4\"\n                style=\"                padding:10px;\"\n                >\n                                9 148                <\/td>\n                                        <\/tr>\n                            <tr class=\"wpdt-cell-row \" >\n                            <td class=\"wpdt-cell wpdt-bold wpdt-bc-F3F9FE\"\n                                    data-cell-id=\"A6\"\n                data-col-index=\"0\"\n                data-row-index=\"5\"\n                style=\"                padding:10px;\"\n                >\n                                Personne seule ou couple ayant 3 personnes \u00e0 charge                <\/td>\n                                            <td class=\"wpdt-cell wpdt-bc-FFFFFF\"\n                                    data-cell-id=\"B6\"\n                data-col-index=\"1\"\n                data-row-index=\"5\"\n                style=\"                padding:10px;\"\n                >\n                                9 498                <\/td>\n                                        <\/tr>\n                            <tr class=\"wpdt-cell-row \" >\n                            <td class=\"wpdt-cell wpdt-bold wpdt-bc-F3F9FE\"\n                                    data-cell-id=\"A7\"\n                data-col-index=\"0\"\n                data-row-index=\"6\"\n                style=\"                padding:10px;\"\n                >\n                                Personne seule ou couple ayant 4 personnes \u00e0 charge                <\/td>\n                                            <td class=\"wpdt-cell wpdt-bc-FFFFFF\"\n                                    data-cell-id=\"B7\"\n                data-col-index=\"1\"\n                data-row-index=\"6\"\n                style=\"                padding:10px;\"\n                >\n                                9 851                <\/td>\n                                        <\/tr>\n                            <tr class=\"wpdt-cell-row \" >\n                            <td class=\"wpdt-cell wpdt-bold wpdt-bc-F3F9FE\"\n                                    data-cell-id=\"A8\"\n                data-col-index=\"0\"\n                data-row-index=\"7\"\n                style=\"                padding:10px;\"\n                >\n                                Personne seule ou couple ayant 5 personnes \u00e0 charge                <\/td>\n                                            <td class=\"wpdt-cell wpdt-bc-FFFFFF\"\n                                    data-cell-id=\"B8\"\n                data-col-index=\"1\"\n                data-row-index=\"7\"\n                style=\"                padding:10px;\"\n                >\n                                10 202                <\/td>\n                                        <\/tr>\n                            <tr class=\"wpdt-cell-row \" >\n                            <td class=\"wpdt-cell wpdt-bold wpdt-bc-F3F9FE\"\n                                    data-cell-id=\"A9\"\n                data-col-index=\"0\"\n                data-row-index=\"8\"\n                style=\"                padding:10px;\"\n                >\n                                Personne seule ou couple ayant 6 personnes \u00e0 charge                <\/td>\n                                            <td class=\"wpdt-cell wpdt-bc-FFFFFF\"\n                                    data-cell-id=\"B9\"\n                data-col-index=\"1\"\n                data-row-index=\"8\"\n                style=\"                padding:10px;\"\n                >\n                                10 554                <\/td>\n                                        <\/tr>\n                            <tr class=\"wpdt-cell-row \" >\n                            <td class=\"wpdt-cell wpdt-bold wpdt-bc-F3F9FE\"\n                                    data-cell-id=\"A10\"\n                data-col-index=\"0\"\n                data-row-index=\"9\"\n                style=\"                padding:10px;\"\n                >\n                                Par personne \u00e0 charge suppl\u00e9mentaire                <\/td>\n                                            <td class=\"wpdt-cell wpdt-bc-FFFFFF\"\n                                    data-cell-id=\"B10\"\n                data-col-index=\"1\"\n                data-row-index=\"9\"\n                style=\"                padding:10px;\"\n                >\n                                + 346                <\/td>\n                                        <\/tr>\n                    <\/table>\n<\/div><style id='wpdt-custom-style-145'>\ntable#wpdtSimpleTable-145{ table-layout: fixed !important; }\n.wpdt-bc-F3F9FE { background-color: #F3F9FE !important;}\n.wpdt-bc-FFFFFF { background-color: #FFFFFF !important;}\n<\/style>\n\n<p><strong>Attention,<\/strong> tous les revenus de toutes les personnes vivant sous le m\u00eame toit sont pris en compte.<\/p>\n<h2>Les types de logements \u00e9ligibles aux APL<\/h2>\n<p>Les types de logements \u00e9ligibles aux APL pour les \u00e9trangers sont les m\u00eames que pour les ressortissants fran\u00e7ais. Le logement doit \u00eatre un logement lou\u00e9 dans le parc priv\u00e9 ou social.<\/p>\n<p><iframe loading=\"lazy\" title=\"L&#039;APL\" width=\"500\" height=\"281\" src=\"https:\/\/www.youtube.com\/embed\/dfDRI2qg_z4?feature=oembed\" frameborder=\"0\" allow=\"accelerometer; autoplay; clipboard-write; encrypted-media; gyroscope; picture-in-picture; web-share\" referrerpolicy=\"strict-origin-when-cross-origin\" allowfullscreen><\/iframe><\/p>\n<h1>Comment est calcul\u00e9 le montant de l&rsquo;APL pour un \u00e9tranger ?<\/h1>\n<p>Le calcul du montant de l&rsquo;APL pour un \u00e9tranger suit les m\u00eames principes que pour un ressortissant fran\u00e7ais. Il repose sur une \u00e9valuation de plusieurs crit\u00e8res car il n&rsquo;existe <strong>pas de bar\u00e8mes de montants pr\u00e9d\u00e9finis<\/strong>. En effet, les montants attribu\u00e9s aux b\u00e9n\u00e9ficiaires d\u00e9pendent de plusieurs \u00e9l\u00e9ments :<\/p>\n<ul>\n<li><strong>Le type de logement <\/strong>(loyer, charges)<\/li>\n<li><strong>Le lieu de r\u00e9sidence <\/strong>(les loyers sont plus \u00e9lev\u00e9s \u00e0 Paris par exemple)<\/li>\n<li><strong>La composition du foyer<\/strong><\/li>\n<li><strong>Les ressources du b\u00e9n\u00e9ficiaire<\/strong><\/li>\n<\/ul>\n<p><strong>Attention<\/strong>, nous vous rappelons que les plafonds de ressources et les bar\u00e8mes d&rsquo;attribution sont souvent r\u00e9\u00e9valu\u00e9s.<\/p>\n<div class='cta-block'><div class='text'>Simulez toutes vos aides en 2 min.<\/div><a href='https:\/\/www.mes-allocs.fr\/ab-app?origin=guides\/wp-json\/wp\/v2\/posts\/86069' class='app-button fit'>Simulation gratuite<\/a><\/div>\n<h1>Quelles sont les d\u00e9marches \u00e0 suivre pour faire une demande d&rsquo;APL quand on est \u00e9tranger ?<\/h1>\n<h2>Les pi\u00e8ces justificatives \u00e0 fournir sp\u00e9cifiques aux \u00e9trangers<\/h2>\n<p>Les pi\u00e8ces justificatives \u00e0 fournir pour une demande d&rsquo;APL en tant qu&rsquo;\u00e9tranger sont similaires \u00e0 celles demand\u00e9es aux ressortissants fran\u00e7ais. Vous devez donc fournir les justificatifs suivants :<\/p>\n<ul>\n<li><strong>Un titre de s\u00e9jour en cours de validit\u00e9<\/strong><\/li>\n<li><strong>Un justificatif de domicile<\/strong> (bail de location ou quittance de loyer)<\/li>\n<li><strong>Les trois derniers bulletins de salaire ou avis d&rsquo;imposition<\/strong><\/li>\n<li><strong>RIB<\/strong><\/li>\n<\/ul>\n<p>Selon votre situation, d&rsquo;autres documents peuvent \u00eatre requis comme une attestation d&rsquo;inscription universitaire pour les \u00e9tudiants ou un contrat de travail pour les salari\u00e9s.<\/p>\n<h2>Les organismes \u00e0 contacter<\/h2>\n<p>La demande d&rsquo;APL se fait aupr\u00e8s de la <strong>Caisse d&rsquo;Allocations Familiales (CAF) ou de la MSA<\/strong>.<\/p>\n<p>Vous pouvez effectuer cette d\u00e9marche soit <strong>en ligne<\/strong> directement sur le site internet de la CAF soit <strong>par courrier<\/strong> en t\u00e9l\u00e9chargeant le formulaire.<\/p>\n<h2>Les d\u00e9lais de traitement<\/h2>\n<p>Les d\u00e9lais de traitement d&rsquo;une demande d&rsquo;APL peuvent varier en fonction de la complexit\u00e9 du dossier et de la CAF.<\/p>\n<p>Nous vous recommandons de constituer un dossier complet d\u00e8s votre d\u00e9part pour acc\u00e9l\u00e9rer les d\u00e9marches. Vous pouvez \u00e0 tout moment suivre l&rsquo;avancement de votre dossier sur le site de la CAF.<\/p>\n<p>Les d\u00e9lais moyens sont le plus souvent de <strong>quelques semaines \u00e0 quelques mois.<\/strong><\/p>\n<h2>Comment contester une d\u00e9cision de la CAF ?<\/h2>\n<p>En cas de d\u00e9saccord avec une d\u00e9cision de la CAF concernant votre demande d&rsquo;APL, vous avez le droit de <strong>faire un recours.<\/strong><\/p>\n<p>La premi\u00e8re \u00e9tape est de <strong>saisir la commission de recours amiable de la CAF dans un d\u00e9lai de deux mois<\/strong> \u00e0 compter de la d\u00e9cision. Vous pouvez formuler le recours par \u00e9crit. Pour cela, vous devez expliquer les raisons de votre contestation et fournir les justificatifs n\u00e9cessaires.<\/p>\n<p>Si votre recours est rejet\u00e9, dans une deuxi\u00e8me, vous pouvez <strong>saisir le tribunal<\/strong> mais cette d\u00e9marche est plus complexe et n\u00e9cessite l&rsquo;assistance d&rsquo;un avocat.<\/p>\n<h1>Les changements de situation de l&rsquo;\u00e9tranger<\/h1>\n<p>Un changement dans la situation de l&rsquo;\u00e9tranger peut avoir un <strong>impact sur ses droits ou sur le montant des APL.<\/strong><\/p>\n<p>Toute <strong>modification dans la situation familiale, professionnelle ou administrative (mariage ou naissance par exemple) doit \u00eatre d\u00e9clar\u00e9 \u00e0 la CAF dans les plus brefs d\u00e9lais<\/strong>. Le non-respect de cette obligation peut entra\u00eener des <strong>sanctions<\/strong> comme un recouvrement ind\u00fb des sommes vers\u00e9es.<\/p>\n<h1>Peut-on cumuler les APL avec d&rsquo;autres aides ?<\/h1>\n<p><strong>La r\u00e9ponse est oui.<\/strong> En effet, il est possible de cumuler les APL avec d&rsquo;autres aides sociales.<\/p>\n<p>Les aides qui peuvent \u00eatre cumulables avec les APL sont les suivantes :<\/p>\n<ul>\n<li><strong>Les allocations familiales<\/strong><\/li>\n<li><strong>Le RSA<\/strong><\/li>\n<li><strong>Les indemnit\u00e9s de ch\u00f4mage<\/strong><\/li>\n<li><strong>Etc.<\/strong><\/li>\n<\/ul>\n<p><strong>Mais attention,<\/strong> il est important de noter que l&rsquo;<a href=\"https:\/\/www.mes-allocs.fr\/guides\/aide-logement\/aides-au-logement-etranger\/allocation-de-logement-familiale-etranger\/\">allocation de logement familiale pour \u00e9tranger<\/a> (ALF) et l&rsquo;<a href=\"https:\/\/www.mes-allocs.fr\/guides\/aide-logement\/aides-au-logement-etranger\/allocation-de-logement-sociale-etranger\/\">allocation de logement sociale pour \u00e9tranger<\/a> (ALS) ne sont pas cumulables avec les APL.<\/p>\n<h1>Quelles sont les aides compl\u00e9mentaires aux APL pour un \u00e9tranger ?<\/h1>\n<p>De nombreuses autres aides peuvent compl\u00e9ter le dispositif d&rsquo;aide au logement (APL) pour les \u00e9trangers.<\/p>\n<p>Les collectivit\u00e9s territoriales (r\u00e9gions, d\u00e9partements ou communes) proposent souvent des aides sp\u00e9cifiques pour l&rsquo;am\u00e9lioration de l&rsquo;habitat.<\/p>\n<p>Les associations jouent aussi un r\u00f4le essentiel pour l&rsquo;accompagnement social et l&rsquo;orientation vers des dispositifs adapt\u00e9s \u00e0 chaque situation.<\/p>\n<p>Enfin, le <a href=\"https:\/\/www.mes-allocs.fr\/guides\/aide-logement\/aides-au-logement-etranger\/logement-social-etranger\/\">logement social pour un \u00e9tranger<\/a> constitue une alternative int\u00e9ressante pour les personnes aux revenus modestes. En effet, le logement social propose des loyers mod\u00e9r\u00e9s.<\/p>\n<h1>Le versement de l&rsquo;APL en cas d&rsquo;expatriation \u00e0 l&rsquo;\u00e9tranger<\/h1>\n<p>Le maintien du versement des APL en cas d&rsquo;expatriation d\u00e9pend du motif et de la dur\u00e9e du s\u00e9jour \u00e0 l&rsquo;\u00e9tranger.<\/p>\n<p><strong>Si vous conservez votre logement en France et que vous y retournez r\u00e9guli\u00e8rement, vous pouvez continuer \u00e0 percevoir les APL.<\/strong><\/p>\n<p><strong>A l&rsquo;inverse, si vous partez \u00e0 l&rsquo;\u00e9tranger pour une longue dur\u00e9e ou que vous changez de r\u00e9sidence fiscale, cela entra\u00eenera l&rsquo;arr\u00eat du versement des APL.<\/strong><\/p>\n<p>Vous devez d\u00e9clarer tout changement de situation \u00e0 la CAF pour \u00e9viter des erreurs de paiement et d&rsquo;\u00e9ventuelles poursuites.<\/p>\n<div class='cta-block'><div class='text'>Simulez toutes vos aides en 2 min.<\/div><a href='https:\/\/www.mes-allocs.fr\/ab-app?origin=guides\/wp-json\/wp\/v2\/posts\/86069' class='app-button fit'>Simulation gratuite<\/a><\/div>\n","protected":false},"excerpt":{"rendered":"<p>Le co\u00fbt du logement en France peut \u00eatre un frein pour de nombreux \u00e9trangers. Heureusement, des aides au logement existent pour all\u00e9ger les charges locatives. L&rsquo;Aide Personnalis\u00e9e au Logement (APL) fait partie de ces aides. Mais un \u00e9tranger a-t-il droit aux APL ? Dans cet article, on r\u00e9pond \u00e0 toutes vos questions et on vous [&hellip;]<\/p>\n","protected":false},"author":30,"featured_media":86076,"comment_status":"open","ping_status":"open","sticky":false,"template":"","format":"standard","meta":{"amp_status":"","footnotes":""},"categories":[40871,41089],"tags":[],"class_list":["post-86069","post","type-post","status-publish","format-standard","has-post-thumbnail","hentry","category-aide-etranger","category-aides-au-logement-etranger"],"yoast_head":"<!-- This site is optimized with the Yoast SEO plugin v14.9 - https:\/\/yoast.com\/wordpress\/plugins\/seo\/ -->\n<title>APL pour \u00e9trangers : conditions, montants, d\u00e9marches | Mes-Allocs.fr<\/title>\n<meta name=\"description\" content=\"Les APL sont des aides financi\u00e8res qui payent une partie du loyer du logement. Mais un \u00e9tranger a-t-il droit aux APL ? On vous r\u00e9pond !\" \/>\n<meta name=\"robots\" content=\"index, follow, max-snippet:-1, max-image-preview:large, max-video-preview:-1\" \/>\n<link rel=\"canonical\" href=\"https:\/\/www.mes-allocs.fr\/guides\/aide-etranger\/aides-au-logement-etranger\/apl-etranger\/\" \/>\n<meta property=\"og:locale\" content=\"fr_FR\" \/>\n<meta property=\"og:type\" content=\"article\" \/>\n<meta property=\"og:title\" content=\"APL pour \u00e9trangers : conditions, montants, d\u00e9marches | Mes-Allocs.fr\" \/>\n<meta property=\"og:description\" content=\"Les APL sont des aides financi\u00e8res qui payent une partie du loyer du logement. Mais un \u00e9tranger a-t-il droit aux APL ? On vous r\u00e9pond !\" \/>\n<meta property=\"og:url\" content=\"https:\/\/www.mes-allocs.fr\/guides\/aide-etranger\/aides-au-logement-etranger\/apl-etranger\/\" \/>\n<meta property=\"og:site_name\" content=\"Mes-Allocs.fr\" \/>\n<meta property=\"article:published_time\" content=\"2024-11-27T14:48:08+00:00\" \/>\n<meta property=\"article:modified_time\" content=\"2026-04-22T09:51:10+00:00\" \/>\n<meta property=\"og:image\" content=\"https:\/\/www.mes-allocs.fr\/guides\/wp-content\/uploads\/2024\/11\/apl-etranger-e1732701985619.jpg?wsr\" \/>\n\t<meta property=\"og:image:width\" content=\"1280\" \/>\n\t<meta property=\"og:image:height\" content=\"336\" \/>\n<meta name=\"twitter:card\" content=\"summary_large_image\" \/>\n<script type=\"application\/ld+json\" class=\"yoast-schema-graph\">{\"@context\":\"https:\/\/schema.org\",\"@graph\":[{\"@type\":\"WebSite\",\"@id\":\"https:\/\/www.mes-allocs.fr\/guides\/#website\",\"url\":\"https:\/\/www.mes-allocs.fr\/guides\/\",\"name\":\"Mes-Allocs.fr\",\"description\":\"\",\"potentialAction\":[{\"@type\":\"SearchAction\",\"target\":\"https:\/\/www.mes-allocs.fr\/guides\/?s={search_term_string}\",\"query-input\":\"required name=search_term_string\"}],\"inLanguage\":\"fr-FR\"},{\"@type\":\"ImageObject\",\"@id\":\"https:\/\/www.mes-allocs.fr\/guides\/aide-etranger\/aides-au-logement-etranger\/apl-etranger\/#primaryimage\",\"inLanguage\":\"fr-FR\",\"url\":\"https:\/\/www.mes-allocs.fr\/guides\/wp-content\/uploads\/2024\/11\/apl-etranger-e1732701985619.jpg?wsr\",\"width\":1280,\"height\":336,\"caption\":\"apl etranger\"},{\"@type\":\"WebPage\",\"@id\":\"https:\/\/www.mes-allocs.fr\/guides\/aide-etranger\/aides-au-logement-etranger\/apl-etranger\/#webpage\",\"url\":\"https:\/\/www.mes-allocs.fr\/guides\/aide-etranger\/aides-au-logement-etranger\/apl-etranger\/\",\"name\":\"APL pour \\u00e9trangers : conditions, montants, d\\u00e9marches | Mes-Allocs.fr\",\"isPartOf\":{\"@id\":\"https:\/\/www.mes-allocs.fr\/guides\/#website\"},\"primaryImageOfPage\":{\"@id\":\"https:\/\/www.mes-allocs.fr\/guides\/aide-etranger\/aides-au-logement-etranger\/apl-etranger\/#primaryimage\"},\"datePublished\":\"2024-11-27T14:48:08+00:00\",\"dateModified\":\"2026-04-22T09:51:10+00:00\",\"author\":{\"@id\":\"https:\/\/www.mes-allocs.fr\/guides\/#\/schema\/person\/66505fe443d6e6f3696c5af001f3fab8\"},\"description\":\"Les APL sont des aides financi\\u00e8res qui payent une partie du loyer du logement. Mais un \\u00e9tranger a-t-il droit aux APL ? On vous r\\u00e9pond !\",\"inLanguage\":\"fr-FR\"},{\"@type\":\"Person\",\"@id\":\"https:\/\/www.mes-allocs.fr\/guides\/#\/schema\/person\/66505fe443d6e6f3696c5af001f3fab8\",\"name\":\"Lauriane Oriol\",\"image\":{\"@type\":\"ImageObject\",\"@id\":\"https:\/\/www.mes-allocs.fr\/guides\/#personlogo\",\"inLanguage\":\"fr-FR\",\"url\":\"https:\/\/www.mes-allocs.fr\/guides\/wp-content\/uploads\/2024\/10\/1702589802731-1-150x150.jpeg\",\"caption\":\"Lauriane Oriol\"},\"description\":\"Lauriane est r\\u00e9dactrice chez Mes Allocs. Sp\\u00e9cialiste des d\\u00e9marches administratives, elle rejoint Mes Allocs apr\\u00e8s une premi\\u00e8re exp\\u00e9rience en marketing et communication.\"}]}<\/script>\n<!-- \/ Yoast SEO plugin. -->","amp_validity":null,"acf":{"faq":{"1":{"question":"Est-ce que les \u00e9trangers ont droit aux APL ?","answer":"La r\u00e9ponse est oui sous certaines conditions."},"2":{"question":"Puis-je toucher la CAF \u00e0 l'\u00e9tranger ?","answer":"En fonction de votre situation familiale et de la r\u00e9glementation du pays qui vous emploie, vous pouvez recevoir mensuellement la Caf \u00e9trang\u00e8re."},"3":{"question":"Quelles sont les conditions pour b\u00e9n\u00e9ficier de l'APL ?","answer":"Il vous faut \u00eatre locataire d'un logement."},"4":{"question":"Quelles aides ont les \u00e9trangers ?","answer":"Les \u00e9trangers ont droit \u00e0 l'Aide M\u00e9dicale d'\u00c9tat, \u00e0 l'h\u00e9bergement d'urgence, \u00e0 l'aide au regroupement familial, \u00e0 l'Allocation de Demandeur d'Asile, au RSA, aux allocations familiales, \u00e0 la Protection universelle maladie, \u00e0 la Compl\u00e9mentaire Sant\u00e9 Solidaire\u2026"},"5":{"question":"","answer":""},"6":{"question":"","answer":""},"7":{"question":"","answer":""},"8":{"question":"","answer":""},"9":{"question":"","answer":""},"10":{"question":"","answer":""},"11":{"question":"","answer":""},"12":{"question":"","answer":""},"13":{"question":"","answer":""},"14":{"question":"","answer":""},"15":{"question":"","answer":""},"16":{"question":"","answer":""}}},"_links":{"self":[{"href":"https:\/\/www.mes-allocs.fr\/guides\/wp-json\/wp\/v2\/posts\/86069","targetHints":{"allow":["GET"]}}],"collection":[{"href":"https:\/\/www.mes-allocs.fr\/guides\/wp-json\/wp\/v2\/posts"}],"about":[{"href":"https:\/\/www.mes-allocs.fr\/guides\/wp-json\/wp\/v2\/types\/post"}],"author":[{"embeddable":true,"href":"https:\/\/www.mes-allocs.fr\/guides\/wp-json\/wp\/v2\/users\/30"}],"replies":[{"embeddable":true,"href":"https:\/\/www.mes-allocs.fr\/guides\/wp-json\/wp\/v2\/comments?post=86069"}],"version-history":[{"count":14,"href":"https:\/\/www.mes-allocs.fr\/guides\/wp-json\/wp\/v2\/posts\/86069\/revisions"}],"predecessor-version":[{"id":94464,"href":"https:\/\/www.mes-allocs.fr\/guides\/wp-json\/wp\/v2\/posts\/86069\/revisions\/94464"}],"wp:featuredmedia":[{"embeddable":true,"href":"https:\/\/www.mes-allocs.fr\/guides\/wp-json\/wp\/v2\/media\/86076"}],"wp:attachment":[{"href":"https:\/\/www.mes-allocs.fr\/guides\/wp-json\/wp\/v2\/media?parent=86069"}],"wp:term":[{"taxonomy":"category","embeddable":true,"href":"https:\/\/www.mes-allocs.fr\/guides\/wp-json\/wp\/v2\/categories?post=86069"},{"taxonomy":"post_tag","embeddable":true,"href":"https:\/\/www.mes-allocs.fr\/guides\/wp-json\/wp\/v2\/tags?post=86069"}],"curies":[{"name":"wp","href":"https:\/\/api.w.org\/{rel}","templated":true}]}}