{"id":85807,"date":"2024-11-26T19:38:25","date_gmt":"2024-11-26T17:38:25","guid":{"rendered":"https:\/\/www.mes-allocs.fr\/guides\/?p=85807"},"modified":"2026-04-22T10:51:10","modified_gmt":"2026-04-22T09:51:10","slug":"prime-activite-etranger","status":"publish","type":"post","link":"https:\/\/www.mes-allocs.fr\/guides\/aide-etranger\/prime-activite-etranger\/","title":{"rendered":"Prime d\u2019activit\u00e9 : comment \u00e7a marche en tant qu\u2019\u00e9tranger ?"},"content":{"rendered":"<p><img loading=\"lazy\" decoding=\"async\" class=\"alignnone wp-image-85811 size-full\" title=\"prime d activite etranger\" src=\"https:\/\/www.mes-allocs.fr\/guides\/wp-content\/uploads\/2024\/11\/prime-d-activite-etranger-e1732529733210.jpg\" alt=\"prime d activite etranger\" width=\"1280\" height=\"336\" \/><\/p>\n<p>La <a href=\"https:\/\/www.mes-allocs.fr\/guides\/prime-d-activite\">prime d\u2019activit\u00e9<\/a> est un compl\u00e9ment de revenus s\u2019adressant aux travailleurs percevant des revenus modestes. Elle remplace depuis 2016 le revenu de solidarit\u00e9 active (RSA-activit\u00e9) et la prime pour l\u2019emploi (PFE). Mais la <strong>prime d&rsquo;activit\u00e9 pour les \u00e9trangers <\/strong>est-elle possible ? Dans cet article, on r\u00e9pond \u00e0 toutes vos questions et on vous aide \u00e0 y voir plus clair.<\/p>\n<div class='cta-block'><div class='text'>Simulez toutes vos aides en 2 min.<\/div><a href='https:\/\/www.mes-allocs.fr\/ab-app?origin=guides\/wp-json\/wp\/v2\/posts\/85807' class='app-button fit'>Simulation gratuite<\/a><\/div>\n<h1>La prime d&rsquo;activit\u00e9 est-elle accessible aux \u00e9trangers ?<\/h1>\n<h2>Qu&rsquo;est-ce que la prime d&rsquo;activit\u00e9 ?<\/h2>\n<p>La prime d&rsquo;activit\u00e9 est une <strong>aide financi\u00e8re vers\u00e9e par l&rsquo;\u00c9tat fran\u00e7ais aux travailleurs qui per\u00e7oivent des ressources modestes.<\/strong><\/p>\n<p>L&rsquo;objectif principal de la prime d&rsquo;activit\u00e9 est de <strong>soutenir le pouvoir d&rsquo;achat des actifs<\/strong>. La prime fait partie des prestations sociales qui ont \u00e9t\u00e9 mises en place pour compl\u00e9ter les revenus des salari\u00e9s.<\/p>\n<p>Le montant de la prime d&rsquo;activit\u00e9 est calcul\u00e9 en fonction de la situation matrimoniale, de la composition de la famille et des revenus professionnels du b\u00e9n\u00e9ficiaire.<\/p>\n<p>La prime d&rsquo;activit\u00e9 est vers\u00e9e mensuellement par des organismes de l&rsquo;Etat. Ces organismes sont les suivants :<\/p>\n<ul>\n<li><strong>La Caisse d&rsquo;Allocations Familiales (CAF)<\/strong><\/li>\n<li><strong>La Mutualit\u00e9 Sociale Agricole (MSA)<\/strong> pour les travailleurs du secteur agricole.<\/li>\n<\/ul>\n<h2>Les \u00e9trangers peuvent-ils b\u00e9n\u00e9ficier de la prime d&rsquo;activit\u00e9 ?<\/h2>\n<p><strong>La r\u00e9ponse est oui.<\/strong> En effet, les \u00e9trangers peuvent tout \u00e0 fait b\u00e9n\u00e9ficier de la prime d&rsquo;activit\u00e9 s&rsquo;ils respectent certaines conditions.<\/p>\n<p>Les <a href=\"https:\/\/www.mes-allocs.fr\/guides\/prime-d-activite\/prime-activite-conditions\/\">conditions d&rsquo;\u00e9ligibilit\u00e9 \u00e0 la prime d&rsquo;activit\u00e9<\/a> peuvent varier selon la situation personnelle de l&rsquo;\u00e9tranger (r\u00e9fugi\u00e9, titulaire d&rsquo;une carte de r\u00e9sident, etc.).<\/p>\n<p>Nous voyons en d\u00e9tail ces conditions d&rsquo;\u00e9ligibilit\u00e9 dans le paragraphe suivant.<\/p>\n<h1>Quelles sont les conditions pour toucher la prime d&rsquo;activit\u00e9 en tant qu&rsquo;\u00e9tranger ?<\/h1>\n<p>Pour toucher la prime d&rsquo;activit\u00e9 en tant qu&rsquo;\u00e9tranger, il faut tout d&rsquo;abord respecter les m\u00eames conditions que les ressortissants fran\u00e7ais.<\/p>\n<p>A savoir, le demandeur doit <strong>avoir 18 ans ou plus<\/strong>, il doit aussi <strong>avoir une activit\u00e9 professionnelle<\/strong> et <strong>percevoir des revenus modestes.<\/strong> De plus, le demandeur doit r\u00e9sider en France de mani\u00e8re stable et effective.<\/p>\n<h2>Les conditions de r\u00e9sidence<\/h2>\n<p>Pour pr\u00e9tendre \u00e0 la prime d&rsquo;activit\u00e9 en tant qu&rsquo;\u00e9tranger, il est essentiel de remplir aussi des conditions de r\u00e9sidence.<\/p>\n<p>En effet, le demandeur doit <strong>r\u00e9sider de mani\u00e8re stable et effective en France<\/strong>. La dur\u00e9e de r\u00e9sidence minimale requise peut varier suivant les cas. Mais cette dur\u00e9e est souvent fix\u00e9e \u00e0 <strong>9 mois dans l&rsquo;ann\u00e9e<\/strong>.<\/p>\n<p>D&rsquo;autres crit\u00e8res s&rsquo;appliquent aux \u00e9trangers pour pouvoir b\u00e9n\u00e9ficier de la prime d&rsquo;activit\u00e9.<\/p>\n<h2>Les conditions de travail<\/h2>\n<p>Pour b\u00e9n\u00e9ficier de la prime d&rsquo;activit\u00e9 en tant qu&rsquo;\u00e9tranger, il est n\u00e9cessaire d&rsquo;exercer une activit\u00e9 professionnelle stable et r\u00e9guli\u00e8re. En effet, comme nous l&rsquo;avons vu, le demandeur doit imp\u00e9rativement \u00eatre salari\u00e9 ou ind\u00e9pendant.<\/p>\n<p>Les revenus provenant de l&rsquo;activit\u00e9 professionnelle doivent \u00eatre d\u00e9clar\u00e9s. En effet, ces revenus doivent \u00eatre pris en compte dans le calcul de la prime d&rsquo;activit\u00e9. Des plafonds de ressources s&rsquo;appliquent pour que la prime soit vers\u00e9e seulement aux personnes percevant des revenus modestes.<\/p>\n<p><strong>Attention,<\/strong> les revenus issus d&rsquo;activit\u00e9s ill\u00e9gales ou de travail au noir ne donnent \u00e9videmment pas droit \u00e0 la prime d&rsquo;activit\u00e9.<\/p>\n<h2>Les conditions li\u00e9es au titre de s\u00e9jour<\/h2>\n<p>Pour b\u00e9n\u00e9ficier de la prime d&rsquo;activit\u00e9 en tant qu&rsquo;\u00e9tranger, des conditions li\u00e9es au s\u00e9jour en France doivent aussi \u00eatre remplies.<\/p>\n<p>En effet, pour les <strong>demandeurs europ\u00e9ens<\/strong>, il faut remplir les conditions suivantes :<\/p>\n<ul>\n<li><strong>Avoir droit au s\u00e9jour en France<\/strong><\/li>\n<li><strong>Vivre en France depuis au moins 3 mois au moment de la demande<\/strong><\/li>\n<\/ul>\n<p>Pour les <strong>demandeurs hors-Europe<\/strong>, il faut remplir au moins <strong>une<\/strong> des conditions suivantes :<\/p>\n<ul>\n<li><strong>Avoir depuis au moins 5 ans un titre de s\u00e9jour qui permet de travailler en France<\/strong><\/li>\n<li><strong>\u00catre parent isol\u00e9 avec un enfant \u00e0 charge de moins de 3 ans et un titre de s\u00e9jour<\/strong><\/li>\n<li><strong>Avoir la carte de r\u00e9sident<\/strong><\/li>\n<li><strong>Avoir le statut de r\u00e9fugi\u00e9<\/strong><\/li>\n<li><strong>\u00catre reconnu apatride<\/strong><\/li>\n<li><strong>\u00catre b\u00e9n\u00e9ficiaire de la protection subsidiaire<\/strong><\/li>\n<\/ul>\n<div class='cta-block'><div class='text'>Simulez toutes vos aides en 2 min.<\/div><a href='https:\/\/www.mes-allocs.fr\/ab-app?origin=guides\/wp-json\/wp\/v2\/posts\/85807' class='app-button fit'>Simulation gratuite<\/a><\/div>\n<h1>Quel est le montant de la prime d&rsquo;activit\u00e9 pour un \u00e9tranger ?<\/h1>\n<p><strong>Le montant de la prime d&rsquo;activit\u00e9 pour un \u00e9tranger est calcul\u00e9 de la m\u00eame mani\u00e8re que pour un ressortissant fran\u00e7ais.<\/strong><\/p>\n<p>Le montant d\u00e9pend des \u00e9l\u00e9ments suivants :<\/p>\n<ul>\n<li>Les revenus professionnels du demandeur<\/li>\n<li>Les revenus professionnels des personnes du foyer du demandeur<\/li>\n<li>La situation matrimoniale<\/li>\n<li>La composition de la famille (nombre d&rsquo;enfants \u00e0 charge)<\/li>\n<li>Le lieu de r\u00e9sidence<\/li>\n<\/ul>\n<p>Cependant, il existe une formule pour calculer la prime d&rsquo;activit\u00e9. Tout d&rsquo;abord, il faut prendre en compte le montant forfaitaire qui est le montant de base pour le calcul de la prime d\u2019activit\u00e9.<\/p>\n<p>Ce montant varie selon votre situation et la composition de votre foyer. En effet, il existe plusieurs cas de figure :<\/p>\n<ul>\n<li>Le demandeur vit seul sans enfant ou personne \u00e0 charge = <strong>633,21\u00a0\u20ac<\/strong><\/li>\n<li>Le demandeur vit seul avec 1 enfant ou personne \u00e0 charge = <strong>949,82\u00a0\u20ac<\/strong><\/li>\n<li>Le demandeur vit seul avec 2 enfants ou personnes \u00e0 charge = <strong>1 139,78\u00a0\u20ac<\/strong><\/li>\n<li>Le demandeur vit seul avec plus de 2 enfants ou personnes \u00e0 charge = <strong>253,28\u00a0\u20ac \u00e0 ajouter par personne suppl\u00e9mentaire<\/strong><\/li>\n<\/ul>\n<p>&nbsp;<\/p>\n<ul>\n<li>Le demandeur vit en couple sans enfant ou personne \u00e0 charge = <strong>949,82\u00a0\u20ac<\/strong><\/li>\n<li>Le demandeur vit en couple avec 1 enfant ou personne \u00e0 charge = <strong>1 139,78\u00a0\u20ac<\/strong><\/li>\n<li>Le demandeur vit en couple avec 2 enfants ou personnes \u00e0 charge =<strong> 1 329,74\u00a0\u20ac<\/strong><\/li>\n<li>Le demandeur vit en couple avec plus de 2 enfants ou personnes \u00e0 charge = <strong>253,28\u00a0\u20ac \u00e0 ajouter par personne suppl\u00e9mentaire<\/strong><\/li>\n<\/ul>\n<p>Ensuite, ce montant va varier selon les revenus du foyer fiscal. En effet, au montant trouv\u00e9 pr\u00e9c\u00e9demment il faut ajouter 61% du montant des revenus professionnels du foyer. Enfin, il faut soustraire \u00e0 la somme obtenue les ressources prises en compte du foyer.<\/p>\n<p>Pour r\u00e9sumer, voici le calcul du montant de la prime d\u2019activit\u00e9 :<\/p>\n<ul>\n<li><strong><em>Montant de la prime d\u2019activit\u00e9 = (montant forfaitaire \u00e9ventuellement major\u00e9 + 61% des revenus professionnels + bonifications individuelles) &#8211; les ressources prises en compte du foyer<\/em><\/strong><\/li>\n<\/ul>\n<p><iframe loading=\"lazy\" title=\"La prime d&#039;activit\u00e9\" width=\"500\" height=\"281\" src=\"https:\/\/www.youtube.com\/embed\/uavbovK5ZXc?feature=oembed\" frameborder=\"0\" allow=\"accelerometer; autoplay; clipboard-write; encrypted-media; gyroscope; picture-in-picture; web-share\" referrerpolicy=\"strict-origin-when-cross-origin\" allowfullscreen><\/iframe><\/p>\n<h1>Quels sont les d\u00e9marches \u00e0 suivre pour faire une demande de prime d&rsquo;activit\u00e9 en tant qu&rsquo;\u00e9tranger ?<\/h1>\n<p>Pour faire une demande de prime d&rsquo;activit\u00e9, un \u00e9tranger doit suivre les m\u00eames proc\u00e9dures qu&rsquo;une personne de nationnalit\u00e9 fran\u00e7aise. Nous vous d\u00e9crivons ces d\u00e9marches ci-dessous.<\/p>\n<h2>Les pi\u00e8ces \u00e0 fournir<\/h2>\n<p>Pour constituer un dossier de demande de prime d&rsquo;activit\u00e9, il faut fournir un certain nombre de pi\u00e8ces justificatives. Ces justificatifs sont les suivants :<\/p>\n<ul>\n<li><strong>Le titre de s\u00e9jour en cours de validit\u00e9<\/strong><\/li>\n<li><strong>Un justificatif de domicile r\u00e9cent (quittance de loyer ou avis d&rsquo;imposition par exemple)<\/strong><\/li>\n<li><strong>Un Relev\u00e9 d&rsquo;Identit\u00e9 Bancaire (RIB)<\/strong><\/li>\n<li><strong>Les 3 derniers bulletins de salaire<\/strong><\/li>\n<\/ul>\n<p>Selon la situation personnelle de chacun, d&rsquo;autres documents peuvent \u00eatre demand\u00e9s. Par exemple, un alternant devra fournir un certificat de scolarit\u00e9.<\/p>\n<h2>O\u00f9 adresser sa demande de prime d&rsquo;activit\u00e9 en tant qu&rsquo;\u00e9tranger ?<\/h2>\n<p>La demande de prime d&rsquo;activit\u00e9 pour un \u00e9tranger doit \u00eatre effectu\u00e9 \u00e0 un des deux organismes de l&rsquo;Etat :<\/p>\n<ul>\n<li>La Caisse d&rsquo;Allocations Familiales (CAF)<\/li>\n<li>La Mutuelle Sociale Agricole (MSA) pour les travailleurs agricoles<\/li>\n<\/ul>\n<p>La demande peut \u00eatre r\u00e9alis\u00e9 en ligne directement sur l&rsquo;espace personnel du site de la CAF ou de la MSA. La d\u00e9marche peut aussi se faire directement dans une des agences de l&rsquo;organisme de l&rsquo;Etat dont le demandeur d\u00e9pend.<\/p>\n<h2>Les difficult\u00e9s rencontr\u00e9es des \u00e9trangers<\/h2>\n<p>M\u00eame si la prime d&rsquo;activit\u00e9 est ouverte aux \u00e9trangers sous certaines conditions, les d\u00e9marches pour en faire la demande peuvent \u00eatre plus complexes pour eux.<\/p>\n<p>En effet, ils ne connaissent pas bien les droits et les proc\u00e9dures de l&rsquo;Etat fran\u00e7ais. De plus, la barri\u00e8re de la langue peut \u00eatre un frein cons\u00e9quent. On peut aussi citer la difficult\u00e9 \u00e0 rassembler tous les justificatifs requis qui peuvent \u00eatre nombreux.<\/p>\n<p>Tous ces \u00e9l\u00e9ments sont autant d&rsquo;obstacles qui peuvent freiner la demande de prime d&rsquo;activit\u00e9.<\/p>\n<p>Sans oublier que les changements r\u00e9guliers de la l\u00e9gislation et les sp\u00e9cificit\u00e9s li\u00e9es \u00e0 chaque situation individuelle peuvent rendre le processus encore plus compliqu\u00e9.<\/p>\n<h2>Se faire aider pour constituer sa demande de prime d&rsquo;activit\u00e9 quand on est \u00e9tranger<\/h2>\n<p>Heureusement, <strong>un \u00e9tranger peut demander de l&rsquo;aide pour r\u00e9aliser sa demande.<\/strong><\/p>\n<p>En effet, le demandeur peut se tourner vers la CAF ou la MSA. Ces organismes mettent \u00e0 disposition des conseillers sp\u00e9cialis\u00e9s pour guider ceux qui le veulent dans leurs d\u00e9marches.<\/p>\n<p>De plus, les associations d&rsquo;aide aux \u00e9trangers peuvent \u00e9galement leur apporter un soutien pr\u00e9cieux en leur fournissant des informations claires. Ces associations peuvent aussi aider les demandeurs \u00e0 rassembler les pi\u00e8ces justificatives n\u00e9cessaires.<\/p>\n<div class='cta-block'><div class='text'>Simulez toutes vos aides en 2 min.<\/div><a href='https:\/\/www.mes-allocs.fr\/ab-app?origin=guides\/wp-json\/wp\/v2\/posts\/85807' class='app-button fit'>Simulation gratuite<\/a><\/div>\n","protected":false},"excerpt":{"rendered":"<p>La prime d\u2019activit\u00e9 est un compl\u00e9ment de revenus s\u2019adressant aux travailleurs percevant des revenus modestes. Elle remplace depuis 2016 le revenu de solidarit\u00e9 active (RSA-activit\u00e9) et la prime pour l\u2019emploi (PFE). Mais la prime d&rsquo;activit\u00e9 pour les \u00e9trangers est-elle possible ? Dans cet article, on r\u00e9pond \u00e0 toutes vos questions et on vous aide \u00e0 [&hellip;]<\/p>\n","protected":false},"author":30,"featured_media":85811,"comment_status":"open","ping_status":"open","sticky":false,"template":"","format":"standard","meta":{"amp_status":"","footnotes":""},"categories":[40871],"tags":[],"class_list":["post-85807","post","type-post","status-publish","format-standard","has-post-thumbnail","hentry","category-aide-etranger"],"yoast_head":"<!-- This site is optimized with the Yoast SEO plugin v14.9 - https:\/\/yoast.com\/wordpress\/plugins\/seo\/ -->\n<title>A-t-on droit \u00e0 la prime d\u2019activit\u00e9 quand on est \u00e9tranger ?| Mes-Allocs.fr<\/title>\n<meta name=\"description\" content=\"La prime d&#039;activit\u00e9 est une aide vers\u00e9e aux actifs. Mais un \u00e9tranger a-t-il droit \u00e0 cette aide sociale ? On vous r\u00e9pond !\" \/>\n<meta name=\"robots\" content=\"index, follow, max-snippet:-1, max-image-preview:large, max-video-preview:-1\" \/>\n<link rel=\"canonical\" href=\"https:\/\/www.mes-allocs.fr\/guides\/aide-etranger\/prime-activite-etranger\/\" \/>\n<meta property=\"og:locale\" content=\"fr_FR\" \/>\n<meta property=\"og:type\" content=\"article\" \/>\n<meta property=\"og:title\" content=\"A-t-on droit \u00e0 la prime d\u2019activit\u00e9 quand on est \u00e9tranger ?| Mes-Allocs.fr\" \/>\n<meta property=\"og:description\" content=\"La prime d&#039;activit\u00e9 est une aide vers\u00e9e aux actifs. Mais un \u00e9tranger a-t-il droit \u00e0 cette aide sociale ? On vous r\u00e9pond !\" \/>\n<meta property=\"og:url\" content=\"https:\/\/www.mes-allocs.fr\/guides\/aide-etranger\/prime-activite-etranger\/\" \/>\n<meta property=\"og:site_name\" content=\"Mes-Allocs.fr\" \/>\n<meta property=\"article:published_time\" content=\"2024-11-26T17:38:25+00:00\" \/>\n<meta property=\"article:modified_time\" content=\"2026-04-22T09:51:10+00:00\" \/>\n<meta property=\"og:image\" content=\"https:\/\/www.mes-allocs.fr\/guides\/wp-content\/uploads\/2024\/11\/prime-d-activite-etranger.jpg?wsr\" \/>\n\t<meta property=\"og:image:width\" content=\"1280\" \/>\n\t<meta property=\"og:image:height\" content=\"853\" \/>\n<meta name=\"twitter:card\" content=\"summary_large_image\" \/>\n<script type=\"application\/ld+json\" class=\"yoast-schema-graph\">{\"@context\":\"https:\/\/schema.org\",\"@graph\":[{\"@type\":\"WebSite\",\"@id\":\"https:\/\/www.mes-allocs.fr\/guides\/#website\",\"url\":\"https:\/\/www.mes-allocs.fr\/guides\/\",\"name\":\"Mes-Allocs.fr\",\"description\":\"\",\"potentialAction\":[{\"@type\":\"SearchAction\",\"target\":\"https:\/\/www.mes-allocs.fr\/guides\/?s={search_term_string}\",\"query-input\":\"required name=search_term_string\"}],\"inLanguage\":\"fr-FR\"},{\"@type\":\"ImageObject\",\"@id\":\"https:\/\/www.mes-allocs.fr\/guides\/aide-etranger\/prime-activite-etranger\/#primaryimage\",\"inLanguage\":\"fr-FR\",\"url\":\"https:\/\/www.mes-allocs.fr\/guides\/wp-content\/uploads\/2024\/11\/prime-d-activite-etranger.jpg?wsr\",\"width\":1280,\"height\":853,\"caption\":\"prime d activite etranger\"},{\"@type\":\"WebPage\",\"@id\":\"https:\/\/www.mes-allocs.fr\/guides\/aide-etranger\/prime-activite-etranger\/#webpage\",\"url\":\"https:\/\/www.mes-allocs.fr\/guides\/aide-etranger\/prime-activite-etranger\/\",\"name\":\"A-t-on droit \\u00e0 la prime d\\u2019activit\\u00e9 quand on est \\u00e9tranger ?| Mes-Allocs.fr\",\"isPartOf\":{\"@id\":\"https:\/\/www.mes-allocs.fr\/guides\/#website\"},\"primaryImageOfPage\":{\"@id\":\"https:\/\/www.mes-allocs.fr\/guides\/aide-etranger\/prime-activite-etranger\/#primaryimage\"},\"datePublished\":\"2024-11-26T17:38:25+00:00\",\"dateModified\":\"2026-04-22T09:51:10+00:00\",\"author\":{\"@id\":\"https:\/\/www.mes-allocs.fr\/guides\/#\/schema\/person\/66505fe443d6e6f3696c5af001f3fab8\"},\"description\":\"La prime d'activit\\u00e9 est une aide vers\\u00e9e aux actifs. Mais un \\u00e9tranger a-t-il droit \\u00e0 cette aide sociale ? On vous r\\u00e9pond !\",\"inLanguage\":\"fr-FR\"},{\"@type\":\"Person\",\"@id\":\"https:\/\/www.mes-allocs.fr\/guides\/#\/schema\/person\/66505fe443d6e6f3696c5af001f3fab8\",\"name\":\"Lauriane Oriol\",\"image\":{\"@type\":\"ImageObject\",\"@id\":\"https:\/\/www.mes-allocs.fr\/guides\/#personlogo\",\"inLanguage\":\"fr-FR\",\"url\":\"https:\/\/www.mes-allocs.fr\/guides\/wp-content\/uploads\/2024\/10\/1702589802731-1-150x150.jpeg\",\"caption\":\"Lauriane Oriol\"},\"description\":\"Lauriane est r\\u00e9dactrice chez Mes Allocs. Sp\\u00e9cialiste des d\\u00e9marches administratives, elle rejoint Mes Allocs apr\\u00e8s une premi\\u00e8re exp\\u00e9rience en marketing et communication.\"}]}<\/script>\n<!-- \/ Yoast SEO plugin. -->","amp_validity":null,"acf":{"faq":{"1":{"question":"Est-ce qu'un \u00e9tranger peut toucher la prime d'activit\u00e9 ?","answer":"La r\u00e9ponse est oui sous certaines conitions."},"2":{"question":"Qui n'a pas le droit \u00e0 la prime d'activit\u00e9 ?","answer":"Vous ne pourrez pas b\u00e9n\u00e9ficier de la prime d'activit\u00e9 si vous \u00eates : salari\u00e9 envoy\u00e9 en France par son employeur pour une dur\u00e9e d\u00e9termin\u00e9e ou travaillant temporairement en France pour le compte de son employeur."},"3":{"question":"Quelles sont les conditions pour b\u00e9n\u00e9ficier de la prime d'activit\u00e9 ?","answer":"De nombbreuses conditions s'appliquent mais on peut citer : avoir plus de 18 ans, habiter en France de fa\u00e7on stable (au moins 9 mois dans l'ann\u00e9e) et avoir une activit\u00e9 professionnelle ou \u00eatre indemnis\u00e9.e au titre du ch\u00f4mage partiel\/technique."},"4":{"question":"Puis-je toucher la Caf \u00e0 l'\u00e9tranger ?","answer":"Vous devez ouvrir un dossier aupr\u00e8s de votre Caf \u00e9trang\u00e8re et lui fournir une attestation de non-paiement de la France."},"5":{"question":"","answer":""},"6":{"question":"","answer":""},"7":{"question":"","answer":""},"8":{"question":"","answer":""},"9":{"question":"","answer":""},"10":{"question":"","answer":""},"11":{"question":"","answer":""},"12":{"question":"","answer":""},"13":{"question":"","answer":""},"14":{"question":"","answer":""},"15":{"question":"","answer":""},"16":{"question":"","answer":""}}},"_links":{"self":[{"href":"https:\/\/www.mes-allocs.fr\/guides\/wp-json\/wp\/v2\/posts\/85807","targetHints":{"allow":["GET"]}}],"collection":[{"href":"https:\/\/www.mes-allocs.fr\/guides\/wp-json\/wp\/v2\/posts"}],"about":[{"href":"https:\/\/www.mes-allocs.fr\/guides\/wp-json\/wp\/v2\/types\/post"}],"author":[{"embeddable":true,"href":"https:\/\/www.mes-allocs.fr\/guides\/wp-json\/wp\/v2\/users\/30"}],"replies":[{"embeddable":true,"href":"https:\/\/www.mes-allocs.fr\/guides\/wp-json\/wp\/v2\/comments?post=85807"}],"version-history":[{"count":18,"href":"https:\/\/www.mes-allocs.fr\/guides\/wp-json\/wp\/v2\/posts\/85807\/revisions"}],"predecessor-version":[{"id":97928,"href":"https:\/\/www.mes-allocs.fr\/guides\/wp-json\/wp\/v2\/posts\/85807\/revisions\/97928"}],"wp:featuredmedia":[{"embeddable":true,"href":"https:\/\/www.mes-allocs.fr\/guides\/wp-json\/wp\/v2\/media\/85811"}],"wp:attachment":[{"href":"https:\/\/www.mes-allocs.fr\/guides\/wp-json\/wp\/v2\/media?parent=85807"}],"wp:term":[{"taxonomy":"category","embeddable":true,"href":"https:\/\/www.mes-allocs.fr\/guides\/wp-json\/wp\/v2\/categories?post=85807"},{"taxonomy":"post_tag","embeddable":true,"href":"https:\/\/www.mes-allocs.fr\/guides\/wp-json\/wp\/v2\/tags?post=85807"}],"curies":[{"name":"wp","href":"https:\/\/api.w.org\/{rel}","templated":true}]}}