{"id":85713,"date":"2024-11-25T18:46:35","date_gmt":"2024-11-25T16:46:35","guid":{"rendered":"https:\/\/www.mes-allocs.fr\/guides\/?p=85713"},"modified":"2026-04-22T10:51:12","modified_gmt":"2026-04-22T09:51:12","slug":"prime-13e-mois","status":"publish","type":"post","link":"https:\/\/www.mes-allocs.fr\/guides\/aides-sociales\/prime-13e-mois\/","title":{"rendered":"Prime de 13\u00e8me mois en 2026 : conditions, montants, d\u00e9marches"},"content":{"rendered":"<p><img loading=\"lazy\" decoding=\"async\" class=\"alignnone wp-image-85919 size-full\" title=\"prime e mois\" src=\"https:\/\/www.mes-allocs.fr\/guides\/wp-content\/uploads\/2024\/11\/prime-13e-mois-e1732551856518.png\" alt=\"prime e mois\" width=\"1280\" height=\"336\" srcset=\"https:\/\/www.mes-allocs.fr\/guides\/wp-content\/uploads\/2024\/11\/prime-13e-mois-e1732551856518.png 1280w, https:\/\/www.mes-allocs.fr\/guides\/wp-content\/uploads\/2024\/11\/prime-13e-mois-e1732551856518-300x79.png 300w, https:\/\/www.mes-allocs.fr\/guides\/wp-content\/uploads\/2024\/11\/prime-13e-mois-e1732551856518-1024x269.png 1024w, https:\/\/www.mes-allocs.fr\/guides\/wp-content\/uploads\/2024\/11\/prime-13e-mois-e1732551856518-768x202.png 768w, https:\/\/www.mes-allocs.fr\/guides\/wp-content\/uploads\/2024\/11\/prime-13e-mois-e1732551856518-600x158.png 600w\" sizes=\"auto, (max-width: 1280px) 100vw, 1280px\" \/><\/p>\n<p>[Mis \u00e0 jour le 31\/03\/2026] La prime de 13\u00e8me mois est un compl\u00e9ment de salaire tr\u00e8s attendu par de nombreux salari\u00e9s. Il ne s&rsquo;agit pas \u00e0 proprement parler d&rsquo;une <a href=\"https:\/\/www.mes-allocs.fr\/guides\/aides-sociales\/\">aide sociale<\/a>, mais c&rsquo;est un v\u00e9ritable coup de pouce financier en fin d&rsquo;ann\u00e9e. Mais qu&rsquo;est-ce que la <strong>prime de 13e mois<\/strong> ? Quelles sont les conditions pour en b\u00e9n\u00e9ficier ? Quel montant peut esp\u00e9rer un salari\u00e9 ? Et quelles sont les d\u00e9marches \u00e0 effectuer ? Dans cet article, on r\u00e9pond \u00e0 toutes vos questions et on vous aide \u00e0 y voir plus clair.<\/p>\n<div class='cta-block'><div class='text'>Simulez toutes vos aides en 2 min.<\/div><a href='https:\/\/www.mes-allocs.fr\/ab-app?origin=guides\/wp-json\/wp\/v2\/posts\/85713' class='app-button fit'>Simulation gratuite<\/a><\/div>\n<h1>Qu&rsquo;est-ce que la prime de 13e mois ?<\/h1>\n<p><strong>La prime de 13e mois est une somme d&rsquo;argent vers\u00e9e en compl\u00e9ment du salaire annuel<\/strong>. Cette r\u00e9mun\u00e9ration est vers\u00e9e de l&#8217;employeur \u00e0 ses salari\u00e9s.<\/p>\n<p>La prime de 13e mois est diff\u00e9rente de l&rsquo;int\u00e9ressement et de la participation. En effet, c&rsquo;est un droit acquis qui n&rsquo;est pas li\u00e9 aux r\u00e9sultats de l&rsquo;entreprise, il est fixe.<\/p>\n<p>La prime de 13e mois est consid\u00e9r\u00e9e comme un \u00e9l\u00e9ment de r\u00e9mun\u00e9ration \u00e0 part enti\u00e8re. <strong>Cette prime est donc soumise aux cotisations sociales et \u00e0 l&rsquo;imp\u00f4t sur le revenu.<\/strong><\/p>\n<p>De plus, il est important de noter que le versement de la prime de 13e mois n&rsquo;est <strong>pas obligatoire<\/strong>. En effet, cela d\u00e9pend des accords collectifs ou individuels mis en place et de la d\u00e9cision de l&#8217;employeur. Vu que ce n&rsquo;est pas le Code du travail qui pr\u00e9voit la prime de 13\u00e8me mois, elle n\u2019est pas obligatoire.<\/p>\n<h1>Est-ce obligatoire de verser un 13e mois de salaire \u00e0 ses salari\u00e9s ?<\/h1>\n<p><strong>La r\u00e9ponse est non.<\/strong> Contrairement \u00e0 certains pays, le versement d&rsquo;un 13e mois de salaire n&rsquo;est pas une obligation l\u00e9gale. En effet, le Code du travail fran\u00e7ais ne pr\u00e9voit rien.<\/p>\n<p>Cependant, <strong>plusieurs facteurs peuvent rendre cette prime obligatoire<\/strong>. En effet, si le 13e mois est indiqu\u00e9 dans la convention collective de l&rsquo;entreprise, dans les accords d&rsquo;entreprise ou sur le contrat de travail, alors le <a href=\"https:\/\/www.mes-allocs.fr\/guides\/aides-sociales\/prime-13e-mois\/13e-mois-obligatoire\/\">13e mois est obligatoire<\/a>.<\/p>\n<h1>Quels sont les salari\u00e9s concern\u00e9s par le versement d&rsquo;une prime de 13e mois ?<\/h1>\n<p>On peut se demander qui sont les salari\u00e9s qui ont droit \u00e0 la prime de 13e mois.<\/p>\n<p><strong>Si la convention collective ou le contrat de travail pr\u00e9voit le versement de la prime alors tous les employ\u00e9s y ont droit.<\/strong> En effet, cela comprend :<\/p>\n<ul>\n<li><strong>Les salari\u00e9s en CDI (\u00e0 temps plein ou \u00e0 temps partiel)<\/strong><\/li>\n<li><strong>Les salari\u00e9s en CDD (\u00e0 temps plein ou \u00e0 temps partiel)<\/strong><\/li>\n<li><strong>Les salari\u00e9s en int\u00e9rim<\/strong><\/li>\n<li><strong>Les salari\u00e9s en alternance<\/strong><\/li>\n<\/ul>\n<p>En d&rsquo;autres termes, tous les types de contrat de travail peuvent en b\u00e9n\u00e9ficier sous r\u00e9serve de respecter les conditions fix\u00e9es par l&#8217;employeur.<\/p>\n<p>L&rsquo;attribution de la prime de 13e mois doit n\u00e9anmoins <strong>\u00eatre mentionn\u00e9e dans un de ces deux \u00e9l\u00e9ments : les accords collectifs et les contrats de travail.<\/strong><\/p>\n<h2>Le r\u00f4le de la convention collective<\/h2>\n<p>La convention collective joue un r\u00f4le primordial dans la d\u00e9termination des droits des salari\u00e9s \u00e0 la prime de 13e mois. En effet, si une convention collective pr\u00e9voit son versement alors tous les employ\u00e9s de l&rsquo;entreprise y sont \u00e9ligibles. <strong>L&#8217;employeur peut rajouter des conditions, la loi l&rsquo;y autorise.<\/strong><\/p>\n<p>Les accords collectifs sont des documents qui pr\u00e9cisent tout ce qu&rsquo;il faut savoir sur cette prime : les modalit\u00e9s de calcul du 13e mois, les employ\u00e9s concern\u00e9s, la date de versement etc.<\/p>\n<p>Si vous voulez conna\u00eetre vos droits, vous pouvez vous r\u00e9f\u00e9rez \u00e0 la convention collective de votre entreprise pour conna\u00eetre vos droits de prime de 13e mois.<\/p>\n<h2>Le contrat de travail individuel<\/h2>\n<p>Un autre document important est le contrat de travail individuel. En effet, ce contrat est le premier document \u00e0 consulter pour d\u00e9terminer si vous avez droit \u00e0 la prime de 13e mois.<\/p>\n<p>Mais attention, il est important de savoir que <strong>si la prime de 13e mois est mentionn\u00e9e dans le contrat, le salari\u00e9 en b\u00e9n\u00e9ficie automatiquement<\/strong>. Bien sur, c&rsquo;est sous r\u00e9serve de respecter les conditions d&rsquo;anciennet\u00e9 ou de pr\u00e9sence que peut avoir d\u00e9cid\u00e9 l&#8217;employeur.<\/p>\n<p>En effet, <strong>lorsque le 13e mois est pr\u00e9vu dans le contrat de travail, il n\u2019est plus consid\u00e9r\u00e9 comme une prime exceptionnelle. Ce qui veut dire que son versement constitue une partie du salaire \u00e0 verser \u00e0 l&#8217;employ\u00e9 concern\u00e9.<\/strong><\/p>\n<div class='cta-block'><div class='text'>Simulez toutes vos aides en 2 min.<\/div><a href='https:\/\/www.mes-allocs.fr\/ab-app?origin=guides\/wp-json\/wp\/v2\/posts\/85713' class='app-button fit'>Simulation gratuite<\/a><\/div>\n<h1>Existe-t-il des conditions d&rsquo;anciennet\u00e9 pour b\u00e9n\u00e9ficier de la prime de 13e mois ?<\/h1>\n<p>Des conditions peuvent \u00eatre exig\u00e9es par l&#8217;employeur pour pouvoir b\u00e9n\u00e9ficier de la prime de 13e mois.<\/p>\n<p><strong>Les conditions sont souvent li\u00e9es \u00e0 l&rsquo;anciennet\u00e9 ou le temps de pr\u00e9sence effectif. Mais, il peut y avoir d&rsquo;autres conditions. En effet, la loi autorise l&#8217;employeur a vers\u00e9 le 13e mois uniquement aux cadres, ou au contraire aux non-cadres.<\/strong><\/p>\n<p>Ainsi, certaines entreprises peuvent fixer un seuil d&rsquo;anciennet\u00e9 minimal pour ouvrir droit \u00e0 la prime, tandis que d&rsquo;autres peuvent l&rsquo;accorder \u00e0 tous les salari\u00e9s (quel que soit leur anciennet\u00e9).<\/p>\n<p>Les conditions d&rsquo;\u00e9ligibilit\u00e9 \u00e0 la prime de 13e mois ne sont pas les m\u00eames d&rsquo;une entreprise \u00e0 une autre.<\/p>\n<p>Pour s&rsquo;assurer des conditions que l&#8217;employeur a fix\u00e9, il vous faut consulter les textes en vigueur au sein de son entreprise.<\/p>\n<h1>Les cas particuliers pour le paiement d&rsquo;un 13e mois<\/h1>\n<h2>Quelle est l&rsquo;incidence d&rsquo;un arr\u00eat maladie ou pour accident du travail sur la prime de 13\u1d49 mois ?<\/h2>\n<p>Les arr\u00eats maladie ou les arr\u00eats pour accident du travail peuvent avoir une incidence sur le montant de la prime de 13\u1d49 mois.<\/p>\n<p>En effet, la plupart du temps, le 13e mois est calcul\u00e9 au prorata du temps de travail effectif durant l&rsquo;ann\u00e9e. <strong>Ce qui veut dire qu&rsquo;un salari\u00e9 absent pendant une longue p\u00e9riode pour une maladie ou pour accident du travail peut voir le montant de sa prime r\u00e9duit. Le montant peut \u00eatre vu \u00e0 la baisse proportionnellement aux jours d&rsquo;absence.<\/strong><\/p>\n<p><strong>Mais attention<\/strong>, ce n&rsquo;est pas toujours le cas, les conventions collectives et les accords d&rsquo;entreprise peuvent apporter des nuances sur ces cas particuliers. Certaines entreprises consid\u00e8rent les absences pour maladie professionnelle ou accident du travail comme du temps de travail effectif.<\/p>\n<p>Nous vous conseillons de consulter la convention collective de votre entreprise ou de regarder votre contrat de travail pour conna\u00eetre les modalit\u00e9s pr\u00e9cises.<\/p>\n<h2>13\u1d49 mois et d\u00e9mission en cours d&rsquo;ann\u00e9e : un versement au prorata du temps de pr\u00e9sence<\/h2>\n<p>En g\u00e9n\u00e9ral, si le contrat de travail ou la convention collective ne pr\u00e9voit pas de conditions particuli\u00e8res, <strong>le salari\u00e9 d\u00e9missionnaire a droit au paiement de sa prime de 13\u1d49 mois au prorata du temps de pr\u00e9sence effectif dans l&rsquo;entreprise durant l&rsquo;ann\u00e9e en cours.<\/strong><\/p>\n<p>Ce principe du prorata est appliqu\u00e9 pour garantir une \u00e9quit\u00e9 entre les salari\u00e9s.<\/p>\n<p>Cependant, nous vous conseillons fortement de <strong>consulter les clauses de votre contrat de travail et de la convention collective<\/strong>. En effet, certaines entreprises peuvent imposer des conditions sp\u00e9cifiques (une anciennet\u00e9 minimale requise par exemple).<\/p>\n<p><iframe loading=\"lazy\" src=\"\/\/www.youtube.com\/embed\/djWBjy-Kn84\" width=\"560\" height=\"314\" allowfullscreen=\"allowfullscreen\"><\/iframe><\/p>\n<h1>Comment est calcul\u00e9e la prime de 13e mois ?<\/h1>\n<p><strong>Le <a href=\"https:\/\/www.mes-allocs.fr\/guides\/aides-sociales\/prime-13e-mois\/calcul-13eme-mois\/\">calcul de la prime de 13e mois<\/a> peut varier<\/strong> en fonction des accords d&rsquo;entreprise ou des contrats de travail individuels. Ce qui veut dire que tout peut changer d&rsquo;une entreprise \u00e0 l&rsquo;autre.<\/p>\n<p>Le plus souvent, elle correspond \u00e0 un mois de salaire complet. <strong>La prime peut prendre la forme :<\/strong><\/p>\n<ul>\n<li><strong>D&rsquo;un salaire mensuel brut de base<\/strong><\/li>\n<li><strong>De la moyenne des salari\u00e9s de l&rsquo;ann\u00e9e<\/strong><\/li>\n<\/ul>\n<p>Si le 13\u00e8me mois est calcul\u00e9e suivant la moyenne des salaires de l\u2019ann\u00e9e, on parle alors de calcul du <strong>13e mois liss\u00e9 sur 12 mois. <\/strong><\/p>\n<p><strong>Attention,<\/strong> il faut noter que les absences peuvent avoir un impact sur le montant de la prime surtout que la prime est calcul\u00e9e au prorata du temps de pr\u00e9sence effectif au cours de l&rsquo;ann\u00e9e. Les jours de cong\u00e9s pay\u00e9s, de maladie ou de RTT sont pris en compte pour le calcul. Cependant, les absences injustifi\u00e9es peuvent entra\u00eener une diminution du montant de la prime.<\/p>\n<p>Dans tous les cas, il convient de se r\u00e9f\u00e9rer au texte qui a instaur\u00e9 la prime de 13e mois pour conna\u00eetre le calcul.<\/p>\n<p><em>Exemple : Samuel a une r\u00e9mun\u00e9ration mensuelle de 1 700 \u20ac. Samuel percevra 22 100 \u20ac de salaire en un an (1 700 \u20ac x 13) au lieu de 20.400 euros (1 700 \u20ac x 12). En effet, ce calcul correspond au 13e mois liss\u00e9.<\/em><\/p>\n<h1>Les modalit\u00e9s de versement du 13e mois<\/h1>\n<p>Les modalit\u00e9s de <a href=\"https:\/\/www.mes-allocs.fr\/guides\/aides-sociales\/prime-13e-mois\/versement-13eme-mois\/\">versement de la prime de 13e mois<\/a> ne sont pas les m\u00eames d&rsquo;une entreprise \u00e0 une autre.<\/p>\n<p>Mais dans la plupart des cas, la prime de 13e mois est vers\u00e9e une fois par an. Ce versement peut arriver :<\/p>\n<ul>\n<li><strong>En fin d&rsquo;ann\u00e9e (d\u00e9cembre)<\/strong><\/li>\n<li><strong>Au d\u00e9but de la nouvelle ann\u00e9e (janvier)<\/strong><\/li>\n<li><strong>Suivant l&rsquo;exercice comptable de l&rsquo;entreprise<\/strong><\/li>\n<\/ul>\n<p>Cependant, certaines entreprises peuvent choisir de verser cette prime en plusieurs fois.<\/p>\n<p>Le versement se fait de la m\u00eame mani\u00e8re que le salaire (par virement bancaire).<\/p>\n<p>Les modalit\u00e9s de versement sont d\u00e9finies soit dans la convention collective soit dans le contrat de travail de l&#8217;employ\u00e9 (bulletin de paie ou documents contractuels).<\/p>\n<h1>Quelles sont les d\u00e9marches \u00e0 entreprendre pour b\u00e9n\u00e9ficier de la prime de 13e mois ?<\/h1>\n<p>Pour b\u00e9n\u00e9ficier de la prime de 13e mois, nous vous conseillons de suivre les conseils d\u00e9crits ci-dessous.<\/p>\n<h2>V\u00e9rifier les conditions d&rsquo;\u00e9ligibilit\u00e9 \u00e0 la prime de 13e mois<\/h2>\n<p>En premier lieu, vous devez v\u00e9rifier les <a href=\"https:\/\/www.mes-allocs.fr\/guides\/aides-sociales\/prime-13e-mois\/conditions-13eme-mois\/\">conditions d&rsquo;\u00e9ligibilit\u00e9 \u00e0 la prime de 13e mois<\/a> pour vous assurer d&rsquo;en b\u00e9n\u00e9ficier.<\/p>\n<p>Pour rappel, ces conditions sont pr\u00e9cis\u00e9es soit dans la convention collective de votre entreprise soit dans votre contrat de travail.<\/p>\n<h2>Se renseigner aupr\u00e8s de son employeur<\/h2>\n<p>Si vous avez le moindre doute ou que vous avez une question, vous pouvez vous adresser directement \u00e0 votre employeur. C&rsquo;est l&rsquo;interlocuteur qui conna\u00eet le mieux les modalit\u00e9s de versement de la prime de 13e mois au sein de son entreprise. Vous pouvez aussi vous adressez aux ressources humaines.<\/p>\n<p>En cas de doute ou de divergence, vous pouvez aussi formuler une demande \u00e9crite \u00e0 votre employeur pour obtenir une r\u00e9ponse claire et pr\u00e9cise par \u00e9crit. Vous aurez ainsi une trace \u00e9crite de l&rsquo;\u00e9change.<\/p>\n<h2>La prime de 13e mois est-elle imposable ?<\/h2>\n<p>Beaucoup se demandent : <a href=\"https:\/\/www.mes-allocs.fr\/guides\/aides-sociales\/prime-13e-mois\/13eme-mois-imposable%e2%80%8b\/\">le 13e mois est-il imposable<\/a> ?\u00a0 La r\u00e9ponse est oui. La prime de 13e mois est soumise \u00e0 l&rsquo;imp\u00f4t sur le revenu.<\/p>\n<p>En effet, cela est du au fait que la prime est consid\u00e9r\u00e9e comme un compl\u00e9ment de salaire. La prime de 13e mois est donc int\u00e9gr\u00e9e au revenu global imposable.<\/p>\n<h1>Quels sont les avantages et inconv\u00e9nients d\u2019un 13\u00e8me mois ?<\/h1>\n<p>Le 13e mois pr\u00e9sente des avantages et des inconv\u00e9nients \u00e0 la fois pour l&#8217;employeur et pour les employ\u00e9s.<\/p>\n<p>Les avantages sont souvent les suivants :<\/p>\n<ul>\n<li>Un compl\u00e9ment de revenu non n\u00e9gligeable pour les salari\u00e9s<\/li>\n<li>Une contribuer \u00e0 am\u00e9liorer le pouvoir d&rsquo;achat et le sentiment de reconnaissance des employ\u00e9s<\/li>\n<li>Un outil de motivation pour les employeurs qui fid\u00e9lisent leurs \u00e9quipes<\/li>\n<\/ul>\n<p>Mais, le 13e mois a aussi des inconv\u00e9nients :<\/p>\n<ul>\n<li>Un co\u00fbt suppl\u00e9mentaire pour l&rsquo;entreprise<\/li>\n<li>Le fait que la prime soit non obligatoire<\/li>\n<li>Une injustice\/in\u00e9galit\u00e9 suivant les modalit\u00e9s de calcul<\/li>\n<\/ul>\n<h1>Quelle diff\u00e9rence entre le 13e mois et la prime de fin d\u2019ann\u00e9e ?<\/h1>\n<p>Les termes \u00ab\u00a013e mois\u00a0\u00bb et \u00ab\u00a0prime de fin d&rsquo;ann\u00e9e\u00a0\u00bb sont souvent utilis\u00e9s comme \u00e9tant des synonymes. Pourtant, ces primes ne sont pas les m\u00eames.<\/p>\n<p>Le 13e mois correspond \u00e0 une somme vers\u00e9e au salari\u00e9 \u00e9quivalente \u00e0 un mois de salaire. Le 13e mois est calcul\u00e9 sur la base de la moyenne des salaires per\u00e7us au cours de l&rsquo;ann\u00e9e.<\/p>\n<p>La prime de fin d&rsquo;ann\u00e9e, quant \u00e0 elle, est une somme vers\u00e9e en fin d&rsquo;ann\u00e9e, mais son montant et les conditions d&rsquo;attribution peuvent varier d&rsquo;une entreprise \u00e0 l&rsquo;autre. Elle peut \u00eatre sup\u00e9rieure ou inf\u00e9rieure \u00e0 un mois de salaire. De plus, la prime de fin d&rsquo;ann\u00e9e n&rsquo;est pas syst\u00e9matiquement vers\u00e9e.<\/p>\n<div class='cta-block'><div class='text'>Simulez toutes vos aides en 2 min.<\/div><a href='https:\/\/www.mes-allocs.fr\/ab-app?origin=guides\/wp-json\/wp\/v2\/posts\/85713' class='app-button fit'>Simulation gratuite<\/a><\/div>\n","protected":false},"excerpt":{"rendered":"<p>[Mis \u00e0 jour le 31\/03\/2026] La prime de 13\u00e8me mois est un compl\u00e9ment de salaire tr\u00e8s attendu par de nombreux salari\u00e9s. Il ne s&rsquo;agit pas \u00e0 proprement parler d&rsquo;une aide sociale, mais c&rsquo;est un v\u00e9ritable coup de pouce financier en fin d&rsquo;ann\u00e9e. Mais qu&rsquo;est-ce que la prime de 13e mois ? Quelles sont les conditions [&hellip;]<\/p>\n","protected":false},"author":30,"featured_media":85919,"comment_status":"open","ping_status":"open","sticky":false,"template":"","format":"standard","meta":{"amp_status":"","footnotes":""},"categories":[1411],"tags":[],"class_list":["post-85713","post","type-post","status-publish","format-standard","has-post-thumbnail","hentry","category-aides-sociales"],"yoast_head":"<!-- This site is optimized with the Yoast SEO plugin v14.9 - https:\/\/yoast.com\/wordpress\/plugins\/seo\/ -->\n<title>Prime 13e mois 2026 : conditions, montants, d\u00e9marches | Mes-Allocs.fr<\/title>\n<meta name=\"description\" content=\"Le 13e mois est un compl\u00e9ment de salaire. Mais quelles sont les conditions pour en b\u00e9n\u00e9ficier ? Comment est-il calcul\u00e9 ? On vous dit tout !\" \/>\n<meta name=\"robots\" content=\"index, follow, max-snippet:-1, max-image-preview:large, max-video-preview:-1\" \/>\n<link rel=\"canonical\" href=\"https:\/\/www.mes-allocs.fr\/guides\/aides-sociales\/prime-13e-mois\/\" \/>\n<meta property=\"og:locale\" content=\"fr_FR\" \/>\n<meta property=\"og:type\" content=\"article\" \/>\n<meta property=\"og:title\" content=\"Prime 13e mois 2026 : conditions, montants, d\u00e9marches | Mes-Allocs.fr\" \/>\n<meta property=\"og:description\" content=\"Le 13e mois est un compl\u00e9ment de salaire. Mais quelles sont les conditions pour en b\u00e9n\u00e9ficier ? Comment est-il calcul\u00e9 ? On vous dit tout !\" \/>\n<meta property=\"og:url\" content=\"https:\/\/www.mes-allocs.fr\/guides\/aides-sociales\/prime-13e-mois\/\" \/>\n<meta property=\"og:site_name\" content=\"Mes-Allocs.fr\" \/>\n<meta property=\"article:published_time\" content=\"2024-11-25T16:46:35+00:00\" \/>\n<meta property=\"article:modified_time\" content=\"2026-04-22T09:51:12+00:00\" \/>\n<meta property=\"og:image\" content=\"https:\/\/www.mes-allocs.fr\/guides\/wp-content\/uploads\/2024\/11\/prime-13e-mois-e1732551856518.png?wsr\" \/>\n\t<meta property=\"og:image:width\" content=\"1280\" \/>\n\t<meta property=\"og:image:height\" content=\"336\" \/>\n<meta name=\"twitter:card\" content=\"summary_large_image\" \/>\n<script type=\"application\/ld+json\" class=\"yoast-schema-graph\">{\"@context\":\"https:\/\/schema.org\",\"@graph\":[{\"@type\":\"WebSite\",\"@id\":\"https:\/\/www.mes-allocs.fr\/guides\/#website\",\"url\":\"https:\/\/www.mes-allocs.fr\/guides\/\",\"name\":\"Mes-Allocs.fr\",\"description\":\"\",\"potentialAction\":[{\"@type\":\"SearchAction\",\"target\":\"https:\/\/www.mes-allocs.fr\/guides\/?s={search_term_string}\",\"query-input\":\"required name=search_term_string\"}],\"inLanguage\":\"fr-FR\"},{\"@type\":\"ImageObject\",\"@id\":\"https:\/\/www.mes-allocs.fr\/guides\/aides-sociales\/prime-13e-mois\/#primaryimage\",\"inLanguage\":\"fr-FR\",\"url\":\"https:\/\/www.mes-allocs.fr\/guides\/wp-content\/uploads\/2024\/11\/prime-13e-mois-e1732551856518.png?wsr\",\"width\":1280,\"height\":336,\"caption\":\"prime e mois\"},{\"@type\":\"WebPage\",\"@id\":\"https:\/\/www.mes-allocs.fr\/guides\/aides-sociales\/prime-13e-mois\/#webpage\",\"url\":\"https:\/\/www.mes-allocs.fr\/guides\/aides-sociales\/prime-13e-mois\/\",\"name\":\"Prime 13e mois 2026 : conditions, montants, d\\u00e9marches | Mes-Allocs.fr\",\"isPartOf\":{\"@id\":\"https:\/\/www.mes-allocs.fr\/guides\/#website\"},\"primaryImageOfPage\":{\"@id\":\"https:\/\/www.mes-allocs.fr\/guides\/aides-sociales\/prime-13e-mois\/#primaryimage\"},\"datePublished\":\"2024-11-25T16:46:35+00:00\",\"dateModified\":\"2026-04-22T09:51:12+00:00\",\"author\":{\"@id\":\"https:\/\/www.mes-allocs.fr\/guides\/#\/schema\/person\/66505fe443d6e6f3696c5af001f3fab8\"},\"description\":\"Le 13e mois est un compl\\u00e9ment de salaire. Mais quelles sont les conditions pour en b\\u00e9n\\u00e9ficier ? Comment est-il calcul\\u00e9 ? On vous dit tout !\",\"inLanguage\":\"fr-FR\"},{\"@type\":\"Person\",\"@id\":\"https:\/\/www.mes-allocs.fr\/guides\/#\/schema\/person\/66505fe443d6e6f3696c5af001f3fab8\",\"name\":\"Lauriane Oriol\",\"image\":{\"@type\":\"ImageObject\",\"@id\":\"https:\/\/www.mes-allocs.fr\/guides\/#personlogo\",\"inLanguage\":\"fr-FR\",\"url\":\"https:\/\/www.mes-allocs.fr\/guides\/wp-content\/uploads\/2024\/10\/1702589802731-1-150x150.jpeg\",\"caption\":\"Lauriane Oriol\"},\"description\":\"Lauriane est r\\u00e9dactrice chez Mes Allocs. Sp\\u00e9cialiste des d\\u00e9marches administratives, elle rejoint Mes Allocs apr\\u00e8s une premi\\u00e8re exp\\u00e9rience en marketing et communication.\"}]}<\/script>\n<!-- \/ Yoast SEO plugin. -->","amp_validity":null,"acf":{"faq":{"1":{"question":"Comment se calcule la prime du 13e mois ?","answer":"Cette prime est calcul\u00e9e proportionnellement au temps de pr\u00e9sence effectif."},"2":{"question":"Quelles sont les conditions pour toucher le 13e mois ?","answer":"Les conditions de versement d\u00e9pendent des accords conclus entre l'employeur et les salari\u00e9s."},"3":{"question":"Quelle diff\u00e9rence entre prime de fin d'ann\u00e9e et 13\u00e8me mois ?","answer":"Le 13e mois est une gratification plus stable et pr\u00e9visible que la prime de fin d'ann\u00e9e qui est plus flexible et variable."},"4":{"question":"Quel est l'avantage d'\u00eatre pay\u00e9 sur 13 mois ?","answer":"Le 13e mois vous permet d'augmenter votre r\u00e9mun\u00e9ration de base annuelle de l'\u00e9quivalent d'un mois de salaire."},"5":{"question":"","answer":""},"6":{"question":"","answer":""},"7":{"question":"","answer":""},"8":{"question":"","answer":""},"9":{"question":"","answer":""},"10":{"question":"","answer":""},"11":{"question":"","answer":""},"12":{"question":"","answer":""},"13":{"question":"","answer":""},"14":{"question":"","answer":""},"15":{"question":"","answer":""},"16":{"question":"","answer":""}}},"_links":{"self":[{"href":"https:\/\/www.mes-allocs.fr\/guides\/wp-json\/wp\/v2\/posts\/85713","targetHints":{"allow":["GET"]}}],"collection":[{"href":"https:\/\/www.mes-allocs.fr\/guides\/wp-json\/wp\/v2\/posts"}],"about":[{"href":"https:\/\/www.mes-allocs.fr\/guides\/wp-json\/wp\/v2\/types\/post"}],"author":[{"embeddable":true,"href":"https:\/\/www.mes-allocs.fr\/guides\/wp-json\/wp\/v2\/users\/30"}],"replies":[{"embeddable":true,"href":"https:\/\/www.mes-allocs.fr\/guides\/wp-json\/wp\/v2\/comments?post=85713"}],"version-history":[{"count":19,"href":"https:\/\/www.mes-allocs.fr\/guides\/wp-json\/wp\/v2\/posts\/85713\/revisions"}],"predecessor-version":[{"id":111203,"href":"https:\/\/www.mes-allocs.fr\/guides\/wp-json\/wp\/v2\/posts\/85713\/revisions\/111203"}],"wp:featuredmedia":[{"embeddable":true,"href":"https:\/\/www.mes-allocs.fr\/guides\/wp-json\/wp\/v2\/media\/85919"}],"wp:attachment":[{"href":"https:\/\/www.mes-allocs.fr\/guides\/wp-json\/wp\/v2\/media?parent=85713"}],"wp:term":[{"taxonomy":"category","embeddable":true,"href":"https:\/\/www.mes-allocs.fr\/guides\/wp-json\/wp\/v2\/categories?post=85713"},{"taxonomy":"post_tag","embeddable":true,"href":"https:\/\/www.mes-allocs.fr\/guides\/wp-json\/wp\/v2\/tags?post=85713"}],"curies":[{"name":"wp","href":"https:\/\/api.w.org\/{rel}","templated":true}]}}