{"id":8568,"date":"2020-07-15T12:45:11","date_gmt":"2020-07-15T12:45:11","guid":{"rendered":"https:\/\/www.mes-allocs.fr\/guides\/?p=8568"},"modified":"2026-04-02T15:04:31","modified_gmt":"2026-04-02T14:04:31","slug":"prime-activite-et-conge-sans-solde","status":"publish","type":"post","link":"https:\/\/www.mes-allocs.fr\/guides\/prime-d-activite\/cumul-prime-activite\/prime-activite-et-conge-sans-solde\/","title":{"rendered":"Peut-on cumuler prime d&rsquo;activit\u00e9 et cong\u00e9 sans solde en 2026 ?"},"content":{"rendered":"<div class=\"brs_col\">\n<div class=\"brs_col\" style=\"text-align: justify;\"><strong><a href=\"https:\/\/www.mes-allocs.fr\/guides\/wp-content\/uploads\/2020\/07\/Peut-on-lier-prime-dactivite\u0301-et-conge\u0301-sans-solde-s.jpg\"><img loading=\"lazy\" decoding=\"async\" class=\"aligncenter wp-image-9479 size-full\" src=\"https:\/\/www.mes-allocs.fr\/guides\/wp-content\/uploads\/2020\/07\/Peut-on-lier-prime-dactivite\u0301-et-conge\u0301-sans-solde-s-e1594247087297.jpg\" alt=\"cumul prime d'activite\u0301 et conge\u0301 sans solde\" width=\"1280\" height=\"355\" srcset=\"https:\/\/www.mes-allocs.fr\/guides\/wp-content\/uploads\/2020\/07\/Peut-on-lier-prime-dactivite\u0301-et-conge\u0301-sans-solde-s-e1594247087297.jpg 1280w, https:\/\/www.mes-allocs.fr\/guides\/wp-content\/uploads\/2020\/07\/Peut-on-lier-prime-dactivite\u0301-et-conge\u0301-sans-solde-s-e1594247087297-300x83.jpg 300w, https:\/\/www.mes-allocs.fr\/guides\/wp-content\/uploads\/2020\/07\/Peut-on-lier-prime-dactivite\u0301-et-conge\u0301-sans-solde-s-e1594247087297-1024x284.jpg 1024w, https:\/\/www.mes-allocs.fr\/guides\/wp-content\/uploads\/2020\/07\/Peut-on-lier-prime-dactivite\u0301-et-conge\u0301-sans-solde-s-e1594247087297-768x213.jpg 768w, https:\/\/www.mes-allocs.fr\/guides\/wp-content\/uploads\/2020\/07\/Peut-on-lier-prime-dactivite\u0301-et-conge\u0301-sans-solde-s-e1594247087297-600x166.jpg 600w\" sizes=\"auto, (max-width: 1280px) 100vw, 1280px\" \/><\/a><\/strong><\/div>\n<div><\/div>\n<div class=\"brs_col\" style=\"text-align: justify;\">[Mis \u00e0 jour le 02\/04\/2026] Le cong\u00e9 sans solde est une p\u00e9riode non travaill\u00e9e que vous pouvez demander aupr\u00e8s de votre employeur. Elle n&rsquo;est pas r\u00e9mun\u00e9r\u00e9e. Ainsi, puisque la <a href=\"https:\/\/www.mes-allocs.fr\/guides\/prime-d-activite\/\">prime d&rsquo;activit\u00e9<\/a> compl\u00e8te le revenu des actifs, est-il possible de <a href=\"https:\/\/www.mes-allocs.fr\/guides\/prime-d-activite\/cumul-prime-dactivite\/\">cumuler<\/a> prime et cong\u00e9 sans solde en 2026 ?<strong><br \/>\n<\/strong><\/div>\n<div><\/div>\n<div>\n<div class='cta-block'><div class='text'>Simulez votre prime d&rsquo;activit\u00e9 en 2 min. <\/div><a href='https:\/\/www.mes-allocs.fr\/ab-app?origin=guides\/wp-json\/wp\/v2\/posts\/8568' class='app-button fit'>Simulation gratuite<\/a><\/div>\n<\/div>\n<div><\/div>\n<div>\n<hr \/>\n<\/div>\n<\/div>\n<h1>Qu&rsquo;est-ce que le cong\u00e9 sans solde ?<\/h1>\n<div id=\"intro\" class=\"lead\">\n<p style=\"text-align: justify;\">En tant que salari\u00e9, vous pouvez demander \u00e0 votre employeur \u00e0 b\u00e9n\u00e9ficier d&rsquo;un cong\u00e9 pour convenance personnelle. Il est non r\u00e9mun\u00e9r\u00e9 (sauf dans le cadre du compte \u00e9pargne-temps CET) et est commun\u00e9ment appel\u00e9 <span class=\"expression\">cong\u00e9 sans solde<\/span>.<\/p>\n<p style=\"text-align: justify;\">Votre employeur n&rsquo;est pas oblig\u00e9 de vous l&rsquo;accorder. Au terme de ce cong\u00e9, vous retrouvez :<\/p>\n<ul>\n<li style=\"text-align: justify;\">votre emploi pr\u00e9c\u00e9dent,<\/li>\n<li style=\"text-align: justify;\">ou un emploi similaire.<\/li>\n<\/ul>\n<\/div>\n<div class=\"fiche-item\">\n<div id=\"fiche-item-1\" class=\"fiche-item-content collapse in\" aria-hidden=\"false\">\n<p style=\"text-align: justify;\">Le cong\u00e9 sans solde peut \u00eatre pris pour :<\/p>\n<ul style=\"text-align: justify;\">\n<li>convenances personnelles,<\/li>\n<li>besoins professionnels (cr\u00e9er une nouvelle activit\u00e9, par exemple).<\/li>\n<\/ul>\n<p style=\"text-align: justify;\">Vous \u00eates tenu de respecter les dispositions relatives au cong\u00e9 sans solde, si elles sont pr\u00e9vues par une convention ou un accord collectif.<\/p>\n<\/div>\n<\/div>\n<div style=\"text-align: justify;\" aria-hidden=\"false\">Autrement, il est recommand\u00e9 de r\u00e9diger un document \u00e9crit, qui servira de preuve en cas de litige. Il peut mentionner les \u00e9l\u00e9ments suivants :<\/div>\n<div class=\"fiche-item\">\n<div id=\"fiche-item-2\" class=\"fiche-item-content collapse in\" aria-hidden=\"false\">\n<ul>\n<li style=\"text-align: justify;\"><strong>Dates pr\u00e9vues de d\u00e9but et de fin du cong\u00e9.<\/strong><\/li>\n<li style=\"text-align: justify;\"><strong>Possibilit\u00e9 de renouveler le cong\u00e9.<\/strong><\/li>\n<li style=\"text-align: justify;\"><strong>Conditions de retour du salari\u00e9 dans l&rsquo;entreprise.<\/strong><\/li>\n<\/ul>\n<h1>Est-il possible de cumuler la prime d&rsquo;activit\u00e9 et le cong\u00e9 sans solde ?<\/h1>\n<div id=\"foot\" role=\"navigation\">\n<p>Oui, vous pouvez tout \u00e0 fait cumuler ces deux aides : \u00ab\u00a0les personnes de plus de 18 ans en cong\u00e9 parental, sabbatique, sans solde ou en disponibilit\u00e9 peuvent en b\u00e9n\u00e9ficier sous certaines conditions\u00a0\u00bb, indique le site du service public.<\/p>\n<p>Vous devrez ainsi :<\/p>\n<\/div>\n<ul>\n<li>percevoir de faibles revenus professionnels,<\/li>\n<li>et r\u00e9sider en France de mani\u00e8re stable<\/li>\n<li>\u00catre fran\u00e7ais ou \u00e9tranger faisant partie de l&rsquo;espace \u00e9conomique europ\u00e9en<\/li>\n<li>Vous ne devez pas \u00eatre un travailleur d\u00e9tach\u00e9<\/li>\n<\/ul>\n<p>Les travailleurs ind\u00e9pendants peuvent \u00e9galement b\u00e9n\u00e9ficier de la prime d&rsquo;activit\u00e9, pour eux seul le chiffre d&rsquo;affaires net pr\u00e9c\u00e9dent la demande compte.<\/p>\n<p><strong>\u00c0 noter : Si vous percevez des prestations familiales, vous pouvez sous conditions b\u00e9n\u00e9ficier de la prime d&rsquo;activit\u00e9, en cas de changement de situation, vous devez en information votre organisme comp\u00e9tent (CAF ou MSA).<\/strong><\/p>\n<p>&nbsp;<\/p>\n<p>&nbsp;<\/p>\n<p><iframe loading=\"lazy\" title=\"La prime d&#039;activit\u00e9\" width=\"500\" height=\"281\" src=\"https:\/\/www.youtube.com\/embed\/uavbovK5ZXc?feature=oembed\" frameborder=\"0\" allow=\"accelerometer; autoplay; clipboard-write; encrypted-media; gyroscope; picture-in-picture; web-share\" referrerpolicy=\"strict-origin-when-cross-origin\" allowfullscreen><\/iframe><\/p>\n<\/div>\n<\/div>\n<p>&nbsp;<\/p>\n<h1>Qu&rsquo;est-ce que la prime d\u2019activit\u00e9 ?<\/h1>\n<p style=\"text-align: justify;\">En vigueur depuis le 1er janvier 2016, la prime d&rsquo;activit\u00e9 est un compl\u00e9ment de revenus. <span class=\"st\">La prime d&rsquo;activit\u00e9 remplace le RSA activit\u00e9 et la prime pour l&#8217;emploi.<\/span><\/p>\n<h2>Les conditions personnelles pour b\u00e9n\u00e9ficier de la prime d&rsquo;activit\u00e9<\/h2>\n<p style=\"text-align: justify;\">Elle est accord\u00e9e, sous conditions de ressources, aux :<\/p>\n<ul>\n<li style=\"text-align: justify;\">personnes majeures, salari\u00e9es et ind\u00e9pendantes,<\/li>\n<li style=\"text-align: justify;\">aux \u00e9tudiants salari\u00e9s,<\/li>\n<li>et apprentis.<\/li>\n<\/ul>\n<p>Environ 5 millions de Fran\u00e7ais b\u00e9n\u00e9ficient de cette aide aujourd&rsquo;hui.<\/p>\n<h2>Quel est le plafond de ressources pour la prime d&rsquo;activit\u00e9 ?<\/h2>\n<p>Le plafond prime d&rsquo;activit\u00e9 varie selon la composition de votre foyer.\u00a0<b><\/b><\/p>\n<div class='cta-block'><div class='text'>Simulez votre prime d&rsquo;activit\u00e9 en 2 min. <\/div><a href='https:\/\/www.mes-allocs.fr\/ab-app?origin=guides\/wp-json\/wp\/v2\/posts\/8568' class='app-button fit'>Simulation gratuite<\/a><\/div>\n<h1>Montants et calcul de la prime d&rsquo;activit\u00e9 en 2026<\/h1>\n<div class=\"sep-top sep-bottom\">\n<div class=\"card-section\">\n<div class=\"brs_col\">\n<div class=\"brs_col\">\n<div class=\"field field-name-body field-type-text-with-summary field-label-hidden\">\n<div class=\"brs_col\">\n<h2>Les primes qui ne sont pas comptabilis\u00e9es dans le calcul de la prime d&rsquo;activit\u00e9<\/h2>\n<ul>\n<li>prime \u00e0 la naissance ou \u00e0 l&rsquo;adoption ;<\/li>\n<li>allocation de rentr\u00e9e scolaire ;<\/li>\n<li>revenu de solidarit\u00e9 active (RSA) ;<\/li>\n<li>prestation de compensation du handicap (PCH) ;<\/li>\n<li>allocation d&rsquo;\u00e9ducation de l&rsquo;enfant handicap\u00e9 (AEEH).<\/li>\n<\/ul>\n<\/div>\n<\/div>\n<\/div>\n<\/div>\n<\/div>\n<\/div>\n<h2>La prime d&rsquo;activit\u00e9 est-elle revaloris\u00e9e en 2026 ?<\/h2>\n<p>L&rsquo;ensemble des aides sociales sont revaloris\u00e9es en avril de chaque ann\u00e9e. En avril 2026, la prime d&rsquo;activit\u00e9 a \u00e9t\u00e9 revaloris\u00e9e de 0,8%, portant son montant forfaitaire \u00e0 <strong>638,21 \u20ac pour une personne seule<\/strong>. La prime d&rsquo;activit\u00e9 sera revaloris\u00e9e en <strong>avril 2027<\/strong>.<\/p>\n<p data-start=\"0\" data-end=\"164\">Depuis le 1\u1d49\u02b3 mars 2025, la d\u00e9claration trimestrielle de l<strong>a prime d\u2019activit\u00e9 devient pr\u00e9-remplie<\/strong>, ce qui simplifie le processus. La CAF reprend automatiquement certaines informations \u00e0 partir des revenus d\u00e9clar\u00e9s auparavant, r\u00e9duisant ainsi les erreurs et acc\u00e9l\u00e9rant le traitement de votre demande. Toutefois, il reste important de v\u00e9rifier et de valider les informations pour \u00e9viter toute erreur qui pourrait affecter le montant de l\u2019aide.<\/p>\n<p data-start=\"0\" data-end=\"164\">Depuis mars 2025, la p\u00e9riode \u00e0 d\u00e9clarer correspond aux tr<strong>ois mois pr\u00e9c\u00e9dant la demande : par exemple, en mars, vous devez d\u00e9clarer vos revenus des mois de novembre, d\u00e9cembre et janvier (et non plus d\u00e9cembre, janvier, f\u00e9vrier)<\/strong>. Cette nouvelle organisation facilite la gestion de votre dossier et rend la d\u00e9claration plus pr\u00e9cise.<\/p>\n<h2>Qu&rsquo;est-ce qui est pris en compte pour le calcul de la prime d&rsquo;activit\u00e9 ?<\/h2>\n<p>L&rsquo;attribution de la prime varie en fonction de :<\/p>\n<ul>\n<li>votre situation familiale (le nombre d&rsquo;enfants par exemple).<\/li>\n<li>vos revenus d&rsquo;activit\u00e9.<\/li>\n<li>des autres ressources de votre foyer.<\/li>\n<\/ul>\n<p>Ainsi, le montant qui vous est vers\u00e9 prend en compte ces \u00e9l\u00e9ments <strong>et<\/strong> les prestations familiales telles que :<\/p>\n<ul>\n<li>L&rsquo; aide au logement.<em><br \/>\n<\/em><\/li>\n<li>l\u2019allocation aux adultes handicap\u00e9s (AAH).<\/li>\n<li>les allocations familiales.<\/li>\n<li>la prestation d\u2019accueil du jeune enfant (Paje).<\/li>\n<li>les pensions de retraite.<\/li>\n<\/ul>\n<h2>Quels sont les \u00e9l\u00e9ments du calcul ?<\/h2>\n<ul>\n<li>Montant forfaitaire (d\u00e9pend de la composition du foyer).<\/li>\n<li>59,85\u2009% des revenus professionnels.<\/li>\n<li>Bonifications.<\/li>\n<li>Ressources du foyer.<\/li>\n<li>Forfait logement.<\/li>\n<\/ul>\n<p>\u00c9tant donn\u00e9 la complexit\u00e9 du calcul, vous pouvez estimer le montant de vos droits en utilisant le simulateur gratuit Mes Allocs.<\/p>\n<p>&nbsp;<\/p>\n<div class=\"sep-top sep-bottom\">\n<div class=\"card-section\">\n<div class=\"brs_col\">\n<div class=\"brs_col\">\n<h1>Cas sp\u00e9cifiques : comment b\u00e9n\u00e9ficier de la prime d&rsquo;activit\u00e9 ?<\/h1>\n<div class=\"field field-name-body field-type-text-with-summary field-label-hidden\">\n<h2>ESAT et prime d&rsquo;activit\u00e9<\/h2>\n<div class=\"field field-name-body field-type-text-with-summary field-label-hidden\">\n<div class=\"field-items\">\n<p class=\"nVcaUb\">Vous pouvez pr\u00e9tendre \u00e0 la prime d&rsquo;activit\u00e9 si vous \u00eates un travailleur handicap\u00e9 allocataire de l&rsquo;AAH. Et ce, que vous meniez votre activit\u00e9 en :<\/p>\n<ul>\n<li>ESAT,<\/li>\n<li>entreprise adapt\u00e9e,<\/li>\n<li>ou milieu ordinaire.<\/li>\n<\/ul>\n<h2>AREF et prime d&rsquo;activit\u00e9<\/h2>\n<\/div>\n<p>Vous pouvez solliciter la prime d&rsquo;activit\u00e9 si vous \u00eates en <span class=\"typo_content\"> AREF (en formation sans obligation de recherche d&#8217;emploi). Ce n&rsquo;est pas le cas si vous \u00eates en ARE (demandeur d&#8217;emploi).<\/span><\/p>\n<p>En effet, les revenus de l&rsquo;AREF sont consid\u00e9r\u00e9s comme des salaires. Par cons\u00e9quent, ils sont tout \u00e0 fait \u00e9ligibles \u00e0 la prime.<\/p>\n<h2>La prime d&rsquo;activit\u00e9 jeune<\/h2>\n<ul>\n<li>Si vous avez entre 18 et 25 ans, la prime d&rsquo;activit\u00e9 peut \u00eatre sollicit\u00e9e.<\/li>\n<li>Si vous \u00eates \u00e9tudiant et que vous travaillez, votre salaire ne doit pas \u00eatre sup\u00e9rieur \u00e0 78 % du Smic par mois, soit 1 117,26 \u20ac, pendant au moins 3 mois.<\/li>\n<\/ul>\n<h2>La prime <b>d&rsquo;activit\u00e9 major\u00e9e pour isolement<\/b><\/h2>\n<p>Cette prime d\u00e9pend <span class=\"ILfuVd NA6bn\"><span class=\"e24Kjd\">du nombre d&rsquo;enfants \u00e0 charge :<\/span><\/span><\/p>\n<ul>\n<li>il est de <span class=\"ILfuVd NA6bn\"><span class=\"e24Kjd\">128,412% du montant forfaitaire de base.<\/span><\/span><\/li>\n<li>\u00e0 cela s&rsquo;ajoute <span class=\"ILfuVd NA6bn\"><span class=\"e24Kjd\"> 42,804% du montant forfaitaire de base <b>pour<\/b> chaque enfant.<\/span><\/span><\/li>\n<li>il est aussi <span class=\"ILfuVd NA6bn\"><span class=\"e24Kjd\">augment\u00e9 <b>pour<\/b> chaque travailleur pr\u00e9sent dans le foyer.<\/span><\/span><\/li>\n<\/ul>\n<\/div>\n<\/div>\n<\/div>\n<\/div>\n<\/div>\n<\/div>\n<div class='cta-block'><div class='text'>Simulez votre prime d&rsquo;activit\u00e9 en 2 min. <\/div><a href='https:\/\/www.mes-allocs.fr\/ab-app?origin=guides\/wp-json\/wp\/v2\/posts\/8568' class='app-button fit'>Simulation gratuite<\/a><\/div>\n","protected":false},"excerpt":{"rendered":"<p>[Mis \u00e0 jour le 02\/04\/2026] Le cong\u00e9 sans solde est une p\u00e9riode non travaill\u00e9e que vous pouvez demander aupr\u00e8s de votre employeur. Elle n&rsquo;est pas r\u00e9mun\u00e9r\u00e9e. Ainsi, puisque la prime d&rsquo;activit\u00e9 compl\u00e8te le revenu des actifs, est-il possible de cumuler prime et cong\u00e9 sans solde en 2026 ? Qu&rsquo;est-ce que le cong\u00e9 sans solde ? [&hellip;]<\/p>\n","protected":false},"author":7,"featured_media":9480,"comment_status":"open","ping_status":"open","sticky":false,"template":"","format":"standard","meta":{"amp_status":"","footnotes":""},"categories":[1928,20],"tags":[],"class_list":["post-8568","post","type-post","status-publish","format-standard","has-post-thumbnail","hentry","category-cumul-prime-activite","category-prime-d-activite"],"yoast_head":"<!-- This site is optimized with the Yoast SEO plugin v14.9 - https:\/\/yoast.com\/wordpress\/plugins\/seo\/ -->\n<title>Peut-on cumuler prime d&#039;activit\u00e9 et cong\u00e9 sans solde en 2026 ? | Mes-Allocs.fr<\/title>\n<meta name=\"description\" content=\"Le cong\u00e9 sans solde est une p\u00e9riode non travaill\u00e9e. Est-il possible d&#039;avoir la prime d&#039;activit\u00e9 pendant cette p\u00e9riode en 2026 ?\" \/>\n<meta name=\"robots\" content=\"index, follow, max-snippet:-1, max-image-preview:large, max-video-preview:-1\" \/>\n<link rel=\"canonical\" href=\"https:\/\/www.mes-allocs.fr\/guides\/prime-d-activite\/cumul-prime-activite\/prime-activite-et-conge-sans-solde\/\" \/>\n<meta property=\"og:locale\" content=\"fr_FR\" \/>\n<meta property=\"og:type\" content=\"article\" \/>\n<meta property=\"og:title\" content=\"Peut-on cumuler prime d&#039;activit\u00e9 et cong\u00e9 sans solde en 2026 ? | Mes-Allocs.fr\" \/>\n<meta property=\"og:description\" content=\"Le cong\u00e9 sans solde est une p\u00e9riode non travaill\u00e9e. Est-il possible d&#039;avoir la prime d&#039;activit\u00e9 pendant cette p\u00e9riode en 2026 ?\" \/>\n<meta property=\"og:url\" content=\"https:\/\/www.mes-allocs.fr\/guides\/prime-d-activite\/cumul-prime-activite\/prime-activite-et-conge-sans-solde\/\" \/>\n<meta property=\"og:site_name\" content=\"Mes-Allocs.fr\" \/>\n<meta property=\"article:published_time\" content=\"2020-07-15T12:45:11+00:00\" \/>\n<meta property=\"article:modified_time\" content=\"2026-04-02T14:04:31+00:00\" \/>\n<meta property=\"og:image\" content=\"https:\/\/www.mes-allocs.fr\/guides\/wp-content\/uploads\/2020\/07\/Peut-on-lier-prime-dactivite\u0301-et-conge\u0301-sans-solde-.jpg?wsr\" \/>\n\t<meta property=\"og:image:width\" content=\"1280\" \/>\n\t<meta property=\"og:image:height\" content=\"853\" \/>\n<meta name=\"twitter:card\" content=\"summary_large_image\" \/>\n<script type=\"application\/ld+json\" class=\"yoast-schema-graph\">{\"@context\":\"https:\/\/schema.org\",\"@graph\":[{\"@type\":\"WebSite\",\"@id\":\"https:\/\/www.mes-allocs.fr\/guides\/#website\",\"url\":\"https:\/\/www.mes-allocs.fr\/guides\/\",\"name\":\"Mes-Allocs.fr\",\"description\":\"\",\"potentialAction\":[{\"@type\":\"SearchAction\",\"target\":\"https:\/\/www.mes-allocs.fr\/guides\/?s={search_term_string}\",\"query-input\":\"required name=search_term_string\"}],\"inLanguage\":\"fr-FR\"},{\"@type\":\"ImageObject\",\"@id\":\"https:\/\/www.mes-allocs.fr\/guides\/prime-d-activite\/cumul-prime-activite\/prime-activite-et-conge-sans-solde\/#primaryimage\",\"inLanguage\":\"fr-FR\",\"url\":\"https:\/\/www.mes-allocs.fr\/guides\/wp-content\/uploads\/2020\/07\/Peut-on-lier-prime-dactivite\\u0301-et-conge\\u0301-sans-solde-.jpg?wsr\",\"width\":1280,\"height\":853,\"caption\":\"Peut on lier prime dactivite\\u0301 et conge\\u0301 sans solde\"},{\"@type\":\"WebPage\",\"@id\":\"https:\/\/www.mes-allocs.fr\/guides\/prime-d-activite\/cumul-prime-activite\/prime-activite-et-conge-sans-solde\/#webpage\",\"url\":\"https:\/\/www.mes-allocs.fr\/guides\/prime-d-activite\/cumul-prime-activite\/prime-activite-et-conge-sans-solde\/\",\"name\":\"Peut-on cumuler prime d'activit\\u00e9 et cong\\u00e9 sans solde en 2026 ? | Mes-Allocs.fr\",\"isPartOf\":{\"@id\":\"https:\/\/www.mes-allocs.fr\/guides\/#website\"},\"primaryImageOfPage\":{\"@id\":\"https:\/\/www.mes-allocs.fr\/guides\/prime-d-activite\/cumul-prime-activite\/prime-activite-et-conge-sans-solde\/#primaryimage\"},\"datePublished\":\"2020-07-15T12:45:11+00:00\",\"dateModified\":\"2026-04-02T14:04:31+00:00\",\"author\":{\"@id\":\"https:\/\/www.mes-allocs.fr\/guides\/#\/schema\/person\/1c4837d5703727cb02ce84583b5a44aa\"},\"description\":\"Le cong\\u00e9 sans solde est une p\\u00e9riode non travaill\\u00e9e. Est-il possible d'avoir la prime d'activit\\u00e9 pendant cette p\\u00e9riode en 2026 ?\",\"inLanguage\":\"fr-FR\"},{\"@type\":\"Person\",\"@id\":\"https:\/\/www.mes-allocs.fr\/guides\/#\/schema\/person\/1c4837d5703727cb02ce84583b5a44aa\",\"name\":\"Fabiola\",\"image\":{\"@type\":\"ImageObject\",\"@id\":\"https:\/\/www.mes-allocs.fr\/guides\/#personlogo\",\"inLanguage\":\"fr-FR\",\"url\":\"https:\/\/www.mes-allocs.fr\/guides\/wp-content\/uploads\/2021\/06\/fabiola-150x150.png\",\"caption\":\"Fabiola\"},\"description\":\"Fabiola est r\\u00e9dactrice au sein de l'\\u00e9quipe Mes Allocs, sp\\u00e9cialis\\u00e9e en sciences politiques et affaires publiques. Dipl\\u00f4m\\u00e9e de l'HEIP, elle rejoint Mes Allocs apr\\u00e8s une premi\\u00e8re exp\\u00e9rience \\u00e0 l'Assembl\\u00e9e Nationale.\",\"sameAs\":[\"https:\/\/www.linkedin.com\/in\/cecilia-philippe-b-8a8085195\"]}]}<\/script>\n<!-- \/ Yoast SEO plugin. -->","amp_validity":null,"acf":{"faq":{"1":{"question":"Quel est le salaire maximum pour toucher la prime d'activit\u00e9 ?","answer":"Le salaire maximum est fix\u00e9 \u00e0 1,5 fois le Smic. "},"2":{"question":"Comment d\u00e9clarer le ch\u00f4mage pour la prime d'activit\u00e9 ?","answer":"Il faut remplir dans votre d\u00e9claration trimestrielle (d\u00e9sormais pr\u00e9-remplie) l'indemnit\u00e9 de ch\u00f4mage partiel dans la partie \"salaires\"."},"3":{"question":"Quels sont les revenus pris en compte par la CAF ?","answer":"Les pensions et retraites, les revenus du patrimoine, les allocations de ch\u00f4mage, les indemnit\u00e9s journali\u00e8res sont des exemples de  revenus pris en compte par la CAF."},"4":{"question":"Quelles ressources prises en compte pour la prime d'activit\u00e9 ?","answer":"Ce sont vos revenus d'activit\u00e9 professionnelle qui sont pris en compte, puisque la prime est destin\u00e9e aux actifs."},"5":{"question":"Est-ce que la prime d'activit\u00e9 fait baisser les APL ?","answer":"Pr\u00e9cis\u00e9ment, les APL sont int\u00e9gr\u00e9es \u00e0 votre prime d'activit\u00e9 sous la forme d'un forfait soustrait au montant de votre prime d'activit\u00e9."},"6":{"question":"","answer":""},"7":{"question":"","answer":""},"8":{"question":"","answer":""},"9":{"question":"","answer":""},"10":{"question":"","answer":""},"11":{"question":"","answer":""},"12":{"question":"","answer":""},"13":{"question":"","answer":""},"14":{"question":"","answer":""},"15":{"question":"","answer":""},"16":{"question":"","answer":""}}},"_links":{"self":[{"href":"https:\/\/www.mes-allocs.fr\/guides\/wp-json\/wp\/v2\/posts\/8568","targetHints":{"allow":["GET"]}}],"collection":[{"href":"https:\/\/www.mes-allocs.fr\/guides\/wp-json\/wp\/v2\/posts"}],"about":[{"href":"https:\/\/www.mes-allocs.fr\/guides\/wp-json\/wp\/v2\/types\/post"}],"author":[{"embeddable":true,"href":"https:\/\/www.mes-allocs.fr\/guides\/wp-json\/wp\/v2\/users\/7"}],"replies":[{"embeddable":true,"href":"https:\/\/www.mes-allocs.fr\/guides\/wp-json\/wp\/v2\/comments?post=8568"}],"version-history":[{"count":59,"href":"https:\/\/www.mes-allocs.fr\/guides\/wp-json\/wp\/v2\/posts\/8568\/revisions"}],"predecessor-version":[{"id":111408,"href":"https:\/\/www.mes-allocs.fr\/guides\/wp-json\/wp\/v2\/posts\/8568\/revisions\/111408"}],"wp:featuredmedia":[{"embeddable":true,"href":"https:\/\/www.mes-allocs.fr\/guides\/wp-json\/wp\/v2\/media\/9480"}],"wp:attachment":[{"href":"https:\/\/www.mes-allocs.fr\/guides\/wp-json\/wp\/v2\/media?parent=8568"}],"wp:term":[{"taxonomy":"category","embeddable":true,"href":"https:\/\/www.mes-allocs.fr\/guides\/wp-json\/wp\/v2\/categories?post=8568"},{"taxonomy":"post_tag","embeddable":true,"href":"https:\/\/www.mes-allocs.fr\/guides\/wp-json\/wp\/v2\/tags?post=8568"}],"curies":[{"name":"wp","href":"https:\/\/api.w.org\/{rel}","templated":true}]}}