{"id":85648,"date":"2024-11-20T11:36:39","date_gmt":"2024-11-20T09:36:39","guid":{"rendered":"https:\/\/www.mes-allocs.fr\/guides\/?p=85648"},"modified":"2026-04-22T10:51:14","modified_gmt":"2026-04-22T09:51:14","slug":"prime-macron-non-recue","status":"publish","type":"post","link":"https:\/\/www.mes-allocs.fr\/guides\/prime-macron\/prime-macron-demande\/prime-macron-non-recue\/","title":{"rendered":"Je n\u2019ai pas re\u00e7u la prime Macron : que faire ?"},"content":{"rendered":"<p><img loading=\"lazy\" decoding=\"async\" class=\"alignnone wp-image-85656 size-full\" title=\"je nai pas eu la prime macron\" src=\"https:\/\/www.mes-allocs.fr\/guides\/wp-content\/uploads\/2024\/11\/je-nai-pas-eu-la-prime-macron-e1732095195496.jpg\" alt=\"je nai pas eu la prime macron\" width=\"1280\" height=\"336\" \/><\/p>\n<p>La prime de partage de la valeur (PPV) s&rsquo;appelait avant la <a href=\"https:\/\/www.mes-allocs.fr\/guides\/prime-macron\/\">prime Macron<\/a>. La PPV a \u00e9t\u00e9 mise en place pour revaloriser le pouvoir d&rsquo;achat des employ\u00e9s. Cette prime Macron est un compl\u00e9ment de salaire qui a l&rsquo;avantage d&rsquo;\u00eatre exon\u00e9r\u00e9e de cotisations sociales et fiscales. La prime de partage de la valeur vous a \u00e9t\u00e9 promise mais vous ne l&rsquo;avez toujours pas re\u00e7ue ? Votre prime Macron tarde \u00e0 arriver ? Dans ces situations, il est fort possible que vous vous demandiez : pourquoi <strong>je n&rsquo;ai pas eu la prime Macron<\/strong> ? Dans cet article, on r\u00e9pond \u00e0 toutes vos questions et on vous aide \u00e0 y voir plus clair.<\/p>\n<div class='cta-block'><div class='text'>Simulez toutes vos aides en 2 min.<\/div><a href='https:\/\/www.mes-allocs.fr\/ab-app?origin=guides\/wp-json\/wp\/v2\/posts\/85648' class='app-button fit'>Simulation gratuite<\/a><\/div>\n<h1>Je n&rsquo;ai pas re\u00e7u ma prime Macron : quelles sont les raisons possibles ?<\/h1>\n<p>Si vous n&rsquo;avez pas re\u00e7u votre prime Macron, plusieurs raisons sont possibles. Nous vous d\u00e9crivons ci-dessous les raisons qui peuvent expliquer ce non-versement.<\/p>\n<h2>Vous ne remplissez pas les conditions d&rsquo;\u00e9ligibilit\u00e9<\/h2>\n<p>Une des premi\u00e8res raisons est que vous ne remplissez pas les conditions d&rsquo;\u00e9ligibilit\u00e9. En effet, m\u00eame si aucune <a href=\"https:\/\/www.mes-allocs.fr\/guides\/prime-macron\/prime-macron-demande\/\">demande de prime Macron<\/a> n&rsquo;est \u00e0 effectuer car celle-ci est vers\u00e9e au bon vouloir de l&#8217;employeur, il existe des conditions pour la percevoir au sein d&rsquo;une entreprise :<\/p>\n<ul>\n<li><strong>L&rsquo;entreprise doit \u00eatre constitu\u00e9 de moins de 50 salari\u00e9s<\/strong><\/li>\n<li><strong>Le salari\u00e9 b\u00e9n\u00e9ficiaire doit percevoir un salaire qui ne doit pas d\u00e9passer 3 fois le montant du SMIC en vigueur<\/strong><\/li>\n<li><strong>Le salari\u00e9 doit avoir un contrat de travail avant le versement de la prime Macron<\/strong><\/li>\n<\/ul>\n<p>S&rsquo;ajoutent \u00e0 ces conditions, les crit\u00e8res que votre employeur peut fixer pour verser la prime Macron. Ces crit\u00e8res ne sont pas les m\u00eames d&rsquo;une entreprise \u00e0 une autre. Mais le plus souvent, ces conditions sont li\u00e9es aux points suivants :<\/p>\n<ul>\n<li><strong>L&rsquo;anciennet\u00e9<\/strong><\/li>\n<li><strong>La cat\u00e9gorie professionnelle<\/strong><\/li>\n<li><strong>La performance individuelle ou collective<\/strong><\/li>\n<li>Etc.<\/li>\n<\/ul>\n<p>L&#8217;employeur a le droit de fixer des conditions mais celles-ci ne doivent pas \u00eatre discriminantes et elles doivent \u00eatre expliqu\u00e9es.<\/p>\n<p><strong>Attention,<\/strong> il est aussi \u00e0 noter que les stagiaires ne sont pas \u00e9ligibles \u00e0 la prime Macron.<\/p>\n<p><strong>\u00c0 noter :\u00a0<\/strong>\u00e0\u00a0partir du 1er janvier 2025, les entreprises comptant entre 11 et 49 salari\u00e9s doivent instaurer un m\u00e9canisme de partage de la valeur si elles ont enregistr\u00e9 un b\u00e9n\u00e9fice net fiscal d&rsquo;au moins 1 % de leur chiffre d&rsquo;affaires sur une p\u00e9riode de trois ans cons\u00e9cutifs.<\/p>\n<h2>Un probl\u00e8me de versement est intervenu<\/h2>\n<p>Ensuite, il est aussi possible qu&rsquo;un probl\u00e8me de versement soit survenu. En effet, le versement de la PPV se fait par virement bancaire donc il est possible que :<\/p>\n<ul>\n<li><strong>Vos coordonn\u00e9es bancaires n&rsquo;\u00e9taient plus les bonnes<\/strong><\/li>\n<li><strong>Un probl\u00e8me informatique soit arriv\u00e9 au niveau de la paie<\/strong><\/li>\n<li><strong>Il y ait eu un retard dans le traitement des donn\u00e9es<\/strong><\/li>\n<li><strong>Votre banque ait un d\u00e9lai de quelques jours avant que la somme apparaisse sur votre compte<\/strong><\/li>\n<\/ul>\n<p>Dans un de ces cas-l\u00e0, nous vous conseillons de <strong>v\u00e9rifier votre bulletin de salaire pour \u00e9carter les doutes<\/strong>. En effet, la prime Macron doit obligatoirement y figurer.<\/p>\n<p><iframe loading=\"lazy\" title=\"La prime de partage de la valeur (prime Macron)\" width=\"500\" height=\"281\" src=\"https:\/\/www.youtube.com\/embed\/BZDkfkZcuAA?feature=oembed\" frameborder=\"0\" allow=\"accelerometer; autoplay; clipboard-write; encrypted-media; gyroscope; picture-in-picture; web-share\" referrerpolicy=\"strict-origin-when-cross-origin\" allowfullscreen><\/iframe><\/p>\n<h1>Que faire si je n&rsquo;ai toujours pas re\u00e7u ma prime Macron ?<\/h1>\n<p>Si vous n&rsquo;avez pas re\u00e7u la prime Macron alors que vous y avez droit, nous vous conseillons de suivre les d\u00e9marches suivantes.<\/p>\n<h2>En parler avec votre employeur<\/h2>\n<p>Si vous n&rsquo;avez pas per\u00e7u votre prime Macron, vous devez imp\u00e9rativement en <strong>discuter avec votre employeur ou votre service des ressources humaines<\/strong>. Un \u00e9change ouvert et constructif permettra d&rsquo;identifier la source du probl\u00e8me et de trouver la solution adapt\u00e9e \u00e0 votre situation.<\/p>\n<p>En effet, ce sont eux qui disposent des informations les plus pr\u00e9cises sur le versement de la prime au sein de votre entreprise. Donc, <strong>ils pourront vous indiquer les raisons du retard ou pourquoi vous n&rsquo;\u00eates pas b\u00e9n\u00e9ficiaire.<\/strong><\/p>\n<p>Nous vous conseillons de leur pr\u00e9senter tous les \u00e9l\u00e9ments que vous avez en votre possession que ce soit bulletins de paie ou accords d&rsquo;entreprise.<\/p>\n<h2>Consulter les repr\u00e9sentants du personnel<\/h2>\n<p><strong>Vous pouvez aussi vous tourner<\/strong> <strong>vers vos repr\u00e9sentants du personnel<\/strong> (d\u00e9l\u00e9gu\u00e9s du personnel ou comit\u00e9 social et \u00e9conomique CSE par exemple). Ces \u00e9lus sont l\u00e0 pour <strong>d\u00e9fendre vos droits et ils peuvent vous apporter un soutien pr\u00e9cieux pour plaider votre cause.<\/strong><\/p>\n<p>Les repr\u00e9sentants du personnel pourront vous informer sur vos droits, vous aider \u00e0 comprendre les raisons de ce retard ou de ce non-versement. Ils peuvent aussi engager une d\u00e9marche collective pour faire valoir vos droits aupr\u00e8s de l&#8217;employeur.<\/p>\n<h2>Se renseigner sur les accords d&rsquo;entreprise<\/h2>\n<p><strong>I<\/strong><strong>l est aussi crucial que vous consultiez attentivement les accords d&rsquo;entreprise qui sont en vigueur.<\/strong><\/p>\n<p>En effet, ces accords d\u00e9finissent les modalit\u00e9s de versement de la prime Macron, les crit\u00e8res d&rsquo;\u00e9ligibilit\u00e9 et les \u00e9ventuelles d\u00e9marches \u00e0 suivre en cas de non-paiement.<\/p>\n<p>Dans ces accords d&rsquo;entreprise, vous trouverez peut-\u00eatre la r\u00e9ponse \u00e0 vos questions ou des informations pr\u00e9cises sur les justificatifs \u00e0 fournir ou les contacts \u00e0 privil\u00e9gier.<\/p>\n<div class='cta-block'><div class='text'>Simulez toutes vos aides en 2 min.<\/div><a href='https:\/\/www.mes-allocs.fr\/ab-app?origin=guides\/wp-json\/wp\/v2\/posts\/85648' class='app-button fit'>Simulation gratuite<\/a><\/div>\n<h1>Quels sont mes droits si je n&rsquo;ai pas re\u00e7u la prime Macron ?<\/h1>\n<h2>Le r\u00f4le des accords d&rsquo;entreprise<\/h2>\n<p>Comme nous vous l&rsquo;avons dit, les accords d&rsquo;entreprise jouent un r\u00f4le d\u00e9terminant dans la d\u00e9finition des modalit\u00e9s de versement de la prime Macron. Ces accords ont \u00e9t\u00e9 n\u00e9goci\u00e9s entre l&#8217;employeur et les repr\u00e9sentants du personnel. <strong>En cas de non-versement de la PPV, il est essentiel de se r\u00e9f\u00e9rer \u00e0 ces accords pour conna\u00eetre vos droits et les d\u00e9marches \u00e0 entreprendre. En effet, en cas de litige, les proc\u00e9dures de r\u00e9clamation devraient y \u00eatre indiqu\u00e9es.<\/strong><\/p>\n<h2>Le droit du travail<\/h2>\n<p>Si vous estimez que vous avez droit \u00e0 la prime Macron et que celle-ci ne vous a pas \u00e9t\u00e9 vers\u00e9e, il est possible que vos droits du travail aient \u00e9t\u00e9 bafou\u00e9s. En effet, la loi encadre les conditions de versement de cette prime et vous conf\u00e8re certains droits.<\/p>\n<p>Vous pouvez donc vous rapprocher d&rsquo;<strong>un conseiller juridique sp\u00e9cialis\u00e9 en droit du travail ou d&rsquo;un syndicat pour faire valoir vos droits<\/strong>. Ces professionnels pourront analyser votre situation sp\u00e9cifique, vous informer sur les d\u00e9marches \u00e0 suivre et vous accompagner dans une proc\u00e9dure.<\/p>\n<p>Si vous estimez que le non-versement de cette prime constitue un manquement de votre employeur \u00e0 ses obligations contractuelles, vous pouvez envisager de saisir le <strong>conseil des prud&rsquo;hommes<\/strong>. Cette juridiction est comp\u00e9tente pour r\u00e9gler les litiges individuels du travail.<\/p>\n<p><strong>Nous vous recommandons une de ces solutions seulement si vous avez d\u00e9j\u00e0 essay\u00e9 d&rsquo;engager une discussion \u00e0 l&rsquo;amiable non abouti avec votre employeur.<\/strong><\/p>\n<h1>Le montant de la prime Macron est inf\u00e9rieur \u00e0 ce que vous attendiez<\/h1>\n<p>Plusieurs raisons peuvent expliquer cet \u00e9cart entre vos attentes et la r\u00e9alit\u00e9.<\/p>\n<p>Nous vous recommandons de v\u00e9rifier les modalit\u00e9s de calcul de la prime Macron pr\u00e9vues par votre employeur. En effet, il est possible qu&rsquo;une erreur se soit gliss\u00e9e dans le calcul de votre prime. Dans ce cas, il est recommand\u00e9 de contacter rapidement votre employeur pour pouvoir faire rectifier la situation et obtenir une explication d\u00e9taill\u00e9e du montant qui vous a \u00e9t\u00e9 vers\u00e9.<\/p>\n<div class='cta-block'><div class='text'>Simulez toutes vos aides en 2 min.<\/div><a href='https:\/\/www.mes-allocs.fr\/ab-app?origin=guides\/wp-json\/wp\/v2\/posts\/85648' class='app-button fit'>Simulation gratuite<\/a><\/div>\n","protected":false},"excerpt":{"rendered":"<p>La prime de partage de la valeur (PPV) s&rsquo;appelait avant la prime Macron. La PPV a \u00e9t\u00e9 mise en place pour revaloriser le pouvoir d&rsquo;achat des employ\u00e9s. Cette prime Macron est un compl\u00e9ment de salaire qui a l&rsquo;avantage d&rsquo;\u00eatre exon\u00e9r\u00e9e de cotisations sociales et fiscales. La prime de partage de la valeur vous a \u00e9t\u00e9 [&hellip;]<\/p>\n","protected":false},"author":30,"featured_media":85656,"comment_status":"open","ping_status":"open","sticky":false,"template":"","format":"standard","meta":{"amp_status":"","footnotes":""},"categories":[40090,40744],"tags":[],"class_list":["post-85648","post","type-post","status-publish","format-standard","has-post-thumbnail","hentry","category-prime-macron","category-prime-macron-demande"],"yoast_head":"<!-- This site is optimized with the Yoast SEO plugin v14.9 - https:\/\/yoast.com\/wordpress\/plugins\/seo\/ -->\n<title>Je n&#039;ai pas eu la prime Macron : que faire ? | Mes-Allocs.fr<\/title>\n<meta name=\"description\" content=\"Vous n&#039;avez pas per\u00e7u la prime Macron ? On r\u00e9pond \u00e0 vos questions et on vous aiguille sur les d\u00e9marches \u00e0 entreprendre.\" \/>\n<meta name=\"robots\" content=\"index, follow, max-snippet:-1, max-image-preview:large, max-video-preview:-1\" \/>\n<link rel=\"canonical\" href=\"https:\/\/www.mes-allocs.fr\/guides\/prime-macron\/prime-macron-demande\/prime-macron-non-recue\/\" \/>\n<meta property=\"og:locale\" content=\"fr_FR\" \/>\n<meta property=\"og:type\" content=\"article\" \/>\n<meta property=\"og:title\" content=\"Je n&#039;ai pas eu la prime Macron : que faire ? | Mes-Allocs.fr\" \/>\n<meta property=\"og:description\" content=\"Vous n&#039;avez pas per\u00e7u la prime Macron ? On r\u00e9pond \u00e0 vos questions et on vous aiguille sur les d\u00e9marches \u00e0 entreprendre.\" \/>\n<meta property=\"og:url\" content=\"https:\/\/www.mes-allocs.fr\/guides\/prime-macron\/prime-macron-demande\/prime-macron-non-recue\/\" \/>\n<meta property=\"og:site_name\" content=\"Mes-Allocs.fr\" \/>\n<meta property=\"article:published_time\" content=\"2024-11-20T09:36:39+00:00\" \/>\n<meta property=\"article:modified_time\" content=\"2026-04-22T09:51:14+00:00\" \/>\n<meta property=\"og:image\" content=\"https:\/\/www.mes-allocs.fr\/guides\/wp-content\/uploads\/2024\/11\/je-nai-pas-eu-la-prime-macron.jpg?wsr\" \/>\n\t<meta property=\"og:image:width\" content=\"1280\" \/>\n\t<meta property=\"og:image:height\" content=\"853\" \/>\n<meta name=\"twitter:card\" content=\"summary_large_image\" \/>\n<script type=\"application\/ld+json\" class=\"yoast-schema-graph\">{\"@context\":\"https:\/\/schema.org\",\"@graph\":[{\"@type\":\"WebSite\",\"@id\":\"https:\/\/www.mes-allocs.fr\/guides\/#website\",\"url\":\"https:\/\/www.mes-allocs.fr\/guides\/\",\"name\":\"Mes-Allocs.fr\",\"description\":\"\",\"potentialAction\":[{\"@type\":\"SearchAction\",\"target\":\"https:\/\/www.mes-allocs.fr\/guides\/?s={search_term_string}\",\"query-input\":\"required name=search_term_string\"}],\"inLanguage\":\"fr-FR\"},{\"@type\":\"ImageObject\",\"@id\":\"https:\/\/www.mes-allocs.fr\/guides\/prime-macron\/prime-macron-demande\/prime-macron-non-recue\/#primaryimage\",\"inLanguage\":\"fr-FR\",\"url\":\"https:\/\/www.mes-allocs.fr\/guides\/wp-content\/uploads\/2024\/11\/je-nai-pas-eu-la-prime-macron.jpg?wsr\",\"width\":1280,\"height\":853,\"caption\":\"je nai pas eu la prime macron\"},{\"@type\":\"WebPage\",\"@id\":\"https:\/\/www.mes-allocs.fr\/guides\/prime-macron\/prime-macron-demande\/prime-macron-non-recue\/#webpage\",\"url\":\"https:\/\/www.mes-allocs.fr\/guides\/prime-macron\/prime-macron-demande\/prime-macron-non-recue\/\",\"name\":\"Je n'ai pas eu la prime Macron : que faire ? | Mes-Allocs.fr\",\"isPartOf\":{\"@id\":\"https:\/\/www.mes-allocs.fr\/guides\/#website\"},\"primaryImageOfPage\":{\"@id\":\"https:\/\/www.mes-allocs.fr\/guides\/prime-macron\/prime-macron-demande\/prime-macron-non-recue\/#primaryimage\"},\"datePublished\":\"2024-11-20T09:36:39+00:00\",\"dateModified\":\"2026-04-22T09:51:14+00:00\",\"author\":{\"@id\":\"https:\/\/www.mes-allocs.fr\/guides\/#\/schema\/person\/66505fe443d6e6f3696c5af001f3fab8\"},\"description\":\"Vous n'avez pas per\\u00e7u la prime Macron ? On r\\u00e9pond \\u00e0 vos questions et on vous aiguille sur les d\\u00e9marches \\u00e0 entreprendre.\",\"inLanguage\":\"fr-FR\"},{\"@type\":\"Person\",\"@id\":\"https:\/\/www.mes-allocs.fr\/guides\/#\/schema\/person\/66505fe443d6e6f3696c5af001f3fab8\",\"name\":\"Lauriane Oriol\",\"image\":{\"@type\":\"ImageObject\",\"@id\":\"https:\/\/www.mes-allocs.fr\/guides\/#personlogo\",\"inLanguage\":\"fr-FR\",\"url\":\"https:\/\/www.mes-allocs.fr\/guides\/wp-content\/uploads\/2024\/10\/1702589802731-1-150x150.jpeg\",\"caption\":\"Lauriane Oriol\"},\"description\":\"Lauriane est r\\u00e9dactrice chez Mes Allocs. Sp\\u00e9cialiste des d\\u00e9marches administratives, elle rejoint Mes Allocs apr\\u00e8s une premi\\u00e8re exp\\u00e9rience en marketing et communication.\"}]}<\/script>\n<!-- \/ Yoast SEO plugin. -->","amp_validity":null,"acf":{"faq":{"1":{"question":"Est-ce que l'employeur est oblig\u00e9 de verser la prime Macron ?","answer":"La r\u00e9ponse est non. La prime est facultative pour l'employeur."},"2":{"question":"Pourquoi je n'ai pas touch\u00e9 la prime Macron ?","answer":"Plusieurs raisons peuvent expliquer le fait que vous n'avez pas per\u00e7u la prime Macron (conditions d'\u00e9ligibilit\u00e9, traitement etc.)"},"3":{"question":"Quand est vers\u00e9e la prime Macron 2025 ?","answer":"La prime Macron doit vous \u00eatre vers\u00e9e avant le 31 d\u00e9cembre 2026."},"4":{"question":"Comment savoir si j'ai le droit \u00e0 la prime Macron ?","answer":"La prime Macron doit figurer sur votre bulletin de salaire."},"5":{"question":"","answer":""},"6":{"question":"","answer":""},"7":{"question":"","answer":""},"8":{"question":"","answer":""},"9":{"question":"","answer":""},"10":{"question":"","answer":""},"11":{"question":"","answer":""},"12":{"question":"","answer":""},"13":{"question":"","answer":""},"14":{"question":"","answer":""},"15":{"question":"","answer":""},"16":{"question":"","answer":""}}},"_links":{"self":[{"href":"https:\/\/www.mes-allocs.fr\/guides\/wp-json\/wp\/v2\/posts\/85648","targetHints":{"allow":["GET"]}}],"collection":[{"href":"https:\/\/www.mes-allocs.fr\/guides\/wp-json\/wp\/v2\/posts"}],"about":[{"href":"https:\/\/www.mes-allocs.fr\/guides\/wp-json\/wp\/v2\/types\/post"}],"author":[{"embeddable":true,"href":"https:\/\/www.mes-allocs.fr\/guides\/wp-json\/wp\/v2\/users\/30"}],"replies":[{"embeddable":true,"href":"https:\/\/www.mes-allocs.fr\/guides\/wp-json\/wp\/v2\/comments?post=85648"}],"version-history":[{"count":15,"href":"https:\/\/www.mes-allocs.fr\/guides\/wp-json\/wp\/v2\/posts\/85648\/revisions"}],"predecessor-version":[{"id":97570,"href":"https:\/\/www.mes-allocs.fr\/guides\/wp-json\/wp\/v2\/posts\/85648\/revisions\/97570"}],"wp:featuredmedia":[{"embeddable":true,"href":"https:\/\/www.mes-allocs.fr\/guides\/wp-json\/wp\/v2\/media\/85656"}],"wp:attachment":[{"href":"https:\/\/www.mes-allocs.fr\/guides\/wp-json\/wp\/v2\/media?parent=85648"}],"wp:term":[{"taxonomy":"category","embeddable":true,"href":"https:\/\/www.mes-allocs.fr\/guides\/wp-json\/wp\/v2\/categories?post=85648"},{"taxonomy":"post_tag","embeddable":true,"href":"https:\/\/www.mes-allocs.fr\/guides\/wp-json\/wp\/v2\/tags?post=85648"}],"curies":[{"name":"wp","href":"https:\/\/api.w.org\/{rel}","templated":true}]}}