{"id":8561,"date":"2020-07-20T08:12:04","date_gmt":"2020-07-20T08:12:04","guid":{"rendered":"https:\/\/www.mes-allocs.fr\/guides\/?p=8561"},"modified":"2026-04-02T15:02:51","modified_gmt":"2026-04-02T14:02:51","slug":"prime-activite-et-conge-sabbatique","status":"publish","type":"post","link":"https:\/\/www.mes-allocs.fr\/guides\/prime-d-activite\/cumul-prime-activite\/prime-activite-et-conge-sabbatique\/","title":{"rendered":"Prime d&rsquo;activit\u00e9 et cong\u00e9 sabbatique : peut-on les cumuler en 2026 ?"},"content":{"rendered":"<div class=\"brs_col\">\n<div><a href=\"https:\/\/www.mes-allocs.fr\/guides\/wp-content\/uploads\/2020\/07\/close-up-photography-of-yellow-green-red-and-brown-plastic-163064.jpg\"><img loading=\"lazy\" decoding=\"async\" class=\"aligncenter wp-image-9425 size-full\" src=\"https:\/\/www.mes-allocs.fr\/guides\/wp-content\/uploads\/2020\/07\/close-up-photography-of-yellow-green-red-and-brown-plastic-163064-e1594207039654.jpg\" alt=\"cumul prime d'activit\u00e9 et cong\u00e9 sabbatique\" width=\"1280\" height=\"358\" srcset=\"https:\/\/www.mes-allocs.fr\/guides\/wp-content\/uploads\/2020\/07\/close-up-photography-of-yellow-green-red-and-brown-plastic-163064-e1594207039654.jpg 1280w, https:\/\/www.mes-allocs.fr\/guides\/wp-content\/uploads\/2020\/07\/close-up-photography-of-yellow-green-red-and-brown-plastic-163064-e1594207039654-300x84.jpg 300w, https:\/\/www.mes-allocs.fr\/guides\/wp-content\/uploads\/2020\/07\/close-up-photography-of-yellow-green-red-and-brown-plastic-163064-e1594207039654-1024x286.jpg 1024w, https:\/\/www.mes-allocs.fr\/guides\/wp-content\/uploads\/2020\/07\/close-up-photography-of-yellow-green-red-and-brown-plastic-163064-e1594207039654-768x215.jpg 768w, https:\/\/www.mes-allocs.fr\/guides\/wp-content\/uploads\/2020\/07\/close-up-photography-of-yellow-green-red-and-brown-plastic-163064-e1594207039654-600x168.jpg 600w\" sizes=\"auto, (max-width: 1280px) 100vw, 1280px\" \/><\/a><\/div>\n<div><\/div>\n<div class=\"brs_col\" style=\"text-align: justify;\">[Mis \u00e0 jour le 02\/04\/2026] Le cong\u00e9 sabbatique vous permet en tant que salari\u00e9, de prendre un an de cong\u00e9. Son obtention r\u00e9pond \u00e0 plusieurs conditions parmi lesquelles la dur\u00e9e d&rsquo;anciennet\u00e9. Est-il possible de percevoir des revenus pendant cette p\u00e9riode ? D\u00e8s lors, peuvent-ils \u00eatre alli\u00e9s \u00e0 la <a href=\"https:\/\/www.mes-allocs.fr\/guides\/prime-d-activite\/\">prime d&rsquo;activit\u00e9<\/a> en 2026 ?<\/div>\n<\/div>\n<div>\n<div class='cta-block'><div class='text'>Simulez votre prime d&rsquo;activit\u00e9 en 2 min. <\/div><a href='https:\/\/www.mes-allocs.fr\/ab-app?origin=guides\/wp-json\/wp\/v2\/posts\/8561' class='app-button fit'>Simulation gratuite<\/a><\/div>\n<\/div>\n<div><\/div>\n<div class=\"brs_col\">\n<h1>Qu&rsquo;est-ce que le cong\u00e9 sabbatique ?<\/h1>\n<p class=\"content-fiche\"><span style=\"text-align: justify; font-size: 16px;\">Il s&rsquo;agit d&rsquo;un an de cong\u00e9 pris par un salari\u00e9. Il est soumis \u00e0 conditions. \u00c0 noter que votre employeur n&rsquo;est pas oblig\u00e9 de vous l&rsquo;accorder. Cela d\u00e9pend souvent de la taille de l&rsquo;entreprise. <\/span><span style=\"text-align: justify;\">Pendant cette p\u00e9riode, votre contrat est suspendu.<\/span><\/p>\n<h1 class=\"content-fiche\">Quelles sont les conditions pour b\u00e9n\u00e9ficier du cong\u00e9 sabbatique ?<\/h1>\n<ul>\n<li style=\"text-align: justify;\">Avoir une anciennet\u00e9 d&rsquo;au moins <strong>36 mois<\/strong> dans l&rsquo;entreprise.<\/li>\n<li style=\"text-align: justify;\">Avoir travaill\u00e9 pendant <strong> 6 ann\u00e9es<\/strong>, pendant lesquelles vous ne devez pas avoir b\u00e9n\u00e9fici\u00e9 d&rsquo;un pr\u00e9c\u00e9dent cong\u00e9 sabbatique, d&rsquo;un cong\u00e9 pour cr\u00e9ation d&rsquo;entreprise ou pour un projet de transition professionnelle.<\/li>\n<li style=\"text-align: justify;\">Respecter un d\u00e9lai de carence.<\/li>\n<li style=\"text-align: justify;\">\u00catre r\u00e9sident de l&rsquo;espace \u00e9conomique europ\u00e9en<\/li>\n<li style=\"text-align: justify;\">Avoir un num\u00e9ro de s\u00e9curit\u00e9 sociale<\/li>\n<li style=\"text-align: justify;\">Informer l&#8217;employeur 3 mois avant la date de d\u00e9part pr\u00e9vue.<\/li>\n<li style=\"text-align: justify;\">Ne pas \u00eatre un travailleur d\u00e9tach\u00e9<\/li>\n<\/ul>\n<div class=\"fiche-item\">\n<div id=\"fiche-item-1\" class=\"fiche-item-content collapse in\" aria-hidden=\"false\">\n<div style=\"text-align: justify;\">\u00a0Si votre employeur ne r\u00e9pond pas dans un d\u00e9lai de 30 jours, votre demande est accept\u00e9e.<\/div>\n<\/div>\n<\/div>\n<p>L&#8217;employeur doit alors informer le salari\u00e9 :<\/p>\n<ul>\n<li>de son accord sur la date de d\u00e9part,<\/li>\n<li>ou du report de cette date,<\/li>\n<li>ou du refus de lui accorder le cong\u00e9.<\/li>\n<\/ul>\n<p><strong>\u00c0 noter : En cas de changement de situation, vos droits peuvent \u00eatre r\u00e9examin\u00e9s.<\/strong><\/p>\n<div>\n<h1>Peut-on cumuler prime d&rsquo;activit\u00e9 et cong\u00e9 sabbatique ?<\/h1>\n<div id=\"foot\" role=\"navigation\">\n<p>Vous pouvez tout \u00e0 fait cumuler ces deux aides : \u00ab\u00a0les personnes de plus de 18 ans en cong\u00e9 parental, sabbatique, sans solde ou en disponibilit\u00e9 peuvent en b\u00e9n\u00e9ficier sous certaines conditions\u00a0\u00bb, indique le site du service public.<\/p>\n<p>Vous devez ainsi respecter les conditions de chaque aide pour en b\u00e9n\u00e9ficier.<\/p>\n<\/div>\n<\/div>\n<\/div>\n<p>&nbsp;<\/p>\n<p><iframe loading=\"lazy\" title=\"La prime d&#039;activit\u00e9\" width=\"500\" height=\"281\" src=\"https:\/\/www.youtube.com\/embed\/uavbovK5ZXc?feature=oembed\" frameborder=\"0\" allow=\"accelerometer; autoplay; clipboard-write; encrypted-media; gyroscope; picture-in-picture; web-share\" referrerpolicy=\"strict-origin-when-cross-origin\" allowfullscreen><\/iframe><\/p>\n<p>&nbsp;<\/p>\n<h1>Qu&rsquo;est-ce que la prime d\u2019activit\u00e9 ?<\/h1>\n<p>En vigueur depuis le 1er janvier 2016, la prime d&rsquo;activit\u00e9 est un compl\u00e9ment de revenus. Elle est accord\u00e9e, sous conditions de ressources, aux :<\/p>\n<ul>\n<li>personnes majeures salari\u00e9es et ind\u00e9pendantes,<\/li>\n<li>aux \u00e9tudiants salari\u00e9s,<\/li>\n<li>et apprentis.<\/li>\n<\/ul>\n<p>Environ 5 millions de Fran\u00e7ais b\u00e9n\u00e9ficient de cette aide aujourd&rsquo;hui.<\/p>\n<h1>Comment faire pour b\u00e9n\u00e9ficier de la prime en 2026 ?<\/h1>\n<p style=\"text-align: justify;\">Vous devez faire la demande de prime d&rsquo;activit\u00e9 aupr\u00e8s de la caisse d&rsquo;allocations familiales (CAF) ou la mutualit\u00e9 sociale agricole (MSA), qui vous la verseront si votre dossier est accept\u00e9.<\/p>\n<p>Vous \u00eates concern\u00e9 par cette aide si faites partie des cat\u00e9gories cit\u00e9es pr\u00e9c\u00e9demment.<\/p>\n<p>Notez aussi que vous pouvez estimer le montant de la prime d&rsquo;activit\u00e9 gr\u00e2ce au simulateur Mes Allocs.<\/p>\n<p data-start=\"0\" data-end=\"164\">Depuis le 1\u1d49\u02b3 mars 2025, la d\u00e9claration trimestrielle de l<strong>a prime d\u2019activit\u00e9 devient pr\u00e9-remplie<\/strong>, ce qui simplifie le processus. La CAF reprend automatiquement certaines informations \u00e0 partir des revenus d\u00e9clar\u00e9s auparavant, r\u00e9duisant ainsi les erreurs et acc\u00e9l\u00e9rant le traitement de votre demande. Toutefois, il reste important de v\u00e9rifier et de valider les informations pour \u00e9viter toute erreur qui pourrait affecter le montant de l\u2019aide.<\/p>\n<p data-start=\"0\" data-end=\"164\">Depuis mars 2025, la p\u00e9riode \u00e0 d\u00e9clarer correspond aux tr<strong>ois mois pr\u00e9c\u00e9dant la demande : par exemple, en mars, vous devez d\u00e9clarer vos revenus des mois de novembre, d\u00e9cembre et janvier (et non plus d\u00e9cembre, janvier, f\u00e9vrier)<\/strong>. Cette nouvelle organisation facilite la gestion de votre dossier et rend la d\u00e9claration plus pr\u00e9cise.<\/p>\n<p data-start=\"0\" data-end=\"164\"><div class='cta-block'><div class='text'>Simulez votre prime d&rsquo;activit\u00e9 en 2 min. <\/div><a href='https:\/\/www.mes-allocs.fr\/ab-app?origin=guides\/wp-json\/wp\/v2\/posts\/8561' class='app-button fit'>Simulation gratuite<\/a><\/div><\/p>\n<p><iframe loading=\"lazy\" title=\"La prime d&#039;activit\u00e9\" width=\"500\" height=\"281\" src=\"https:\/\/www.youtube.com\/embed\/uavbovK5ZXc?feature=oembed\" frameborder=\"0\" allow=\"accelerometer; autoplay; clipboard-write; encrypted-media; gyroscope; picture-in-picture; web-share\" referrerpolicy=\"strict-origin-when-cross-origin\" allowfullscreen><\/iframe><\/p>\n<div class=\"brs_col\">\n<h2 class=\"nVcaUb\">Le cas de la prime d&rsquo;activit\u00e9 jeune<\/h2>\n<ul>\n<li>Si vous avez entre 18 et 25 ans, la prime d&rsquo;activit\u00e9 peut \u00eatre sollicit\u00e9e.<\/li>\n<li>Si vous \u00eates \u00e9tudiant et que vous travaillez, votre salaire ne doit pas \u00eatre sup\u00e9rieur \u00e0 78 % du Smic par mois, soit 1 117,26 \u20ac, pendant au moins 3 mois.<\/li>\n<\/ul>\n<\/div>\n<h2>Le cas des travailleurs ind\u00e9pendants<\/h2>\n<p>Pour percevoir la prime, les travailleurs ind\u00e9pendants doivent remplir les conditions suivantes :<\/p>\n<ul>\n<li>\u00catre en situation r\u00e9guli\u00e8re<\/li>\n<li>R\u00e9sider sur le territoire fran\u00e7ais.<\/li>\n<li>Avoir d\u00e9clar\u00e9 un chiffre d\u2019affaires annuel net qui ne d\u00e9passe pas le forfait pour les travailleurs ind\u00e9pendants.<\/li>\n<\/ul>\n<p>&nbsp;<\/p>\n<div class=\"brs_col\">\n<h1>Peut-on cumuler la prime d&rsquo;activit\u00e9 avec d&rsquo;autres aides ?<\/h1>\n<div class=\"brs_col\">\n<div id=\"quelles-sont-les-voies-de-recours\" class=\"dgfip-block-content clearfix sre-glossaire\">\n<div id=\"la-majoration-pour-assistance-dune-tierce-personne\" class=\"dgfip-block-content clearfix sre-glossaire\">\n<h2>Retraite et prime d&rsquo;activit\u00e9<\/h2>\n<p id=\"Prime_d\u2019activit\u00e9_pour_retrait\u00e9_vivant_en_couple_(mari\u00e9_ou_non)\"><strong>Une seule prime d&rsquo;activit\u00e9 peut \u00eatre attribu\u00e9e par foyer. Afin de d\u00e9terminer votre \u00e9ligibilit\u00e9, les crit\u00e8res suivants sont pris en compte :<\/strong><\/p>\n<ul>\n<li>situation professionnelle<\/li>\n<li>et ressources du foyer.<\/li>\n<\/ul>\n<p id=\"Ce_qu\u2019il_faut_savoir_sur_la_prime_d\u2019activit\u00e9_pour_retrait\u00e9\">En bref, voici les conditions d&rsquo;attribution de l&rsquo;aide :<\/p>\n<ul>\n<li><strong>Vous ne pouvez pas toucher la prime si vous et\/ou votre conjoint percevez une pension de retraite<\/strong>. Et ce, peu importe le montant.<\/li>\n<li>Vous pouvez b\u00e9n\u00e9ficier de la prime si vous ou votre conjoint percevez des revenus professionnels. \u00c0 noter que le montant de la prime sera bas. En effet, le <strong>cumul salaire + retraite vous fait souvent d\u00e9passer les plafonds d&rsquo;\u00e9ligibilit\u00e9.<\/strong><\/li>\n<\/ul>\n<\/div>\n<\/div>\n<\/div>\n<h2>RSA jeune<\/h2>\n<p>La prime convient tout \u00e0 fait aux jeunes qui touchent des petits salaires. \u00c0 noter que, selon la CNAF, 17\u2009% des b\u00e9n\u00e9ficiaires de la prime d\u2019activit\u00e9 ont entre 18 ans \u00e0 24 ans.<\/p>\n<p>En outre, la plupart des b\u00e9n\u00e9ficiaires de moins de 25 ans ont entre 22 et 24 ans. Par cons\u00e9quent, vous pouvez toucher cette aide en plus du RSA si vous \u00eates :<\/p>\n<ul>\n<li>salari\u00e9.<\/li>\n<li>\u00a0agent de la fonction publique.<\/li>\n<li><strong>auto-entrepreneur.<\/strong><\/li>\n<li>\u00e9tudiant exer\u00e7ant un emploi (<strong>attention, une limite de salaire est fix\u00e9e).<\/strong><\/li>\n<li>apprenti.<\/li>\n<\/ul>\n<h2>Prime d&rsquo;activit\u00e9 et rente ATMP ?<\/h2>\n<p>Apr\u00e8s avoir mis fin au calcul d\u00e9rogatoire permettant de cumuler rente ATPM, pension d&rsquo;invalidit\u00e9 et prime d&rsquo;activit\u00e9, le gouvernement est revenu sur ses pas. Et ce, suite aux mobilisations des associations aidant les personnes handicap\u00e9es.<\/p>\n<div class=\"sep-top sep-bottom\">\n<p>Vous devez alors d\u00e9clarer tous les 3 mois<strong> vos revenus du trimestre<\/strong> pr\u00e9c\u00e9dent. Le montant de la prime est calcul\u00e9 pour 3 mois fixes. Pendant cette p\u00e9riode, les changements suivants ne sont pas pris en compte :<\/p>\n<ul>\n<li>situation,<\/li>\n<li>familiaux,<\/li>\n<li>professionnels.<\/li>\n<\/ul>\n<\/div>\n<div class=\"card-section\">\n<div class=\"brs_col\">\n<div class=\"card-section\">\n<div class=\"brs_col\">\n<div class=\"content clearfix\">\n<div class=\"para-desc\">\n<div class=\"field field-name-body field-type-text-with-summary field-label-hidden\">\n<div class=\"field-items\">\n<h2>Pension d&rsquo;invalidit\u00e9 et prime d&rsquo;activit\u00e9<\/h2>\n<p>Si, par exemple, vous travaillez et que votre conjoint est b\u00e9n\u00e9ficiaire de la pension, vous pouvez toucher la prime.<\/p>\n<p>En effet, celle-ci <strong>fait partie des ressources prises en compte.<\/strong> Vous pouvez en b\u00e9n\u00e9ficier si la pension est de <strong>quelques euros maximum.<\/strong><\/p>\n<p>Autrement, si son montant exc\u00e8de la prime d&rsquo;activit\u00e9 fix\u00e9e par votre salaire, alors vous ne pouvez plus pr\u00e9tendre \u00e0 cette aide de la CAF.<\/p>\n<\/div>\n<\/div>\n<\/div>\n<\/div>\n<\/div>\n<\/div>\n<\/div>\n<\/div>\n<h2>Prime d&rsquo;activit\u00e9 et AEEH<\/h2>\n<p>L&rsquo;AEEH n&rsquo;entre pas dans le calcul des droits \u00e0 la prime d&rsquo;activit\u00e9. Vous pouvez donc tout \u00e0 fait solliciter la prime d&rsquo;activit\u00e9 et allocation d&rsquo;\u00e9ducation enfant handicap\u00e9.<\/p>\n<h2>ESAT et prime d&rsquo;activit\u00e9<\/h2>\n<div class=\"field field-name-body field-type-text-with-summary field-label-hidden\">\n<div class=\"field-items\">\n<p class=\"nVcaUb\">Vous pouvez pr\u00e9tendre \u00e0 la prime d&rsquo;activit\u00e9 si vous \u00eates un travailleur handicap\u00e9 allocataire de l&rsquo;AAH. Et ce, que vous meniez votre activit\u00e9 en :<\/p>\n<ul>\n<li>ESAT,<\/li>\n<li>entreprise adapt\u00e9e,<\/li>\n<li>ou milieu ordinaire.<\/li>\n<\/ul>\n<h2>Formation AREF et prime d&rsquo;activit\u00e9<\/h2>\n<\/div>\n<p>Vous pouvez solliciter la prime d&rsquo;activit\u00e9 si vous \u00eates en <span class=\"typo_content\"> AREF (en formation sans obligation de recherche d&#8217;emploi). Ce n&rsquo;est pas le cas si vous \u00eates en ARE (demandeur d&#8217;emploi).<\/span><\/p>\n<p>En effet, les revenus de l&rsquo;AREF sont consid\u00e9r\u00e9s comme des salaires. Par cons\u00e9quent, ils sont tout \u00e0 fait \u00e9ligibles \u00e0 la prime.<\/p>\n<\/div>\n<\/div>\n<p>&nbsp;<\/p>\n<div class='cta-block'><div class='text'>Simulez votre prime d&rsquo;activit\u00e9 en 2 min. <\/div><a href='https:\/\/www.mes-allocs.fr\/ab-app?origin=guides\/wp-json\/wp\/v2\/posts\/8561' class='app-button fit'>Simulation gratuite<\/a><\/div>\n<div class=\"field field-name-body field-type-text-with-summary field-label-hidden\">\n<p>&nbsp;<\/p>\n<\/div>\n","protected":false},"excerpt":{"rendered":"<p>[Mis \u00e0 jour le 02\/04\/2026] Le cong\u00e9 sabbatique vous permet en tant que salari\u00e9, de prendre un an de cong\u00e9. Son obtention r\u00e9pond \u00e0 plusieurs conditions parmi lesquelles la dur\u00e9e d&rsquo;anciennet\u00e9. Est-il possible de percevoir des revenus pendant cette p\u00e9riode ? D\u00e8s lors, peuvent-ils \u00eatre alli\u00e9s \u00e0 la prime d&rsquo;activit\u00e9 en 2026 ? Qu&rsquo;est-ce que [&hellip;]<\/p>\n","protected":false},"author":7,"featured_media":9481,"comment_status":"open","ping_status":"open","sticky":false,"template":"","format":"standard","meta":{"amp_status":"","footnotes":""},"categories":[1928,20],"tags":[],"class_list":["post-8561","post","type-post","status-publish","format-standard","has-post-thumbnail","hentry","category-cumul-prime-activite","category-prime-d-activite"],"yoast_head":"<!-- This site is optimized with the Yoast SEO plugin v14.9 - https:\/\/yoast.com\/wordpress\/plugins\/seo\/ -->\n<title>Prime d&#039;activit\u00e9 et cong\u00e9 sabbatique : peut-on les cumuler en 2026 ?<\/title>\n<meta name=\"description\" content=\"Le cong\u00e9 sabbatique permet de prendre un an de cong\u00e9. Est-il possible de percevoir une prime d&#039;activit\u00e9 pendant cette p\u00e9riode en 2026 ?\" \/>\n<meta name=\"robots\" content=\"index, follow, max-snippet:-1, max-image-preview:large, max-video-preview:-1\" \/>\n<link rel=\"canonical\" href=\"https:\/\/www.mes-allocs.fr\/guides\/prime-d-activite\/cumul-prime-activite\/prime-activite-et-conge-sabbatique\/\" \/>\n<meta property=\"og:locale\" content=\"fr_FR\" \/>\n<meta property=\"og:type\" content=\"article\" \/>\n<meta property=\"og:title\" content=\"Prime d&#039;activit\u00e9 et cong\u00e9 sabbatique : peut-on les cumuler en 2026 ?\" \/>\n<meta property=\"og:description\" content=\"Le cong\u00e9 sabbatique permet de prendre un an de cong\u00e9. Est-il possible de percevoir une prime d&#039;activit\u00e9 pendant cette p\u00e9riode en 2026 ?\" \/>\n<meta property=\"og:url\" content=\"https:\/\/www.mes-allocs.fr\/guides\/prime-d-activite\/cumul-prime-activite\/prime-activite-et-conge-sabbatique\/\" \/>\n<meta property=\"og:site_name\" content=\"Mes-Allocs.fr\" \/>\n<meta property=\"article:published_time\" content=\"2020-07-20T08:12:04+00:00\" \/>\n<meta property=\"article:modified_time\" content=\"2026-04-02T14:02:51+00:00\" \/>\n<meta property=\"og:image\" content=\"https:\/\/www.mes-allocs.fr\/guides\/wp-content\/uploads\/2020\/07\/Comment-faire-pour-allier-prime-dactivite\u0301-et-conge\u0301-sabbatique-.jpg?wsr\" \/>\n\t<meta property=\"og:image:width\" content=\"1280\" \/>\n\t<meta property=\"og:image:height\" content=\"852\" \/>\n<meta name=\"twitter:card\" content=\"summary_large_image\" \/>\n<script type=\"application\/ld+json\" class=\"yoast-schema-graph\">{\"@context\":\"https:\/\/schema.org\",\"@graph\":[{\"@type\":\"WebSite\",\"@id\":\"https:\/\/www.mes-allocs.fr\/guides\/#website\",\"url\":\"https:\/\/www.mes-allocs.fr\/guides\/\",\"name\":\"Mes-Allocs.fr\",\"description\":\"\",\"potentialAction\":[{\"@type\":\"SearchAction\",\"target\":\"https:\/\/www.mes-allocs.fr\/guides\/?s={search_term_string}\",\"query-input\":\"required name=search_term_string\"}],\"inLanguage\":\"fr-FR\"},{\"@type\":\"ImageObject\",\"@id\":\"https:\/\/www.mes-allocs.fr\/guides\/prime-d-activite\/cumul-prime-activite\/prime-activite-et-conge-sabbatique\/#primaryimage\",\"inLanguage\":\"fr-FR\",\"url\":\"https:\/\/www.mes-allocs.fr\/guides\/wp-content\/uploads\/2020\/07\/Comment-faire-pour-allier-prime-dactivite\\u0301-et-conge\\u0301-sabbatique-.jpg?wsr\",\"width\":1280,\"height\":852,\"caption\":\"Comment faire pour allier prime dactivite\\u0301 et conge\\u0301 sabbatique\"},{\"@type\":\"WebPage\",\"@id\":\"https:\/\/www.mes-allocs.fr\/guides\/prime-d-activite\/cumul-prime-activite\/prime-activite-et-conge-sabbatique\/#webpage\",\"url\":\"https:\/\/www.mes-allocs.fr\/guides\/prime-d-activite\/cumul-prime-activite\/prime-activite-et-conge-sabbatique\/\",\"name\":\"Prime d'activit\\u00e9 et cong\\u00e9 sabbatique : peut-on les cumuler en 2026 ?\",\"isPartOf\":{\"@id\":\"https:\/\/www.mes-allocs.fr\/guides\/#website\"},\"primaryImageOfPage\":{\"@id\":\"https:\/\/www.mes-allocs.fr\/guides\/prime-d-activite\/cumul-prime-activite\/prime-activite-et-conge-sabbatique\/#primaryimage\"},\"datePublished\":\"2020-07-20T08:12:04+00:00\",\"dateModified\":\"2026-04-02T14:02:51+00:00\",\"author\":{\"@id\":\"https:\/\/www.mes-allocs.fr\/guides\/#\/schema\/person\/1c4837d5703727cb02ce84583b5a44aa\"},\"description\":\"Le cong\\u00e9 sabbatique permet de prendre un an de cong\\u00e9. Est-il possible de percevoir une prime d'activit\\u00e9 pendant cette p\\u00e9riode en 2026 ?\",\"inLanguage\":\"fr-FR\"},{\"@type\":\"Person\",\"@id\":\"https:\/\/www.mes-allocs.fr\/guides\/#\/schema\/person\/1c4837d5703727cb02ce84583b5a44aa\",\"name\":\"Fabiola\",\"image\":{\"@type\":\"ImageObject\",\"@id\":\"https:\/\/www.mes-allocs.fr\/guides\/#personlogo\",\"inLanguage\":\"fr-FR\",\"url\":\"https:\/\/www.mes-allocs.fr\/guides\/wp-content\/uploads\/2021\/06\/fabiola-150x150.png\",\"caption\":\"Fabiola\"},\"description\":\"Fabiola est r\\u00e9dactrice au sein de l'\\u00e9quipe Mes Allocs, sp\\u00e9cialis\\u00e9e en sciences politiques et affaires publiques. Dipl\\u00f4m\\u00e9e de l'HEIP, elle rejoint Mes Allocs apr\\u00e8s une premi\\u00e8re exp\\u00e9rience \\u00e0 l'Assembl\\u00e9e Nationale.\",\"sameAs\":[\"https:\/\/www.linkedin.com\/in\/cecilia-philippe-b-8a8085195\"]}]}<\/script>\n<!-- \/ Yoast SEO plugin. -->","amp_validity":null,"acf":{"faq":{"1":{"question":"Est-ce que la CAF prend en compte les frais r\u00e9els ?","answer":"Non, n\u00e9anmoins l'administration fiscale ces calcule ces frais pour les salari\u00e9s, en d\u00e9duisant un forfait de 10 % ou les frais professionnels r\u00e9els (kilom\u00e8tres, etc.)."},"2":{"question":"Est-ce que la CAF prend en compte les revenus 2026 ?","answer":"Pour les aides au logement par exemple, la CAF et la MSA tiennent compte des revenus des douze mois qui pr\u00e9c\u00e8dent la demande. "},"3":{"question":"Est-ce que la prime d'activit\u00e9 fait baisser les APL ?","answer":"Non, ils sont inclus dans le montant de votre prime sous la forme d'un forfait soustrait. Il est de 77,58 \u20ac pour une personne seule."},"4":{"question":"Est-ce que les primes comptent pour la prime d'activit\u00e9 ?","answer":"Les primes suivantes n'entrent pas en compte dans le calcul des droits \u00e0 la prime : prime \u00e0 la naissance ou \u00e0 l'adoption, allocation de rentr\u00e9e scolaire, etc."},"5":{"question":"Quelles sont les conditions pour b\u00e9n\u00e9ficier de la prime d'activit\u00e9 ?","answer":"Il faut r\u00e9sider en France de mani\u00e8re stable et effective. En outre, vous devez exercer une activit\u00e9 professionnelle et \u00eatre \u00e2g\u00e9 de 18 ans."},"6":{"question":"","answer":""},"7":{"question":"","answer":""},"8":{"question":"","answer":""},"9":{"question":"","answer":""},"10":{"question":"","answer":""},"11":{"question":"","answer":""},"12":{"question":"","answer":""},"13":{"question":"","answer":""},"14":{"question":"","answer":""},"15":{"question":"","answer":""},"16":{"question":"","answer":""}}},"_links":{"self":[{"href":"https:\/\/www.mes-allocs.fr\/guides\/wp-json\/wp\/v2\/posts\/8561","targetHints":{"allow":["GET"]}}],"collection":[{"href":"https:\/\/www.mes-allocs.fr\/guides\/wp-json\/wp\/v2\/posts"}],"about":[{"href":"https:\/\/www.mes-allocs.fr\/guides\/wp-json\/wp\/v2\/types\/post"}],"author":[{"embeddable":true,"href":"https:\/\/www.mes-allocs.fr\/guides\/wp-json\/wp\/v2\/users\/7"}],"replies":[{"embeddable":true,"href":"https:\/\/www.mes-allocs.fr\/guides\/wp-json\/wp\/v2\/comments?post=8561"}],"version-history":[{"count":55,"href":"https:\/\/www.mes-allocs.fr\/guides\/wp-json\/wp\/v2\/posts\/8561\/revisions"}],"predecessor-version":[{"id":111407,"href":"https:\/\/www.mes-allocs.fr\/guides\/wp-json\/wp\/v2\/posts\/8561\/revisions\/111407"}],"wp:featuredmedia":[{"embeddable":true,"href":"https:\/\/www.mes-allocs.fr\/guides\/wp-json\/wp\/v2\/media\/9481"}],"wp:attachment":[{"href":"https:\/\/www.mes-allocs.fr\/guides\/wp-json\/wp\/v2\/media?parent=8561"}],"wp:term":[{"taxonomy":"category","embeddable":true,"href":"https:\/\/www.mes-allocs.fr\/guides\/wp-json\/wp\/v2\/categories?post=8561"},{"taxonomy":"post_tag","embeddable":true,"href":"https:\/\/www.mes-allocs.fr\/guides\/wp-json\/wp\/v2\/tags?post=8561"}],"curies":[{"name":"wp","href":"https:\/\/api.w.org\/{rel}","templated":true}]}}