{"id":8558,"date":"2020-07-20T09:37:37","date_gmt":"2020-07-20T09:37:37","guid":{"rendered":"https:\/\/www.mes-allocs.fr\/guides\/?p=8558"},"modified":"2026-04-02T15:01:53","modified_gmt":"2026-04-02T14:01:53","slug":"prime-activite-et-rente-atmp","status":"publish","type":"post","link":"https:\/\/www.mes-allocs.fr\/guides\/prime-d-activite\/cumul-prime-activite\/prime-activite-et-rente-atmp\/","title":{"rendered":"Comment cumuler prime d&rsquo;activit\u00e9 et rente ATMP en 2026 ?"},"content":{"rendered":"<div class=\"brs_col\">\n<div id=\"extrares\">\n<div id=\"botstuff\">\n<div data-ved=\"2ahUKEwjz4-O5vZbqAhWo4YUKHbO7AvUQCHoECA0QNA\">\n<div id=\"brs\" data-hveid=\"CAsQAA\">\n<div class=\"card-section\">\n<div style=\"text-align: justify;\"><strong><a href=\"https:\/\/www.mes-allocs.fr\/guides\/wp-content\/uploads\/2020\/07\/Comment-allier-prime-dactivite\u0301-et-rente-ATMP-d.jpg\"><img loading=\"lazy\" decoding=\"async\" class=\"aligncenter wp-image-9963 size-full\" src=\"https:\/\/www.mes-allocs.fr\/guides\/wp-content\/uploads\/2020\/07\/Comment-allier-prime-dactivite\u0301-et-rente-ATMP-d-e1594824243429.jpg\" alt=\"cumul prime d'activit\u00e9 et rente ATMP\" width=\"1280\" height=\"332\" srcset=\"https:\/\/www.mes-allocs.fr\/guides\/wp-content\/uploads\/2020\/07\/Comment-allier-prime-dactivite\u0301-et-rente-ATMP-d-e1594824243429.jpg 1280w, https:\/\/www.mes-allocs.fr\/guides\/wp-content\/uploads\/2020\/07\/Comment-allier-prime-dactivite\u0301-et-rente-ATMP-d-e1594824243429-300x78.jpg 300w, https:\/\/www.mes-allocs.fr\/guides\/wp-content\/uploads\/2020\/07\/Comment-allier-prime-dactivite\u0301-et-rente-ATMP-d-e1594824243429-1024x266.jpg 1024w, https:\/\/www.mes-allocs.fr\/guides\/wp-content\/uploads\/2020\/07\/Comment-allier-prime-dactivite\u0301-et-rente-ATMP-d-e1594824243429-768x199.jpg 768w, https:\/\/www.mes-allocs.fr\/guides\/wp-content\/uploads\/2020\/07\/Comment-allier-prime-dactivite\u0301-et-rente-ATMP-d-e1594824243429-600x156.jpg 600w\" sizes=\"auto, (max-width: 1280px) 100vw, 1280px\" \/><\/a><\/strong><\/div>\n<div><\/div>\n<div style=\"text-align: justify;\">[Mis \u00e0 jour le 02\/04\/2026] La rente ATMP vous permet de b\u00e9n\u00e9ficier d&rsquo;une aide financi\u00e8re si vous avez fait face \u00e0 un accident de travail (AT) ou avez souffert d&rsquo;une maladie professionnelle (MP). Vers\u00e9e par la CAF ou la MSA, les sommes per\u00e7ues correspondent-elles \u00e0 un salaire ? Est-il possible de demander la <a href=\"https:\/\/www.mes-allocs.fr\/guides\/prime-d-activite\/\">prime d&rsquo;activit\u00e9<\/a> et la rente ATMP en 2026 ?<\/div>\n<\/div>\n<div>\n<div class='cta-block'><div class='text'>Simulez votre prime d&rsquo;activit\u00e9 en 2 min. <\/div><a href='https:\/\/www.mes-allocs.fr\/ab-app?origin=guides\/wp-json\/wp\/v2\/posts\/8558' class='app-button fit'>Simulation gratuite<\/a><\/div>\n<\/div>\n<div class=\"card-section\">\n<div class=\"brs_col\">\n<h1>Qu&rsquo;est-ce qu&rsquo;une rente ATMP ?<\/h1>\n<p style=\"text-align: justify;\">Vous pouvez b\u00e9n\u00e9ficier d&rsquo;une rente accident du travail vous permet de b\u00e9n\u00e9ficier d&rsquo;une rente si vous avez suite \u00e0 un accident de travail (AT) ou de maladies professionnelles (MP) :<\/p>\n<ul style=\"text-align: justify;\">\n<li>des s\u00e9quelles,<\/li>\n<li>des douleurs,<\/li>\n<li>r\u00e9duction durable de vos capacit\u00e9s mentales et\/ou physiques.<\/li>\n<\/ul>\n<p style=\"text-align: justify;\"><strong>Au 1er avril, comme la plupart des aides, la rente est revaloris\u00e9e.<\/strong><\/p>\n<p>Ce sont les organismes suivants qui, par la suite, d\u00e9terminent un taux d&rsquo;incapacit\u00e9 permanente (IPP), inf\u00e9rieur ou \u00e9gal \u00e0 10\u2009% :<\/p>\n<ul>\n<li>CPAM (Caisse Primaire d\u2019Assurance Maladie),<\/li>\n<li>MSA (Mutuelle Sociale Agricole),<\/li>\n<li>etc.<\/li>\n<\/ul>\n<p>Cette IPP vous permet d&rsquo;une aide financi\u00e8re sous forme de capital ou de rente viag\u00e8re.<\/p>\n<\/div>\n<\/div>\n<\/div>\n<\/div>\n<\/div>\n<\/div>\n<\/div>\n<div class=\"pre_nota\">\n<p><strong>Les changements qui ont eu lieu depuis 2025 :<\/strong><\/p>\n<\/div>\n<ul>\n<li>Coefficient applicable aux rentes correspond \u00e0 un taux d&rsquo;IPP au moins \u00e9gal \u00e0 10%.<\/li>\n<li>Salaire annuel minimum : 20 048,80 \u20ac<\/li>\n<li>Fraction irr\u00e9ductible du salaire annuel : 40 097,60 \u20ac<\/li>\n<li>Salaire annuel maximum : 160 390,42 \u20ac .<\/li>\n<li>Majoration pour tierce personne : 14 530,86 \u20ac.<\/li>\n<\/ul>\n<p>&nbsp;<\/p>\n<p style=\"text-align: justify;\">\n<div class=\"wpdt-c row wpDataTableContainerSimpleTable wpDataTables wpDataTablesWrapper\n\"\n    >\n    <table id=\"wpdtSimpleTable-106\"\n           class=\"wpdtSimpleTable wpDataTable\"\n           data-column=\"2\"\n           data-rows=\"5\"\n           data-wpID=\"106\"\n           data-responsive=\"0\"\n           data-has-header=\"1\">\n\n                    <thead>        <tr class=\"wpdt-cell-row \" >\n                            <th class=\"wpdt-cell wpdt-bc-F3F9FE wpdt-bold\"\n                                    data-cell-id=\"A1\"\n                data-col-index=\"0\"\n                data-row-index=\"0\"\n                style=\" width:57.26872246696%;                padding:10px;\"\n                >\n                                Nombre d'actes                <\/th>\n                                            <th class=\"wpdt-cell wpdt-bc-F3F9FE wpdt-wrap-text wpdt-bold\"\n                                    data-cell-id=\"B1\"\n                data-col-index=\"1\"\n                data-row-index=\"0\"\n                style=\" width:42.73127753304%;                padding:10px;\"\n                >\n                                Montants                <\/th>\n                                        <\/tr>\n                    <tbody>        <tr class=\"wpdt-cell-row \" >\n                            <td class=\"wpdt-cell wpdt-align-center wpdt-valign-middle wpdt-wrap-text\"\n                                    data-cell-id=\"A2\"\n                data-col-index=\"0\"\n                data-row-index=\"1\"\n                style=\"                padding:10px;\"\n                >\n                                Moins de 3 actes                <\/td>\n                                            <td class=\"wpdt-cell wpdt-bc-FFFFFF\"\n                                    data-cell-id=\"B2\"\n                data-col-index=\"1\"\n                data-row-index=\"1\"\n                style=\"                padding:10px;\"\n                >\n                                0 \u20ac                <\/td>\n                                        <\/tr>\n                            <tr class=\"wpdt-cell-row \" >\n                            <td class=\"wpdt-cell \"\n                                    data-cell-id=\"A3\"\n                data-col-index=\"0\"\n                data-row-index=\"2\"\n                style=\"                padding:10px;\"\n                >\n                                3 ou 4 actes                <\/td>\n                                            <td class=\"wpdt-cell \"\n                                    data-cell-id=\"B3\"\n                data-col-index=\"1\"\n                data-row-index=\"2\"\n                style=\"                padding:10px;\"\n                >\n                                605,41 \u20ac                <\/td>\n                                        <\/tr>\n                            <tr class=\"wpdt-cell-row \" >\n                            <td class=\"wpdt-cell \"\n                                    data-cell-id=\"A4\"\n                data-col-index=\"0\"\n                data-row-index=\"3\"\n                style=\"                padding:10px;\"\n                >\n                                5 ou 6 actes                <\/td>\n                                            <td class=\"wpdt-cell \"\n                                    data-cell-id=\"B4\"\n                data-col-index=\"1\"\n                data-row-index=\"3\"\n                style=\"                padding:10px;\"\n                >\n                                1 210,86 \u20ac                <\/td>\n                                        <\/tr>\n                            <tr class=\"wpdt-cell-row \" >\n                            <td class=\"wpdt-cell \"\n                                    data-cell-id=\"A5\"\n                data-col-index=\"0\"\n                data-row-index=\"4\"\n                style=\"                padding:10px;\"\n                >\n                                Au moins 7 actes (ou en cas troubles neuropsychiques pr\u00e9sentant un danger pour vous ou pour autrui)                <\/td>\n                                            <td class=\"wpdt-cell \"\n                                    data-cell-id=\"B5\"\n                data-col-index=\"1\"\n                data-row-index=\"4\"\n                style=\"                padding:10px;\"\n                >\n                                1 816,31 \u20ac                <\/td>\n                                        <\/tr>\n                    <\/table>\n<\/div><style id='wpdt-custom-style-106'>\ntable#wpdtSimpleTable-106{ table-layout: fixed !important; }\n.wpdt-bc-F3F9FE { background-color: #F3F9FE !important;}\n.wpdt-bc-FFFFFF { background-color: #FFFFFF !important;}\n<\/style>\n<\/p>\n<div class=\"brs_col\">\n<div id=\"extrares\">\n<div id=\"botstuff\">\n<div data-ved=\"2ahUKEwjz4-O5vZbqAhWo4YUKHbO7AvUQCHoECA0QNA\">\n<div id=\"brs\" data-hveid=\"CAsQAA\">\n<div class=\"card-section\">\n<div class=\"brs_col\">\n<h1>Comment est \u00e9valu\u00e9 le taux d&rsquo;IPP ?<\/h1>\n<p>Il est fix\u00e9 selon les crit\u00e8res suivants et par un m\u00e9decin d\u00e9sign\u00e9 par l\u2019organisme :<\/p>\n<ul>\n<li>\u00c9tat g\u00e9n\u00e9ral.<\/li>\n<li>Type d&rsquo;infirmit\u00e9.<\/li>\n<li>Facult\u00e9s physiques ou mentales.<\/li>\n<li>\u00c2ge.<\/li>\n<li>Aptitudes et qualifications professionnelles.<\/li>\n<\/ul>\n<p>&nbsp;<\/p>\n<p><strong>Quel est le calcul de l&rsquo;IPP ?<\/strong><\/p>\n<p>Si le taux est inf\u00e9rieur \u00e0 10\u2009%, l&rsquo;<span class=\"tadv-color\">indemnit\u00e9 en capital sera vers\u00e9e en une seule fois.<\/span><\/p>\n<p>S&rsquo;il est \u00e9gal ou sup\u00e9rieur \u00e0 10\u2009%, vous percevrez <span class=\"tadv-color\">une rente viag\u00e8re \u00e0 vie.<\/span><\/p>\n<p><iframe loading=\"lazy\" title=\"La prime d&#039;activit\u00e9\" width=\"500\" height=\"281\" src=\"https:\/\/www.youtube.com\/embed\/uavbovK5ZXc?feature=oembed\" frameborder=\"0\" allow=\"accelerometer; autoplay; clipboard-write; encrypted-media; gyroscope; picture-in-picture; web-share\" referrerpolicy=\"strict-origin-when-cross-origin\" allowfullscreen><\/iframe><\/p>\n<h1 id=\"at-mp-montants-2020-de-lindemnite-en-capital\">Quels sont les montants de l\u2019indemnit\u00e9 ATMP ?<\/h1>\n<p>Si votre incapacit\u00e9 permanente est inf\u00e9rieure \u00e0 10 %, vous pouvez pr\u00e9tendre \u00e0 une indemnit\u00e9 en capital forfaitaire. Son montant varie en fonction du taux d\u2019incapacit\u00e9 permanente.<\/p>\n<p>&nbsp;<\/p>\n\n<div class=\"wpdt-c row wpDataTableContainerSimpleTable wpDataTables wpDataTablesWrapper\n\"\n    >\n    <table id=\"wpdtSimpleTable-105\"\n           class=\"wpdtSimpleTable wpDataTable\"\n           data-column=\"2\"\n           data-rows=\"10\"\n           data-wpID=\"105\"\n           data-responsive=\"0\"\n           data-has-header=\"1\">\n\n                    <thead>        <tr class=\"wpdt-cell-row \" >\n                            <th class=\"wpdt-cell wpdt-bc-F3F9FE wpdt-bold\"\n                                    data-cell-id=\"A1\"\n                data-col-index=\"0\"\n                data-row-index=\"0\"\n                style=\" width:31.279620853081%;                padding:10px;\"\n                >\n                                Taux d'incapacit\u00e9 permanente                <\/th>\n                                            <th class=\"wpdt-cell wpdt-bc-F3F9FE wpdt-wrap-text wpdt-bold\"\n                                    data-cell-id=\"B1\"\n                data-col-index=\"1\"\n                data-row-index=\"0\"\n                style=\" width:68.720379146919%;                padding:10px;\"\n                >\n                                Montant de l'indemnit\u00e9 en capital                <\/th>\n                                        <\/tr>\n                    <tbody>        <tr class=\"wpdt-cell-row \" >\n                            <td class=\"wpdt-cell wpdt-align-center wpdt-valign-middle wpdt-wrap-text\"\n                                    data-cell-id=\"A2\"\n                data-col-index=\"0\"\n                data-row-index=\"1\"\n                style=\"                padding:10px;\"\n                >\n                                1\u00a0%                <\/td>\n                                            <td class=\"wpdt-cell wpdt-bc-FFFFFF\"\n                                    data-cell-id=\"B2\"\n                data-col-index=\"1\"\n                data-row-index=\"1\"\n                style=\"                padding:10px;\"\n                >\n                                479,55 \u20ac                <\/td>\n                                        <\/tr>\n                            <tr class=\"wpdt-cell-row \" >\n                            <td class=\"wpdt-cell \"\n                                    data-cell-id=\"A3\"\n                data-col-index=\"0\"\n                data-row-index=\"2\"\n                style=\"                padding:10px;\"\n                >\n                                2\u00a0%                <\/td>\n                                            <td class=\"wpdt-cell \"\n                                    data-cell-id=\"B3\"\n                data-col-index=\"1\"\n                data-row-index=\"2\"\n                style=\"                padding:10px;\"\n                >\n                                779,48 \u20ac                <\/td>\n                                        <\/tr>\n                            <tr class=\"wpdt-cell-row \" >\n                            <td class=\"wpdt-cell \"\n                                    data-cell-id=\"A4\"\n                data-col-index=\"0\"\n                data-row-index=\"3\"\n                style=\"                padding:10px;\"\n                >\n                                3\u00a0%                <\/td>\n                                            <td class=\"wpdt-cell \"\n                                    data-cell-id=\"B4\"\n                data-col-index=\"1\"\n                data-row-index=\"3\"\n                style=\"                padding:10px;\"\n                >\n                                1 139,06 \u20ac                <\/td>\n                                        <\/tr>\n                            <tr class=\"wpdt-cell-row \" >\n                            <td class=\"wpdt-cell \"\n                                    data-cell-id=\"A5\"\n                data-col-index=\"0\"\n                data-row-index=\"4\"\n                style=\"                padding:10px;\"\n                >\n                                4\u00a0%                <\/td>\n                                            <td class=\"wpdt-cell \"\n                                    data-cell-id=\"B5\"\n                data-col-index=\"1\"\n                data-row-index=\"4\"\n                style=\"                padding:10px;\"\n                >\n                                1 797,86 \u20ac                <\/td>\n                                        <\/tr>\n                            <tr class=\"wpdt-cell-row \" >\n                            <td class=\"wpdt-cell \"\n                                    data-cell-id=\"A6\"\n                data-col-index=\"0\"\n                data-row-index=\"5\"\n                style=\"                padding:10px;\"\n                >\n                                5\u00a0%                <\/td>\n                                            <td class=\"wpdt-cell \"\n                                    data-cell-id=\"B6\"\n                data-col-index=\"1\"\n                data-row-index=\"5\"\n                style=\"                padding:10px;\"\n                >\n                                2 277,57 \u20ac                <\/td>\n                                        <\/tr>\n                            <tr class=\"wpdt-cell-row \" >\n                            <td class=\"wpdt-cell \"\n                                    data-cell-id=\"A7\"\n                data-col-index=\"0\"\n                data-row-index=\"6\"\n                style=\"                padding:10px;\"\n                >\n                                6\u00a0%                <\/td>\n                                            <td class=\"wpdt-cell \"\n                                    data-cell-id=\"B7\"\n                data-col-index=\"1\"\n                data-row-index=\"6\"\n                style=\"                padding:10px;\"\n                >\n                                2 816,99 \u20ac                <\/td>\n                                        <\/tr>\n                            <tr class=\"wpdt-cell-row \" >\n                            <td class=\"wpdt-cell \"\n                                    data-cell-id=\"A8\"\n                data-col-index=\"0\"\n                data-row-index=\"7\"\n                style=\"                padding:10px;\"\n                >\n                                7\u00a0%                <\/td>\n                                            <td class=\"wpdt-cell \"\n                                    data-cell-id=\"B8\"\n                data-col-index=\"1\"\n                data-row-index=\"7\"\n                style=\"                padding:10px;\"\n                >\n                                3 416,09 \u20ac                <\/td>\n                                        <\/tr>\n                            <tr class=\"wpdt-cell-row \" >\n                            <td class=\"wpdt-cell \"\n                                    data-cell-id=\"A9\"\n                data-col-index=\"0\"\n                data-row-index=\"8\"\n                style=\"                padding:10px;\"\n                >\n                                8\u00a0%                <\/td>\n                                            <td class=\"wpdt-cell \"\n                                    data-cell-id=\"B9\"\n                data-col-index=\"1\"\n                data-row-index=\"8\"\n                style=\"                padding:10px;\"\n                >\n                                4 075,64 \u20ac                <\/td>\n                                        <\/tr>\n                            <tr class=\"wpdt-cell-row \" >\n                            <td class=\"wpdt-cell \"\n                                    data-cell-id=\"A10\"\n                data-col-index=\"0\"\n                data-row-index=\"9\"\n                style=\"                padding:10px;\"\n                >\n                                9\u00a0%                <\/td>\n                                            <td class=\"wpdt-cell \"\n                                    data-cell-id=\"B10\"\n                data-col-index=\"1\"\n                data-row-index=\"9\"\n                style=\"                padding:10px;\"\n                >\n                                4 794,83 \u20ac                <\/td>\n                                        <\/tr>\n                    <\/table>\n<\/div><style id='wpdt-custom-style-105'>\ntable#wpdtSimpleTable-105{ table-layout: fixed !important; }\n.wpdt-bc-F3F9FE { background-color: #F3F9FE !important;}\n.wpdt-bc-FFFFFF { background-color: #FFFFFF !important;}\n<\/style>\n\n<p>Vous avez le droit \u00e0 une rente viag\u00e8re si vous \u00eates victime d&rsquo;un AT-MP et que votre taux d\u2019incapacit\u00e9 permanente est :<\/p>\n<ul>\n<li>\u00e9gal<\/li>\n<li>ou sup\u00e9rieur \u00e0 10 %.<\/li>\n<\/ul>\n<p>Il s&rsquo;agit d&rsquo;une aide calcul\u00e9e sur la base du salaire des 12 mois pr\u00e9c\u00e9dant :<\/p>\n<ul>\n<li>l\u2019arr\u00eat de travail suivant l\u2019accident du travail<\/li>\n<li>ou la maladie professionnelle.<\/li>\n<\/ul>\n<div class='cta-block'><div class='text'>Simulez votre prime d&rsquo;activit\u00e9 en 2 min. <\/div><a href='https:\/\/www.mes-allocs.fr\/ab-app?origin=guides\/wp-json\/wp\/v2\/posts\/8558' class='app-button fit'>Simulation gratuite<\/a><\/div>\n<div class=\"card-section\">\n<div class=\"brs_col\">\n<div class=\"sep-top sep-bottom\">\n<h1>Peut-on cumuler la prime d&rsquo;activit\u00e9 avec la rente ATMP ?<\/h1>\n<p>Oui, c&rsquo;est possible. Apr\u00e8s avoir mis fin au calcul d\u00e9rogatoire permettant de cumuler prime d&rsquo;activit\u00e9, pensions et rente, le gouvernement est revenu sur ses pas. Et ce, suite aux mobilisations des associations aidant les personnes handicap\u00e9es.<\/p>\n<div class=\"sep-top sep-bottom\">\n<p>Vous devez alors d\u00e9clarer tous les 3 mois<strong> vos revenus professionnels du trimestre<\/strong> pr\u00e9c\u00e9dent. Le calcul de la prime pour 3 mois fixes. Pendant cette p\u00e9riode, les changements suivants ne sont pas pris en compte :<\/p>\n<ul>\n<li>situation,<\/li>\n<li>familiaux,<\/li>\n<li>professionnels.<\/li>\n<\/ul>\n<\/div>\n<\/div>\n<\/div>\n<\/div>\n<\/div>\n<\/div>\n<div class=\"card-section\">\n<div class=\"brs_col\">\n<div class=\"card-section\">\n<h1 style=\"text-align: justify;\">Qu&rsquo;est-ce que la prime d\u2019activit\u00e9 ?<\/h1>\n<p style=\"text-align: justify;\">En vigueur depuis le 1er janvier 2016, la prime d&rsquo;activit\u00e9 CAF est un compl\u00e9ment de revenus.<\/p>\n<h2>Qui peut en b\u00e9n\u00e9ficier en 2026 ?<\/h2>\n<p style=\"text-align: justify;\">Elle est accord\u00e9e, sous conditions de ressources, aux :<\/p>\n<ul>\n<li>personnes de plus de 18 ans, salari\u00e9es et ind\u00e9pendantes,<\/li>\n<li>aux \u00e9tudiants salari\u00e9s,<\/li>\n<li>et apprentis.<\/li>\n<\/ul>\n<p>Environ 5 millions de Fran\u00e7ais b\u00e9n\u00e9ficient de cette aide aujourd&rsquo;hui.<\/p>\n<h2><strong>Comment b\u00e9n\u00e9ficier de la prime ?<\/strong><\/h2>\n<p class=\"amp-wp-7d27179\" data-amp-original-style=\"text-align: justify;\">Vous devez faire\u00a0<a href=\"https:\/\/www.mes-allocs.fr\/guides\/prime-d-activite\/prime-dactivite-demande\/\">la demande de prime d\u2019activit\u00e9<\/a>\u00a0aupr\u00e8s de la caisse d\u2019allocations familiales (CAF) ou la mutualit\u00e9 sociale agricole (MSA), qui vous la verseront si votre dossier est accept\u00e9. Vous pouvez faire une d\u00e9marche en ligne aupr\u00e8s de la CAF ou la MSA.<\/p>\n<p>Pour toucher cette aide, vous devez remplir les conditions cit\u00e9es pr\u00e9c\u00e9demment. Si vous \u00eates \u00e9tudiant, vous devez aussi\u00a0<strong>gagner plus de <b> 1117,26 \u20ac\/mois en 2026<\/b><\/strong>\u00a0.<\/p>\n<div class=\"brs_col\">\n<h1>Quel est le montant de la prime d&rsquo;activit\u00e9 en 2026 ?<\/h1>\n<p><strong>Le montant de la prime d&rsquo;activit\u00e9 est de 633,21 \u20ac depuis le 1er avril 2026, apr\u00e8s une revalorisation de 0,8%.<\/strong> Le montant est major\u00e9 selon la composition du foyer.<\/p>\n<h2>Quel est le plafond de la prime d&rsquo;activit\u00e9 ?<\/h2>\n<p>Les plafonds de la prime d&rsquo;activit\u00e9 varient selon la composition de votre foyer.<\/p>\n<\/div>\n<div class=\"brs_col\">\n<h2 id=\"Travail_\u00e0_temps_partiel_et_montant_de_la_prime_activit\u00e9_2020\">Quel est le montant de la prime activit\u00e9 2026 en temps partiel ?<\/h2>\n<p>Le montant de la prime activit\u00e9 varie en fonction :<\/p>\n<ul>\n<li>des revenus<\/li>\n<li>et de la situation familiale du b\u00e9n\u00e9ficiaire.<\/li>\n<\/ul>\n<p style=\"text-align: justify;\">En outre, une bonification est accord\u00e9e sur les revenus de plus de <strong>700,92<\/strong> euros par mois, lors du calcul de la prime d&rsquo;activit\u00e9. Si vous percevez un SMIC, le montant de la bonification sera de 184,27\u00a0euros maximum. Si vous \u00eates \u00e0 temps partiel, la bonification est r\u00e9duite.<\/p>\n<h2>Prime d&rsquo;activit\u00e9 major\u00e9e pour isolement : comment cela fonctionne ?<\/h2>\n<p style=\"text-align: justify;\"><span class=\"ILfuVd NA6bn\"><span class=\"e24Kjd\">Le montant forfaitaire <b>major\u00e9 pour isolement<\/b> d\u00e9pend du nombre d&rsquo;enfants \u00e0 charge. Il est \u00e9gal \u00e0 128,412\u2009% du montant forfaitaire de base. S&rsquo;y ajoute 42,804\u2009% du montant forfaitaire de base <b>pour<\/b> chaque enfant. Le montant forfaitaire est augment\u00e9 <b>pour<\/b> chaque travailleur pr\u00e9sent dans le foyer.<\/span><\/span><\/p>\n<p>&nbsp;<\/p>\n<div class='cta-block'><div class='text'>Simulez votre prime d&rsquo;activit\u00e9 en 2 min. <\/div><a href='https:\/\/www.mes-allocs.fr\/ab-app?origin=guides\/wp-json\/wp\/v2\/posts\/8558' class='app-button fit'>Simulation gratuite<\/a><\/div>\n<\/div>\n<\/div>\n<\/div>\n<\/div>\n<\/div>\n<\/div>\n<\/div>\n<\/div>\n<\/div>\n","protected":false},"excerpt":{"rendered":"<p>[Mis \u00e0 jour le 02\/04\/2026] La rente ATMP vous permet de b\u00e9n\u00e9ficier d&rsquo;une aide financi\u00e8re si vous avez fait face \u00e0 un accident de travail (AT) ou avez souffert d&rsquo;une maladie professionnelle (MP). Vers\u00e9e par la CAF ou la MSA, les sommes per\u00e7ues correspondent-elles \u00e0 un salaire ? Est-il possible de demander la prime d&rsquo;activit\u00e9 [&hellip;]<\/p>\n","protected":false},"author":7,"featured_media":9964,"comment_status":"open","ping_status":"open","sticky":false,"template":"","format":"standard","meta":{"amp_status":"","footnotes":""},"categories":[1928,20],"tags":[],"class_list":["post-8558","post","type-post","status-publish","format-standard","has-post-thumbnail","hentry","category-cumul-prime-activite","category-prime-d-activite"],"yoast_head":"<!-- This site is optimized with the Yoast SEO plugin v14.9 - https:\/\/yoast.com\/wordpress\/plugins\/seo\/ -->\n<title>Comment cumuler prime d&#039;activit\u00e9 et rente ATMP en 2026 ? | Mes-Allocs.fr<\/title>\n<meta name=\"description\" content=\"La rente ATMP vous permet de b\u00e9n\u00e9ficier d&#039;une aide financi\u00e8re. Est-il possible de la cumuler avec la prime d&#039;activit\u00e9 en 2026 ?\" \/>\n<meta name=\"robots\" content=\"index, follow, max-snippet:-1, max-image-preview:large, max-video-preview:-1\" \/>\n<link rel=\"canonical\" href=\"https:\/\/www.mes-allocs.fr\/guides\/prime-d-activite\/cumul-prime-activite\/prime-activite-et-rente-atmp\/\" \/>\n<meta property=\"og:locale\" content=\"fr_FR\" \/>\n<meta property=\"og:type\" content=\"article\" \/>\n<meta property=\"og:title\" content=\"Comment cumuler prime d&#039;activit\u00e9 et rente ATMP en 2026 ? | Mes-Allocs.fr\" \/>\n<meta property=\"og:description\" content=\"La rente ATMP vous permet de b\u00e9n\u00e9ficier d&#039;une aide financi\u00e8re. Est-il possible de la cumuler avec la prime d&#039;activit\u00e9 en 2026 ?\" \/>\n<meta property=\"og:url\" content=\"https:\/\/www.mes-allocs.fr\/guides\/prime-d-activite\/cumul-prime-activite\/prime-activite-et-rente-atmp\/\" \/>\n<meta property=\"og:site_name\" content=\"Mes-Allocs.fr\" \/>\n<meta property=\"article:published_time\" content=\"2020-07-20T09:37:37+00:00\" \/>\n<meta property=\"article:modified_time\" content=\"2026-04-02T14:01:53+00:00\" \/>\n<meta property=\"og:image\" content=\"https:\/\/www.mes-allocs.fr\/guides\/wp-content\/uploads\/2020\/07\/Comment-allier-prime-dactivite\u0301-et-rente-ATMP-1-2.jpg?wsr\" \/>\n\t<meta property=\"og:image:width\" content=\"1280\" \/>\n\t<meta property=\"og:image:height\" content=\"853\" \/>\n<meta name=\"twitter:card\" content=\"summary_large_image\" \/>\n<script type=\"application\/ld+json\" class=\"yoast-schema-graph\">{\"@context\":\"https:\/\/schema.org\",\"@graph\":[{\"@type\":\"WebSite\",\"@id\":\"https:\/\/www.mes-allocs.fr\/guides\/#website\",\"url\":\"https:\/\/www.mes-allocs.fr\/guides\/\",\"name\":\"Mes-Allocs.fr\",\"description\":\"\",\"potentialAction\":[{\"@type\":\"SearchAction\",\"target\":\"https:\/\/www.mes-allocs.fr\/guides\/?s={search_term_string}\",\"query-input\":\"required name=search_term_string\"}],\"inLanguage\":\"fr-FR\"},{\"@type\":\"ImageObject\",\"@id\":\"https:\/\/www.mes-allocs.fr\/guides\/prime-d-activite\/cumul-prime-activite\/prime-activite-et-rente-atmp\/#primaryimage\",\"inLanguage\":\"fr-FR\",\"url\":\"https:\/\/www.mes-allocs.fr\/guides\/wp-content\/uploads\/2020\/07\/Comment-allier-prime-dactivite\\u0301-et-rente-ATMP-1-2.jpg?wsr\",\"width\":1280,\"height\":853,\"caption\":\"Comment allier prime dactivite\\u0301 et rente ATMP 1 2\"},{\"@type\":\"WebPage\",\"@id\":\"https:\/\/www.mes-allocs.fr\/guides\/prime-d-activite\/cumul-prime-activite\/prime-activite-et-rente-atmp\/#webpage\",\"url\":\"https:\/\/www.mes-allocs.fr\/guides\/prime-d-activite\/cumul-prime-activite\/prime-activite-et-rente-atmp\/\",\"name\":\"Comment cumuler prime d'activit\\u00e9 et rente ATMP en 2026 ? | Mes-Allocs.fr\",\"isPartOf\":{\"@id\":\"https:\/\/www.mes-allocs.fr\/guides\/#website\"},\"primaryImageOfPage\":{\"@id\":\"https:\/\/www.mes-allocs.fr\/guides\/prime-d-activite\/cumul-prime-activite\/prime-activite-et-rente-atmp\/#primaryimage\"},\"datePublished\":\"2020-07-20T09:37:37+00:00\",\"dateModified\":\"2026-04-02T14:01:53+00:00\",\"author\":{\"@id\":\"https:\/\/www.mes-allocs.fr\/guides\/#\/schema\/person\/1c4837d5703727cb02ce84583b5a44aa\"},\"description\":\"La rente ATMP vous permet de b\\u00e9n\\u00e9ficier d'une aide financi\\u00e8re. Est-il possible de la cumuler avec la prime d'activit\\u00e9 en 2026 ?\",\"inLanguage\":\"fr-FR\"},{\"@type\":\"Person\",\"@id\":\"https:\/\/www.mes-allocs.fr\/guides\/#\/schema\/person\/1c4837d5703727cb02ce84583b5a44aa\",\"name\":\"Fabiola\",\"image\":{\"@type\":\"ImageObject\",\"@id\":\"https:\/\/www.mes-allocs.fr\/guides\/#personlogo\",\"inLanguage\":\"fr-FR\",\"url\":\"https:\/\/www.mes-allocs.fr\/guides\/wp-content\/uploads\/2021\/06\/fabiola-150x150.png\",\"caption\":\"Fabiola\"},\"description\":\"Fabiola est r\\u00e9dactrice au sein de l'\\u00e9quipe Mes Allocs, sp\\u00e9cialis\\u00e9e en sciences politiques et affaires publiques. Dipl\\u00f4m\\u00e9e de l'HEIP, elle rejoint Mes Allocs apr\\u00e8s une premi\\u00e8re exp\\u00e9rience \\u00e0 l'Assembl\\u00e9e Nationale.\",\"sameAs\":[\"https:\/\/www.linkedin.com\/in\/cecilia-philippe-b-8a8085195\"]}]}<\/script>\n<!-- \/ Yoast SEO plugin. -->","amp_validity":null,"acf":{"faq":{"1":{"question":"Est-ce qu'un ch\u00f4meur a le droit \u00e0 la prime d'activit\u00e9 ?","answer":"\u00c0 priori, non puisque la prime d'activit\u00e9 est destin\u00e9e, comme son nom l'indique, aux actifs. Toutefois, certaines situations vous permettent de toucher la prime activit\u00e9 tout en cumulant des allocations ch\u00f4mage."},"2":{"question":"Est-ce que le ch\u00f4mage est un revenu d'activit\u00e9 ?","answer":"Ce n'est pas un revenu d'activit\u00e9. Mais il est pris en compte pour le calcul de la prime associ\u00e9e, aux c\u00f4t\u00e9s des indemnit\u00e9s maladie et de la retraite."},"3":{"question":"Quels sont les revenus pris en compte par la CAF ?","answer":"Pour la prime d'activit\u00e9, vos revenus d'activit\u00e9 sont \u00e9tudi\u00e9s. Plus g\u00e9n\u00e9ralement et pour les autres aides de la CAF sont examin\u00e9s les charges d\u00e9ductibles type pension alimentaire et les salaires de votre conjoint."},"4":{"question":"Quels revenus pris en compte pour la prime d'activit\u00e9 ?","answer":"Si vous \u00eates \u00e9tudiant salari\u00e9 ou apprenti, vous devez toucher un salaire minimum de 1 117,26\u20ac net mensuel."},"5":{"question":"Comment est impos\u00e9 le ch\u00f4mage ?","answer":"Le ch\u00f4mage est impos\u00e9 totalement ou partiellement, en fonction des allocations per\u00e7ues."},"6":{"question":"","answer":""},"7":{"question":"","answer":""},"8":{"question":"","answer":""},"9":{"question":"","answer":""},"10":{"question":"","answer":""},"11":{"question":"","answer":""},"12":{"question":"","answer":""},"13":{"question":"","answer":""},"14":{"question":"","answer":""},"15":{"question":"","answer":""},"16":{"question":"","answer":""}}},"_links":{"self":[{"href":"https:\/\/www.mes-allocs.fr\/guides\/wp-json\/wp\/v2\/posts\/8558","targetHints":{"allow":["GET"]}}],"collection":[{"href":"https:\/\/www.mes-allocs.fr\/guides\/wp-json\/wp\/v2\/posts"}],"about":[{"href":"https:\/\/www.mes-allocs.fr\/guides\/wp-json\/wp\/v2\/types\/post"}],"author":[{"embeddable":true,"href":"https:\/\/www.mes-allocs.fr\/guides\/wp-json\/wp\/v2\/users\/7"}],"replies":[{"embeddable":true,"href":"https:\/\/www.mes-allocs.fr\/guides\/wp-json\/wp\/v2\/comments?post=8558"}],"version-history":[{"count":60,"href":"https:\/\/www.mes-allocs.fr\/guides\/wp-json\/wp\/v2\/posts\/8558\/revisions"}],"predecessor-version":[{"id":111406,"href":"https:\/\/www.mes-allocs.fr\/guides\/wp-json\/wp\/v2\/posts\/8558\/revisions\/111406"}],"wp:featuredmedia":[{"embeddable":true,"href":"https:\/\/www.mes-allocs.fr\/guides\/wp-json\/wp\/v2\/media\/9964"}],"wp:attachment":[{"href":"https:\/\/www.mes-allocs.fr\/guides\/wp-json\/wp\/v2\/media?parent=8558"}],"wp:term":[{"taxonomy":"category","embeddable":true,"href":"https:\/\/www.mes-allocs.fr\/guides\/wp-json\/wp\/v2\/categories?post=8558"},{"taxonomy":"post_tag","embeddable":true,"href":"https:\/\/www.mes-allocs.fr\/guides\/wp-json\/wp\/v2\/tags?post=8558"}],"curies":[{"name":"wp","href":"https:\/\/api.w.org\/{rel}","templated":true}]}}