{"id":85566,"date":"2024-11-25T10:21:21","date_gmt":"2024-11-25T08:21:21","guid":{"rendered":"https:\/\/www.mes-allocs.fr\/guides\/?p=85566"},"modified":"2026-04-22T10:51:12","modified_gmt":"2026-04-22T09:51:12","slug":"prime-macron-demande","status":"publish","type":"post","link":"https:\/\/www.mes-allocs.fr\/guides\/prime-macron\/prime-macron-demande\/","title":{"rendered":"Demande prime Macron 2025 : comment l&rsquo;obtenir ?"},"content":{"rendered":"<p><img loading=\"lazy\" decoding=\"async\" class=\"alignnone wp-image-85572 size-full\" title=\"prime macron demande\" src=\"https:\/\/www.mes-allocs.fr\/guides\/wp-content\/uploads\/2024\/11\/prime-macron-demande-e1732007395682.jpg\" alt=\"prime macron demande\" width=\"1280\" height=\"336\" srcset=\"https:\/\/www.mes-allocs.fr\/guides\/wp-content\/uploads\/2024\/11\/prime-macron-demande-e1732007395682.jpg 1280w, https:\/\/www.mes-allocs.fr\/guides\/wp-content\/uploads\/2024\/11\/prime-macron-demande-e1732007395682-300x79.jpg 300w, https:\/\/www.mes-allocs.fr\/guides\/wp-content\/uploads\/2024\/11\/prime-macron-demande-e1732007395682-1024x269.jpg 1024w, https:\/\/www.mes-allocs.fr\/guides\/wp-content\/uploads\/2024\/11\/prime-macron-demande-e1732007395682-768x202.jpg 768w, https:\/\/www.mes-allocs.fr\/guides\/wp-content\/uploads\/2024\/11\/prime-macron-demande-e1732007395682-600x158.jpg 600w\" sizes=\"auto, (max-width: 1280px) 100vw, 1280px\" \/><\/p>\n<p>La prime de partage de la valeur (PPV) s&rsquo;appelait avant la <a href=\"https:\/\/www.mes-allocs.fr\/guides\/prime-macron\/\">prime Macron<\/a>. La PPV est un dispositif mis en place pour revaloriser le pouvoir d&rsquo;achat des employ\u00e9s. Mais est-elle obligatoire ? Est qu&rsquo;un employ\u00e9 peut faire une <strong>demande de<\/strong> <strong>prime Macron<\/strong> ? Dans cet article, on r\u00e9pond \u00e0 toutes vos questions et on vous aide \u00e0 y voir plus clair.<\/p>\n<div class='cta-block'><div class='text'>Simulez toutes vos aides en 2 min.<\/div><a href='https:\/\/www.mes-allocs.fr\/ab-app?origin=guides\/wp-json\/wp\/v2\/posts\/85566' class='app-button fit'>Simulation gratuite<\/a><\/div>\n<h1>Comment avoir la prime Macron en 2025 ?<\/h1>\n<p>Vous vous demandez si vous pouvez ou devez en faire la demande ? La r\u00e9ponse est plus complexe qu&rsquo;il n&rsquo;y parait. Vous ne devez pas en faire la demande. Mais vous pouvez demander \u00e0 votre employeur s&rsquo;il souhaite mettre en place la prime Macron.<\/p>\n<h2>Le principe du volontariat<\/h2>\n<p>La prime Macron repose sur le principe de volontariat. En effet, le versement de la prime Macron repose enti\u00e8rement sur <strong>le choix de l&#8217;employeur<\/strong>. L&#8217;employeur est donc libre selon la loi d&rsquo;accorder cette prime \u00e0 ses salari\u00e9s ou non.<\/p>\n<p>La prime Macron est facultative<strong>.<\/strong> Ce qui veut dire que certaines entreprises proposeront la prime Macron \u00e0 ses employ\u00e9s tandis qu&rsquo;\u00e0 l&rsquo;inverse d&rsquo;autres ne le feront pas.<\/p>\n<p>Cette libert\u00e9 laisse le choix aux entreprises d&rsquo;adapter le versement de la prime de partage de la valeur \u00e0 leur situation financi\u00e8re et \u00e0 leurs objectifs sociaux.<\/p>\n<p>En revanche, depuis janvier 2025, les entreprises de 11 \u00e0 49 salari\u00e9s ont l&rsquo;obligation de mettre en place un dispositif de partage de la valeur si elles ont r\u00e9alis\u00e9 un b\u00e9n\u00e9fice net fiscal d&rsquo;au moins 1 % de leur chiffre d&rsquo;affaires pendant trois ann\u00e9es cons\u00e9cutives.<\/p>\n<h2>Absence de d\u00e9marche individuelle<\/h2>\n<p>Contrairement \u00e0 d&rsquo;autres aides sociales, vous n&rsquo;avez pas besoin de faire une demande.<\/p>\n<p>En effet, <strong>la prime Macron ne fait pas l&rsquo;objet d&rsquo;une d\u00e9marche individuelle de la part du salari\u00e9<\/strong>. La raison est que cela simplifie grandement la proc\u00e9dure de versement. Des formalit\u00e9s contraignantes et longues sont \u00e9vit\u00e9es pour l&#8217;employ\u00e9.<\/p>\n<p>C&rsquo;est l&#8217;employeur qui d\u00e9cide de mettre en place cette prime de partage de la valeur. L&#8217;employeur va aussi pouvoir d\u00e9finir les modalit\u00e9s de versement.<\/p>\n<p><strong>Donc, ce que vous devez retenir c&rsquo;est que le salari\u00e9 n&rsquo;a pas \u00e0 formuler une demande sp\u00e9cifique pour en b\u00e9n\u00e9ficier<\/strong>.<\/p>\n<p>Si l&rsquo;entreprise a d\u00e9cid\u00e9 de verser la PPV et que le salari\u00e9 remplit tous les crit\u00e8res d&rsquo;\u00e9ligibilit\u00e9 d\u00e9finis par l&#8217;employeur, il recevra automatiquement la prime par virement automatique.<\/p>\n<h1>Comment se met en place le versement de la prime Macron ?<\/h1>\n<p>La mise en place du versement de la prime Macron peut se faire de deux mani\u00e8res diff\u00e9rentes.<\/p>\n<h2>Le r\u00f4le de l&#8217;employeur dans le versement de la prime Macron<\/h2>\n<p>Le <a href=\"https:\/\/www.mes-allocs.fr\/guides\/prime-macron\/versement-prime-macron\/\">versement de la prime Macron<\/a> repose en grande partie sur l&rsquo;initiative de l&#8217;employeur. Comme nous l&rsquo;avons vu, c&rsquo;est lui qui d\u00e9cide si l&rsquo;entreprise met en place ce compl\u00e9ment de salaire.<\/p>\n<p><strong>L&#8217;employeur est libre de d\u00e9terminer les montants qui seront vers\u00e9es, la date de versement et les modalit\u00e9s de versement.<\/strong><\/p>\n<p>Cependant, il doit respecter la loi qui lui dit qu&rsquo;il informait le personnel de toutes d\u00e9cisions. De plus, il doit faire preuve d&rsquo;\u00e9galit\u00e9 de traitement.<\/p>\n<h2>Les accords d&rsquo;entreprise<\/h2>\n<p><strong>Mais le versement de la prime Macron peut aussi \u00eatre mis en place par accord d&rsquo;entreprise<\/strong>.<\/p>\n<p>Deux types d&rsquo;accords d&rsquo;entreprises sont possibles :<\/p>\n<ul>\n<li>Un accord de participation<\/li>\n<li>Un accord d&rsquo;int\u00e9ressement<\/li>\n<\/ul>\n<p><strong>Un accord d&rsquo;entreprise permet de d\u00e9finir de mani\u00e8re plus pr\u00e9cise les crit\u00e8res d&rsquo;\u00e9ligibilit\u00e9, le montant de la prime, les modalit\u00e9s de calcul et les dates de versement<\/strong>. C&rsquo;est accord doit \u00eatre issu d&rsquo;une n\u00e9gociation entre l&#8217;employeur et les repr\u00e9sentants du personnel. La n\u00e9gociation d&rsquo;un tel accord d&rsquo;entreprise peut prendre du temps.<\/p>\n<p><strong>En l&rsquo;absence d&rsquo;accord d&rsquo;entreprise, c&rsquo;est la d\u00e9cision unilat\u00e9rale de l&#8217;employeur qui fait foi, dans le respect des dispositions l\u00e9gales et r\u00e9glementaires en vigueur.<\/strong><\/p>\n<div class='cta-block'><div class='text'>Simulez toutes vos aides en 2 min.<\/div><a href='https:\/\/www.mes-allocs.fr\/ab-app?origin=guides\/wp-json\/wp\/v2\/posts\/85566' class='app-button fit'>Simulation gratuite<\/a><\/div>\n<h1>Quand et comment est vers\u00e9e la prime Macron ?<\/h1>\n<h2>Le calendrier de versement de la prime Macron<\/h2>\n<p>Le calendrier de versement de la prime Macron d\u00e9pend de chaque entreprise. L<strong>a loi ne fixe pas une p\u00e9riode de versement pr\u00e9cise.<\/strong><\/p>\n<p>Les entreprises peuvent verser la prime de partage de la valeur \u00e0 leurs salari\u00e9s \u00e0 tout moment de l&rsquo;ann\u00e9e civile. Ainsi, les employeurs peuvent attendre le meilleur moment suivant la sant\u00e9 financi\u00e8re de leurs entreprises.<\/p>\n<p>Mais il y a une petite contrainte, <strong>la prime Macron doit \u00eatre vers\u00e9e avant une certaine date limite : avant le 31 d\u00e9cembre 2026.<\/strong><\/p>\n<h2>Les modalit\u00e9s de versement de la prime de partage de la valeur<\/h2>\n<p>Le versement de la prime de partage de la valeur est soumis aux modalit\u00e9s que l&#8217;employeur fixera.<\/p>\n<p>Le mode de versement peut varier d&rsquo;une entreprise \u00e0 une autre. Il peut <strong>se faire en une seule fois ou en plusieurs fois par virement bancaire.<\/strong><\/p>\n<p><strong>Nous vous conseillons donc de directement vous adresser \u00e0 votre employeur pour conna\u00eetre tous les d\u00e9tails. Vous pouvez aussi regarder votre bulletin de salaire ou tout autre document \u00e9crit provenant de l&rsquo;entreprise. En effet, la prime Macron doit obligatoirement y figur\u00e9e.<\/strong><\/p>\n<p><iframe loading=\"lazy\" title=\"La prime de partage de la valeur (prime Macron)\" width=\"500\" height=\"281\" src=\"https:\/\/www.youtube.com\/embed\/BZDkfkZcuAA?feature=oembed\" frameborder=\"0\" allow=\"accelerometer; autoplay; clipboard-write; encrypted-media; gyroscope; picture-in-picture; web-share\" referrerpolicy=\"strict-origin-when-cross-origin\" allowfullscreen><\/iframe><\/p>\n<h1>Que faire si je n&rsquo;ai pas re\u00e7u la prime Macron ?<\/h1>\n<p>Nous vous proposons de faire les actions que nous vous d\u00e9crivons ci-dessous.<\/p>\n<h2>V\u00e9rifier les conditions d&rsquo;\u00e9ligibilit\u00e9 de la prime Macron<\/h2>\n<p>Si vous n&rsquo;avez <a href=\"https:\/\/www.mes-allocs.fr\/guides\/prime-macron\/prime-macron-demande\/je-n-ai-pas-eu-la-prime-macron\/\">pas re\u00e7u la prime Macron<\/a>, vous devez d&rsquo;abord <strong>v\u00e9rifier que vous remplissez bien toutes les conditions d&rsquo;\u00e9ligibilit\u00e9<\/strong>.<\/p>\n<p>En premier lieu, vous devez vous assurer de <strong>b\u00e9n\u00e9ficier d&rsquo;un contrat de travail au moment du versement de la prime.<\/strong><\/p>\n<p>Ensuite,<strong> vous devez vous renseigner aupr\u00e8s de votre employeur ou de votre service des ressources humaines pour conna\u00eetre les crit\u00e8res sp\u00e9cifiques<\/strong> qu&rsquo;ils ont d\u00e9finis pour attribuer la prime. En effet, l&#8217;employeur peut poser des crit\u00e8res qui peuvent \u00eatre les suivants :<\/p>\n<ul>\n<li>L&rsquo;anciennet\u00e9<\/li>\n<li>Le temps de pr\u00e9sence effectif<\/li>\n<li>Le poste<\/li>\n<li>La r\u00e9mun\u00e9ration<\/li>\n<\/ul>\n<h2>S&rsquo;adresser \u00e0 son employeur<\/h2>\n<p>Si vous n&rsquo;avez pas per\u00e7u la prime Macron et que vous pensez y avoir droit car vous remplissez toutes les conditions. Nous vous conseillons comme premi\u00e8re \u00e9tape de <strong>contacter votre employeur ou votre service des ressources humaines<\/strong>.<\/p>\n<p>En effet, c&rsquo;est eux qui vous apporteront les r\u00e9ponses \u00e0 vos questions et les informations les plus pr\u00e9cises concernant votre situation.<\/p>\n<p>Nous vous conseillons dans ce cas de conserver tout document utile (bulletins de paie ou accord d&rsquo;entreprise par exemple) qui pourrait justifier votre demande.<\/p>\n<h2>Consulter les repr\u00e9sentants du personnel<\/h2>\n<p>Apr\u00e8s avoir r\u00e9alis\u00e9 les deux premi\u00e8res \u00e9tapes, nous vous conseillons <strong>de vous tourner vers les repr\u00e9sentants du personnel<\/strong> <strong>de votre entreprise<\/strong> <strong>(d\u00e9l\u00e9gu\u00e9s syndicaux, Comit\u00e9 Social et Economique CSE). <\/strong><\/p>\n<p>En effet, ces \u00e9lus sont charg\u00e9s de d\u00e9fendre vos int\u00e9r\u00eats et ils disposent d&rsquo;informations privil\u00e9gi\u00e9es sur les accords d&rsquo;entreprise. Ils pourront donc vous renseigner sur les crit\u00e8res d&rsquo;\u00e9ligibilit\u00e9, les modalit\u00e9s de versement et les \u00e9ventuelles d\u00e9marches \u00e0 effectuer. Ils pourront aussi plaider votre cause et vous aider pour faire valoir vos droits.<\/p>\n<div class='cta-block'><div class='text'>Simulez toutes vos aides en 2 min.<\/div><a href='https:\/\/www.mes-allocs.fr\/ab-app?origin=guides\/wp-json\/wp\/v2\/posts\/85566' class='app-button fit'>Simulation gratuite<\/a><\/div>\n","protected":false},"excerpt":{"rendered":"<p>La prime de partage de la valeur (PPV) s&rsquo;appelait avant la prime Macron. La PPV est un dispositif mis en place pour revaloriser le pouvoir d&rsquo;achat des employ\u00e9s. Mais est-elle obligatoire ? Est qu&rsquo;un employ\u00e9 peut faire une demande de prime Macron ? Dans cet article, on r\u00e9pond \u00e0 toutes vos questions et on vous [&hellip;]<\/p>\n","protected":false},"author":30,"featured_media":85572,"comment_status":"open","ping_status":"open","sticky":false,"template":"","format":"standard","meta":{"amp_status":"","footnotes":""},"categories":[40090],"tags":[],"class_list":["post-85566","post","type-post","status-publish","format-standard","has-post-thumbnail","hentry","category-prime-macron"],"yoast_head":"<!-- This site is optimized with the Yoast SEO plugin v14.9 - https:\/\/yoast.com\/wordpress\/plugins\/seo\/ -->\n<title>Demande prime Macron 2025 : comment l&#039;obtenir ? | Mes-Allocs.fr<\/title>\n<meta name=\"description\" content=\"La prime Macron, devenue la prime de partage de la valeur, est vers\u00e9e par l&#039;employeur. Mais peut-on faire une demande ? On vous dit tout !\" \/>\n<meta name=\"robots\" content=\"index, follow, max-snippet:-1, max-image-preview:large, max-video-preview:-1\" \/>\n<link rel=\"canonical\" href=\"https:\/\/www.mes-allocs.fr\/guides\/prime-macron\/prime-macron-demande\/\" \/>\n<meta property=\"og:locale\" content=\"fr_FR\" \/>\n<meta property=\"og:type\" content=\"article\" \/>\n<meta property=\"og:title\" content=\"Demande prime Macron 2025 : comment l&#039;obtenir ? | Mes-Allocs.fr\" \/>\n<meta property=\"og:description\" content=\"La prime Macron, devenue la prime de partage de la valeur, est vers\u00e9e par l&#039;employeur. Mais peut-on faire une demande ? On vous dit tout !\" \/>\n<meta property=\"og:url\" content=\"https:\/\/www.mes-allocs.fr\/guides\/prime-macron\/prime-macron-demande\/\" \/>\n<meta property=\"og:site_name\" content=\"Mes-Allocs.fr\" \/>\n<meta property=\"article:published_time\" content=\"2024-11-25T08:21:21+00:00\" \/>\n<meta property=\"article:modified_time\" content=\"2026-04-22T09:51:12+00:00\" \/>\n<meta property=\"og:image\" content=\"https:\/\/www.mes-allocs.fr\/guides\/wp-content\/uploads\/2024\/11\/prime-macron-demande-e1732007395682.jpg?wsr\" \/>\n\t<meta property=\"og:image:width\" content=\"1280\" \/>\n\t<meta property=\"og:image:height\" content=\"336\" \/>\n<meta name=\"twitter:card\" content=\"summary_large_image\" \/>\n<script type=\"application\/ld+json\" class=\"yoast-schema-graph\">{\"@context\":\"https:\/\/schema.org\",\"@graph\":[{\"@type\":\"WebSite\",\"@id\":\"https:\/\/www.mes-allocs.fr\/guides\/#website\",\"url\":\"https:\/\/www.mes-allocs.fr\/guides\/\",\"name\":\"Mes-Allocs.fr\",\"description\":\"\",\"potentialAction\":[{\"@type\":\"SearchAction\",\"target\":\"https:\/\/www.mes-allocs.fr\/guides\/?s={search_term_string}\",\"query-input\":\"required name=search_term_string\"}],\"inLanguage\":\"fr-FR\"},{\"@type\":\"ImageObject\",\"@id\":\"https:\/\/www.mes-allocs.fr\/guides\/prime-macron\/prime-macron-demande\/#primaryimage\",\"inLanguage\":\"fr-FR\",\"url\":\"https:\/\/www.mes-allocs.fr\/guides\/wp-content\/uploads\/2024\/11\/prime-macron-demande-e1732007395682.jpg?wsr\",\"width\":1280,\"height\":336,\"caption\":\"prime macron demande\"},{\"@type\":\"WebPage\",\"@id\":\"https:\/\/www.mes-allocs.fr\/guides\/prime-macron\/prime-macron-demande\/#webpage\",\"url\":\"https:\/\/www.mes-allocs.fr\/guides\/prime-macron\/prime-macron-demande\/\",\"name\":\"Demande prime Macron 2025 : comment l'obtenir ? | Mes-Allocs.fr\",\"isPartOf\":{\"@id\":\"https:\/\/www.mes-allocs.fr\/guides\/#website\"},\"primaryImageOfPage\":{\"@id\":\"https:\/\/www.mes-allocs.fr\/guides\/prime-macron\/prime-macron-demande\/#primaryimage\"},\"datePublished\":\"2024-11-25T08:21:21+00:00\",\"dateModified\":\"2026-04-22T09:51:12+00:00\",\"author\":{\"@id\":\"https:\/\/www.mes-allocs.fr\/guides\/#\/schema\/person\/66505fe443d6e6f3696c5af001f3fab8\"},\"description\":\"La prime Macron, devenue la prime de partage de la valeur, est vers\\u00e9e par l'employeur. Mais peut-on faire une demande ? On vous dit tout !\",\"inLanguage\":\"fr-FR\"},{\"@type\":\"Person\",\"@id\":\"https:\/\/www.mes-allocs.fr\/guides\/#\/schema\/person\/66505fe443d6e6f3696c5af001f3fab8\",\"name\":\"Lauriane Oriol\",\"image\":{\"@type\":\"ImageObject\",\"@id\":\"https:\/\/www.mes-allocs.fr\/guides\/#personlogo\",\"inLanguage\":\"fr-FR\",\"url\":\"https:\/\/www.mes-allocs.fr\/guides\/wp-content\/uploads\/2024\/10\/1702589802731-1-150x150.jpeg\",\"caption\":\"Lauriane Oriol\"},\"description\":\"Lauriane est r\\u00e9dactrice chez Mes Allocs. Sp\\u00e9cialiste des d\\u00e9marches administratives, elle rejoint Mes Allocs apr\\u00e8s une premi\\u00e8re exp\\u00e9rience en marketing et communication.\"}]}<\/script>\n<!-- \/ Yoast SEO plugin. -->","amp_validity":null,"acf":{"faq":{"1":{"question":"Comment demander une prime Macron ?","answer":"La prime Macron est vers\u00e9e sur la base du volontariat. Donc, il n'est pas possible d'en faire une demande."},"2":{"question":"Est-ce que l'employeur est oblig\u00e9 de verser la prime Macron ?","answer":"La r\u00e9ponse est non, il est libre de d\u00e9cider ou non de verser la prime Macron \u00e0 ses employ\u00e9s."},"3":{"question":"Qui a le droit \u00e0 la prime Macron 2025 ?","answer":"Tous les salari\u00e9s d'une entreprise ont droit \u00e0 la prime Macron sauf les stagiaires."},"4":{"question":"Est-ce que les retrait\u00e9s ont droit \u00e0 la prime Macron ?","answer":"La r\u00e9ponse est non car ils ne sont plus salari\u00e9s d'une entreprise."},"5":{"question":"","answer":""},"6":{"question":"","answer":""},"7":{"question":"","answer":""},"8":{"question":"","answer":""},"9":{"question":"","answer":""},"10":{"question":"","answer":""},"11":{"question":"","answer":""},"12":{"question":"","answer":""},"13":{"question":"","answer":""},"14":{"question":"","answer":""},"15":{"question":"","answer":""},"16":{"question":"","answer":""}}},"_links":{"self":[{"href":"https:\/\/www.mes-allocs.fr\/guides\/wp-json\/wp\/v2\/posts\/85566","targetHints":{"allow":["GET"]}}],"collection":[{"href":"https:\/\/www.mes-allocs.fr\/guides\/wp-json\/wp\/v2\/posts"}],"about":[{"href":"https:\/\/www.mes-allocs.fr\/guides\/wp-json\/wp\/v2\/types\/post"}],"author":[{"embeddable":true,"href":"https:\/\/www.mes-allocs.fr\/guides\/wp-json\/wp\/v2\/users\/30"}],"replies":[{"embeddable":true,"href":"https:\/\/www.mes-allocs.fr\/guides\/wp-json\/wp\/v2\/comments?post=85566"}],"version-history":[{"count":13,"href":"https:\/\/www.mes-allocs.fr\/guides\/wp-json\/wp\/v2\/posts\/85566\/revisions"}],"predecessor-version":[{"id":105993,"href":"https:\/\/www.mes-allocs.fr\/guides\/wp-json\/wp\/v2\/posts\/85566\/revisions\/105993"}],"wp:featuredmedia":[{"embeddable":true,"href":"https:\/\/www.mes-allocs.fr\/guides\/wp-json\/wp\/v2\/media\/85572"}],"wp:attachment":[{"href":"https:\/\/www.mes-allocs.fr\/guides\/wp-json\/wp\/v2\/media?parent=85566"}],"wp:term":[{"taxonomy":"category","embeddable":true,"href":"https:\/\/www.mes-allocs.fr\/guides\/wp-json\/wp\/v2\/categories?post=85566"},{"taxonomy":"post_tag","embeddable":true,"href":"https:\/\/www.mes-allocs.fr\/guides\/wp-json\/wp\/v2\/tags?post=85566"}],"curies":[{"name":"wp","href":"https:\/\/api.w.org\/{rel}","templated":true}]}}