{"id":85563,"date":"2024-11-25T10:22:09","date_gmt":"2024-11-25T08:22:09","guid":{"rendered":"https:\/\/www.mes-allocs.fr\/guides\/?p=85563"},"modified":"2026-04-22T10:51:12","modified_gmt":"2026-04-22T09:51:12","slug":"prime-macron-obligatoire","status":"publish","type":"post","link":"https:\/\/www.mes-allocs.fr\/guides\/prime-macron\/prime-macron-obligatoire\/","title":{"rendered":"Prime de partage de la valeur obligatoire\u200b : comment \u00e7a marche ?"},"content":{"rendered":"<p><img loading=\"lazy\" decoding=\"async\" class=\"alignnone wp-image-85571 size-full\" title=\"prime macron obligatoire\" src=\"https:\/\/www.mes-allocs.fr\/guides\/wp-content\/uploads\/2024\/11\/prime-macron-obligatoire-e1732007322636.jpg\" alt=\"prime macron obligatoire\" width=\"1280\" height=\"336\" \/><\/p>\n<p>La prime de partage de la valeur (PPV) s&rsquo;appelait avant la <a href=\"https:\/\/www.mes-allocs.fr\/guides\/prime-macron\/\">prime Macron<\/a>. La PPV est un dispositif mis en place pour revaloriser le pouvoir d&rsquo;achat des employ\u00e9s. Ce qui en fait une aide financi\u00e8re tr\u00e8s appr\u00e9ci\u00e9e des salari\u00e9s. Certains peuvent se demander si la <strong>prime Macron est obligatoire<\/strong> ou facultative ? Est-ce que tous les employeurs sont tenus de verser cette prime \u00e0 leurs salari\u00e9s ? Dans cet article, on r\u00e9pond \u00e0 toutes vos questions.<\/p>\n<div class='cta-block'><div class='text'>Simulez toutes vos aides en 2 min.<\/div><a href='https:\/\/www.mes-allocs.fr\/ab-app?origin=guides\/wp-json\/wp\/v2\/posts\/85563' class='app-button fit'>Simulation gratuite<\/a><\/div>\n<h1>La prime de partage de la valeur est-elle obligatoire ?<\/h1>\n<p><strong>La r\u00e9ponse est non<\/strong>, la prime Macron n&rsquo;est pas une obligation pour les employeurs sauf pour certaines entreprises.<\/p>\n<h2>Le principe de volontariat<\/h2>\n<p>La prime Macron repose sur le principe de volontariat. En effet, le <a href=\"https:\/\/www.mes-allocs.fr\/guides\/prime-macron\/versement-prime-macron\/\">versement de la prime Macron<\/a> repose enti\u00e8rement sur <strong>la base volontariat de l&#8217;employeur<\/strong>. L&#8217;employeur est donc libre selon la loi d&rsquo;accorder cette prime \u00e0 ses salari\u00e9s ou non.<\/p>\n<p><strong>Ce qui veut dire que certaines entreprises proposeront la prime Macron \u00e0 leurs employ\u00e9s tandis qu&rsquo;\u00e0 l&rsquo;inverse d&rsquo;autres ne le feront pas.<\/strong><\/p>\n<p>Cette libert\u00e9 laisse le choix aux entreprises d&rsquo;adapter le versement de la prime de partage de la valeur \u00e0 leur situation financi\u00e8re et \u00e0 leurs objectifs sociaux.<\/p>\n<h2>Pourquoi le versement de la prime Macron n&rsquo;est-il pas obligatoire ?<\/h2>\n<p>Le versement de la prime Macron n&rsquo;est pas obligatoire pour plusieurs raisons.<\/p>\n<p>Premi\u00e8rement, ce compl\u00e9ment de salaire a pour but d&rsquo;<strong>inciter les entreprises \u00e0 redistribuer une partie de leurs b\u00e9n\u00e9fices \u00e0 leurs salari\u00e9s<\/strong>.<\/p>\n<p>Deuxi\u00e8mement, la situation financi\u00e8re de chaque entreprise peut \u00eatre tr\u00e8s diff\u00e9rente. Si on impose \u00e0 toutes les entreprises le versement de la prime Macron, on peut <strong>mettre en difficult\u00e9 certaines entreprises<\/strong>. La flexibilit\u00e9 offerte par la libert\u00e9 du choix permet aux entreprises de s&rsquo;adapter suivant leur sant\u00e9 financi\u00e8re.<\/p>\n<p>Derni\u00e8rement, ce dispositif <strong>favorise le dialogue social au sein des entreprises<\/strong>. En effet, cela peut laisser la possibilit\u00e9 aux employeurs et aux salari\u00e9s de n\u00e9gocier les modalit\u00e9s de versement de la PPV.<\/p>\n<p>Cependant, depuis le 1er janvier 2025, les entreprises de 11 \u00e0 49 salari\u00e9s ont l&rsquo;obligation de mettre en place un dispositif de partage de la valeur si elles ont r\u00e9alis\u00e9 un b\u00e9n\u00e9fice net fiscal d&rsquo;au moins 1 % de leur chiffre d&rsquo;affaires pendant trois ann\u00e9es cons\u00e9cutives.<\/p>\n<h2>Cas du versement de la prime Macron : est-elle vers\u00e9e \u00e0 tous les salari\u00e9s ?<\/h2>\n<p><strong>La r\u00e9ponse est oui<\/strong>. Si un employeur d\u00e9cide de verser cette prime, il doit la proposer \u00e0 l&rsquo;ensemble des salari\u00e9s \u00e9ligibles.<\/p>\n<p>Pour rappel, pour \u00eatre \u00e9ligible \u00e0 l&rsquo;exon\u00e9ration fiscale, il faut que :<\/p>\n<ul>\n<li><strong>L&rsquo;entreprise doit avoir moins de 50 salari\u00e9s<\/strong><\/li>\n<li><strong>Le salari\u00e9 b\u00e9n\u00e9ficiaire doit percevoir moins de 3 fois le montant du SMIC en vigueur<\/strong><\/li>\n<\/ul>\n<p>De plus, la loi autorise les entreprises \u00e0 fixer un plafond de r\u00e9mun\u00e9ration pour avoir droit de b\u00e9n\u00e9ficier de la prime Macron. Ce qui veut dire que les salari\u00e9s dont la r\u00e9mun\u00e9ration d\u00e9passe ce seuil peuvent \u00eatre exclus du dispositif. Mais cette exclusion doit \u00eatre imp\u00e9rativement justifi\u00e9e par des crit\u00e8res objectifs (attention \u00e0 la discrimination).<\/p>\n<h1>Les facteurs influen\u00e7ant la d\u00e9cision de verser une prime Macron<\/h1>\n<p>Plusieurs facteurs peuvent influencer la d\u00e9cision de verser ou non une prime Macron. Nous vous d\u00e9crivons les principaux facteurs ci-dessous.<\/p>\n<h2>La sant\u00e9 financi\u00e8re de l&rsquo;entreprise<\/h2>\n<p>La d\u00e9cision d&rsquo;un employeur de verser une prime Macron est \u00e9troitement li\u00e9e \u00e0 la <strong>sant\u00e9 financi\u00e8re de l&rsquo;entreprise<\/strong>. Pour la simple et bonne raison que le versement de la prime repr\u00e9sente un co\u00fbt suppl\u00e9mentaire pour l&rsquo;entreprise.<\/p>\n<p>Si une entreprise est en difficult\u00e9 financi\u00e8re, ce ne sera pas judicieux d&rsquo;accorder aux salari\u00e9s une prime Macron. \u00c0 l&rsquo;inverse, les entreprises qui r\u00e9alisent des b\u00e9n\u00e9fices (bonne sant\u00e9 financi\u00e8re) pourront supporter le co\u00fbt de la PPV.<\/p>\n<p>Donc, la <strong>performance \u00e9conomique de l&rsquo;entreprise<\/strong> est clairement un facteur d\u00e9terminant dans la d\u00e9cision de l&#8217;employeur.<\/p>\n<h2>Les n\u00e9gociations sociales<\/h2>\n<p><strong>La d\u00e9cision de verser une prime Macron n&rsquo;est pas forc\u00e9ment prise que par l&#8217;employeur. <\/strong><\/p>\n<p>En effet, elle fait souvent l&rsquo;objet de n\u00e9gociations sociales avec les repr\u00e9sentants du personnel. Ces discussions peuvent amener \u00e0 des accords de participation ou des accords d&rsquo;int\u00e9ressements. De plus, les repr\u00e9sentants du personnel peuvent parler des attentes des salari\u00e9s, la situation financi\u00e8re de l&rsquo;entreprise et des modalit\u00e9s de versement de la prime.<\/p>\n<p><strong>Les accords d&rsquo;entreprise issus de ces n\u00e9gociations peuvent pr\u00e9ciser le montant de la prime, les crit\u00e8res d&rsquo;\u00e9ligibilit\u00e9 ou les modalit\u00e9s de versement.<\/strong><\/p>\n<p>Tout cela fait que les n\u00e9gociations sociales sont un deuxi\u00e8me facteur tr\u00e8s important.<\/p>\n<h2>L&rsquo;image de marque de l&rsquo;entreprise<\/h2>\n<p>La d\u00e9cision d&rsquo;un employeur de verser ou non une prime Macron n&rsquo;est pas uniquement motiv\u00e9e par des raisons financi\u00e8res.<\/p>\n<p><strong>En effet, l&rsquo;image de marque de l&rsquo;entreprise est un dernier facteur d\u00e9terminant dans la d\u00e9cision finale.<\/strong><\/p>\n<p>Le versement d&rsquo;une prime Macron est per\u00e7u comme <strong>un geste fort de la part de l&rsquo;entreprise<\/strong>. Avec ces versements, l&rsquo;entreprise t\u00e9moigne sa reconnaissance envers ses employ\u00e9s et son engagement en faveur de leur bien-\u00eatre.<\/p>\n<p>Ce qui veut dire que c&rsquo;est judicieux de verser une prime Macron pour une entreprise qui souhaite <strong>attirer et fid\u00e9liser des talents.<\/strong> De plus, l&rsquo;entreprise a<strong>m\u00e9liorera sa r\u00e9putation d&rsquo;entreprise<\/strong>.<\/p>\n<div class='cta-block'><div class='text'>Simulez toutes vos aides en 2 min.<\/div><a href='https:\/\/www.mes-allocs.fr\/ab-app?origin=guides\/wp-json\/wp\/v2\/posts\/85563' class='app-button fit'>Simulation gratuite<\/a><\/div>\n<h1>Les avantages et les inconv\u00e9nients du caract\u00e8re facultatif de la prime Macron<\/h1>\n<p>On peut lister plusieurs avantages et inconv\u00e9nients \u00e0 la PPV, nous vous les d\u00e9crivons ci-dessous.<\/p>\n<h2>Les avantages de la PPV<\/h2>\n<p>Les avantages de la PPV sont les suivants :<\/p>\n<ul>\n<li><strong>Le caract\u00e8re facultatif de la prime de partage de la valeur<\/strong><\/li>\n<li><strong>Une grande flexibilit\u00e9 laiss\u00e9e\u00a0aux entreprises<\/strong><\/li>\n<li><strong>Un dialogue social renforc\u00e9<\/strong><\/li>\n<li><strong>La possibilit\u00e9 de b\u00e9n\u00e9ficier d&rsquo;une <a href=\"https:\/\/www.mes-allocs.fr\/guides\/prime-macron\/prime-macron-imposable\/\">prime Macron non-imposable<\/a><\/strong><\/li>\n<\/ul>\n<h2>Les inconv\u00e9nients de la PPV<\/h2>\n<p>Les inconv\u00e9nients de la PPV ne sont pas n\u00e9gligeables, ce sont les suivants :<\/p>\n<ul>\n<li><strong>Une in\u00e9galit\u00e9 de traitement<\/strong> entre les salari\u00e9s<\/li>\n<li><strong>Une concurrence d\u00e9loyale<\/strong> entre les entreprises<\/li>\n<li><strong>Une complexification la gestion des ressources humaines<\/strong><\/li>\n<li><strong>Des tensions dans l&rsquo;entreprise<\/strong><\/li>\n<\/ul>\n<p><iframe loading=\"lazy\" title=\"La prime de partage de la valeur (prime Macron)\" width=\"500\" height=\"281\" src=\"https:\/\/www.youtube.com\/embed\/BZDkfkZcuAA?feature=oembed\" frameborder=\"0\" allow=\"accelerometer; autoplay; clipboard-write; encrypted-media; gyroscope; picture-in-picture; web-share\" referrerpolicy=\"strict-origin-when-cross-origin\" allowfullscreen><\/iframe><\/p>\n<h1>Les alternatives \u00e0 la prime Macron pour am\u00e9liorer le pouvoir d&rsquo;achat<\/h1>\n<p>Plusieurs alternatives \u00e0 la prime Macron sont possibles.<\/p>\n<h2>Les augmentations de salaires<\/h2>\n<p><strong>Une alternative directe \u00e0 la prime Macron est d&rsquo;augmenter les salaires des employ\u00e9s<\/strong>.<\/p>\n<p>En effet, une hausse de salaire a un impact durable sur le revenu mensuel des employ\u00e9s et donc sur leurs pouvoirs d&rsquo;achat.<\/p>\n<p>Les augmentations de salaires peuvent \u00eatre :<\/p>\n<ul>\n<li>G\u00e9n\u00e9rales<\/li>\n<li>Individuelles<\/li>\n<\/ul>\n<h2>Les int\u00e9ressements et participations<\/h2>\n<p>Une autre solution pour les entreprises peut \u00eatre l<strong>es int\u00e9ressements et participations<\/strong>.<\/p>\n<p>En effet, ces dispositifs permettent de verser aux salari\u00e9s une part des b\u00e9n\u00e9fices r\u00e9alis\u00e9s par l&rsquo;entreprise.<\/p>\n<p>Plus particuli\u00e8rement, <strong>l&rsquo;int\u00e9ressement est li\u00e9 \u00e0 la performance individuelle ou collective sur une p\u00e9riode donn\u00e9e. La participation quant \u00e0 elle est calcul\u00e9e sur la base des r\u00e9sultats globaux de l&rsquo;entreprise.<\/strong><\/p>\n<p>Ces deux dispositifs ont l&rsquo;avantage de g\u00e9n\u00e9rer une r\u00e9mun\u00e9ration variable qui peut \u00eatre plus int\u00e9ressante financi\u00e8rement qu&rsquo;une prime ponctuelle comme la prime Macron.<\/p>\n<p>Cependant, la mise en place de ces deux dispositifs peut \u00eatre beaucoup plus complexe \u00e0 mettre en place qu&rsquo;une simple prime exceptionnelle.<\/p>\n<h2>Les autres primes sociales<\/h2>\n<p><span style=\"font-weight: 400;\">Enfin, <strong>une derni\u00e8re solution peut \u00eatre de verser une autre prime.<\/strong><\/span><\/p>\n<p><span style=\"font-weight: 400;\"><strong>Ou de mettre en avant des primes vers\u00e9es par l&rsquo;Etat comme la prime d&rsquo;activit\u00e9.<\/strong><\/span><\/p>\n<p><span style=\"font-weight: 400;\">En effet, la prime d&rsquo;activit\u00e9 est r\u00e9serv\u00e9e aux actifs aux revenus modestes. Elle vient compl\u00e9ter les revenus salari\u00e9s. La prime d&rsquo;activit\u00e9 \u00e0 l&rsquo;avantage de pouvoir \u00eatre cumuler avec d&rsquo;autres aides.<\/span><\/p>\n<div class='cta-block'><div class='text'>Simulez toutes vos aides en 2 min.<\/div><a href='https:\/\/www.mes-allocs.fr\/ab-app?origin=guides\/wp-json\/wp\/v2\/posts\/85563' class='app-button fit'>Simulation gratuite<\/a><\/div>\n","protected":false},"excerpt":{"rendered":"<p>La prime de partage de la valeur (PPV) s&rsquo;appelait avant la prime Macron. La PPV est un dispositif mis en place pour revaloriser le pouvoir d&rsquo;achat des employ\u00e9s. Ce qui en fait une aide financi\u00e8re tr\u00e8s appr\u00e9ci\u00e9e des salari\u00e9s. Certains peuvent se demander si la prime Macron est obligatoire ou facultative ? Est-ce que tous [&hellip;]<\/p>\n","protected":false},"author":30,"featured_media":85571,"comment_status":"open","ping_status":"open","sticky":false,"template":"","format":"standard","meta":{"amp_status":"","footnotes":""},"categories":[40090],"tags":[],"class_list":["post-85563","post","type-post","status-publish","format-standard","has-post-thumbnail","hentry","category-prime-macron"],"yoast_head":"<!-- This site is optimized with the Yoast SEO plugin v14.9 - https:\/\/yoast.com\/wordpress\/plugins\/seo\/ -->\n<title>Prime de partage de la valeur obligatoire\u200b : comment \u00e7a marche ?<\/title>\n<meta name=\"description\" content=\"La prime Macron est vers\u00e9e par l&#039;employeur. Une grande libert\u00e9 est octroy\u00e9e \u00e0 celui-ci. Est-ce que la prime est obligatoire ? On vous r\u00e9pond.\" \/>\n<meta name=\"robots\" content=\"index, follow, max-snippet:-1, max-image-preview:large, max-video-preview:-1\" \/>\n<link rel=\"canonical\" href=\"https:\/\/www.mes-allocs.fr\/guides\/prime-macron\/prime-macron-obligatoire\/\" \/>\n<meta property=\"og:locale\" content=\"fr_FR\" \/>\n<meta property=\"og:type\" content=\"article\" \/>\n<meta property=\"og:title\" content=\"Prime de partage de la valeur obligatoire\u200b : comment \u00e7a marche ?\" \/>\n<meta property=\"og:description\" content=\"La prime Macron est vers\u00e9e par l&#039;employeur. Une grande libert\u00e9 est octroy\u00e9e \u00e0 celui-ci. Est-ce que la prime est obligatoire ? On vous r\u00e9pond.\" \/>\n<meta property=\"og:url\" content=\"https:\/\/www.mes-allocs.fr\/guides\/prime-macron\/prime-macron-obligatoire\/\" \/>\n<meta property=\"og:site_name\" content=\"Mes-Allocs.fr\" \/>\n<meta property=\"article:published_time\" content=\"2024-11-25T08:22:09+00:00\" \/>\n<meta property=\"article:modified_time\" content=\"2026-04-22T09:51:12+00:00\" \/>\n<meta property=\"og:image\" content=\"https:\/\/www.mes-allocs.fr\/guides\/wp-content\/uploads\/2024\/11\/prime-macron-obligatoire.jpg?wsr\" \/>\n\t<meta property=\"og:image:width\" content=\"1280\" \/>\n\t<meta property=\"og:image:height\" content=\"640\" \/>\n<meta name=\"twitter:card\" content=\"summary_large_image\" \/>\n<script type=\"application\/ld+json\" class=\"yoast-schema-graph\">{\"@context\":\"https:\/\/schema.org\",\"@graph\":[{\"@type\":\"WebSite\",\"@id\":\"https:\/\/www.mes-allocs.fr\/guides\/#website\",\"url\":\"https:\/\/www.mes-allocs.fr\/guides\/\",\"name\":\"Mes-Allocs.fr\",\"description\":\"\",\"potentialAction\":[{\"@type\":\"SearchAction\",\"target\":\"https:\/\/www.mes-allocs.fr\/guides\/?s={search_term_string}\",\"query-input\":\"required name=search_term_string\"}],\"inLanguage\":\"fr-FR\"},{\"@type\":\"ImageObject\",\"@id\":\"https:\/\/www.mes-allocs.fr\/guides\/prime-macron\/prime-macron-obligatoire\/#primaryimage\",\"inLanguage\":\"fr-FR\",\"url\":\"https:\/\/www.mes-allocs.fr\/guides\/wp-content\/uploads\/2024\/11\/prime-macron-obligatoire.jpg?wsr\",\"width\":1280,\"height\":640,\"caption\":\"prime macron obligatoire\"},{\"@type\":\"WebPage\",\"@id\":\"https:\/\/www.mes-allocs.fr\/guides\/prime-macron\/prime-macron-obligatoire\/#webpage\",\"url\":\"https:\/\/www.mes-allocs.fr\/guides\/prime-macron\/prime-macron-obligatoire\/\",\"name\":\"Prime de partage de la valeur obligatoire\\u200b : comment \\u00e7a marche ?\",\"isPartOf\":{\"@id\":\"https:\/\/www.mes-allocs.fr\/guides\/#website\"},\"primaryImageOfPage\":{\"@id\":\"https:\/\/www.mes-allocs.fr\/guides\/prime-macron\/prime-macron-obligatoire\/#primaryimage\"},\"datePublished\":\"2024-11-25T08:22:09+00:00\",\"dateModified\":\"2026-04-22T09:51:12+00:00\",\"author\":{\"@id\":\"https:\/\/www.mes-allocs.fr\/guides\/#\/schema\/person\/66505fe443d6e6f3696c5af001f3fab8\"},\"description\":\"La prime Macron est vers\\u00e9e par l'employeur. Une grande libert\\u00e9 est octroy\\u00e9e \\u00e0 celui-ci. Est-ce que la prime est obligatoire ? On vous r\\u00e9pond.\",\"inLanguage\":\"fr-FR\"},{\"@type\":\"Person\",\"@id\":\"https:\/\/www.mes-allocs.fr\/guides\/#\/schema\/person\/66505fe443d6e6f3696c5af001f3fab8\",\"name\":\"Lauriane Oriol\",\"image\":{\"@type\":\"ImageObject\",\"@id\":\"https:\/\/www.mes-allocs.fr\/guides\/#personlogo\",\"inLanguage\":\"fr-FR\",\"url\":\"https:\/\/www.mes-allocs.fr\/guides\/wp-content\/uploads\/2024\/10\/1702589802731-1-150x150.jpeg\",\"caption\":\"Lauriane Oriol\"},\"description\":\"Lauriane est r\\u00e9dactrice chez Mes Allocs. Sp\\u00e9cialiste des d\\u00e9marches administratives, elle rejoint Mes Allocs apr\\u00e8s une premi\\u00e8re exp\\u00e9rience en marketing et communication.\"}]}<\/script>\n<!-- \/ Yoast SEO plugin. -->","amp_validity":null,"acf":{"faq":{"1":{"question":"Comment savoir si j'ai le droit \u00e0 la prime Macron ?","answer":"La prime Macron est indiqu\u00e9e sur votre bulletin de salaire."},"2":{"question":"Pourquoi l'employeur ne donne pas la prime Macron ?","answer":"Les employeurs n'ont aucune obligation de verser la prime de partage de la valeur : elle reste facultative."},"3":{"question":"Qui a le droit \u00e0 la prime Macron 2025 ?","answer":"Tous les salari\u00e9s d'une entreprise ont droit \u00e0 la prime Macron sauf les stagiaires."},"4":{"question":"Comment demander la prime Macron \u00e0 son employeur ?","answer":"La prime Macron est vers\u00e9e sur la base du volontariat. Donc, il n'est pas possible d'en faire une demande."},"5":{"question":"","answer":""},"6":{"question":"","answer":""},"7":{"question":"","answer":""},"8":{"question":"","answer":""},"9":{"question":"","answer":""},"10":{"question":"","answer":""},"11":{"question":"","answer":""},"12":{"question":"","answer":""},"13":{"question":"","answer":""},"14":{"question":"","answer":""},"15":{"question":"","answer":""},"16":{"question":"","answer":""}}},"_links":{"self":[{"href":"https:\/\/www.mes-allocs.fr\/guides\/wp-json\/wp\/v2\/posts\/85563","targetHints":{"allow":["GET"]}}],"collection":[{"href":"https:\/\/www.mes-allocs.fr\/guides\/wp-json\/wp\/v2\/posts"}],"about":[{"href":"https:\/\/www.mes-allocs.fr\/guides\/wp-json\/wp\/v2\/types\/post"}],"author":[{"embeddable":true,"href":"https:\/\/www.mes-allocs.fr\/guides\/wp-json\/wp\/v2\/users\/30"}],"replies":[{"embeddable":true,"href":"https:\/\/www.mes-allocs.fr\/guides\/wp-json\/wp\/v2\/comments?post=85563"}],"version-history":[{"count":13,"href":"https:\/\/www.mes-allocs.fr\/guides\/wp-json\/wp\/v2\/posts\/85563\/revisions"}],"predecessor-version":[{"id":106001,"href":"https:\/\/www.mes-allocs.fr\/guides\/wp-json\/wp\/v2\/posts\/85563\/revisions\/106001"}],"wp:featuredmedia":[{"embeddable":true,"href":"https:\/\/www.mes-allocs.fr\/guides\/wp-json\/wp\/v2\/media\/85571"}],"wp:attachment":[{"href":"https:\/\/www.mes-allocs.fr\/guides\/wp-json\/wp\/v2\/media?parent=85563"}],"wp:term":[{"taxonomy":"category","embeddable":true,"href":"https:\/\/www.mes-allocs.fr\/guides\/wp-json\/wp\/v2\/categories?post=85563"},{"taxonomy":"post_tag","embeddable":true,"href":"https:\/\/www.mes-allocs.fr\/guides\/wp-json\/wp\/v2\/tags?post=85563"}],"curies":[{"name":"wp","href":"https:\/\/api.w.org\/{rel}","templated":true}]}}