{"id":85560,"date":"2024-11-25T10:22:20","date_gmt":"2024-11-25T08:22:20","guid":{"rendered":"https:\/\/www.mes-allocs.fr\/guides\/?p=85560"},"modified":"2026-04-22T10:51:12","modified_gmt":"2026-04-22T09:51:12","slug":"prime-macron-retraite","status":"publish","type":"post","link":"https:\/\/www.mes-allocs.fr\/guides\/prime-macron\/prime-macron-retraite\/","title":{"rendered":"Prime Macron et retraite : ce que vous devez savoir"},"content":{"rendered":"<p><img loading=\"lazy\" decoding=\"async\" class=\"alignnone wp-image-85570 size-full\" title=\"prime macron retraite\" src=\"https:\/\/www.mes-allocs.fr\/guides\/wp-content\/uploads\/2024\/11\/prime-macron-retraite-e1732007260250.jpg\" alt=\"prime macron retraite\" width=\"1280\" height=\"336\" srcset=\"https:\/\/www.mes-allocs.fr\/guides\/wp-content\/uploads\/2024\/11\/prime-macron-retraite-e1732007260250.jpg 1280w, https:\/\/www.mes-allocs.fr\/guides\/wp-content\/uploads\/2024\/11\/prime-macron-retraite-e1732007260250-300x79.jpg 300w, https:\/\/www.mes-allocs.fr\/guides\/wp-content\/uploads\/2024\/11\/prime-macron-retraite-e1732007260250-1024x269.jpg 1024w, https:\/\/www.mes-allocs.fr\/guides\/wp-content\/uploads\/2024\/11\/prime-macron-retraite-e1732007260250-768x202.jpg 768w, https:\/\/www.mes-allocs.fr\/guides\/wp-content\/uploads\/2024\/11\/prime-macron-retraite-e1732007260250-600x158.jpg 600w\" sizes=\"auto, (max-width: 1280px) 100vw, 1280px\" \/><\/p>\n<p>La <a href=\"https:\/\/www.mes-allocs.fr\/guides\/prime-macron\/\">prime Macron<\/a> s&rsquo;appelle d\u00e9sormais prime de partage de la valeur (PPV). La PPV repr\u00e9sente une opportunit\u00e9 pour les salari\u00e9s d&rsquo;am\u00e9liorer leur pouvoir d&rsquo;achat. Mais saviez-vous qu&rsquo;elle peut aussi avoir des implications sur votre retraite ? Quels sont les impacts de la <strong>prime Macron sur la retraite<\/strong> ? Dans cet article, on r\u00e9pond \u00e0 toutes vos questions et on vous aide \u00e0 y voir plus clair.<\/p>\n<div class='cta-block'><div class='text'>Simulez toutes vos aides en 2 min.<\/div><a href='https:\/\/www.mes-allocs.fr\/ab-app?origin=guides\/wp-json\/wp\/v2\/posts\/85560' class='app-button fit'>Simulation gratuite<\/a><\/div>\n<h1>Prime Macron : qui est concern\u00e9 ?<\/h1>\n<p>La prime Macron se nomme d\u00e9sormais : prime de partage de la valeur. La PPA s&rsquo;adresse \u00e0 un large spectre de salari\u00e9s. En effet, <strong>tous les salari\u00e9s li\u00e9s \u00e0 une entreprise qui propose la prime peut en b\u00e9n\u00e9ficier.<\/strong><\/p>\n<p><strong>Ce qui veut dire que les salari\u00e9s b\u00e9n\u00e9ficiaires doivent avoir un des contrats de travail suivants (\u00e0 temps partiel ou \u00e0 temps complet ):<\/strong><\/p>\n<ul>\n<li><strong>CDI<\/strong><\/li>\n<li><strong>CDD<\/strong><\/li>\n<li><strong>Contrat de professionnalisation<\/strong><\/li>\n<li><strong>Contrat d&rsquo;apprentissage<\/strong><\/li>\n<\/ul>\n<p>De plus, cette mesure gouvernementale inclut \u00e9galement les agents publics qui travaillent dans les \u00e9tablissements publics administratifs ou industriels et commerciaux (EPIC et EPA).<\/p>\n<p>Mais attention, il ne faut pas oublier que le versement de la prime est \u00e0 l&rsquo;initiative de l&#8217;employeur. En effet, il jouit d&rsquo;une libert\u00e9 quasi totale de d\u00e9cision. Ainsi, la <a href=\"https:\/\/www.mes-allocs.fr\/guides\/prime-macron\/prime-macron-obligatoire\/\">prime Macron n&rsquo;est pas obligatoire<\/a>, elle est facultative\u00a0sauf pour les entreprises de 11 \u00e0 49 salari\u00e9s ont l&rsquo;obligation de mettre en place un dispositif de partage de la valeur si elles ont r\u00e9alis\u00e9 un b\u00e9n\u00e9fice net fiscal d&rsquo;au moins 1 % de leur chiffre d&rsquo;affaires pendant trois ann\u00e9es cons\u00e9cutives.<\/p>\n<p>Face \u00e0 tout ce que nous venons de dire, seuls les salari\u00e9s sont concern\u00e9s par cette prime, <strong>les retrait\u00e9s en sont donc exclus<\/strong>. Mais, <strong>les salari\u00e9s qui b\u00e9n\u00e9ficient de cette prime peuvent l&rsquo;utiliser pour leurs futures retraites.<\/strong><\/p>\n<h1>La prime Macron cotise-t-elle \u00e0 la retraite ?<\/h1>\n<p><strong>La r\u00e9ponse est non.<\/strong> Mais attention, il existe des exceptions pour que votre prime cotise pour votre retraite.<\/p>\n<h2>Le principe g\u00e9n\u00e9ral : pas de cotisations<\/h2>\n<p>L&rsquo;une des grands avantages de la prime Macron est que c&rsquo;est une prime qui n&rsquo;est<strong> pas soumise aux cotisations fiscales et sociales <\/strong>sous r\u00e9serve de respecter certaines conditions.<\/p>\n<p>S&rsquo;il n&rsquo;y a pas de cotisations, cela signifie que le montant per\u00e7u par l&#8217;employ\u00e9 ne r\u00e9duit pas ses droits \u00e0 la retraite. Cela est d\u00fb au fait que la prime ne fait pas partie de la r\u00e9mun\u00e9ration de base. La PPV est seulement consid\u00e9r\u00e9e comme un compl\u00e9ment du salaire de l&#8217;employ\u00e9.<\/p>\n<p><strong>Donc, le <a href=\"https:\/\/www.mes-allocs.fr\/guides\/prime-macron\/prime-macron-montant\/\">montant de la prime Macron<\/a> est un montant net qui n&rsquo;impacte pas les futurs revenus de retraite de l&#8217;employ\u00e9.<\/strong><\/p>\n<p>Mais attention, il est important de noter que <strong>l&rsquo;exon\u00e9ration ne s&rsquo;applique que si le montant ne d\u00e9passe pas :<\/strong><\/p>\n<ul>\n<li><strong>3 000 \u20ac par salari\u00e9 et par an<\/strong><\/li>\n<li><strong>ou 6 000 \u20ac s&rsquo;il y a eu signature d&rsquo;un accord d&rsquo;int\u00e9ressement<\/strong><\/li>\n<\/ul>\n<p>Nous vous recommandons donc de vous renseigner aupr\u00e8s de votre employeur ou d&rsquo;un conseiller pour conna\u00eetre les modalit\u00e9s exactes applicables \u00e0 votre situation et \u00e0 votre entreprise.<\/p>\n<h2>Les exceptions possibles : les plans d&rsquo;\u00e9pargne retraite<\/h2>\n<p>M\u00eame si la prime Macron n&rsquo;est pas soumise aux cotisations sociales comme nous l&rsquo;avons vu, elle peut jouer un r\u00f4le pour votre retraite. En effet, il existe une possibilit\u00e9 d&rsquo;utiliser cette prime de partage de la valeur pour optimiser vos futurs revenus de retraite.<\/p>\n<p>Les<strong> salari\u00e9s, qui le veulent, peuvent choisir de placer une partie ou la totalit\u00e9 du montant de leur prime dans un plan d&rsquo;\u00e9pargne retraite (PER).<\/strong> Le PER est un dispositif d&rsquo;\u00e9pargne salariale qui permet de se constituer un compl\u00e9ment de retraite gr\u00e2ce \u00e0 des avantages fiscaux.<\/p>\n<p>Si vous optez pour cette solution, vous allez investir votre argent sur le long terme pour pouvoir profiter d&rsquo;une croissance de vos placements. De plus, si vous souhaitez en savoir plus sur les modalit\u00e9s de versement dans un PER, vous pouvez consulter nos articles sur le sujet.<\/p>\n<p>En effet, le PER peut \u00eatre complexe car tout peut varier selon le type de plan choisi (PER individuel, PER collectif) et des accords d&rsquo;entreprise.<\/p>\n<div class='cta-block'><div class='text'>Simulez toutes vos aides en 2 min.<\/div><a href='https:\/\/www.mes-allocs.fr\/ab-app?origin=guides\/wp-json\/wp\/v2\/posts\/85560' class='app-button fit'>Simulation gratuite<\/a><\/div>\n<h1>Les autres impacts possibles de la prime Macron sur la retraite<\/h1>\n<p>La prime Macron peut avoir d&rsquo;autres impacts sur votre retraite.<\/p>\n<h2>Impact sur le calcul des droits \u00e0 la retraite<\/h2>\n<p><span style=\"font-weight: 400;\">En premier lieu, <strong>vous devez savoir que la prime Macron n&rsquo;a pas d\u2019impact sur vos droits \u00e0 la retraite car c&rsquo;est un revenu ponctuel. <\/strong><\/span>En effet, m\u00eame si la prime Macron peut \u00eatre investie dans un plan d&rsquo;\u00e9pargne retraite, elle n&rsquo;a pas d&rsquo;impact direct sur le calcul des droits \u00e0 la retraite de base. Pour la simple et bonne raison que <strong>les droits \u00e0 la retraite sont calcul\u00e9s sur la base de vos salaires per\u00e7us tout au long de votre carri\u00e8re professionnelle.<\/strong> La prime Macron est un revenu ponctuel et non r\u00e9current donc elle n&rsquo;est pas prise en compte dans ce calcul.<\/p>\n<h2>Impact de la prime Macron sur les revenus disponibles pour l&rsquo;\u00e9pargne retraite<\/h2>\n<p><span style=\"font-weight: 400;\">Si la prime Macron n&rsquo;influe pas directement sur le calcul des droits \u00e0 la retraite comme on vient de la voir, elle peut avoir un impact indirect si vous d\u00e9cidez de faire une \u00e9pargne compl\u00e9mentaire. En effet, l<strong>es salari\u00e9s peuvent choisir d&rsquo;investir une partie ou la totalit\u00e9 de leur prime dans une \u00e9pargne \u00e0 long terme pour compl\u00e9ter leurs revenus \u00e0 la retraite <\/strong>(comme des plans d&rsquo;\u00e9pargne retraite (PER) par exemple). <\/span><span style=\"font-weight: 400;\">En optant pour cette strat\u00e9gie, vous assurez vos revenus pour plus tard et vous permet de pr\u00e9parer votre avenir.<\/span><\/p>\n<h2>Impact de la prime Macron sur les dispositifs d&rsquo;\u00e9pargne salariale<\/h2>\n<p><span style=\"font-weight: 400;\">La prime Macron offre une opportunit\u00e9 particuli\u00e8rement int\u00e9ressante d&rsquo;alimenter les dispositifs d&rsquo;\u00e9pargne salariale. En effet, <strong>un salari\u00e9 peut totalement choisir d&rsquo;\u00e9pargner sur un Plan d&rsquo;Epargne Entreprise (PEE) ou sur un Plan d&rsquo;Epargne Retraite Collectif (PERCO).<\/strong><\/span><\/p>\n<p><span style=\"font-weight: 400;\">En effet, un employ\u00e9 peut faire le choix de verser une partie ou la totalit\u00e9 de la prime sur un des supports d&rsquo;\u00e9pargne d\u00e9crits pr\u00e9c\u00e9demment. salari\u00e9s peuvent choisir de verser tout ou partie de leur prime sur ces supports d&rsquo;\u00e9pargne. En investissant dans un PEE ou un PERCO, les sommes \u00e9pargn\u00e9es peuvent g\u00e9n\u00e9rer des int\u00e9r\u00eats ou des plus-values qui renforce le capital retraite constitu\u00e9.<\/span><\/p>\n<p><iframe loading=\"lazy\" title=\"La prime de partage de la valeur (prime Macron)\" width=\"500\" height=\"281\" src=\"https:\/\/www.youtube.com\/embed\/BZDkfkZcuAA?feature=oembed\" frameborder=\"0\" allow=\"accelerometer; autoplay; clipboard-write; encrypted-media; gyroscope; picture-in-picture; web-share\" referrerpolicy=\"strict-origin-when-cross-origin\" allowfullscreen><\/iframe><\/p>\n<h1>Que faire pour optimiser l&rsquo;impact de la prime Macron sur sa retraite ?<\/h1>\n<p>Vous pouvez optimiser l&rsquo;impact de la prime Macron sur votre retraite en suivant les actions suivantes.<\/p>\n<h2>Se renseigner sur les dispositifs d&rsquo;\u00e9pargne retraite<\/h2>\n<p>Pour maximiser l&rsquo;impact de la prime Macron sur sa retraite, vous devez d&rsquo;abord vous renseigner sur les diff\u00e9rents dispositifs d&rsquo;\u00e9pargne retraite qui existent. Les dispositifs sont les suivants :<\/p>\n<ul>\n<li><strong>Plans d&rsquo;\u00e9pargne retraite individuelle<\/strong><\/li>\n<li><strong>Plans d&rsquo;\u00e9pargne retraite collectif\u00a0<\/strong><\/li>\n<li><strong>Plans d&rsquo;\u00e9pargne entreprise<\/strong><\/li>\n<li>Etc.<\/li>\n<\/ul>\n<p>Tous ces plans d&rsquo;\u00e9pargne ont chacun des caract\u00e9ristiques et des avantages sp\u00e9cifiques en termes de fiscalit\u00e9, de versements et de modalit\u00e9s de d\u00e9blocage.<\/p>\n<p>Nous vous conseillons de comparer les diff\u00e9rents plans existants pour choisir celui qui correspond le mieux \u00e0 votre profil et vos objectifs de retraite.<\/p>\n<h2>Simuler ses droits \u00e0 la retraite<\/h2>\n<p>Nous vous recommandons aussi vivement de <strong>simuler vos droits \u00e0 la retraite<\/strong>. De nombreux outils en ligne sont mis \u00e0 votre disposition par les caisses de retraite ou les organismes sp\u00e9cialis\u00e9s.<\/p>\n<p>Pour simuler vos droits \u00e0 la retraite, vous allez devoir saisir les donn\u00e9es suivantes :<\/p>\n<ul>\n<li>Votre \u00e2ge<\/li>\n<li>Votre salaire<\/li>\n<li>Vos p\u00e9riodes d&rsquo;activit\u00e9<\/li>\n<li>Vos cotisations vers\u00e9es<\/li>\n<li>Vos sommes \u00e9pargn\u00e9es<\/li>\n<\/ul>\n<h2>Se faire accompagner par un conseiller<\/h2>\n<p>Enfin, en derni\u00e8re \u00e9tape, nous vous conseillons de vous faire accompagner en faisant appel \u00e0 un conseiller.<\/p>\n<p>En effet, les dispositifs pour \u00e9pargner sont complexes. En <strong>sollicitant les conseils d&rsquo;un professionnel<\/strong> vous vous facilitez la t\u00e2che et vous optimisez au maximum votre compl\u00e9ment Macron. Un conseiller pourra vous aider \u00e0 <strong>\u00e9valuer votre situation financi\u00e8re globale<\/strong>, \u00e0 <strong>d\u00e9finir vos objectifs de retraite<\/strong> et \u00e0 <strong>choisir les solutions les plus adapt\u00e9es<\/strong> \u00e0 votre profil.<\/p>\n<div class='cta-block'><div class='text'>Simulez toutes vos aides en 2 min.<\/div><a href='https:\/\/www.mes-allocs.fr\/ab-app?origin=guides\/wp-json\/wp\/v2\/posts\/85560' class='app-button fit'>Simulation gratuite<\/a><\/div>\n","protected":false},"excerpt":{"rendered":"<p>La prime Macron s&rsquo;appelle d\u00e9sormais prime de partage de la valeur (PPV). La PPV repr\u00e9sente une opportunit\u00e9 pour les salari\u00e9s d&rsquo;am\u00e9liorer leur pouvoir d&rsquo;achat. Mais saviez-vous qu&rsquo;elle peut aussi avoir des implications sur votre retraite ? Quels sont les impacts de la prime Macron sur la retraite ? Dans cet article, on r\u00e9pond \u00e0 toutes [&hellip;]<\/p>\n","protected":false},"author":30,"featured_media":85570,"comment_status":"open","ping_status":"open","sticky":false,"template":"","format":"standard","meta":{"amp_status":"","footnotes":""},"categories":[40090],"tags":[],"class_list":["post-85560","post","type-post","status-publish","format-standard","has-post-thumbnail","hentry","category-prime-macron"],"yoast_head":"<!-- This site is optimized with the Yoast SEO plugin v14.9 - https:\/\/yoast.com\/wordpress\/plugins\/seo\/ -->\n<title>Prime Macron et retraite : ce que vous devez savoir | Mes-Allocs.fr<\/title>\n<meta name=\"description\" content=\"La prime Macron est un compl\u00e9ment de revenus vers\u00e9 par l&#039;entreprise. Mais \u00e0 la retraite, cette prime a-t-elle un impact ? On vous dit tout !\" \/>\n<meta name=\"robots\" content=\"index, follow, max-snippet:-1, max-image-preview:large, max-video-preview:-1\" \/>\n<link rel=\"canonical\" href=\"https:\/\/www.mes-allocs.fr\/guides\/prime-macron\/prime-macron-retraite\/\" \/>\n<meta property=\"og:locale\" content=\"fr_FR\" \/>\n<meta property=\"og:type\" content=\"article\" \/>\n<meta property=\"og:title\" content=\"Prime Macron et retraite : ce que vous devez savoir | Mes-Allocs.fr\" \/>\n<meta property=\"og:description\" content=\"La prime Macron est un compl\u00e9ment de revenus vers\u00e9 par l&#039;entreprise. Mais \u00e0 la retraite, cette prime a-t-elle un impact ? On vous dit tout !\" \/>\n<meta property=\"og:url\" content=\"https:\/\/www.mes-allocs.fr\/guides\/prime-macron\/prime-macron-retraite\/\" \/>\n<meta property=\"og:site_name\" content=\"Mes-Allocs.fr\" \/>\n<meta property=\"article:published_time\" content=\"2024-11-25T08:22:20+00:00\" \/>\n<meta property=\"article:modified_time\" content=\"2026-04-22T09:51:12+00:00\" \/>\n<meta property=\"og:image\" content=\"https:\/\/www.mes-allocs.fr\/guides\/wp-content\/uploads\/2024\/11\/prime-macron-retraite-e1732007260250.jpg?wsr\" \/>\n\t<meta property=\"og:image:width\" content=\"1280\" \/>\n\t<meta property=\"og:image:height\" content=\"336\" \/>\n<meta name=\"twitter:card\" content=\"summary_large_image\" \/>\n<script type=\"application\/ld+json\" class=\"yoast-schema-graph\">{\"@context\":\"https:\/\/schema.org\",\"@graph\":[{\"@type\":\"WebSite\",\"@id\":\"https:\/\/www.mes-allocs.fr\/guides\/#website\",\"url\":\"https:\/\/www.mes-allocs.fr\/guides\/\",\"name\":\"Mes-Allocs.fr\",\"description\":\"\",\"potentialAction\":[{\"@type\":\"SearchAction\",\"target\":\"https:\/\/www.mes-allocs.fr\/guides\/?s={search_term_string}\",\"query-input\":\"required name=search_term_string\"}],\"inLanguage\":\"fr-FR\"},{\"@type\":\"ImageObject\",\"@id\":\"https:\/\/www.mes-allocs.fr\/guides\/prime-macron\/prime-macron-retraite\/#primaryimage\",\"inLanguage\":\"fr-FR\",\"url\":\"https:\/\/www.mes-allocs.fr\/guides\/wp-content\/uploads\/2024\/11\/prime-macron-retraite-e1732007260250.jpg?wsr\",\"width\":1280,\"height\":336,\"caption\":\"prime macron retraite\"},{\"@type\":\"WebPage\",\"@id\":\"https:\/\/www.mes-allocs.fr\/guides\/prime-macron\/prime-macron-retraite\/#webpage\",\"url\":\"https:\/\/www.mes-allocs.fr\/guides\/prime-macron\/prime-macron-retraite\/\",\"name\":\"Prime Macron et retraite : ce que vous devez savoir | Mes-Allocs.fr\",\"isPartOf\":{\"@id\":\"https:\/\/www.mes-allocs.fr\/guides\/#website\"},\"primaryImageOfPage\":{\"@id\":\"https:\/\/www.mes-allocs.fr\/guides\/prime-macron\/prime-macron-retraite\/#primaryimage\"},\"datePublished\":\"2024-11-25T08:22:20+00:00\",\"dateModified\":\"2026-04-22T09:51:12+00:00\",\"author\":{\"@id\":\"https:\/\/www.mes-allocs.fr\/guides\/#\/schema\/person\/66505fe443d6e6f3696c5af001f3fab8\"},\"description\":\"La prime Macron est un compl\\u00e9ment de revenus vers\\u00e9 par l'entreprise. Mais \\u00e0 la retraite, cette prime a-t-elle un impact ? On vous dit tout !\",\"inLanguage\":\"fr-FR\"},{\"@type\":\"Person\",\"@id\":\"https:\/\/www.mes-allocs.fr\/guides\/#\/schema\/person\/66505fe443d6e6f3696c5af001f3fab8\",\"name\":\"Lauriane Oriol\",\"image\":{\"@type\":\"ImageObject\",\"@id\":\"https:\/\/www.mes-allocs.fr\/guides\/#personlogo\",\"inLanguage\":\"fr-FR\",\"url\":\"https:\/\/www.mes-allocs.fr\/guides\/wp-content\/uploads\/2024\/10\/1702589802731-1-150x150.jpeg\",\"caption\":\"Lauriane Oriol\"},\"description\":\"Lauriane est r\\u00e9dactrice chez Mes Allocs. Sp\\u00e9cialiste des d\\u00e9marches administratives, elle rejoint Mes Allocs apr\\u00e8s une premi\\u00e8re exp\\u00e9rience en marketing et communication.\"}]}<\/script>\n<!-- \/ Yoast SEO plugin. -->","amp_validity":null,"acf":{"faq":{"1":{"question":"Est-ce que la prime Macron rentre dans le calcul de la retraite ?","answer":"La r\u00e9ponse est oui. Toutefois, elles sont prises en compte diff\u00e9remment selon que vous \u00eates fonctionnaire ou contractuel."},"2":{"question":"Quelles primes pour les retraites ?","answer":"Les retrait\u00e9s peuvent b\u00e9n\u00e9ficier des primes suivantes : l'Allocation Personnalis\u00e9e d'Autonomie (APA), l'Allocation de Solidarit\u00e9 aux Personnes \u00c2g\u00e9es (ASPA), l'Allocation Suppl\u00e9mentaire d'Invalidit\u00e9 (ASI) etc."},"3":{"question":"Qui a le droit \u00e0 la prime Macron ?","answer":"Tous les salari\u00e9s d'une entreprise ont droit \u00e0 la prime Macron sauf les stagiaires."},"4":{"question":"Est-ce que la prime Macron rentre dans le net social ?","answer":"La r\u00e9ponse est oui si le versement respecte toutes les conditions."},"5":{"question":"","answer":""},"6":{"question":"","answer":""},"7":{"question":"","answer":""},"8":{"question":"","answer":""},"9":{"question":"","answer":""},"10":{"question":"","answer":""},"11":{"question":"","answer":""},"12":{"question":"","answer":""},"13":{"question":"","answer":""},"14":{"question":"","answer":""},"15":{"question":"","answer":""},"16":{"question":"","answer":""}}},"_links":{"self":[{"href":"https:\/\/www.mes-allocs.fr\/guides\/wp-json\/wp\/v2\/posts\/85560","targetHints":{"allow":["GET"]}}],"collection":[{"href":"https:\/\/www.mes-allocs.fr\/guides\/wp-json\/wp\/v2\/posts"}],"about":[{"href":"https:\/\/www.mes-allocs.fr\/guides\/wp-json\/wp\/v2\/types\/post"}],"author":[{"embeddable":true,"href":"https:\/\/www.mes-allocs.fr\/guides\/wp-json\/wp\/v2\/users\/30"}],"replies":[{"embeddable":true,"href":"https:\/\/www.mes-allocs.fr\/guides\/wp-json\/wp\/v2\/comments?post=85560"}],"version-history":[{"count":15,"href":"https:\/\/www.mes-allocs.fr\/guides\/wp-json\/wp\/v2\/posts\/85560\/revisions"}],"predecessor-version":[{"id":97573,"href":"https:\/\/www.mes-allocs.fr\/guides\/wp-json\/wp\/v2\/posts\/85560\/revisions\/97573"}],"wp:featuredmedia":[{"embeddable":true,"href":"https:\/\/www.mes-allocs.fr\/guides\/wp-json\/wp\/v2\/media\/85570"}],"wp:attachment":[{"href":"https:\/\/www.mes-allocs.fr\/guides\/wp-json\/wp\/v2\/media?parent=85560"}],"wp:term":[{"taxonomy":"category","embeddable":true,"href":"https:\/\/www.mes-allocs.fr\/guides\/wp-json\/wp\/v2\/categories?post=85560"},{"taxonomy":"post_tag","embeddable":true,"href":"https:\/\/www.mes-allocs.fr\/guides\/wp-json\/wp\/v2\/tags?post=85560"}],"curies":[{"name":"wp","href":"https:\/\/api.w.org\/{rel}","templated":true}]}}