{"id":8554,"date":"2020-07-20T13:17:28","date_gmt":"2020-07-20T13:17:28","guid":{"rendered":"https:\/\/www.mes-allocs.fr\/guides\/?p=8554"},"modified":"2026-04-02T15:20:03","modified_gmt":"2026-04-02T14:20:03","slug":"prime-activite-et-pension-invalidite-militaire","status":"publish","type":"post","link":"https:\/\/www.mes-allocs.fr\/guides\/prime-d-activite\/cumul-prime-activite\/prime-activite-et-pension-invalidite-militaire\/","title":{"rendered":"Cumul prime d&rsquo;activit\u00e9 et pension d\u2019invalidit\u00e9 militaire en 2026"},"content":{"rendered":"<div class=\"brs_col\">\n<div id=\"extrares\">\n<div id=\"botstuff\">\n<div data-ved=\"2ahUKEwiAx836y5rqAhVLxoUKHb3LBCMQCHoECA0QMQ\">\n<div id=\"brs\" data-hveid=\"CAoQAA\">\n<div class=\"card-section\">\n<div class=\"brs_col\">\n<p style=\"text-align: justify;\"><strong><a href=\"https:\/\/www.mes-allocs.fr\/guides\/wp-content\/uploads\/2020\/07\/Peut-on-percevoir-prime-dactivite\u0301-et-pensions-d\u2019invalidite\u0301-militaires-.jpg\"><img loading=\"lazy\" decoding=\"async\" class=\"aligncenter wp-image-9950 size-full\" src=\"https:\/\/www.mes-allocs.fr\/guides\/wp-content\/uploads\/2020\/07\/Peut-on-percevoir-prime-dactivite\u0301-et-pensions-d\u2019invalidite\u0301-militaires--e1594822895379.jpg\" alt=\"Cumul prime d'activit\u00e9 et pension d\u2019invalidit\u00e9 militaire\" width=\"1280\" height=\"294\" srcset=\"https:\/\/www.mes-allocs.fr\/guides\/wp-content\/uploads\/2020\/07\/Peut-on-percevoir-prime-dactivite\u0301-et-pensions-d\u2019invalidite\u0301-militaires--e1594822895379.jpg 1280w, https:\/\/www.mes-allocs.fr\/guides\/wp-content\/uploads\/2020\/07\/Peut-on-percevoir-prime-dactivite\u0301-et-pensions-d\u2019invalidite\u0301-militaires--e1594822895379-300x69.jpg 300w, https:\/\/www.mes-allocs.fr\/guides\/wp-content\/uploads\/2020\/07\/Peut-on-percevoir-prime-dactivite\u0301-et-pensions-d\u2019invalidite\u0301-militaires--e1594822895379-1024x235.jpg 1024w, https:\/\/www.mes-allocs.fr\/guides\/wp-content\/uploads\/2020\/07\/Peut-on-percevoir-prime-dactivite\u0301-et-pensions-d\u2019invalidite\u0301-militaires--e1594822895379-768x176.jpg 768w, https:\/\/www.mes-allocs.fr\/guides\/wp-content\/uploads\/2020\/07\/Peut-on-percevoir-prime-dactivite\u0301-et-pensions-d\u2019invalidite\u0301-militaires--e1594822895379-600x138.jpg 600w\" sizes=\"auto, (max-width: 1280px) 100vw, 1280px\" \/><\/a><\/strong>[Mis \u00e0 jour le 02\/04\/2026] La pension d&rsquo;invalidit\u00e9 militaire s&rsquo;adresse non seulement aux militaires, mais aussi aux victimes de guerre et de terrorisme. La <a href=\"https:\/\/www.mes-allocs.fr\/guides\/prime-d-activite\/\">prime d&rsquo;activit\u00e9<\/a>, elle, est destin\u00e9e aux personnes qui exercent une activit\u00e9 professionnelle. Est-il possible de percevoir les deux aides en 2026 ? Mes Allocs vous aide \u00e0 r\u00e9pondre \u00e0 cette question.<strong><br \/>\n<\/strong><\/p>\n<p>&nbsp;<\/p>\n<div class='cta-block'><div class='text'>Simulez votre prime d&rsquo;activit\u00e9 en 2 min. <\/div><a href='https:\/\/www.mes-allocs.fr\/ab-app?origin=guides\/wp-json\/wp\/v2\/posts\/8554' class='app-button fit'>Simulation gratuite<\/a><\/div>\n<\/div>\n<\/div>\n<\/div>\n<\/div>\n<\/div>\n<\/div>\n<div>\n<div id=\"foot\" role=\"navigation\">\n<h1>Comment b\u00e9n\u00e9ficier de la pension d&rsquo;invalidit\u00e9 militaire en 2026 ?<\/h1>\n<h2>Pension d&rsquo;invalidit\u00e9 militaire : d\u00e9finition<\/h2>\n<p>Cette pension a \u00e9t\u00e9 cr\u00e9\u00e9e en 1919. Elle est destin\u00e9e aux militaires souffrant d\u2019une infirmit\u00e9 due \u00e0 la guerre et en cas de d\u00e9c\u00e8s des militaires. Elle vient aussi en aide aux veuves, orphelins et ascendants des d\u00e9funts.<\/p>\n<\/div>\n<\/div>\n<div id=\"les-conditions-dobtention-de-la-pension-militaire-dinvalidite\" class=\"dgfip-block-content clearfix sre-glossaire\">\n<h2>Conditions d&rsquo;\u00e9ligibilit\u00e9 \u00e0 la pension d&rsquo;invalidit\u00e9 militaire<\/h2>\n<p>Vous pouvez pr\u00e9tendre \u00e0 cette aide si vous \u00eates :<\/p>\n<ul>\n<li><strong>militaire d&rsquo;invalidit\u00e9,<\/strong><\/li>\n<li><strong>victimes civiles de la guerre,<\/strong><\/li>\n<li><strong>victimes d&rsquo;actes de terrorisme,<\/strong><\/li>\n<li><strong>proche d&rsquo;un(e) d\u00e9funt(e).<\/strong><\/li>\n<\/ul>\n<p>Vous devez \u00e9galement pr\u00e9senter des infirmit\u00e9s indemnisables li\u00e9es \u00e0 :<\/p>\n<ul>\n<li><strong>un \u00e9v\u00e9nement de guerre.<\/strong><\/li>\n<li><strong>une maladie contract\u00e9e par le fait ou \u00e0 l&rsquo;occasion du service.<\/strong><\/li>\n<li><strong>un accident survenu en service.<\/strong><\/li>\n<\/ul>\n<h2>Comment faire la demande de pension militaire d&rsquo;invalidit\u00e9 ?<\/h2>\n<\/div>\n<p style=\"text-align: justify;\">Si vous \u00eates un militaire en activit\u00e9, vous devez d\u00e9poser le formulaire de demande de pension d&rsquo;invalidit\u00e9, avec les pi\u00e8ces justificatives requises, aupr\u00e8s de votre unit\u00e9 ou de votre organisme d&#8217;emploi.<\/p>\n<p><strong>Si vous \u00eates un ancien militaire radi\u00e9 ou victime civile, v<\/strong>ous devez envoyer une demande de pension aux services de l&rsquo;Office national des anciens combattants du lieu de votre domicile.<\/p>\n<div id=\"ma-demande-de-pension-militaire-dinvalidite\" class=\"dgfip-block-content clearfix sre-glossaire\">\n<p style=\"text-align: justify;\"><strong>Il n&rsquo;y a pas d\u00e9lai pour demander la pension militaire d\u2019invalidit\u00e9<\/strong>. Il est n\u00e9anmoins conseill\u00e9 de faire votre demande d\u00e8s que votre blessure ou maladie est attest\u00e9e. Ainsi, vous pourrez ais\u00e9ment r\u00e9unir les documents justificatifs pour faire valoir vos droits.<\/p>\n<\/div>\n<div id=\"la-duree-de-mon-droit-a-pension-militaire-dinvalidite\" class=\"dgfip-block-content clearfix sre-glossaire\">\n<h2>Quelle est la dur\u00e9e de droit \u00e0 la pension militaire d&rsquo;invalidit\u00e9 ?<\/h2>\n<p>Elle peut vous \u00eatre accord\u00e9 de mani\u00e8re :<\/p>\n<ul>\n<li><strong>d\u00e9finitive <\/strong><\/li>\n<li><strong>ou temporaire.<\/strong><\/li>\n<\/ul>\n<p><strong>Dans le premier cas, c&rsquo;est parce que votre infirmit\u00e9 est reconnue comme \u00e9tant incurable que le droit \u00e0 la pension est d\u00e9finitif. \u00c0 l&rsquo;inverse, si elle est curable, l&rsquo;octroi de la pension sera temporaire.<\/strong><\/p>\n<\/div>\n<p>Par ailleurs, elle vous est attribu\u00e9e pour une dur\u00e9e de 3 ans. Cela peut \u00eatre renouvel\u00e9 suite \u00e0 un nouvel examen m\u00e9dical, r\u00e9alis\u00e9 six mois avant ou apr\u00e8s l&rsquo;expiration de la p\u00e9riode d\u00e8s 3 ans.<\/p>\n<div class='cta-block'><div class='text'>Simulez votre prime d&rsquo;activit\u00e9 en 2 min. <\/div><a href='https:\/\/www.mes-allocs.fr\/ab-app?origin=guides\/wp-json\/wp\/v2\/posts\/8554' class='app-button fit'>Simulation gratuite<\/a><\/div>\n<div class=\"brs_col\">\n<h1>Comment b\u00e9n\u00e9ficier de la prime d&rsquo;activit\u00e9 en 2026 ?<\/h1>\n<p><iframe loading=\"lazy\" title=\"La prime d&#039;activit\u00e9\" width=\"500\" height=\"281\" src=\"https:\/\/www.youtube.com\/embed\/uavbovK5ZXc?feature=oembed\" frameborder=\"0\" allow=\"accelerometer; autoplay; clipboard-write; encrypted-media; gyroscope; picture-in-picture; web-share\" referrerpolicy=\"strict-origin-when-cross-origin\" allowfullscreen><\/iframe><\/p>\n<h2>Qu&rsquo;est-ce que la prime d\u2019activit\u00e9 ?<\/h2>\n<p>En vigueur depuis le 1er janvier 2016, la prime d&rsquo;activit\u00e9 est un compl\u00e9ment de revenus. Elle remplace le RSA activit\u00e9 et la prime pour l&#8217;emploi.<\/p>\n<p>Environ 5 millions de Fran\u00e7ais b\u00e9n\u00e9ficient de cette aide aujourd&rsquo;hui.<\/p>\n<h2 class=\"amp-wp-7d27179\" data-amp-original-style=\"text-align: justify;\"><span id=\"Conditions_deligibilite_a_la_prime_dactivite\">Conditions d\u2019\u00e9ligibilit\u00e9 \u00e0 la prime d\u2019activit\u00e9<br \/>\n<\/span><\/h2>\n<p class=\"amp-wp-7d27179\" data-amp-original-style=\"text-align: justify;\">Les personnes pouvant b\u00e9n\u00e9ficier de la prime d&rsquo;activit\u00e9 sont :<\/p>\n<ul>\n<li>les personnes de plus de 18 ans, salari\u00e9es et ind\u00e9pendantes,<\/li>\n<li>les \u00e9tudiants salari\u00e9s,<\/li>\n<li>et les apprentis.<\/li>\n<\/ul>\n<h2>Quel est le montant de la prime d&rsquo;activit\u00e9 ?<\/h2>\n<p>La prime d&rsquo;activit\u00e9 revaloris\u00e9e<strong> depuis le 1er avril 2026. <\/strong>Son montant est de 638,28\u20ac apr\u00e8s une revalorisation de 0,8%. Le montant est major\u00e9 selon la composition du foyer. Par exemple, pour un couple sans enfant \u00e0 charge, le montant forfaitaire est de 957,42 euros par mois.<\/p>\n<h2>Quel est le plafond de la prime d&rsquo;activit\u00e9 ?<\/h2>\n<p>Les plafonds pour b\u00e9n\u00e9ficier de la prime d&rsquo;activit\u00e9 varient selon la composition de votre foyer.<\/p>\n<h2><span id=\"Quelles_sont_les_demarches_pour_avoir_la_prime_dactivite\">Quelles sont les d\u00e9marches pour avoir la prime d\u2019activit\u00e9 ?<\/span><\/h2>\n<p class=\"amp-wp-7d27179\" data-amp-original-style=\"text-align: justify;\">Pour b\u00e9n\u00e9ficier de la prime d\u2019activit\u00e9, vous devez faire\u00a0<a href=\"https:\/\/www.mes-allocs.fr\/guides\/prime-d-activite\/prime-dactivite-demande\/\" target=\"_blank\" rel=\"noopener\">la demande de prime d\u2019activit\u00e9<\/a>\u00a0aupr\u00e8s de la caisse d\u2019allocations familiales (CAF) ou la mutualit\u00e9 sociale agricole (MSA), qui vous la verseront si votre dossier est accept\u00e9. Vous pouvez faire une d\u00e9marche en ligne aupr\u00e8s de la CAF ou la MSA.<\/p>\n<p>Pour toucher cette aide, vous devez remplir les conditions cit\u00e9es pr\u00e9c\u00e9demment. Si vous \u00eates \u00e9tudiant, vous devez percevoir un salaire sup\u00e9rieur ou \u00e9gal \u00e0 1 104,25 \u20ac.<\/p>\n<p data-start=\"0\" data-end=\"164\">Depuis le 1\u1d49\u02b3 mars 2025, la d\u00e9claration trimestrielle de l<strong>a prime d\u2019activit\u00e9 devient pr\u00e9-remplie<\/strong>, ce qui simplifie le processus. La CAF reprend automatiquement certaines informations \u00e0 partir des revenus d\u00e9clar\u00e9s auparavant, r\u00e9duisant ainsi les erreurs et acc\u00e9l\u00e9rant le traitement de votre demande. Toutefois, il reste important de v\u00e9rifier et de valider les informations pour \u00e9viter toute erreur qui pourrait affecter le montant de l\u2019aide.<\/p>\n<p data-start=\"0\" data-end=\"164\">Depuis mars 2025, la p\u00e9riode \u00e0 d\u00e9clarer correspond aux tr<strong>ois mois pr\u00e9c\u00e9dant la demande : par exemple, en mars, vous devez d\u00e9clarer vos revenus des mois de novembre, d\u00e9cembre et janvier (et non plus d\u00e9cembre, janvier, f\u00e9vrier)<\/strong>. Cette nouvelle organisation facilite la gestion de votre dossier et rend la d\u00e9claration plus pr\u00e9cise.<\/p>\n<h1>Prime d&rsquo;activit\u00e9 et pension d\u2019invalidit\u00e9 militaire : peut-on les cumuler ?<\/h1>\n<h2>La r\u00e8gle : les deux aides sont cumulables<\/h2>\n<p>Oui, c&rsquo;est possible. Apr\u00e8s avoir mis fin au calcul d\u00e9rogatoire permettant de cumuler rente ATMP, pension d&rsquo;invalidit\u00e9 et prime d&rsquo;activit\u00e9, le gouvernement est revenu sur ses pas suite \u00e0 la mobilisation des associations aidant les personnes handicap\u00e9es.<\/p>\n<div class=\"sep-top sep-bottom\">\n<p>Vous devez alors d\u00e9clarer tous les 3 mois<strong> vos revenus du trimestre<\/strong> pr\u00e9c\u00e9dent. Le montant de la prime est calcul\u00e9 pour 3 mois fixes. Pendant cette p\u00e9riode, les changements suivants ne sont pas pris en compte :<\/p>\n<ul>\n<li>situation,<\/li>\n<li>familiaux,<\/li>\n<li>professionnels.<\/li>\n<\/ul>\n<p>C&rsquo;est la CAF qui verse la prime.<\/p>\n<h2>Exemples de cumul de ces aides<\/h2>\n<p>Le mari de Christine \u00e9tait militaire. Suite au d\u00e9c\u00e8s de ce dernier, Christine per\u00e7oit la pension d&rsquo;invalidit\u00e9 militaire. Mais Christine travaille \u00e0 temps partiel et peut donc \u00e9galement percevoir la prime d&rsquo;activit\u00e9 si elle ne d\u00e9passe pas le plafond de la prime.<\/p>\n<p>Pierre souffre d&rsquo;une infirmit\u00e9 handicapante caus\u00e9e par la derni\u00e8re op\u00e9ration militaire \u00e0 laquelle il a particip\u00e9. Il per\u00e7oit donc la pension d&rsquo;invalidit\u00e9.<\/p>\n<p>Il a stopp\u00e9 son activit\u00e9 et est donc au ch\u00f4mage. Cependant, il percoit l\u2019Aide de Retour \u00e0 l\u2019Emploi (ARE) car il est actuellement en recherche d&#8217;emploi.<\/p>\n<p>Il peut donc en plus de ces deux aides, b\u00e9n\u00e9ficier de la prime d\u2019activit\u00e9, \u00e0 conditions de respecter toutes les autres conditions pour une \u00e9ligibilit\u00e9 \u00e0 cette derni\u00e8re, et que le montant mensuel d\u2019allocations ch\u00f4mage n\u2019exc\u00e8de pas le montant forfaitaire de prime d\u2019activit\u00e9 auquel il est \u00e9ligible.<\/p>\n<p>Il pourra \u00e9galement \u00eatre \u00e9ligible \u00e0 l&rsquo;AAH (allocation pour adulte handicap\u00e9).<\/p>\n<\/div>\n<\/div>\n<\/div>\n<div class=\"brs_col\">\n<div id=\"quelles-sont-les-voies-de-recours\" class=\"dgfip-block-content clearfix sre-glossaire\">\n<div id=\"point-dindice-pmi\" class=\"dgfip-block-content clearfix sre-glossaire\">\n<h1>Quelles autres aides sont incluses dans la pension d&rsquo;invalidit\u00e9 ?<\/h1>\n<\/div>\n<div id=\"la-majoration-pour-enfant\" class=\"dgfip-block-content clearfix sre-glossaire\">\n<h2>La majoration pour enfant<\/h2>\n<p>Vous pouvez percevoir une majoration pour chacun de vos enfants si vous touchez d\u00e9j\u00e0 des prestations familiales pour ces enfants.<\/p>\n<p><strong>Ces majorations sont dues pour chaque enfant jusqu&rsquo;\u00e0 18 ans.<\/strong><\/p>\n<\/div>\n<div id=\"la-majoration-pour-assistance-dune-tierce-personne\" class=\"dgfip-block-content clearfix sre-glossaire\">\n<h2>La majoration pour assistance d&rsquo;une tierce personne<\/h2>\n<p>Si vous \u00eates adulte handicap\u00e9 et vous avez besoin d&rsquo;une <strong>personne pour vous assister afin d&rsquo;accomplir les gestes quotidiens, vous pouvez b\u00e9n\u00e9ficier de cette aide<\/strong>. Cette majoration vaut pour 3 ans. Ensuite, vos droits seront \u00e9tudi\u00e9s \u00e0 nouveau.<\/p>\n<\/div>\n<p>En outre, si vous \u00eates travailleur handicap\u00e9, tournez-vous vers la CAF afin de prendre connaissance des modalit\u00e9s d&rsquo;obtention de la prime.<\/p>\n<p>&nbsp;<\/p>\n<div id=\"la-majoration-pour-assistance-dune-tierce-personne\" class=\"dgfip-block-content clearfix sre-glossaire\">\n<div class='cta-block'><div class='text'>Simulez votre prime d&rsquo;activit\u00e9 en 2 min. <\/div><a href='https:\/\/www.mes-allocs.fr\/ab-app?origin=guides\/wp-json\/wp\/v2\/posts\/8554' class='app-button fit'>Simulation gratuite<\/a><\/div>\n<\/div>\n<\/div>\n<\/div>\n","protected":false},"excerpt":{"rendered":"<p>[Mis \u00e0 jour le 02\/04\/2026] La pension d&rsquo;invalidit\u00e9 militaire s&rsquo;adresse non seulement aux militaires, mais aussi aux victimes de guerre et de terrorisme. La prime d&rsquo;activit\u00e9, elle, est destin\u00e9e aux personnes qui exercent une activit\u00e9 professionnelle. Est-il possible de percevoir les deux aides en 2026 ? Mes Allocs vous aide \u00e0 r\u00e9pondre \u00e0 cette question. [&hellip;]<\/p>\n","protected":false},"author":10,"featured_media":0,"comment_status":"open","ping_status":"open","sticky":false,"template":"","format":"standard","meta":{"amp_status":"","footnotes":""},"categories":[1928,20],"tags":[],"class_list":["post-8554","post","type-post","status-publish","format-standard","hentry","category-cumul-prime-activite","category-prime-d-activite"],"yoast_head":"<!-- This site is optimized with the Yoast SEO plugin v14.9 - https:\/\/yoast.com\/wordpress\/plugins\/seo\/ -->\n<title>Prime d&#039;activit\u00e9 et pension d&#039;invalidit\u00e9 militaire 2026 : un cumul possible ?<\/title>\n<meta name=\"description\" content=\"La pension d&#039;invalidit\u00e9 militaire s&#039;adresse aux militaires. Pouvez-vous la cumuler avec la prime d&#039;activit\u00e9 2026 ? Mes Allocs vous r\u00e9pond.\" \/>\n<meta name=\"robots\" content=\"index, follow, max-snippet:-1, max-image-preview:large, max-video-preview:-1\" \/>\n<link rel=\"canonical\" href=\"https:\/\/www.mes-allocs.fr\/guides\/prime-d-activite\/cumul-prime-activite\/prime-activite-et-pension-invalidite-militaire\/\" \/>\n<meta property=\"og:locale\" content=\"fr_FR\" \/>\n<meta property=\"og:type\" content=\"article\" \/>\n<meta property=\"og:title\" content=\"Prime d&#039;activit\u00e9 et pension d&#039;invalidit\u00e9 militaire 2026 : un cumul possible ?\" \/>\n<meta property=\"og:description\" content=\"La pension d&#039;invalidit\u00e9 militaire s&#039;adresse aux militaires. Pouvez-vous la cumuler avec la prime d&#039;activit\u00e9 2026 ? Mes Allocs vous r\u00e9pond.\" \/>\n<meta property=\"og:url\" content=\"https:\/\/www.mes-allocs.fr\/guides\/prime-d-activite\/cumul-prime-activite\/prime-activite-et-pension-invalidite-militaire\/\" \/>\n<meta property=\"og:site_name\" content=\"Mes-Allocs.fr\" \/>\n<meta property=\"article:published_time\" content=\"2020-07-20T13:17:28+00:00\" \/>\n<meta property=\"article:modified_time\" content=\"2026-04-02T14:20:03+00:00\" \/>\n<meta property=\"og:image\" content=\"https:\/\/www.mes-allocs.fr\/guides\/wp-content\/uploads\/2020\/07\/Peut-on-percevoir-prime-dactivite\u0301-et-pensions-d\u2019invalidite\u0301-militaires--e1594822895379.jpg\" \/>\n<meta name=\"twitter:card\" content=\"summary_large_image\" \/>\n<script type=\"application\/ld+json\" class=\"yoast-schema-graph\">{\"@context\":\"https:\/\/schema.org\",\"@graph\":[{\"@type\":\"WebSite\",\"@id\":\"https:\/\/www.mes-allocs.fr\/guides\/#website\",\"url\":\"https:\/\/www.mes-allocs.fr\/guides\/\",\"name\":\"Mes-Allocs.fr\",\"description\":\"\",\"potentialAction\":[{\"@type\":\"SearchAction\",\"target\":\"https:\/\/www.mes-allocs.fr\/guides\/?s={search_term_string}\",\"query-input\":\"required name=search_term_string\"}],\"inLanguage\":\"fr-FR\"},{\"@type\":\"ImageObject\",\"@id\":\"https:\/\/www.mes-allocs.fr\/guides\/prime-d-activite\/cumul-prime-activite\/prime-activite-et-pension-invalidite-militaire\/#primaryimage\",\"inLanguage\":\"fr-FR\",\"url\":\"https:\/\/www.mes-allocs.fr\/guides\/wp-content\/uploads\/2020\/07\/Peut-on-percevoir-prime-dactivite\\u0301-et-pensions-d\\u2019invalidite\\u0301-militaires--e1594822895379.jpg?wsr\",\"width\":1280,\"height\":294,\"caption\":\"Peut on percevoir prime dactivite\\u0301 et pensions d\\u2019invalidite\\u0301 militaires e1594822895379\"},{\"@type\":\"WebPage\",\"@id\":\"https:\/\/www.mes-allocs.fr\/guides\/prime-d-activite\/cumul-prime-activite\/prime-activite-et-pension-invalidite-militaire\/#webpage\",\"url\":\"https:\/\/www.mes-allocs.fr\/guides\/prime-d-activite\/cumul-prime-activite\/prime-activite-et-pension-invalidite-militaire\/\",\"name\":\"Prime d'activit\\u00e9 et pension d'invalidit\\u00e9 militaire 2026 : un cumul possible ?\",\"isPartOf\":{\"@id\":\"https:\/\/www.mes-allocs.fr\/guides\/#website\"},\"primaryImageOfPage\":{\"@id\":\"https:\/\/www.mes-allocs.fr\/guides\/prime-d-activite\/cumul-prime-activite\/prime-activite-et-pension-invalidite-militaire\/#primaryimage\"},\"datePublished\":\"2020-07-20T13:17:28+00:00\",\"dateModified\":\"2026-04-02T14:20:03+00:00\",\"author\":{\"@id\":\"https:\/\/www.mes-allocs.fr\/guides\/#\/schema\/person\/8d47b912c0ad15f379df96b4e4e33f58\"},\"description\":\"La pension d'invalidit\\u00e9 militaire s'adresse aux militaires. Pouvez-vous la cumuler avec la prime d'activit\\u00e9 2026 ? Mes Allocs vous r\\u00e9pond.\",\"inLanguage\":\"fr-FR\"},{\"@type\":\"Person\",\"@id\":\"https:\/\/www.mes-allocs.fr\/guides\/#\/schema\/person\/8d47b912c0ad15f379df96b4e4e33f58\",\"name\":\"Constance de Cagny\",\"image\":{\"@type\":\"ImageObject\",\"@id\":\"https:\/\/www.mes-allocs.fr\/guides\/#personlogo\",\"inLanguage\":\"fr-FR\",\"url\":\"https:\/\/www.mes-allocs.fr\/guides\/wp-content\/uploads\/2021\/06\/Constance.2e8ee0b.png\",\"caption\":\"Constance de Cagny\"},\"description\":\"Constance est r\\u00e9dactrice au sein de l'\\u00e9quipe Mes Allocs. Elle a l'habitude d'\\u00e9crire sur les sujets conso, bons plans et \\u00e9conomies. Dipl\\u00f4m\\u00e9e de l'ENACO, elle rejoint Mes Allocs apr\\u00e8s une premi\\u00e8re exp\\u00e9rience en cabinet notarial.\",\"sameAs\":[\"https:\/\/www.linkedin.com\/in\/constance-de-cagny-mayeur-bbb414135\"]}]}<\/script>\n<!-- \/ Yoast SEO plugin. -->","amp_validity":null,"acf":{"faq":{"1":{"question":"Comment d\u00e9clarer une pension d'invalidit\u00e9 ?","answer":"C'est lors de votre d\u00e9claration d'imp\u00f4t que vous mentionnez votre pension d'invalidit\u00e9. Attention, certaines d'entre elles sont exon\u00e9r\u00e9es d'imp\u00f4ts sur le revenu."},"2":{"question":"Qui paie les pensions d'invalidit\u00e9 ?","answer":"C'est la caisse primaire d'assurance maladie (CPAM) qui paie les pensions d'invalidit\u00e9."},"3":{"question":"Quel salaire Touche-t-on en invalidit\u00e9 ?","answer":"Cela d\u00e9pend de votre situation familiale. Vous pouvez toucher un salaire en d\u00e9clarant tous les 3 mois vos revenus du trimestre pr\u00e9c\u00e9dent."},"4":{"question":"Est-ce que la pension d'invalidit\u00e9 est imposable ?","answer":"Les allocations, rentes ou indemnit\u00e9s vers\u00e9es au titre d'une invalidit\u00e9 sont imposables. Or, vous pouvez b\u00e9n\u00e9ficier d'une demi-part fiscale suppl\u00e9mentaire et d'exon\u00e9rations."},"5":{"question":"Qui fait la demande d'invalidit\u00e9 ?","answer":"Vous-m\u00eame ou votre m\u00e9decin traitant, en adressant un certificat m\u00e9dical au m\u00e9decin conseil de la s\u00e9curit\u00e9 sociale, avec demande de mise en invalidit\u00e9."},"6":{"question":"","answer":""},"7":{"question":"","answer":""},"8":{"question":"","answer":""},"9":{"question":"","answer":""},"10":{"question":"","answer":""},"11":{"question":"","answer":""},"12":{"question":"","answer":""},"13":{"question":"","answer":""},"14":{"question":"","answer":""},"15":{"question":"","answer":""},"16":{"question":"","answer":""}}},"_links":{"self":[{"href":"https:\/\/www.mes-allocs.fr\/guides\/wp-json\/wp\/v2\/posts\/8554","targetHints":{"allow":["GET"]}}],"collection":[{"href":"https:\/\/www.mes-allocs.fr\/guides\/wp-json\/wp\/v2\/posts"}],"about":[{"href":"https:\/\/www.mes-allocs.fr\/guides\/wp-json\/wp\/v2\/types\/post"}],"author":[{"embeddable":true,"href":"https:\/\/www.mes-allocs.fr\/guides\/wp-json\/wp\/v2\/users\/10"}],"replies":[{"embeddable":true,"href":"https:\/\/www.mes-allocs.fr\/guides\/wp-json\/wp\/v2\/comments?post=8554"}],"version-history":[{"count":64,"href":"https:\/\/www.mes-allocs.fr\/guides\/wp-json\/wp\/v2\/posts\/8554\/revisions"}],"predecessor-version":[{"id":111416,"href":"https:\/\/www.mes-allocs.fr\/guides\/wp-json\/wp\/v2\/posts\/8554\/revisions\/111416"}],"wp:attachment":[{"href":"https:\/\/www.mes-allocs.fr\/guides\/wp-json\/wp\/v2\/media?parent=8554"}],"wp:term":[{"taxonomy":"category","embeddable":true,"href":"https:\/\/www.mes-allocs.fr\/guides\/wp-json\/wp\/v2\/categories?post=8554"},{"taxonomy":"post_tag","embeddable":true,"href":"https:\/\/www.mes-allocs.fr\/guides\/wp-json\/wp\/v2\/tags?post=8554"}],"curies":[{"name":"wp","href":"https:\/\/api.w.org\/{rel}","templated":true}]}}