{"id":85512,"date":"2024-11-18T18:21:23","date_gmt":"2024-11-18T16:21:23","guid":{"rendered":"https:\/\/www.mes-allocs.fr\/guides\/?p=85512"},"modified":"2026-04-22T10:51:15","modified_gmt":"2026-04-22T09:51:15","slug":"prime-macron-imposable","status":"publish","type":"post","link":"https:\/\/www.mes-allocs.fr\/guides\/prime-macron\/prime-macron-imposable\/","title":{"rendered":"La prime Macron est-elle imposable et \u00e0 d\u00e9clarer aux imp\u00f4ts ?"},"content":{"rendered":"<p><img loading=\"lazy\" decoding=\"async\" class=\"alignnone wp-image-85550 size-full\" title=\"prime macron imposable\" src=\"https:\/\/www.mes-allocs.fr\/guides\/wp-content\/uploads\/2024\/11\/prime-macron-imposable-e1731946856963.jpg\" alt=\"prime macron imposable\" width=\"1280\" height=\"336\" srcset=\"https:\/\/www.mes-allocs.fr\/guides\/wp-content\/uploads\/2024\/11\/prime-macron-imposable-e1731946856963.jpg 1280w, https:\/\/www.mes-allocs.fr\/guides\/wp-content\/uploads\/2024\/11\/prime-macron-imposable-e1731946856963-300x79.jpg 300w, https:\/\/www.mes-allocs.fr\/guides\/wp-content\/uploads\/2024\/11\/prime-macron-imposable-e1731946856963-1024x269.jpg 1024w, https:\/\/www.mes-allocs.fr\/guides\/wp-content\/uploads\/2024\/11\/prime-macron-imposable-e1731946856963-768x202.jpg 768w, https:\/\/www.mes-allocs.fr\/guides\/wp-content\/uploads\/2024\/11\/prime-macron-imposable-e1731946856963-600x158.jpg 600w\" sizes=\"auto, (max-width: 1280px) 100vw, 1280px\" \/><\/p>\n<p>La prime de partage de la valeur (PPV) s&rsquo;appelait avant la <a href=\"https:\/\/www.mes-allocs.fr\/guides\/prime-macron\/\">prime Macron<\/a>. La PPV est un dispositif mis en place pour revaloriser le pouvoir d&rsquo;achat des employ\u00e9s. Mais quels sont les montants ? Comment se passe la d\u00e9claration de la PPV ? La <strong>prime Macron est-elle imposable<\/strong> ? Dans cet article, on r\u00e9pond \u00e0 toutes vos questions.<\/p>\n<div class='cta-block'><div class='text'>Simulez toutes vos aides en 2 min.<\/div><a href='https:\/\/www.mes-allocs.fr\/ab-app?origin=guides\/wp-json\/wp\/v2\/posts\/85512' class='app-button fit'>Simulation gratuite<\/a><\/div>\n<h1>La prime de partage de la valeur est-elle imposable ?<\/h1>\n<p><strong>La r\u00e9ponse est oui sous certaines conditions<\/strong> \u00e0 respecter par l&#8217;employeur et l&#8217;employ\u00e9. Nous vous d\u00e9crivons toutes les conditions \u00e0 respecter ci-dessous. Attention, si l&rsquo;une d&rsquo;elles n&rsquo;est pas respect\u00e9e alors la prime de partage de la valeur sera imposable. En effet, toutes les conditions doivent \u00eatre remplies.<\/p>\n<h2>Le principe d&rsquo;exon\u00e9ration de la prime Macron<\/h2>\n<p>La prime Macron a l&rsquo;avantage d&rsquo;avoir un r\u00e9gime fiscal particulier sous certaines conditions. En effet, <strong>la prime de partage de la valeur est exon\u00e9r\u00e9e d&rsquo;imp\u00f4t sur le revenu, de cotisations sociales (telles que la Contribution Sociale G\u00e9n\u00e9ralis\u00e9e CSG et la Contribution au Remboursement de la Dette Sociale CRDS) et de taxe sur les salaires.<\/strong><\/p>\n<p>Cette exon\u00e9ration a \u00e9t\u00e9 d\u00e9cid\u00e9e dans le but d&rsquo;encourager les entreprises \u00e0 distribuer une partie de leurs b\u00e9n\u00e9fices \u00e0 leurs salari\u00e9s. En faisant cela, les employeurs favorisent le pouvoir d&rsquo;achat de leurs employ\u00e9s.<\/p>\n<p>Cependant, pour b\u00e9n\u00e9ficier de l&rsquo;exon\u00e9ration totale, <strong>il faut imp\u00e9rativement que<\/strong> <strong>plusieurs crit\u00e8res soient remplis<\/strong>. En effet, le montant de la prime Macron est plafonn\u00e9. De plus, l&rsquo;entreprise doit respecter certaines obligations d&rsquo;accord d&rsquo;int\u00e9ressement ou de participation.<\/p>\n<h2>Les plafonds d&rsquo;exon\u00e9ration de la prime Macron<\/h2>\n<p>L&rsquo;exon\u00e9ration fiscale et sociale de la prime Macron est soumise \u00e0 des plafonds d&rsquo;exon\u00e9ration. Ces plafonds varient selon les conditions suivantes :<\/p>\n<ul>\n<li><strong>Le montant maximal exon\u00e9r\u00e9 est fix\u00e9 \u00e0 3 000 \u20ac par b\u00e9n\u00e9ficiaire<\/strong><\/li>\n<li>Ce plafond peut \u00eatre port\u00e9 \u00e0 <strong>6 000 \u20ac <\/strong>si l&rsquo;entreprise a sign\u00e9 un accord d&rsquo;int\u00e9ressement<\/li>\n<\/ul>\n<h2>Les conditions pour b\u00e9n\u00e9ficier de l&rsquo;exon\u00e9ration<\/h2>\n<p>Pour b\u00e9n\u00e9ficier de l&rsquo;exon\u00e9ration fiscale et sociale sur la prime de partage de la valeur, les conditions suivantes doivent \u00eatre r\u00e9unies :<\/p>\n<ul>\n<li><strong>La taille de l&rsquo;entreprise : l&rsquo;entreprise doit compter<\/strong> de moins de 50 salari\u00e9s<\/li>\n<li><strong>Le revenu de l&#8217;employ\u00e9 b\u00e9n\u00e9ficiaire : <\/strong>le salari\u00e9 ne doit pas percevoir un salaire sup\u00e9rieur \u00e0 3 fois le montant du SMIC en vigueur<\/li>\n<\/ul>\n<div class='cta-block'><div class='text'>Simulez toutes vos aides en 2 min.<\/div><a href='https:\/\/www.mes-allocs.fr\/ab-app?origin=guides\/wp-json\/wp\/v2\/posts\/85512' class='app-button fit'>Simulation gratuite<\/a><\/div>\n<h1>Les cas o\u00f9 la prime Macron peut \u00eatre imposable<\/h1>\n<p><strong>Malheureusement, il existe des cas o\u00f9 la prime Macron peut \u00eatre imposable.<\/strong> Nous vous d\u00e9crivons ces situations ci-dessous.<\/p>\n<h2>Le d\u00e9passement des plafonds<\/h2>\n<p><strong>Si le <a href=\"https:\/\/www.mes-allocs.fr\/guides\/prime-macron\/prime-macron-montant\/\">montant de la prime de partage de la valeur<\/a> d\u00e9passe les plafonds fix\u00e9s par la loi, la partie exc\u00e9dentaire redevient imposable et soumise aux cotisations sociales habituelles<\/strong>.<\/p>\n<p>En d&rsquo;autres termes, cela signifie que si un salari\u00e9 per\u00e7oit une prime Macron sup\u00e9rieure \u00e0 3 000 \u20ac (ou 6 000 \u20ac dans le cas d&rsquo;un accord d&rsquo;int\u00e9ressement), le surplus sera consid\u00e9r\u00e9 comme la partie exc\u00e9dentaire et sera imposable.<\/p>\n<p><strong>En effet, la partie exc\u00e9dentaire sera int\u00e9gr\u00e9e au revenu imposable de l&#8217;employ\u00e9. <\/strong>Ce surplus sera soumis aux pr\u00e9l\u00e8vements sociaux et \u00e0 l&rsquo;imp\u00f4t sur le revenu.<\/p>\n<p>Pour \u00e9viter cela, nous recommandons fortement aux entreprises et aux salari\u00e9s de bien veiller \u00e0 ce que ces plafonds soient respect\u00e9s. Dans le cas contraire, comme nous l&rsquo;avons dit, vous perdez l&rsquo;avantage fiscal principal de la prime de partage de la valeur.<\/p>\n<h2>L&rsquo;absence d&rsquo;accord d&rsquo;entreprise<\/h2>\n<p>L&rsquo;absence d&rsquo;accord d&rsquo;entreprise peut aussi jouer un r\u00f4le clef pour b\u00e9n\u00e9ficier de l&rsquo;exon\u00e9ration fiscale et sociale sur la prime de partage de la valeur.<\/p>\n<p><strong>En effet, en l&rsquo;absence d&rsquo;un accord de participation ou d&rsquo;int\u00e9ressement, les conditions d&rsquo;exon\u00e9ration sont g\u00e9n\u00e9ralement plus restrictives.<\/strong> Comme nous l&rsquo;avons vu, le plafond est doubl\u00e9 lorsqu&rsquo;il y a un accord d&rsquo;int\u00e9ressement.<\/p>\n<p><strong>Pour les entreprises de moins de 50 salari\u00e9s<\/strong>, il est possible de b\u00e9n\u00e9ficier de l&rsquo;exon\u00e9ration sans accord d&rsquo;entreprise, ce qui signifie que l&#8217;employeur peut \u00eatre seul d\u00e9cisionnaire.<\/p>\n<p><iframe loading=\"lazy\" title=\"La prime de partage de la valeur (prime Macron)\" width=\"500\" height=\"281\" src=\"https:\/\/www.youtube.com\/embed\/BZDkfkZcuAA?feature=oembed\" frameborder=\"0\" allow=\"accelerometer; autoplay; clipboard-write; encrypted-media; gyroscope; picture-in-picture; web-share\" referrerpolicy=\"strict-origin-when-cross-origin\" allowfullscreen><\/iframe><\/p>\n<h1>Comment savoir si ma prime Macron est imposable ?<\/h1>\n<p><strong>Pour savoir si votre prime Macron est imposable, plusieurs d\u00e9marches s&rsquo;offrent \u00e0 vous.<\/strong> Nous vous les d\u00e9crivons ci-dessous.<\/p>\n<h2>Consulter son bulletin de salaire<\/h2>\n<p><strong>La premi\u00e8re chose \u00e0 faire est de consulter votre bulletin de salaire.<\/strong> En effet, votre fiche de paye est un document essentiel pour v\u00e9rifier si la prime Macron per\u00e7ue est imposable ou non. Pour la simple et bonne raison, que <strong>la PPV doit obligatoirement figurer dessus.<\/strong><\/p>\n<p>De plus, <strong>vous pouvez directement voir sur votre bulletin de salaire les cotisations sociales pr\u00e9lev\u00e9es sur votre r\u00e9mun\u00e9ration<\/strong>. Donc, si la prime Macron a \u00e9t\u00e9 soumise \u00e0 des cotisations sociales, cela signifie qu&rsquo;elle n&rsquo;a pas b\u00e9n\u00e9fici\u00e9 de l&rsquo;exon\u00e9ration totale.<\/p>\n<p><strong>Nous vous recommandons donc de comparer votre bulletin de salaire des mois pr\u00e9c\u00e9dant et suivant le versement de la prime Macron<\/strong> afin d&rsquo;identifier d&rsquo;\u00e9ventuelles diff\u00e9rences au niveau des cotisations.<\/p>\n<p>Attention, nous vous rappelons qu&rsquo;il est fortement conseill\u00e9 de garder son bulletin de salaire comme justificatif en cas de contr\u00f4le fiscal.<\/p>\n<h2>Se renseigner aupr\u00e8s de son employeur<\/h2>\n<p data-sourcepos=\"5:1-5:764\">Si vous n&rsquo;\u00eates pas s\u00fbr de vous apr\u00e8s avoir consult\u00e9 votre bulletin de salaire ou que vous souhaitez obtenir des informations pr\u00e9cises et personnalis\u00e9es, <strong>vous devez parler avec votre employeur.<\/strong><\/p>\n<p data-sourcepos=\"5:1-5:764\">En effet, il est le plus qualifi\u00e9 pour r\u00e9pondre \u00e0 vos questions concernant l&rsquo;imposition de votre prime Macron. Votre employeur dispose de toutes les informations relatives \u00e0 la convention collective applicable \u00e0 votre entreprise, \u00e0 l&rsquo;accord d&rsquo;int\u00e9ressement \u00e9ventuellement en place, aux modalit\u00e9s de calcul et de versement de la prime.<\/p>\n<p data-sourcepos=\"5:1-5:764\">De plus, il doit pouvoir vous fournir un relev\u00e9 de paie d\u00e9taill\u00e9 qui explique le calcul de votre r\u00e9mun\u00e9ration et vous apporter les \u00e9claircissements n\u00e9cessaires.<\/p>\n<h2>Contacter les services fiscaux<\/h2>\n<p>Si apr\u00e8s avoir consult\u00e9 votre bulletin de salaire et parler avec votre employeur, vous avez encore des doutes concernant votre prime Macron, <strong>vous pouvez contacter directement les services fiscaux<\/strong>.<\/p>\n<p>Ils ont les comp\u00e9tences pour vous donner des informations personnalis\u00e9es et pr\u00e9cises sur votre situation. Vous pouvez les joindre par t\u00e9l\u00e9phone, par courrier ou \u00e0 partir de leur site internet.<\/p>\n<p><strong>Pour qu&rsquo;ils puissent vous aider et vous apporter des r\u00e9ponses adapt\u00e9es, vous devez vous munir de tous les documents utiles. <\/strong>Ces documents sont les suivants :<\/p>\n<ul>\n<li>Votre avis d&rsquo;imposition<\/li>\n<li>Votre bulletin de salaire<\/li>\n<li>Votre contrat de travail<\/li>\n<\/ul>\n<h1>Quelles sont les \u00e9volutions possibles de la fiscalit\u00e9 de la prime Macron ?<\/h1>\n<h2>Les projets de loi<\/h2>\n<p><strong>Les r\u00e8gles actuelles de la prime Macron (plafonds d&rsquo;exon\u00e9ration, conditions d&rsquo;attribution) seront en vigueur jusqu&rsquo;en 2026.<\/strong> Au-del\u00e0 de cette date, l&rsquo;avenir de la prime de partage de la valeur reste incertain.<\/p>\n<p><strong>De nouveaux projets de loi pourraient \u00eatre pr\u00e9sent\u00e9s<\/strong> par le gouvernement. Ce qui veut dire que la prime Macron pourrait subir des modifications au niveau des conditions d&rsquo;exon\u00e9ration. Ou alors, de nouvelles contraintes pour les entreprises et les salari\u00e9s pourraient \u00eatre ajout\u00e9es. M\u00eame si la prime Macron a \u00e9t\u00e9 bien accueillie par les entreprises et les salari\u00e9s, la prime pourrait \u00eatre compl\u00e8tement supprim\u00e9e.<\/p>\n<p>En effet, le contexte \u00e9conomique et social de la France est en constante \u00e9volution, de nouveaux enjeux peuvent donc se pr\u00e9senter apr\u00e8s 2026.<\/p>\n<h2>L&rsquo;importance de se tenir inform\u00e9<\/h2>\n<p>Comme nous venons de le voir, l&rsquo;avenir de la prime Macron est incertain. Les r\u00e8gles et les plafonds d&rsquo;exon\u00e9ration peuvent \u00eatre modifi\u00e9s \u00e0 tout moment. <strong>Il est donc primordial pour les salari\u00e9s et les employeurs de se tenir r\u00e9guli\u00e8rement inform\u00e9s des derni\u00e8res \u00e9volutions.<\/strong><\/p>\n<p>En effet, les modifications l\u00e9gislatives peuvent avoir un impact significatif sur le montant net de la prime per\u00e7ue et sur les obligations d\u00e9claratives des entreprises.<\/p>\n<p><strong>Pour rester inform\u00e9, nous vous conseillons de consulter les sites internet des administrations fiscales et de suivre l&rsquo;actualit\u00e9 \u00e9conomique et sociale.<\/strong><\/p>\n<p>Bon \u00e0 savoir : dans des cas exceptionnels, il est possible que la <a href=\"https:\/\/www.mes-allocs.fr\/guides\/prime-macron\/prime-macron-retraite\/\">prime Macron ait un impact sur la retraite<\/a>.<\/p>\n<div class='cta-block'><div class='text'>Simulez toutes vos aides en 2 min.<\/div><a href='https:\/\/www.mes-allocs.fr\/ab-app?origin=guides\/wp-json\/wp\/v2\/posts\/85512' class='app-button fit'>Simulation gratuite<\/a><\/div>\n","protected":false},"excerpt":{"rendered":"<p>La prime de partage de la valeur (PPV) s&rsquo;appelait avant la prime Macron. La PPV est un dispositif mis en place pour revaloriser le pouvoir d&rsquo;achat des employ\u00e9s. Mais quels sont les montants ? Comment se passe la d\u00e9claration de la PPV ? La prime Macron est-elle imposable ? Dans cet article, on r\u00e9pond \u00e0 [&hellip;]<\/p>\n","protected":false},"author":30,"featured_media":85550,"comment_status":"open","ping_status":"open","sticky":false,"template":"","format":"standard","meta":{"amp_status":"","footnotes":""},"categories":[40090],"tags":[],"class_list":["post-85512","post","type-post","status-publish","format-standard","has-post-thumbnail","hentry","category-prime-macron"],"yoast_head":"<!-- This site is optimized with the Yoast SEO plugin v14.9 - https:\/\/yoast.com\/wordpress\/plugins\/seo\/ -->\n<title>La prime Macron est-elle imposable et \u00e0 d\u00e9clarer aux imp\u00f4ts ?<\/title>\n<meta name=\"description\" content=\"Votre employeur vous verse la prime Macron. Mais vous vous posez une question : la prime Macron est-elle imposable ? On vous dit tout !\" \/>\n<meta name=\"robots\" content=\"index, follow, max-snippet:-1, max-image-preview:large, max-video-preview:-1\" \/>\n<link rel=\"canonical\" href=\"https:\/\/www.mes-allocs.fr\/guides\/prime-macron\/prime-macron-imposable\/\" \/>\n<meta property=\"og:locale\" content=\"fr_FR\" \/>\n<meta property=\"og:type\" content=\"article\" \/>\n<meta property=\"og:title\" content=\"La prime Macron est-elle imposable et \u00e0 d\u00e9clarer aux imp\u00f4ts ?\" \/>\n<meta property=\"og:description\" content=\"Votre employeur vous verse la prime Macron. Mais vous vous posez une question : la prime Macron est-elle imposable ? On vous dit tout !\" \/>\n<meta property=\"og:url\" content=\"https:\/\/www.mes-allocs.fr\/guides\/prime-macron\/prime-macron-imposable\/\" \/>\n<meta property=\"og:site_name\" content=\"Mes-Allocs.fr\" \/>\n<meta property=\"article:published_time\" content=\"2024-11-18T16:21:23+00:00\" \/>\n<meta property=\"article:modified_time\" content=\"2026-04-22T09:51:15+00:00\" \/>\n<meta property=\"og:image\" content=\"https:\/\/www.mes-allocs.fr\/guides\/wp-content\/uploads\/2024\/11\/prime-macron-imposable-e1731946856963.jpg?wsr\" \/>\n\t<meta property=\"og:image:width\" content=\"1280\" \/>\n\t<meta property=\"og:image:height\" content=\"336\" \/>\n<meta name=\"twitter:card\" content=\"summary_large_image\" \/>\n<script type=\"application\/ld+json\" class=\"yoast-schema-graph\">{\"@context\":\"https:\/\/schema.org\",\"@graph\":[{\"@type\":\"WebSite\",\"@id\":\"https:\/\/www.mes-allocs.fr\/guides\/#website\",\"url\":\"https:\/\/www.mes-allocs.fr\/guides\/\",\"name\":\"Mes-Allocs.fr\",\"description\":\"\",\"potentialAction\":[{\"@type\":\"SearchAction\",\"target\":\"https:\/\/www.mes-allocs.fr\/guides\/?s={search_term_string}\",\"query-input\":\"required name=search_term_string\"}],\"inLanguage\":\"fr-FR\"},{\"@type\":\"ImageObject\",\"@id\":\"https:\/\/www.mes-allocs.fr\/guides\/prime-macron\/prime-macron-imposable\/#primaryimage\",\"inLanguage\":\"fr-FR\",\"url\":\"https:\/\/www.mes-allocs.fr\/guides\/wp-content\/uploads\/2024\/11\/prime-macron-imposable-e1731946856963.jpg?wsr\",\"width\":1280,\"height\":336,\"caption\":\"prime macron imposable\"},{\"@type\":\"WebPage\",\"@id\":\"https:\/\/www.mes-allocs.fr\/guides\/prime-macron\/prime-macron-imposable\/#webpage\",\"url\":\"https:\/\/www.mes-allocs.fr\/guides\/prime-macron\/prime-macron-imposable\/\",\"name\":\"La prime Macron est-elle imposable et \\u00e0 d\\u00e9clarer aux imp\\u00f4ts ?\",\"isPartOf\":{\"@id\":\"https:\/\/www.mes-allocs.fr\/guides\/#website\"},\"primaryImageOfPage\":{\"@id\":\"https:\/\/www.mes-allocs.fr\/guides\/prime-macron\/prime-macron-imposable\/#primaryimage\"},\"datePublished\":\"2024-11-18T16:21:23+00:00\",\"dateModified\":\"2026-04-22T09:51:15+00:00\",\"author\":{\"@id\":\"https:\/\/www.mes-allocs.fr\/guides\/#\/schema\/person\/66505fe443d6e6f3696c5af001f3fab8\"},\"description\":\"Votre employeur vous verse la prime Macron. Mais vous vous posez une question : la prime Macron est-elle imposable ? On vous dit tout !\",\"inLanguage\":\"fr-FR\"},{\"@type\":\"Person\",\"@id\":\"https:\/\/www.mes-allocs.fr\/guides\/#\/schema\/person\/66505fe443d6e6f3696c5af001f3fab8\",\"name\":\"Lauriane Oriol\",\"image\":{\"@type\":\"ImageObject\",\"@id\":\"https:\/\/www.mes-allocs.fr\/guides\/#personlogo\",\"inLanguage\":\"fr-FR\",\"url\":\"https:\/\/www.mes-allocs.fr\/guides\/wp-content\/uploads\/2024\/10\/1702589802731-1-150x150.jpeg\",\"caption\":\"Lauriane Oriol\"},\"description\":\"Lauriane est r\\u00e9dactrice chez Mes Allocs. Sp\\u00e9cialiste des d\\u00e9marches administratives, elle rejoint Mes Allocs apr\\u00e8s une premi\\u00e8re exp\\u00e9rience en marketing et communication.\"}]}<\/script>\n<!-- \/ Yoast SEO plugin. -->","amp_validity":null,"acf":{"faq":{"1":{"question":"Quelle case cocher pour la prime Macron ?","answer":"Vous devez indiqu\u00e9 le montant de la prime Macron dans les cases 1AD \u00e0 1DD de la rubrique \"Prime de partage de la valeur exon\u00e9r\u00e9e\" du formulaire de d\u00e9claration."},"2":{"question":"Est-ce que la prime de partage est imposable ?","answer":"Si les conditions sont respect\u00e9es, la prime de partage de la valeur n'est pas imposable."},"3":{"question":"Est-ce que les alternants touchent la prime Macron ?","answer":"La r\u00e9ponse est oui."},"4":{"question":"Puis-je verser la prime Macron \u00e0 un seul salari\u00e9 ?","answer":"La r\u00e9ponse est non."},"5":{"question":"","answer":""},"6":{"question":"","answer":""},"7":{"question":"","answer":""},"8":{"question":"","answer":""},"9":{"question":"","answer":""},"10":{"question":"","answer":""},"11":{"question":"","answer":""},"12":{"question":"","answer":""},"13":{"question":"","answer":""},"14":{"question":"","answer":""},"15":{"question":"","answer":""},"16":{"question":"","answer":""}}},"_links":{"self":[{"href":"https:\/\/www.mes-allocs.fr\/guides\/wp-json\/wp\/v2\/posts\/85512","targetHints":{"allow":["GET"]}}],"collection":[{"href":"https:\/\/www.mes-allocs.fr\/guides\/wp-json\/wp\/v2\/posts"}],"about":[{"href":"https:\/\/www.mes-allocs.fr\/guides\/wp-json\/wp\/v2\/types\/post"}],"author":[{"embeddable":true,"href":"https:\/\/www.mes-allocs.fr\/guides\/wp-json\/wp\/v2\/users\/30"}],"replies":[{"embeddable":true,"href":"https:\/\/www.mes-allocs.fr\/guides\/wp-json\/wp\/v2\/comments?post=85512"}],"version-history":[{"count":15,"href":"https:\/\/www.mes-allocs.fr\/guides\/wp-json\/wp\/v2\/posts\/85512\/revisions"}],"predecessor-version":[{"id":106013,"href":"https:\/\/www.mes-allocs.fr\/guides\/wp-json\/wp\/v2\/posts\/85512\/revisions\/106013"}],"wp:featuredmedia":[{"embeddable":true,"href":"https:\/\/www.mes-allocs.fr\/guides\/wp-json\/wp\/v2\/media\/85550"}],"wp:attachment":[{"href":"https:\/\/www.mes-allocs.fr\/guides\/wp-json\/wp\/v2\/media?parent=85512"}],"wp:term":[{"taxonomy":"category","embeddable":true,"href":"https:\/\/www.mes-allocs.fr\/guides\/wp-json\/wp\/v2\/categories?post=85512"},{"taxonomy":"post_tag","embeddable":true,"href":"https:\/\/www.mes-allocs.fr\/guides\/wp-json\/wp\/v2\/tags?post=85512"}],"curies":[{"name":"wp","href":"https:\/\/api.w.org\/{rel}","templated":true}]}}