{"id":85508,"date":"2024-11-18T18:20:33","date_gmt":"2024-11-18T16:20:33","guid":{"rendered":"https:\/\/www.mes-allocs.fr\/guides\/?p=85508"},"modified":"2026-04-22T10:51:15","modified_gmt":"2026-04-22T09:51:15","slug":"comment-declarer-prime-macron","status":"publish","type":"post","link":"https:\/\/www.mes-allocs.fr\/guides\/prime-macron\/comment-declarer-prime-macron\/","title":{"rendered":"Comment d\u00e9clarer la prime Macron en 2025 ?"},"content":{"rendered":"<p><img loading=\"lazy\" decoding=\"async\" class=\"alignnone wp-image-106480 size-full\" title=\"comment declarer prime macron\" src=\"https:\/\/www.mes-allocs.fr\/guides\/wp-content\/uploads\/2025\/12\/comment-declarer-prime-macron-2025-e1765294269666.jpg\" alt=\"comment declarer prime macron\" width=\"1920\" height=\"300\" srcset=\"https:\/\/www.mes-allocs.fr\/guides\/wp-content\/uploads\/2025\/12\/comment-declarer-prime-macron-2025-e1765294269666.jpg 1920w, https:\/\/www.mes-allocs.fr\/guides\/wp-content\/uploads\/2025\/12\/comment-declarer-prime-macron-2025-e1765294269666-300x47.jpg 300w, https:\/\/www.mes-allocs.fr\/guides\/wp-content\/uploads\/2025\/12\/comment-declarer-prime-macron-2025-e1765294269666-1024x160.jpg 1024w, https:\/\/www.mes-allocs.fr\/guides\/wp-content\/uploads\/2025\/12\/comment-declarer-prime-macron-2025-e1765294269666-768x120.jpg 768w, https:\/\/www.mes-allocs.fr\/guides\/wp-content\/uploads\/2025\/12\/comment-declarer-prime-macron-2025-e1765294269666-1536x240.jpg 1536w, https:\/\/www.mes-allocs.fr\/guides\/wp-content\/uploads\/2025\/12\/comment-declarer-prime-macron-2025-e1765294269666-600x94.jpg 600w\" sizes=\"auto, (max-width: 1920px) 100vw, 1920px\" \/><\/p>\n<p>La <a href=\"https:\/\/www.mes-allocs.fr\/guides\/prime-macron\/\">prime Macron<\/a>, ou la prime de partage de la valeur (PPV), est un dispositif qui a \u00e9t\u00e9 mis en place pour revaloriser le pouvoir d\u2019achat des employ\u00e9s. Si vous avez b\u00e9n\u00e9fici\u00e9 de cette prime, vous vous demandez s\u00fbrement <b>comment d\u00e9clarer la prime Macron<\/b> ? Quels sont les documents \u00e0 fournir ? On vous explique.<\/p>\n<div class='cta-block'><div class='text'>Simulez toutes vos aides en 2 min.<\/div><a href='https:\/\/www.mes-allocs.fr\/ab-app?origin=guides\/wp-json\/wp\/v2\/posts\/85508' class='app-button fit'>Simulation gratuite<\/a><\/div>\n<h1>Comment d\u00e9clarer la prime Macron aux imp\u00f4ts ?<\/h1>\n<h2>Devez-vous d\u00e9clarer la prime aux imp\u00f4ts ?<\/h2>\n<p><b>Oui<\/b>, vous devez d\u00e9clarer la prime Macron aux imp\u00f4ts. Cela permet entre autres que vous puissiez \u00eatre <b>exon\u00e9r\u00e9e d\u2019imp\u00f4ts sur le revenu et de cotisations salariales<\/b>. Mais attention, des conditions sont \u00e0 respecter :<\/p>\n<ul>\n<li aria-level=\"1\">L\u2019entreprise o\u00f9 vous travaillez doit avoir <b>moins de 50 employ\u00e9s.<\/b><\/li>\n<li aria-level=\"1\">Vous devez toucher <b>moins de 3 fois le montant du SMIC<\/b> en vigueur.<\/li>\n<\/ul>\n<p>Sous ces conditions, la prime Macron que l\u2019employeur vous verse est exon\u00e9r\u00e9e de tous les pr\u00e9l\u00e8vements habituels et vient donc s\u2019ajouter directement \u00e0 votre salaire net.<\/p>\n<h2>Que devez-vous faire pour d\u00e9clarer la prime aux imp\u00f4ts ?<\/h2>\n<p>Pour d\u00e9clarer la prime Macron aux imp\u00f4ts, il y a 2 cas de figure possible :<\/p>\n<ul>\n<li aria-level=\"1\">Si votre prime est exon\u00e9r\u00e9e d\u2019imp\u00f4t, vous devez simplement \u00e9crire son montant dans la <b>case 1AD<\/b> de votre d\u00e9claration pr\u00e9-remplie.<\/li>\n<li aria-level=\"1\">Si elle n\u2019est pas enti\u00e8rement exon\u00e9r\u00e9e, alors la partie qui d\u00e9passe le plafond doit \u00eatre <b>mise avec vos salaires imposables<\/b>, dans les cases habituelles (comme 1AJ).<\/li>\n<\/ul>\n<div class='shortcode tips'><div class='title'>Exemple<\/div><div class='content'>Emma travaille dans une petite entreprise de 30 salari\u00e9s. Son salaire est inf\u00e9rieur \u00e0 trois fois le SMIC. En 2024, elle a re\u00e7u <b>2\u202f500 \u20ac<\/b> de prime Macron. Comme elle remplit toutes les conditions d\u2019exon\u00e9ration (taille de l\u2019entreprise et salaire), elle peut d\u00e9clarer toute la prime dans la case 1AD, qui est r\u00e9serv\u00e9e aux revenus exon\u00e9r\u00e9s. Elle ne paiera donc pas d\u2019imp\u00f4t dessus.<\/p>\n<p>Son coll\u00e8gue Yves, lui, travaille dans une entreprise de 100 salari\u00e9s et a re\u00e7u <b>4\u202f000 \u20ac<\/b> de prime. Les plafonds d\u2019exon\u00e9ration sont d\u00e9pass\u00e9s pour lui et son entreprise est trop grande pour b\u00e9n\u00e9ficier de l\u2019exon\u00e9ration compl\u00e8te. Il doit alors d\u00e9clarer 3\u202f000 \u20ac dans la case 1AD (part exon\u00e9r\u00e9e) et 1\u202f000 \u20ac dans la case 1AJ (part imposable). Cette partie imposable sera ajout\u00e9e \u00e0 son salaire pour calculer son imp\u00f4t.<\/div><\/div>\n<h1>Comment d\u00e9clarer la prime Macron \u00e0 la CAF ?<\/h1>\n<h2>Devez-vous d\u00e9clarer la prime \u00e0 la CAF ?<\/h2>\n<p><b>Oui<\/b>, vous devez <a href=\"https:\/\/www.mes-allocs.fr\/guides\/prime-macron\/comment-declarer-prime-macron\/prime-macron-caf\/\">d\u00e9clarer la prime Macron \u00e0 la CAF<\/a>. M\u00eame si la prime Macron est un montant exceptionnel, elle reste un <b>compl\u00e9ment de salaire<\/b> vers\u00e9 par l\u2019employeur, ce qui signifie qu\u2019elle vient augmenter les revenus de votre foyer.<\/p>\n<h2>Pourquoi faut-il d\u00e9clarer la prime Macron \u00e0 la CAF ?<\/h2>\n<p>La prime peut avoir un<b> impact sur votre situation financi\u00e8re globale<\/b>. Pour que la CAF puisse \u00e9valuer correctement vos droits sociaux, elle a besoin de <b>conna\u00eetre<\/b><b>l\u2019ensemble de vos ressources<\/b>. C\u2019est pourquoi il est n\u00e9cessaire de d\u00e9clarer la prime Macron \u00e0 la CAF.<\/p>\n<h2>Que se passe-t-il si je n\u2019ai pas d\u00e9clar\u00e9 ma prime Macron ?<\/h2>\n<p>Ne pas d\u00e9clarer la prime Macron \u00e0 la CAF peut <b>fausser le calcul de vos prestations sociales<\/b>. Vos revenus risquent d\u2019\u00eatre sous-estim\u00e9s par la CAF, ce qui pourrait vous faire <b>percevoir des aides auxquelles vous n\u2019avez pas droit<\/b>.<\/p>\n<p>De plus, si la CAF d\u00e9couvre que vous avez re\u00e7u des prestations en trop, vous serez oblig\u00e9 de <b>rembourser les montants indus<\/b>. En cas de fraude av\u00e9r\u00e9e, des sanctions administratives ou p\u00e9nales peuvent \u00e9galement \u00eatre appliqu\u00e9es.<\/p>\n<div class='cta-block'><div class='text'>Simulez toutes vos aides en 2 min.<\/div><a href='https:\/\/www.mes-allocs.fr\/ab-app?origin=guides\/wp-json\/wp\/v2\/posts\/85508' class='app-button fit'>Simulation gratuite<\/a><\/div>\n<h1>Quels justificatifs fournir pour d\u00e9clarer la prime Macron ?<\/h1>\n<p>Vous n\u2019avez <b>aucun justificatif \u00e0 fournir<\/b> pour d\u00e9clarer la prime Macron. c\u2019est votre employeur qui se charge de d\u00e9clarer la prime Macron \u00e0 la D\u00e9claration Sociale Nominative (DSN). Quand il d\u00e9clare la prime, il inclut toutes les informations n\u00e9cessaires (montant vers\u00e9, date de versement etc.). Vous n\u2019avez donc pas \u00e0 fournir de documents \u00e0 l\u2019administration fiscale.<\/p>\n<p>Cependant, nous vous recommandons fortement de <b>garder votre bulletin de paie sur lequel figure la prime Macron<\/b>. En effet, ce document vous sera tr\u00e8s utile en cas de contr\u00f4le fiscal ou si vous souhaitez v\u00e9rifier les informations d\u00e9clar\u00e9es par votre employeur.<\/p>\n<h1>La prime Macron est-elle imposable ?<\/h1>\n<p><b>Oui et non<\/b>. La <a href=\"https:\/\/www.mes-allocs.fr\/guides\/prime-macron\/prime-macron-imposable\/\">prime Macron est imposable<\/a>, tout comme les autres primes exceptionnelles. Cependant, vous pouvez en \u00eatre <b>exon\u00e9r\u00e9e<\/b> si vous touchez <b>moins du triple du SMIC<\/b> et si vous travaillez dans une <b>entreprise de moins de 50 employ\u00e9s<\/b>.<\/p>\n<h1>Comment v\u00e9rifier que j\u2019ai bien fait ma d\u00e9claration ?<\/h1>\n<p>Vous pouvez v\u00e9rifier si vous avez bien fait votre d\u00e9claration de prime Macron aux imp\u00f4ts en allant sur votre espace particulier impots.gouv.fr. Vous pouvez ensuite aller sur <b>\u201cMes d\u00e9clarations\u201d<\/b> puis sur <b>\u201cD\u00e9clarations pr\u00e9-remplies\u201d <\/b>pour v\u00e9rifier la <b>ligne relative aux revenus exon\u00e9r\u00e9s<\/b>.<\/p>\n<p>Pour ce qui est de la CAF, vous pouvez v\u00e9rifier si la prime Macron a bien \u00e9t\u00e9 d\u00e9clar\u00e9e en vous rendant sur votre compte personnel. Vous pouvez ensuite consulter la partie <b>\u201cMes paiements \/ Mes droits\u201d<\/b> et voir si vous retrouvez la prime Macron dans votre <b>d\u00e9claration trimestrielle<\/b>.<\/p>\n<div class='shortcode summary'><div class='title'>En r\u00e9sum\u00e9 :<\/div><div class='content'><ul><li>La prime Macron peut \u00eatre <b>exon\u00e9r\u00e9e<\/b> d\u2019imp\u00f4t si vous travaillez dans une entreprise de <b>moins de 50 salari\u00e9s<\/b> et que votre salaire est <b>inf\u00e9rieur \u00e0 trois fois le SMIC<\/b>.<\/li><li>Dans ce cas, elle se d\u00e9clare dans la <b>case 1AD<\/b> de la d\u00e9claration de revenus.<\/li><li>Si ces conditions ne sont pas remplies, seule <b>la part exon\u00e9r\u00e9e va dans la case 1AD<\/b> et le reste dans les cases de salaire imposable.<\/li><li>La prime doit \u00e9galement \u00eatre <b>d\u00e9clar\u00e9e \u00e0 la CAF<\/b>, car elle <b>impacte vos droits sociaux<\/b>.<\/li><li><b>Aucun justificatif n\u2019est n\u00e9cessaire<\/b> pour la d\u00e9claration, mais il est conseill\u00e9 de <b>conserver votre bulletin de paie<\/b>.<\/li><\/ul><\/div><\/div>\n<div class='cta-block'><div class='text'>Simulez toutes vos aides en 2 min.<\/div><a href='https:\/\/www.mes-allocs.fr\/ab-app?origin=guides\/wp-json\/wp\/v2\/posts\/85508' class='app-button fit'>Simulation gratuite<\/a><\/div>\n","protected":false},"excerpt":{"rendered":"<p>La prime Macron, ou la prime de partage de la valeur (PPV), est un dispositif qui a \u00e9t\u00e9 mis en place pour revaloriser le pouvoir d\u2019achat des employ\u00e9s. Si vous avez b\u00e9n\u00e9fici\u00e9 de cette prime, vous vous demandez s\u00fbrement comment d\u00e9clarer la prime Macron ? Quels sont les documents \u00e0 fournir ? On vous explique. [&hellip;]<\/p>\n","protected":false},"author":30,"featured_media":106479,"comment_status":"open","ping_status":"open","sticky":false,"template":"","format":"standard","meta":{"amp_status":"","footnotes":""},"categories":[40090],"tags":[],"class_list":["post-85508","post","type-post","status-publish","format-standard","has-post-thumbnail","hentry","category-prime-macron"],"yoast_head":"<!-- This site is optimized with the Yoast SEO plugin v14.9 - https:\/\/yoast.com\/wordpress\/plugins\/seo\/ -->\n<title>Comment d\u00e9clarer la prime Macron en 2025 ? | Mes-Allocs.fr<\/title>\n<meta name=\"description\" content=\"Votre employeur vous verse une prime Macron. Mais vous vous demandez comment vous devez d\u00e9clarer cette prime en 2025 ? On vous dit tout !\" \/>\n<meta name=\"robots\" content=\"index, follow, max-snippet:-1, max-image-preview:large, max-video-preview:-1\" \/>\n<link rel=\"canonical\" href=\"https:\/\/www.mes-allocs.fr\/guides\/prime-macron\/comment-declarer-prime-macron\/\" \/>\n<meta property=\"og:locale\" content=\"fr_FR\" \/>\n<meta property=\"og:type\" content=\"article\" \/>\n<meta property=\"og:title\" content=\"Comment d\u00e9clarer la prime Macron en 2025 ? | Mes-Allocs.fr\" \/>\n<meta property=\"og:description\" content=\"Votre employeur vous verse une prime Macron. Mais vous vous demandez comment vous devez d\u00e9clarer cette prime en 2025 ? On vous dit tout !\" \/>\n<meta property=\"og:url\" content=\"https:\/\/www.mes-allocs.fr\/guides\/prime-macron\/comment-declarer-prime-macron\/\" \/>\n<meta property=\"og:site_name\" content=\"Mes-Allocs.fr\" \/>\n<meta property=\"article:published_time\" content=\"2024-11-18T16:20:33+00:00\" \/>\n<meta property=\"article:modified_time\" content=\"2026-04-22T09:51:15+00:00\" \/>\n<meta property=\"og:image\" content=\"https:\/\/www.mes-allocs.fr\/guides\/wp-content\/uploads\/2025\/12\/comment-declarer-prime-macron.jpg?wsr\" \/>\n\t<meta property=\"og:image:width\" content=\"1280\" \/>\n\t<meta property=\"og:image:height\" content=\"853\" \/>\n<meta name=\"twitter:card\" content=\"summary_large_image\" \/>\n<script type=\"application\/ld+json\" class=\"yoast-schema-graph\">{\"@context\":\"https:\/\/schema.org\",\"@graph\":[{\"@type\":\"WebSite\",\"@id\":\"https:\/\/www.mes-allocs.fr\/guides\/#website\",\"url\":\"https:\/\/www.mes-allocs.fr\/guides\/\",\"name\":\"Mes-Allocs.fr\",\"description\":\"\",\"potentialAction\":[{\"@type\":\"SearchAction\",\"target\":\"https:\/\/www.mes-allocs.fr\/guides\/?s={search_term_string}\",\"query-input\":\"required name=search_term_string\"}],\"inLanguage\":\"fr-FR\"},{\"@type\":\"ImageObject\",\"@id\":\"https:\/\/www.mes-allocs.fr\/guides\/prime-macron\/comment-declarer-prime-macron\/#primaryimage\",\"inLanguage\":\"fr-FR\",\"url\":\"https:\/\/www.mes-allocs.fr\/guides\/wp-content\/uploads\/2025\/12\/comment-declarer-prime-macron.jpg?wsr\",\"width\":1280,\"height\":853,\"caption\":\"comment declarer prime macron\"},{\"@type\":\"WebPage\",\"@id\":\"https:\/\/www.mes-allocs.fr\/guides\/prime-macron\/comment-declarer-prime-macron\/#webpage\",\"url\":\"https:\/\/www.mes-allocs.fr\/guides\/prime-macron\/comment-declarer-prime-macron\/\",\"name\":\"Comment d\\u00e9clarer la prime Macron en 2025 ? | Mes-Allocs.fr\",\"isPartOf\":{\"@id\":\"https:\/\/www.mes-allocs.fr\/guides\/#website\"},\"primaryImageOfPage\":{\"@id\":\"https:\/\/www.mes-allocs.fr\/guides\/prime-macron\/comment-declarer-prime-macron\/#primaryimage\"},\"datePublished\":\"2024-11-18T16:20:33+00:00\",\"dateModified\":\"2026-04-22T09:51:15+00:00\",\"author\":{\"@id\":\"https:\/\/www.mes-allocs.fr\/guides\/#\/schema\/person\/66505fe443d6e6f3696c5af001f3fab8\"},\"description\":\"Votre employeur vous verse une prime Macron. Mais vous vous demandez comment vous devez d\\u00e9clarer cette prime en 2025 ? On vous dit tout !\",\"inLanguage\":\"fr-FR\"},{\"@type\":\"Person\",\"@id\":\"https:\/\/www.mes-allocs.fr\/guides\/#\/schema\/person\/66505fe443d6e6f3696c5af001f3fab8\",\"name\":\"Lauriane Oriol\",\"image\":{\"@type\":\"ImageObject\",\"@id\":\"https:\/\/www.mes-allocs.fr\/guides\/#personlogo\",\"inLanguage\":\"fr-FR\",\"url\":\"https:\/\/www.mes-allocs.fr\/guides\/wp-content\/uploads\/2024\/10\/1702589802731-1-150x150.jpeg\",\"caption\":\"Lauriane Oriol\"},\"description\":\"Lauriane est r\\u00e9dactrice chez Mes Allocs. Sp\\u00e9cialiste des d\\u00e9marches administratives, elle rejoint Mes Allocs apr\\u00e8s une premi\\u00e8re exp\\u00e9rience en marketing et communication.\"}]}<\/script>\n<!-- \/ Yoast SEO plugin. -->","amp_validity":null,"acf":{"faq":{"1":{"question":"Comment d\u00e9clarer la prime Macron aux imp\u00f4ts ?","answer":"Pour d\u00e9clarer la prime Macron aux imp\u00f4ts, vous devez indiquez son montant dans la case 1AD si elle est enti\u00e8rement exon\u00e9r\u00e9e. Si elle d\u00e9passe le plafond, mettez la partie imposable dans les cases habituelles comme 1AJ."},"2":{"question":"Quelle case cocher pour la prime Macron ?","answer":"Vous devez inscrire le montant de la prime dans la case 1AD si elle est exon\u00e9r\u00e9e, ou s\u00e9parer la part exon\u00e9r\u00e9e (1AD) et la part imposable (1AJ) si elle d\u00e9passe les plafonds."},"3":{"question":" Est-ce que la prime Macron doit \u00eatre d\u00e9clar\u00e9e \u00e0 la CAF ?","answer":"Oui, la prime Macron doit \u00eatre d\u00e9clar\u00e9e \u00e0 la CAF car elle augmente les revenus de votre foyer et permet \u00e0 la CAF d\u2019\u00e9valuer correctement vos droits sociaux."},"4":{"question":"Est-ce que la prime Macron est imposable ?","answer":"Oui et non, la prime Macron est imposable, mais vous pouvez \u00eatre exon\u00e9r\u00e9 si vous travaillez dans une entreprise de moins de 50 salari\u00e9s et que votre salaire est inf\u00e9rieur \u00e0 trois fois le SMIC."},"5":{"question":"Quel est le montant maximum de la prime Macron ?","answer":"Le montant maximum de la prime Macron est de 3 000 \u20ac, voire 6 000 \u20ac en cas d'accord d'int\u00e9ressement."},"6":{"question":"Quand la prime Macron sera-t-elle vers\u00e9e en 2025 ?","answer":"L'employeur est libre de vous la verser quand il le souhaite jusqu'au 31 d\u00e9cembre 2026 au plus tard."},"7":{"question":"","answer":""},"8":{"question":"","answer":""},"9":{"question":"","answer":""},"10":{"question":"","answer":""},"11":{"question":"","answer":""},"12":{"question":"","answer":""},"13":{"question":"","answer":""},"14":{"question":"","answer":""},"15":{"question":"","answer":""},"16":{"question":"","answer":""}}},"_links":{"self":[{"href":"https:\/\/www.mes-allocs.fr\/guides\/wp-json\/wp\/v2\/posts\/85508","targetHints":{"allow":["GET"]}}],"collection":[{"href":"https:\/\/www.mes-allocs.fr\/guides\/wp-json\/wp\/v2\/posts"}],"about":[{"href":"https:\/\/www.mes-allocs.fr\/guides\/wp-json\/wp\/v2\/types\/post"}],"author":[{"embeddable":true,"href":"https:\/\/www.mes-allocs.fr\/guides\/wp-json\/wp\/v2\/users\/30"}],"replies":[{"embeddable":true,"href":"https:\/\/www.mes-allocs.fr\/guides\/wp-json\/wp\/v2\/comments?post=85508"}],"version-history":[{"count":17,"href":"https:\/\/www.mes-allocs.fr\/guides\/wp-json\/wp\/v2\/posts\/85508\/revisions"}],"predecessor-version":[{"id":106583,"href":"https:\/\/www.mes-allocs.fr\/guides\/wp-json\/wp\/v2\/posts\/85508\/revisions\/106583"}],"wp:featuredmedia":[{"embeddable":true,"href":"https:\/\/www.mes-allocs.fr\/guides\/wp-json\/wp\/v2\/media\/106479"}],"wp:attachment":[{"href":"https:\/\/www.mes-allocs.fr\/guides\/wp-json\/wp\/v2\/media?parent=85508"}],"wp:term":[{"taxonomy":"category","embeddable":true,"href":"https:\/\/www.mes-allocs.fr\/guides\/wp-json\/wp\/v2\/categories?post=85508"},{"taxonomy":"post_tag","embeddable":true,"href":"https:\/\/www.mes-allocs.fr\/guides\/wp-json\/wp\/v2\/tags?post=85508"}],"curies":[{"name":"wp","href":"https:\/\/api.w.org\/{rel}","templated":true}]}}