{"id":85504,"date":"2024-11-18T18:19:23","date_gmt":"2024-11-18T16:19:23","guid":{"rendered":"https:\/\/www.mes-allocs.fr\/guides\/?p=85504"},"modified":"2026-04-22T10:51:15","modified_gmt":"2026-04-22T09:51:15","slug":"prime-macron-alternant","status":"publish","type":"post","link":"https:\/\/www.mes-allocs.fr\/guides\/prime-macron\/prime-macron-conditions\/prime-macron-alternant\/","title":{"rendered":"Les alternants ont-ils droit \u00e0 la PPV de leur entreprise ?"},"content":{"rendered":"<p><img loading=\"lazy\" decoding=\"async\" class=\"alignnone wp-image-85548 size-full\" title=\"prime macron alternant\" src=\"https:\/\/www.mes-allocs.fr\/guides\/wp-content\/uploads\/2024\/11\/prime-macron-alternant-e1731946734406.jpg\" alt=\"prime macron alternant\" width=\"1280\" height=\"336\" srcset=\"https:\/\/www.mes-allocs.fr\/guides\/wp-content\/uploads\/2024\/11\/prime-macron-alternant-e1731946734406.jpg 1280w, https:\/\/www.mes-allocs.fr\/guides\/wp-content\/uploads\/2024\/11\/prime-macron-alternant-e1731946734406-300x79.jpg 300w, https:\/\/www.mes-allocs.fr\/guides\/wp-content\/uploads\/2024\/11\/prime-macron-alternant-e1731946734406-1024x269.jpg 1024w, https:\/\/www.mes-allocs.fr\/guides\/wp-content\/uploads\/2024\/11\/prime-macron-alternant-e1731946734406-768x202.jpg 768w, https:\/\/www.mes-allocs.fr\/guides\/wp-content\/uploads\/2024\/11\/prime-macron-alternant-e1731946734406-600x158.jpg 600w\" sizes=\"auto, (max-width: 1280px) 100vw, 1280px\" \/><\/p>\n<p>La prime de partage de la valeur (PPV), anciennement appel\u00e9e <a href=\"https:\/\/www.mes-allocs.fr\/guides\/prime-macron\/\">prime Macron<\/a>, est un dispositif mis en place pour revaloriser le pouvoir d&rsquo;achat des employ\u00e9s. La prime Macron peut sembler r\u00e9serv\u00e9e aux salari\u00e9s en CDI mais d&rsquo;autres contrats peuvent y avoir droit. A-t-on droit \u00e0 la <strong>prime Macron quand on est alternant<\/strong>\u00a0?\u00a0Dans cet article, on r\u00e9pond \u00e0 toutes vos questions.<\/p>\n<div class='cta-block'><div class='text'>Simulez vos aides en alternance<\/div><a href='https:\/\/www.mes-allocs.fr\/ab-app?origin=guides\/wp-json\/wp\/v2\/posts\/85504' class='app-button fit'>Simulation gratuite<\/a><\/div>\n<h1>Les alternants sont-ils \u00e9ligibles \u00e0 la prime Macron ?<\/h1>\n<p><strong>La r\u00e9ponse est oui.<\/strong><\/p>\n<h2>Les contrats d&rsquo;apprentissage et la prime Macron<\/h2>\n<p>Le contrat d&rsquo;apprentissage est un dispositif qui m\u00e9lange une formation en entreprise et des cours th\u00e9oriques. C&rsquo;est un contrat qui permet aux jeunes de se former th\u00e9oriquement tout en acqu\u00e9rant une exp\u00e9rience professionnelle.<\/p>\n<p><strong>Les alternants, li\u00e9s par un contrat d&rsquo;apprentissage, sont \u00e9ligibles \u00e0 la prime Macron au m\u00eame titre que les salari\u00e9s en CDI ou CDD.<\/strong><\/p>\n<p>Le fait de les inclure dans la prime Macron cherche \u00e0 valoriser l&rsquo;engagement des jeunes et leur permet de b\u00e9n\u00e9ficier d&rsquo;un coup de pouce financier.<\/p>\n<p>Cependant, la prime Macron d\u00e9pend des d\u00e9cisions de l&#8217;employeur,<strong> les r\u00e8gles de la prime Macron ne sont pas les m\u00eames d&rsquo;une entreprise \u00e0 une autre.<\/strong><\/p>\n<p><strong>Il est donc important pour les apprentis de se renseigner aupr\u00e8s de leur employeur ou de consulter les documents relatifs \u00e0 la prime Macron au sein de leur entreprise afin de conna\u00eetre les modalit\u00e9s pr\u00e9cises.<\/strong><\/p>\n<h2>Les contrats de professionnalisation et la prime Macron<\/h2>\n<p>Le contrat de professionnalisation, tout comme le contrat d&rsquo;apprentissage, est un dispositif qui combine une partie de formation en entreprise et une autre partie r\u00e9serv\u00e9e aux cours th\u00e9oriques. Ce contrat s&rsquo;adresse \u00e0 des personnes de 26 ans et plus qui souhaitent acqu\u00e9rir une qualification professionnelle.<\/p>\n<p><strong>Les alternants sous contrat de professionnalisation sont, eux aussi, \u00e9ligibles \u00e0 la prime Macron.<\/strong><\/p>\n<p>Mais comme pour le contrat d&rsquo;apprentissage, les modalit\u00e9s de calcul et de versement de la prime peuvent varier d&rsquo;une entreprise \u00e0 une autre. <strong>Il est donc conseill\u00e9 aux alternants de se renseigner aupr\u00e8s de leur employeur ou de consulter les documents relatifs \u00e0 la prime Macron au sein de leur entreprise pour conna\u00eetre avec pr\u00e9cision les <a href=\"https:\/\/www.mes-allocs.fr\/guides\/prime-macron\/prime-macron-conditions\/\">conditions d&rsquo;\u00e9ligibilit\u00e9 \u00e0 la prime Macron<\/a>.<\/strong><\/p>\n<h1>PPV apprenti : la dur\u00e9e du contrat a-t-elle une influence sur la prime ?<\/h1>\n<p>La dur\u00e9e du contrat d&rsquo;alternance n&rsquo;a g\u00e9n\u00e9ralement <strong>pas d&rsquo;impact direct sur l&rsquo;\u00e9ligibilit\u00e9 \u00e0 la prime Macron<\/strong>.<\/p>\n<p><strong>Cependant,<\/strong> <strong>la dur\u00e9e du contrat de l&rsquo;alternant peut influencer le montant de la prime.<\/strong> Si l&rsquo;entreprise d\u00e9cide de calculer la prime en fonction du temps de pr\u00e9sence effectif, un alternant en fin de contrat pourrait percevoir une prime plus \u00e9lev\u00e9e qu&rsquo;un alternant en d\u00e9but de contrat.<\/p>\n<p><strong>Nous recommandons \u00e0 chaque alternant de se renseigner aupr\u00e8s de son employeur ou de consulter les accords d&rsquo;entreprise pour conna\u00eetre les modalit\u00e9s de calcul de la prime Macron.<\/strong><\/p>\n<div class='cta-block'><div class='text'>Simulez vos aides en alternance<\/div><a href='https:\/\/www.mes-allocs.fr\/ab-app?origin=guides\/wp-json\/wp\/v2\/posts\/85504' class='app-button fit'>Simulation gratuite<\/a><\/div>\n<h1>Comment est calcul\u00e9 le montant de la PPV pour les alternants ?<\/h1>\n<p>Le calcul du montant de la prime de partage de la valeur pour les alternants peut varier d&rsquo;une entreprise \u00e0 l&rsquo;autre. <strong>En g\u00e9n\u00e9ral, les m\u00eames crit\u00e8res que pour les salari\u00e9s en CDI sont pris en compte.<\/strong> Le montant peut \u00eatre forfaitaire ou modifi\u00e9 en fonction de diff\u00e9rents \u00e9l\u00e9ments d\u00e9cid\u00e9s par l&#8217;employeur.<\/p>\n<h2>Les crit\u00e8res qui influencent le montant de la prime Macron pour les alternants<\/h2>\n<p>Plusieurs crit\u00e8res peuvent influencer le montant de la prime Macron vers\u00e9e aux alternants.<\/p>\n<p>Le plus courant est <strong>le temps de pr\u00e9sence effectif<\/strong> au sein de l&rsquo;entreprise pendant la p\u00e9riode de r\u00e9f\u00e9rence. Plus l&rsquo;alternant a travaill\u00e9 d&rsquo;heures, plus sa part de prime est susceptible d&rsquo;\u00eatre \u00e9lev\u00e9e. En utilisant ce crit\u00e8re, <span class=\"citation-0 citation-end-0\">l&#8217;employeur favorise l&rsquo;\u00e9quit\u00e9 en r\u00e9compensant ceux qui ont le plus contribu\u00e9<\/span> \u00e0 l&rsquo;activit\u00e9 de l&rsquo;entreprise. C&rsquo;est une mani\u00e8re de reconna\u00eetre l&rsquo;engagement, la r\u00e9gularit\u00e9 et l&rsquo;investissement de chacun. En plus, le temps de travail permet un calcul assez simple et transparent de la prime Macron.<\/p>\n<p><strong>D&rsquo;autres facteurs peuvent \u00e9galement jouer sur le montant final <\/strong>comme :<\/p>\n<ul>\n<li>La r\u00e9mun\u00e9ration de l&rsquo;alternant<\/li>\n<li>Son anciennet\u00e9 dans l&rsquo;entreprise<\/li>\n<li>Les objectifs atteints<\/li>\n<\/ul>\n<p><strong>Attention, il est important de noter que la prime Macron est un dispositif flexible, les modalit\u00e9s de calcul peuvent varier d&rsquo;une entreprise \u00e0 l&rsquo;autre.<\/strong> Pour conna\u00eetre les crit\u00e8res pr\u00e9cis qui s&rsquo;appliquent \u00e0 votre situation, nous vous conseillons de vous renseigner aupr\u00e8s de votre employeur ou de consulter les documents relatifs \u00e0 la prime Macron de l&rsquo;entreprise.<\/p>\n<h2>Existe-t-il un plafond de prime Macron en alternance ?<\/h2>\n<p><strong>La r\u00e9ponse est oui<\/strong>, il existe un plafond qui s&rsquo;applique \u00e0 tous les b\u00e9n\u00e9ficiaires, y compris les alternants.<\/p>\n<p><strong>Ce plafond limite le montant qui peut b\u00e9n\u00e9ficier d&rsquo;une exon\u00e9ration totale de cotisations sociales.<\/strong> En effet, la loi pr\u00e9voit que les sommes vers\u00e9es de prime Macron peuvent \u00eatre exon\u00e9r\u00e9es de certaines charges sociales dans la limite d&rsquo;un certain montant.<\/p>\n<p><strong>Ce plafond est g\u00e9n\u00e9ralement fix\u00e9 \u00e0 3 000 \u20ac par an et par b\u00e9n\u00e9ficiaire<\/strong>. <strong>Mais, si l&rsquo;entreprise a mis en place un accord d&rsquo;int\u00e9ressement ou de participation, ce plafond peut \u00eatre port\u00e9 \u00e0 6 000 \u20ac.<\/strong><\/p>\n<p>Ce qui veut dire que m\u00eame si les alternants peuvent pr\u00e9tendre \u00e0 la prime Macron, le montant qu&rsquo;ils peuvent percevoir tout en b\u00e9n\u00e9ficiant de l&rsquo;exon\u00e9ration des cotisations sociales est plafonn\u00e9.<\/p>\n<p><iframe loading=\"lazy\" title=\"La prime de partage de la valeur (prime Macron)\" width=\"500\" height=\"281\" src=\"https:\/\/www.youtube.com\/embed\/BZDkfkZcuAA?feature=oembed\" frameborder=\"0\" allow=\"accelerometer; autoplay; clipboard-write; encrypted-media; gyroscope; picture-in-picture; web-share\" referrerpolicy=\"strict-origin-when-cross-origin\" allowfullscreen><\/iframe><\/p>\n<h1>Prime Macron apprenti : comment la prime est-elle vers\u00e9e ?<\/h1>\n<h2>Par qui la prime Macron est-elle vers\u00e9e aux alternants ?<\/h2>\n<p>La prime Macron, ou prime de partage de la valeur, est <strong>vers\u00e9e par l&rsquo;entreprise<\/strong> \u00e0 ses salari\u00e9s, y compris les alternants.<\/p>\n<p><strong>C&rsquo;est l&#8217;employeur qui d\u00e9cide du montant de la prime et des modalit\u00e9s de versement<\/strong>. Il peut choisir de verser une prime d&rsquo;un montant forfaitaire \u00e0 tous les salari\u00e9s \u00e9ligibles ou de modifier le montant en fonction de diff\u00e9rents crit\u00e8res (anciennet\u00e9, performance par exemple).<\/p>\n<p><strong>Dans le cas des alternants, c&rsquo;est donc l&rsquo;entreprise d&rsquo;accueil qui se charge de verser la prime<\/strong>.<\/p>\n<h2>Que se passe-t-il si je change de centre de formation pendant l&rsquo;ann\u00e9e ?<\/h2>\n<p>Si vous changez de centre de formation en cours d&rsquo;ann\u00e9e, cela ne devrait pas avoir d&rsquo;impact direct sur votre \u00e9ligibilit\u00e9 \u00e0 la prime Macron, \u00e0 condition que vous restiez dans la m\u00eame entreprise.<\/p>\n<p><strong>En effet, c&rsquo;est l&rsquo;entreprise qui verse la prime et pas le centre de formation.<\/strong> Donc, tant que votre contrat d&rsquo;apprentissage ou de professionnalisation reste au sein de la m\u00eame entreprise, rien ne change. Cependant, nous vous conseillons de demander \u00e0 votre employeur pour \u00eatre s\u00fbr que le changement n&rsquo;aura pas d&rsquo;incidence.<\/p>\n<h2>Quand la prime Macron est-elle vers\u00e9e aux alternants ?<\/h2>\n<p><strong>Le moment du versement de la prime Macron aux alternants n&rsquo;est pas fixe<\/strong> <strong>et il peut varier d&rsquo;une entreprise \u00e0 l&rsquo;autre<\/strong>. La d\u00e9cision revient \u00e0 l&#8217;employeur, qui peut choisir de verser la prime en une seule fois ou en plusieurs fois.<\/p>\n<p>Pour conna\u00eetre le calendrier exact du versement de sa prime, il est conseill\u00e9 \u00e0 chaque alternant de <strong>se renseigner aupr\u00e8s de son employeur ou de consulter les documents relatifs \u00e0 la prime au sein de l&rsquo;entreprise.<\/strong><\/p>\n<h2>D\u00e9claration \u00e0 l&rsquo;administration fiscale de la PPV<\/h2>\n<p><strong>La d\u00e9claration de la prime de partage de la valeur (PPV) \u00e0 l&rsquo;administration fiscale revient \u00e0 l&#8217;employeur.<\/strong> C&rsquo;est lui qui doit d\u00e9clarer les sommes vers\u00e9es \u00e0 ses employ\u00e9s (alternants compris). Pour les alternants, il est donc essentiel que leur employeur proc\u00e8de \u00e0 cette d\u00e9claration correctement afin qu&rsquo;ils puissent b\u00e9n\u00e9ficier pleinement des avantages li\u00e9s \u00e0 la prime Macron.<\/p>\n<div class='cta-block'><div class='text'>Simulez vos aides en alternance<\/div><a href='https:\/\/www.mes-allocs.fr\/ab-app?origin=guides\/wp-json\/wp\/v2\/posts\/85504' class='app-button fit'>Simulation gratuite<\/a><\/div>\n","protected":false},"excerpt":{"rendered":"<p>La prime de partage de la valeur (PPV), anciennement appel\u00e9e prime Macron, est un dispositif mis en place pour revaloriser le pouvoir d&rsquo;achat des employ\u00e9s. La prime Macron peut sembler r\u00e9serv\u00e9e aux salari\u00e9s en CDI mais d&rsquo;autres contrats peuvent y avoir droit. A-t-on droit \u00e0 la prime Macron quand on est alternant\u00a0?\u00a0Dans cet article, on [&hellip;]<\/p>\n","protected":false},"author":30,"featured_media":85548,"comment_status":"open","ping_status":"open","sticky":false,"template":"","format":"standard","meta":{"amp_status":"","footnotes":""},"categories":[40090,40507],"tags":[],"class_list":["post-85504","post","type-post","status-publish","format-standard","has-post-thumbnail","hentry","category-prime-macron","category-prime-macron-conditions"],"yoast_head":"<!-- This site is optimized with the Yoast SEO plugin v14.9 - https:\/\/yoast.com\/wordpress\/plugins\/seo\/ -->\n<title>Un alternant a-t-il droit \u00e0 la prime Macron ? | Mes-Allocs.fr<\/title>\n<meta name=\"description\" content=\"Un employeur peut d\u00e9cider de verser une prime Macron \u00e0 ses employ\u00e9s. Mais un alternant de l&#039;entreprise peut-il en b\u00e9n\u00e9ficier ? On vous r\u00e9pond\" \/>\n<meta name=\"robots\" content=\"index, follow, max-snippet:-1, max-image-preview:large, max-video-preview:-1\" \/>\n<link rel=\"canonical\" href=\"https:\/\/www.mes-allocs.fr\/guides\/prime-macron\/prime-macron-conditions\/prime-macron-alternant\/\" \/>\n<meta property=\"og:locale\" content=\"fr_FR\" \/>\n<meta property=\"og:type\" content=\"article\" \/>\n<meta property=\"og:title\" content=\"Un alternant a-t-il droit \u00e0 la prime Macron ? | Mes-Allocs.fr\" \/>\n<meta property=\"og:description\" content=\"Un employeur peut d\u00e9cider de verser une prime Macron \u00e0 ses employ\u00e9s. Mais un alternant de l&#039;entreprise peut-il en b\u00e9n\u00e9ficier ? On vous r\u00e9pond\" \/>\n<meta property=\"og:url\" content=\"https:\/\/www.mes-allocs.fr\/guides\/prime-macron\/prime-macron-conditions\/prime-macron-alternant\/\" \/>\n<meta property=\"og:site_name\" content=\"Mes-Allocs.fr\" \/>\n<meta property=\"article:published_time\" content=\"2024-11-18T16:19:23+00:00\" \/>\n<meta property=\"article:modified_time\" content=\"2026-04-22T09:51:15+00:00\" \/>\n<meta property=\"og:image\" content=\"https:\/\/www.mes-allocs.fr\/guides\/wp-content\/uploads\/2024\/11\/prime-macron-alternant-e1731946734406.jpg?wsr\" \/>\n\t<meta property=\"og:image:width\" content=\"1280\" \/>\n\t<meta property=\"og:image:height\" content=\"336\" \/>\n<meta name=\"twitter:card\" content=\"summary_large_image\" \/>\n<script type=\"application\/ld+json\" class=\"yoast-schema-graph\">{\"@context\":\"https:\/\/schema.org\",\"@graph\":[{\"@type\":\"WebSite\",\"@id\":\"https:\/\/www.mes-allocs.fr\/guides\/#website\",\"url\":\"https:\/\/www.mes-allocs.fr\/guides\/\",\"name\":\"Mes-Allocs.fr\",\"description\":\"\",\"potentialAction\":[{\"@type\":\"SearchAction\",\"target\":\"https:\/\/www.mes-allocs.fr\/guides\/?s={search_term_string}\",\"query-input\":\"required name=search_term_string\"}],\"inLanguage\":\"fr-FR\"},{\"@type\":\"ImageObject\",\"@id\":\"https:\/\/www.mes-allocs.fr\/guides\/prime-macron\/prime-macron-conditions\/prime-macron-alternant\/#primaryimage\",\"inLanguage\":\"fr-FR\",\"url\":\"https:\/\/www.mes-allocs.fr\/guides\/wp-content\/uploads\/2024\/11\/prime-macron-alternant-e1731946734406.jpg?wsr\",\"width\":1280,\"height\":336,\"caption\":\"prime macron alternant\"},{\"@type\":\"WebPage\",\"@id\":\"https:\/\/www.mes-allocs.fr\/guides\/prime-macron\/prime-macron-conditions\/prime-macron-alternant\/#webpage\",\"url\":\"https:\/\/www.mes-allocs.fr\/guides\/prime-macron\/prime-macron-conditions\/prime-macron-alternant\/\",\"name\":\"Un alternant a-t-il droit \\u00e0 la prime Macron ? | Mes-Allocs.fr\",\"isPartOf\":{\"@id\":\"https:\/\/www.mes-allocs.fr\/guides\/#website\"},\"primaryImageOfPage\":{\"@id\":\"https:\/\/www.mes-allocs.fr\/guides\/prime-macron\/prime-macron-conditions\/prime-macron-alternant\/#primaryimage\"},\"datePublished\":\"2024-11-18T16:19:23+00:00\",\"dateModified\":\"2026-04-22T09:51:15+00:00\",\"author\":{\"@id\":\"https:\/\/www.mes-allocs.fr\/guides\/#\/schema\/person\/66505fe443d6e6f3696c5af001f3fab8\"},\"description\":\"Un employeur peut d\\u00e9cider de verser une prime Macron \\u00e0 ses employ\\u00e9s. Mais un alternant de l'entreprise peut-il en b\\u00e9n\\u00e9ficier ? On vous r\\u00e9pond\",\"inLanguage\":\"fr-FR\"},{\"@type\":\"Person\",\"@id\":\"https:\/\/www.mes-allocs.fr\/guides\/#\/schema\/person\/66505fe443d6e6f3696c5af001f3fab8\",\"name\":\"Lauriane Oriol\",\"image\":{\"@type\":\"ImageObject\",\"@id\":\"https:\/\/www.mes-allocs.fr\/guides\/#personlogo\",\"inLanguage\":\"fr-FR\",\"url\":\"https:\/\/www.mes-allocs.fr\/guides\/wp-content\/uploads\/2024\/10\/1702589802731-1-150x150.jpeg\",\"caption\":\"Lauriane Oriol\"},\"description\":\"Lauriane est r\\u00e9dactrice chez Mes Allocs. Sp\\u00e9cialiste des d\\u00e9marches administratives, elle rejoint Mes Allocs apr\\u00e8s une premi\\u00e8re exp\\u00e9rience en marketing et communication.\"}]}<\/script>\n<!-- \/ Yoast SEO plugin. -->","amp_validity":null,"acf":{"faq":{"1":{"question":"Qui a le droit \u00e0 la prime de Macron ?","answer":"Les salari\u00e9s d'une entreprise dans laquelle l'employeur a d\u00e9cid\u00e9 de verser la prime Macron."},"2":{"question":"Quelle prime quand on est alternant ?","answer":"En \u00e9tant alternant, vous pouvez aussi b\u00e9n\u00e9ficier de la prime d'activit\u00e9 sous certaines conditions."},"3":{"question":"Comment savoir si j'ai le droit \u00e0 la prime Macron ?","answer":"Vous pouvez consulter votre bulletin de salaire ou directement demander \u00e0 votre employeur."},"4":{"question":"Qui est exclu de la prime Macron ?","answer":"Les stagiaires ne peuvent malheureusement pas toucher la prime Macron."},"5":{"question":"","answer":""},"6":{"question":"","answer":""},"7":{"question":"","answer":""},"8":{"question":"","answer":""},"9":{"question":"","answer":""},"10":{"question":"","answer":""},"11":{"question":"","answer":""},"12":{"question":"","answer":""},"13":{"question":"","answer":""},"14":{"question":"","answer":""},"15":{"question":"","answer":""},"16":{"question":"","answer":""}}},"_links":{"self":[{"href":"https:\/\/www.mes-allocs.fr\/guides\/wp-json\/wp\/v2\/posts\/85504","targetHints":{"allow":["GET"]}}],"collection":[{"href":"https:\/\/www.mes-allocs.fr\/guides\/wp-json\/wp\/v2\/posts"}],"about":[{"href":"https:\/\/www.mes-allocs.fr\/guides\/wp-json\/wp\/v2\/types\/post"}],"author":[{"embeddable":true,"href":"https:\/\/www.mes-allocs.fr\/guides\/wp-json\/wp\/v2\/users\/30"}],"replies":[{"embeddable":true,"href":"https:\/\/www.mes-allocs.fr\/guides\/wp-json\/wp\/v2\/comments?post=85504"}],"version-history":[{"count":11,"href":"https:\/\/www.mes-allocs.fr\/guides\/wp-json\/wp\/v2\/posts\/85504\/revisions"}],"predecessor-version":[{"id":106006,"href":"https:\/\/www.mes-allocs.fr\/guides\/wp-json\/wp\/v2\/posts\/85504\/revisions\/106006"}],"wp:featuredmedia":[{"embeddable":true,"href":"https:\/\/www.mes-allocs.fr\/guides\/wp-json\/wp\/v2\/media\/85548"}],"wp:attachment":[{"href":"https:\/\/www.mes-allocs.fr\/guides\/wp-json\/wp\/v2\/media?parent=85504"}],"wp:term":[{"taxonomy":"category","embeddable":true,"href":"https:\/\/www.mes-allocs.fr\/guides\/wp-json\/wp\/v2\/categories?post=85504"},{"taxonomy":"post_tag","embeddable":true,"href":"https:\/\/www.mes-allocs.fr\/guides\/wp-json\/wp\/v2\/tags?post=85504"}],"curies":[{"name":"wp","href":"https:\/\/api.w.org\/{rel}","templated":true}]}}