{"id":85501,"date":"2024-11-18T18:18:22","date_gmt":"2024-11-18T16:18:22","guid":{"rendered":"https:\/\/www.mes-allocs.fr\/guides\/?p=85501"},"modified":"2026-04-22T10:51:15","modified_gmt":"2026-04-22T09:51:15","slug":"prime-macron-conge-maternite","status":"publish","type":"post","link":"https:\/\/www.mes-allocs.fr\/guides\/prime-macron\/prime-macron-conditions\/prime-macron-conge-maternite\/","title":{"rendered":"Peut-on b\u00e9n\u00e9ficier de la PPV quand on est en cong\u00e9 maternit\u00e9 ?"},"content":{"rendered":"<p><img loading=\"lazy\" decoding=\"async\" class=\"alignnone wp-image-85547 size-full\" title=\"prime macron conge maternite\" src=\"https:\/\/www.mes-allocs.fr\/guides\/wp-content\/uploads\/2024\/11\/prime-macron-conge-maternite-e1731946667770.jpg\" alt=\"prime macron conge maternite\" width=\"1280\" height=\"336\" srcset=\"https:\/\/www.mes-allocs.fr\/guides\/wp-content\/uploads\/2024\/11\/prime-macron-conge-maternite-e1731946667770.jpg 1280w, https:\/\/www.mes-allocs.fr\/guides\/wp-content\/uploads\/2024\/11\/prime-macron-conge-maternite-e1731946667770-300x79.jpg 300w, https:\/\/www.mes-allocs.fr\/guides\/wp-content\/uploads\/2024\/11\/prime-macron-conge-maternite-e1731946667770-1024x269.jpg 1024w, https:\/\/www.mes-allocs.fr\/guides\/wp-content\/uploads\/2024\/11\/prime-macron-conge-maternite-e1731946667770-768x202.jpg 768w, https:\/\/www.mes-allocs.fr\/guides\/wp-content\/uploads\/2024\/11\/prime-macron-conge-maternite-e1731946667770-600x158.jpg 600w\" sizes=\"auto, (max-width: 1280px) 100vw, 1280px\" \/><\/p>\n<p>La prime de partage de la valeur (PPV), anciennement appel\u00e9e <a href=\"https:\/\/www.mes-allocs.fr\/guides\/prime-macron\/\">prime Macron<\/a>, est un dispositif qui a \u00e9t\u00e9 mis en place pour revaloriser le pouvoir d&rsquo;achat des employ\u00e9s. Mais que se passe-t-il pour les parents en cong\u00e9 maternit\u00e9 ? A-t-on droit \u00e0 la <strong>prime Macron en cong\u00e9 maternit\u00e9<\/strong> ?\u00a0Dans cet article, on r\u00e9pond \u00e0 toutes vos questions.<\/p>\n<div class='cta-block'><div class='text'>Simulez vos aides pendant un cong\u00e9 maternit\u00e9<\/div><a href='https:\/\/www.mes-allocs.fr\/ab-app?origin=guides\/wp-json\/wp\/v2\/posts\/85501' class='app-button fit'>Simulation gratuite<\/a><\/div>\n<h1>Prime Macron cong\u00e9 maternit\u00e9 : les conditions<\/h1>\n<h2>L&rsquo;\u00e9ligibilit\u00e9 \u00e0 la prime Macron en cong\u00e9 maternit\u00e9<\/h2>\n<p><strong>Le cong\u00e9 maternit\u00e9 correspond \u00e0 une p\u00e9riode de suspension du contrat de travail.<\/strong> Ce cong\u00e9 est accord\u00e9 \u00e0 une employ\u00e9e qui est enceinte ou qui a r\u00e9cemment accouch\u00e9. Ce temps en cong\u00e9 maternit\u00e9 est destin\u00e9 \u00e0 <strong>assurer le repos, la r\u00e9cup\u00e9ration de la m\u00e8re et aussi \u00e0 favoriser l&rsquo;allaitement<\/strong>.<\/p>\n<p>A premi\u00e8re vue, on pourrait penser qu&rsquo;un arr\u00eat de travail est un argument pour exclure une employ\u00e9e de la prime Macron. Cependant, ce n&rsquo;est pas toujours le cas.<\/p>\n<p><strong>Le temps de cong\u00e9 maternit\u00e9 est consid\u00e9r\u00e9 comme du temps de travail effectif. Ce qui signifie que la salari\u00e9e en cong\u00e9 maternit\u00e9 peut b\u00e9n\u00e9ficier de la prime Macron.<\/strong><\/p>\n<p>De plus, les r\u00e8gles concernant les <a href=\"https:\/\/www.mes-allocs.fr\/guides\/prime-macron\/prime-macron-conditions\/\">conditions d&rsquo;\u00e9ligibilit\u00e9 \u00e0 la prime Macron<\/a> peuvent varier selon les entreprises et les conventions collectives. Il est donc essentiel de se r\u00e9f\u00e9rer \u00e0 l&rsquo;accord d&rsquo;entreprise ou \u00e0 la convention collective pour conna\u00eetre les modalit\u00e9s exactes de calcul et d&rsquo;attribution de la prime Macron en cas de cong\u00e9 maternit\u00e9.<\/p>\n<h2>Dur\u00e9e du cong\u00e9 maternit\u00e9 et versement de la prime Macron<\/h2>\n<p>La dur\u00e9e du cong\u00e9 maternit\u00e9 peut logiquement soulever des questions quant \u00e0 l&rsquo;\u00e9ligibilit\u00e9 de la prime Macron. En effet, on peut se demander si un cong\u00e9 maternit\u00e9 prolong\u00e9 peut entra\u00eener une r\u00e9duction ou une suspension de la prime Macron. Cela d\u00e9pend en grande partie des modalit\u00e9s pr\u00e9vues par l&rsquo;accord d&rsquo;entreprise ou la convention collective.<\/p>\n<p><strong>Dans certains cas, la prime Macron peut \u00eatre calcul\u00e9e en fonction du prorata du temps de travail effectif pendant la p\u00e9riode prise en compte.<\/strong> <strong>Ce qui veut dire qu&rsquo;un cong\u00e9 maternit\u00e9 de longue dur\u00e9e peut th\u00e9oriquement amener \u00e0 une diminution du montant de la prime Macron vers\u00e9e.<\/strong><\/p>\n<p>Mais, il est important de noter que les <strong>r\u00e8gles d&rsquo;attribution \u00e0 la prime Macron sont diff\u00e9rentes d&rsquo;une entreprise \u00e0 une autre.<\/strong> Nous vous recommandons donc vivement de vous renseigner aupr\u00e8s de votre employeur pour obtenir une r\u00e9ponse pr\u00e9cise et adapt\u00e9e \u00e0 votre situation personnelle.<\/p>\n<div class='cta-block'><div class='text'>Simulez vos aides pendant un cong\u00e9 maternit\u00e9<\/div><a href='https:\/\/www.mes-allocs.fr\/ab-app?origin=guides\/wp-json\/wp\/v2\/posts\/85501' class='app-button fit'>Simulation gratuite<\/a><\/div>\n<h1>Les crit\u00e8res qui influencent le montant de la PPV en cong\u00e9 maternit\u00e9<\/h1>\n<p>Plusieurs crit\u00e8res peuvent influencer le montant de la prime Macron en cong\u00e9 maternit\u00e9. Les crit\u00e8res principaux sont abord\u00e9s ci-dessous.<\/p>\n<h2>L&rsquo;anciennet\u00e9<\/h2>\n<p>L&rsquo;anciennet\u00e9 est un crit\u00e8re souvent choisi dans le calcul de la prime Macron. Ce crit\u00e8re va souvent \u00eatre utilis\u00e9\u00a0 dans le calcul de la prime Macron pour r\u00e9compenser les employ\u00e9s qui sont dans l&rsquo;entreprise depuis le plus longtemps.<\/p>\n<p>Rappelons, que <strong>les p\u00e9riodes de cong\u00e9 maternit\u00e9 sont consid\u00e9r\u00e9es par la loi comme des p\u00e9riodes de temps de pr\u00e9sence effectif<\/strong> pour le calcul de l&rsquo;anciennet\u00e9. Donc en d&rsquo;autres termes, les mois que vous passez en cong\u00e9 maternit\u00e9 sont comptabilis\u00e9s dans votre anciennet\u00e9 dans l&rsquo;entreprise. Cette prise en compte est logique pour plusieurs raisons. En effet, le cong\u00e9 maternit\u00e9 est un droit l\u00e9gal et celui-ci ne doit pas p\u00e9naliser la salari\u00e9e.<\/p>\n<p><strong>Un employ\u00e9 qui a une anciennet\u00e9 dans l&rsquo;entreprise sup\u00e9rieure \u00e0 un autre employ\u00e9 peut s&rsquo;attendre \u00e0 recevoir une prime Macron plus \u00e9lev\u00e9e.<\/strong><\/p>\n<h2>La r\u00e9mun\u00e9ration et le poste occup\u00e9<\/h2>\n<p><strong>La r\u00e9mun\u00e9ration et le poste occup\u00e9 par la salari\u00e9e avant son cong\u00e9 maternit\u00e9 sont des \u00e9l\u00e9ments qui peuvent influencer le montant de la prime Macron.<\/strong><\/p>\n<p>En effet, <strong>la PPV peut \u00eatre calcul\u00e9e en fonction d&rsquo;un pourcentage de la r\u00e9mun\u00e9ration brute<\/strong> per\u00e7ue par l&#8217;employ\u00e9e avant son arr\u00eat. Ce qui veut dire que plus le salaire de base est \u00e9lev\u00e9, plus le montant de la PPV sera important.<\/p>\n<p>Il est aussi possible que <strong>le poste occup\u00e9 puisse aussi jouer un r\u00f4le <\/strong>(employ\u00e9e, ouvri\u00e8re ou cadre).<\/p>\n<p>Il est important de consulter la convention collective de votre entreprise pour conna\u00eetre les r\u00e8gles exactes en vigueur au sujet de la prime Macron.<\/p>\n<h2>La performance<\/h2>\n<p>La performance professionnelle est souvent un \u00e9l\u00e9ment pris en compte dans le calcul du montant de la prime Macron.<\/p>\n<p>Dans le cas d&rsquo;un cong\u00e9 maternit\u00e9, l<strong>a performance individuelle n&rsquo;est pas un crit\u00e8re d\u00e9terminant puisque l&#8217;employ\u00e9e n&rsquo;est pas sur son poste de travail.<\/strong><\/p>\n<p>De plus, l&rsquo;objectif de la PPV est plut\u00f4t de r\u00e9compenser l&rsquo;ensemble des salari\u00e9s d&rsquo;une entreprise pour leur contribution \u00e0 la performance collective. Donc, m\u00eame si une salari\u00e9e a r\u00e9alis\u00e9 une performance exceptionnelle juste avant son cong\u00e9 maternit\u00e9, cela n&rsquo;aura pas d&rsquo;impact direct sur le montant de sa PPV. En effet, <strong>le but de la prime n&rsquo;est pas de cr\u00e9er des injustices ou des disparit\u00e9s mais de r\u00e9compenser le collectif.<\/strong><\/p>\n<p><strong>Attention, il est important de noter que certaines entreprises choisissent ce crit\u00e8re. <\/strong>Nous vous recommandons de consulter les documents contractuels pour conna\u00eetre les modalit\u00e9s pr\u00e9cises de calcul de la prime Macron.<\/p>\n<p><iframe loading=\"lazy\" title=\"La prime de partage de la valeur (prime Macron)\" width=\"500\" height=\"281\" src=\"https:\/\/www.youtube.com\/embed\/BZDkfkZcuAA?feature=oembed\" frameborder=\"0\" allow=\"accelerometer; autoplay; clipboard-write; encrypted-media; gyroscope; picture-in-picture; web-share\" referrerpolicy=\"strict-origin-when-cross-origin\" allowfullscreen><\/iframe><\/p>\n<h1>Prime partage de la valeur cong\u00e9 maternit\u00e9 : comment se passe le versement ?<\/h1>\n<h2>Les modalit\u00e9s de versement de la prime Macron pendant un cong\u00e9 maternit\u00e9<\/h2>\n<p><strong>Le versement de la prime Macron pendant un cong\u00e9 maternit\u00e9 reste g\u00e9n\u00e9ralement le m\u00eame que pour les salari\u00e9s en activit\u00e9.<\/strong> Cependant, quelques nuances peuvent exister en fonction des accords d&rsquo;entreprise ou des conventions collectives.<\/p>\n<p>L&rsquo;entreprise peut choisir de verser la prime <strong>en une seule fois ou en plusieurs fois<\/strong> \u00e0 tous les salari\u00e9s \u00e9ligibles. De plus,<strong> l&#8217;employeur d\u00e9cide de la date <\/strong>\u00e0 laquelle la prime de partage de la valeur sera vers\u00e9e.<\/p>\n<p><strong>La prime Macron doit obligatoirement figurer sur votre bulletin de paye.<\/strong><\/p>\n<h2>Puis-je b\u00e9n\u00e9ficier de la prime Macron si mon cong\u00e9 maternit\u00e9 se termine apr\u00e8s la date limite de versement ?<\/h2>\n<p><strong>Pour b\u00e9n\u00e9ficier de la prime Macron, il faut que vous soyez salari\u00e9e de l&rsquo;entreprise \u00e0 la date de versement de la prime.<\/strong><\/p>\n<p>Dans le cas o\u00f9 vous \u00eates en cong\u00e9 maternit\u00e9, votre cong\u00e9 est compt\u00e9 comme du temps de pr\u00e9sence effectif en entreprise. Logiquement, la date de fin de votre cong\u00e9 maternit\u00e9 n&rsquo;aura donc pas d&rsquo;influence tant que vous restez salari\u00e9e de l&rsquo;entreprise.<\/p>\n<p><strong>Malheureusement, il peut exister des exceptions.<\/strong> <strong>Nous vous recommandons donc fortement de vous renseigner aupr\u00e8s de votre employeur. Ou alors, vous pouvez consulter les documents relatifs \u00e0 la prime Macron de votre entreprise pour conna\u00eetre les modalit\u00e9s de versement sp\u00e9cifiques.<\/strong><\/p>\n<p>Vous avez pris un cong\u00e9 pour vous occuper de votre enfant ? D\u00e9couvrez comment b\u00e9n\u00e9ficier de la <a href=\"https:\/\/www.mes-allocs.fr\/guides\/prime-macron\/prime-macron-conditions\/prime-macron-conge-parental\/\">prime Macron en cong\u00e9 parental<\/a> !<\/p>\n<div class='cta-block'><div class='text'>Simulez vos aides pendant un cong\u00e9 maternit\u00e9<\/div><a href='https:\/\/www.mes-allocs.fr\/ab-app?origin=guides\/wp-json\/wp\/v2\/posts\/85501' class='app-button fit'>Simulation gratuite<\/a><\/div>\n","protected":false},"excerpt":{"rendered":"<p>La prime de partage de la valeur (PPV), anciennement appel\u00e9e prime Macron, est un dispositif qui a \u00e9t\u00e9 mis en place pour revaloriser le pouvoir d&rsquo;achat des employ\u00e9s. Mais que se passe-t-il pour les parents en cong\u00e9 maternit\u00e9 ? A-t-on droit \u00e0 la prime Macron en cong\u00e9 maternit\u00e9 ?\u00a0Dans cet article, on r\u00e9pond \u00e0 toutes [&hellip;]<\/p>\n","protected":false},"author":30,"featured_media":85547,"comment_status":"open","ping_status":"open","sticky":false,"template":"","format":"standard","meta":{"amp_status":"","footnotes":""},"categories":[40090,40507],"tags":[],"class_list":["post-85501","post","type-post","status-publish","format-standard","has-post-thumbnail","hentry","category-prime-macron","category-prime-macron-conditions"],"yoast_head":"<!-- This site is optimized with the Yoast SEO plugin v14.9 - https:\/\/yoast.com\/wordpress\/plugins\/seo\/ -->\n<title>A-t-on le droit \u00e0 la prime Macron en cong\u00e9 maternit\u00e9 ? | Mes-Allocs.fr<\/title>\n<meta name=\"description\" content=\"La prime Macron poss\u00e8de de nombreux avantages fiscaux. Mais la prime Macron est-elle vers\u00e9e en cong\u00e9 maternit\u00e9 ? On vous r\u00e9pond.\" \/>\n<meta name=\"robots\" content=\"index, follow, max-snippet:-1, max-image-preview:large, max-video-preview:-1\" \/>\n<link rel=\"canonical\" href=\"https:\/\/www.mes-allocs.fr\/guides\/prime-macron\/prime-macron-conditions\/prime-macron-conge-maternite\/\" \/>\n<meta property=\"og:locale\" content=\"fr_FR\" \/>\n<meta property=\"og:type\" content=\"article\" \/>\n<meta property=\"og:title\" content=\"A-t-on le droit \u00e0 la prime Macron en cong\u00e9 maternit\u00e9 ? | Mes-Allocs.fr\" \/>\n<meta property=\"og:description\" content=\"La prime Macron poss\u00e8de de nombreux avantages fiscaux. Mais la prime Macron est-elle vers\u00e9e en cong\u00e9 maternit\u00e9 ? On vous r\u00e9pond.\" \/>\n<meta property=\"og:url\" content=\"https:\/\/www.mes-allocs.fr\/guides\/prime-macron\/prime-macron-conditions\/prime-macron-conge-maternite\/\" \/>\n<meta property=\"og:site_name\" content=\"Mes-Allocs.fr\" \/>\n<meta property=\"article:published_time\" content=\"2024-11-18T16:18:22+00:00\" \/>\n<meta property=\"article:modified_time\" content=\"2026-04-22T09:51:15+00:00\" \/>\n<meta property=\"og:image\" content=\"https:\/\/www.mes-allocs.fr\/guides\/wp-content\/uploads\/2024\/11\/prime-macron-conge-maternite-e1731946667770.jpg?wsr\" \/>\n\t<meta property=\"og:image:width\" content=\"1280\" \/>\n\t<meta property=\"og:image:height\" content=\"336\" \/>\n<meta name=\"twitter:card\" content=\"summary_large_image\" \/>\n<script type=\"application\/ld+json\" class=\"yoast-schema-graph\">{\"@context\":\"https:\/\/schema.org\",\"@graph\":[{\"@type\":\"WebSite\",\"@id\":\"https:\/\/www.mes-allocs.fr\/guides\/#website\",\"url\":\"https:\/\/www.mes-allocs.fr\/guides\/\",\"name\":\"Mes-Allocs.fr\",\"description\":\"\",\"potentialAction\":[{\"@type\":\"SearchAction\",\"target\":\"https:\/\/www.mes-allocs.fr\/guides\/?s={search_term_string}\",\"query-input\":\"required name=search_term_string\"}],\"inLanguage\":\"fr-FR\"},{\"@type\":\"ImageObject\",\"@id\":\"https:\/\/www.mes-allocs.fr\/guides\/prime-macron\/prime-macron-conditions\/prime-macron-conge-maternite\/#primaryimage\",\"inLanguage\":\"fr-FR\",\"url\":\"https:\/\/www.mes-allocs.fr\/guides\/wp-content\/uploads\/2024\/11\/prime-macron-conge-maternite-e1731946667770.jpg?wsr\",\"width\":1280,\"height\":336,\"caption\":\"prime macron conge maternite\"},{\"@type\":\"WebPage\",\"@id\":\"https:\/\/www.mes-allocs.fr\/guides\/prime-macron\/prime-macron-conditions\/prime-macron-conge-maternite\/#webpage\",\"url\":\"https:\/\/www.mes-allocs.fr\/guides\/prime-macron\/prime-macron-conditions\/prime-macron-conge-maternite\/\",\"name\":\"A-t-on le droit \\u00e0 la prime Macron en cong\\u00e9 maternit\\u00e9 ? | Mes-Allocs.fr\",\"isPartOf\":{\"@id\":\"https:\/\/www.mes-allocs.fr\/guides\/#website\"},\"primaryImageOfPage\":{\"@id\":\"https:\/\/www.mes-allocs.fr\/guides\/prime-macron\/prime-macron-conditions\/prime-macron-conge-maternite\/#primaryimage\"},\"datePublished\":\"2024-11-18T16:18:22+00:00\",\"dateModified\":\"2026-04-22T09:51:15+00:00\",\"author\":{\"@id\":\"https:\/\/www.mes-allocs.fr\/guides\/#\/schema\/person\/66505fe443d6e6f3696c5af001f3fab8\"},\"description\":\"La prime Macron poss\\u00e8de de nombreux avantages fiscaux. Mais la prime Macron est-elle vers\\u00e9e en cong\\u00e9 maternit\\u00e9 ? On vous r\\u00e9pond.\",\"inLanguage\":\"fr-FR\"},{\"@type\":\"Person\",\"@id\":\"https:\/\/www.mes-allocs.fr\/guides\/#\/schema\/person\/66505fe443d6e6f3696c5af001f3fab8\",\"name\":\"Lauriane Oriol\",\"image\":{\"@type\":\"ImageObject\",\"@id\":\"https:\/\/www.mes-allocs.fr\/guides\/#personlogo\",\"inLanguage\":\"fr-FR\",\"url\":\"https:\/\/www.mes-allocs.fr\/guides\/wp-content\/uploads\/2024\/10\/1702589802731-1-150x150.jpeg\",\"caption\":\"Lauriane Oriol\"},\"description\":\"Lauriane est r\\u00e9dactrice chez Mes Allocs. Sp\\u00e9cialiste des d\\u00e9marches administratives, elle rejoint Mes Allocs apr\\u00e8s une premi\\u00e8re exp\\u00e9rience en marketing et communication.\"}]}<\/script>\n<!-- \/ Yoast SEO plugin. -->","amp_validity":null,"acf":{"faq":{"1":{"question":"Puis-je toucher la prime Macron en arr\u00eat maladie ?","answer":"La d\u00e9cision revient \u00e0 votre employeur."},"2":{"question":"Quelles sont les conditions pour toucher la prime Macron ?","answer":"Vous devez \u00eatre dans une entreprise qui verse \u00e0 ses salari\u00e9s la prime Macron."},"3":{"question":"Qui est exclu de la prime Macron ?","answer":"Les stagiaires n'ont malheureusement pas droit \u00e0 la prime Macron."},"4":{"question":"Pourquoi mon employeur ne donne pas la prime Macron ?","answer":"Les employeurs n'ont aucune obligation : la prime Macron est facultative."},"5":{"question":"","answer":""},"6":{"question":"","answer":""},"7":{"question":"","answer":""},"8":{"question":"","answer":""},"9":{"question":"","answer":""},"10":{"question":"","answer":""},"11":{"question":"","answer":""},"12":{"question":"","answer":""},"13":{"question":"","answer":""},"14":{"question":"","answer":""},"15":{"question":"","answer":""},"16":{"question":"","answer":""}}},"_links":{"self":[{"href":"https:\/\/www.mes-allocs.fr\/guides\/wp-json\/wp\/v2\/posts\/85501","targetHints":{"allow":["GET"]}}],"collection":[{"href":"https:\/\/www.mes-allocs.fr\/guides\/wp-json\/wp\/v2\/posts"}],"about":[{"href":"https:\/\/www.mes-allocs.fr\/guides\/wp-json\/wp\/v2\/types\/post"}],"author":[{"embeddable":true,"href":"https:\/\/www.mes-allocs.fr\/guides\/wp-json\/wp\/v2\/users\/30"}],"replies":[{"embeddable":true,"href":"https:\/\/www.mes-allocs.fr\/guides\/wp-json\/wp\/v2\/comments?post=85501"}],"version-history":[{"count":13,"href":"https:\/\/www.mes-allocs.fr\/guides\/wp-json\/wp\/v2\/posts\/85501\/revisions"}],"predecessor-version":[{"id":105999,"href":"https:\/\/www.mes-allocs.fr\/guides\/wp-json\/wp\/v2\/posts\/85501\/revisions\/105999"}],"wp:featuredmedia":[{"embeddable":true,"href":"https:\/\/www.mes-allocs.fr\/guides\/wp-json\/wp\/v2\/media\/85547"}],"wp:attachment":[{"href":"https:\/\/www.mes-allocs.fr\/guides\/wp-json\/wp\/v2\/media?parent=85501"}],"wp:term":[{"taxonomy":"category","embeddable":true,"href":"https:\/\/www.mes-allocs.fr\/guides\/wp-json\/wp\/v2\/categories?post=85501"},{"taxonomy":"post_tag","embeddable":true,"href":"https:\/\/www.mes-allocs.fr\/guides\/wp-json\/wp\/v2\/tags?post=85501"}],"curies":[{"name":"wp","href":"https:\/\/api.w.org\/{rel}","templated":true}]}}