{"id":85472,"date":"2024-11-14T20:22:00","date_gmt":"2024-11-14T18:22:00","guid":{"rendered":"https:\/\/www.mes-allocs.fr\/guides\/?p=85472"},"modified":"2026-04-22T10:51:15","modified_gmt":"2026-04-22T09:51:15","slug":"prime-macron-conge-parental","status":"publish","type":"post","link":"https:\/\/www.mes-allocs.fr\/guides\/prime-macron\/prime-macron-conditions\/prime-macron-conge-parental\/","title":{"rendered":"PPV et cong\u00e9 parental : avez-vous droit \u00e0 la prime Macron ?"},"content":{"rendered":"<p><img loading=\"lazy\" decoding=\"async\" class=\"alignnone wp-image-85477 size-full\" title=\"prime macron conge parental\" src=\"https:\/\/www.mes-allocs.fr\/guides\/wp-content\/uploads\/2024\/11\/prime-macron-conge-parental-e1731608281242.png\" alt=\"prime macron conge parental\" width=\"1280\" height=\"336\" \/><\/p>\n<p>La prime de partage de la valeur (PPV), anciennement appel\u00e9e <a href=\"https:\/\/www.mes-allocs.fr\/guides\/prime-macron\/\">prime Macron<\/a>, est un dispositif mis en place pour revaloriser le pouvoir d&rsquo;achat des employ\u00e9s. Mais que se passe-t-il pour les parents en cong\u00e9 parental ? A-t-on droit \u00e0 la <strong>prime Macron en cong\u00e9 parental<\/strong> ?\u00a0Dans cet article, on r\u00e9pond \u00e0 toutes vos questions.<\/p>\n<div class='cta-block'><div class='text'>Simulez vos aides pendant votre cong\u00e9 parental<\/div><a href='https:\/\/www.mes-allocs.fr\/ab-app?origin=guides\/wp-json\/wp\/v2\/posts\/85472' class='app-button fit'>Simulation gratuite<\/a><\/div>\n<h1>La prime Macron et le cong\u00e9 parental<\/h1>\n<h2>L&rsquo;\u00e9ligibilit\u00e9 \u00e0 la prime Macron pendant un cong\u00e9 parental<\/h2>\n<p>En principe, <strong>les cong\u00e9s de maternit\u00e9, de paternit\u00e9, d&rsquo;adoption ou d&rsquo;\u00e9ducation des enfants sont consid\u00e9r\u00e9s comme du temps de pr\u00e9sence effective pour le calcul de la prime.<\/strong> Ce qui veut dire qu&rsquo;un employ\u00e9 en cong\u00e9 parental peut pr\u00e9tendre \u00e0 la prime Macron sous certaines conditions.<\/p>\n<p>Cependant, les <a href=\"https:\/\/www.mes-allocs.fr\/guides\/prime-macron\/prime-macron-conditions\/\">conditions d\u2019attribution de la prime Macron<\/a> en cong\u00e9 parental peuvent varier selon l&rsquo;entreprise et l&#8217;employeur. Nous vous conseillons donc fortement de consulter les dispositions de votre propre contrat de travail ou de v\u00e9rifier les accords collectifs.<\/p>\n<h2>Dur\u00e9e du cong\u00e9 parental et versement de la prime Macron<\/h2>\n<p><strong>La dur\u00e9e du cong\u00e9 parental peut avoir un impact sur le montant de la prime Macron per\u00e7ue.<\/strong><\/p>\n<p>En effet, si le calcul de la prime est proportionnel au temps de pr\u00e9sence effective dans l&rsquo;entreprise alors un salari\u00e9 en cong\u00e9 parental sur une longue dur\u00e9e percevra un montant de prime moins \u00e9lev\u00e9 qu&rsquo;un salari\u00e9 pr\u00e9sent \u00e0 temps plein.<\/p>\n<p>Cependant, il est possible que l&rsquo;accord d&rsquo;entreprise pr\u00e9voit une r\u00e9partition uniforme de la prime entre tous les salari\u00e9s. Dans ce cas, la dur\u00e9e du cong\u00e9 parental n&rsquo;aura aucune influence sur le montant per\u00e7u.<\/p>\n<p>Il est important de noter que les r\u00e8gles peuvent varier d&rsquo;une entreprise \u00e0 une autre.<\/p>\n<p><iframe loading=\"lazy\" title=\"La prime de partage de la valeur (prime Macron)\" width=\"500\" height=\"281\" src=\"https:\/\/www.youtube.com\/embed\/BZDkfkZcuAA?feature=oembed\" frameborder=\"0\" allow=\"accelerometer; autoplay; clipboard-write; encrypted-media; gyroscope; picture-in-picture; web-share\" referrerpolicy=\"strict-origin-when-cross-origin\" allowfullscreen><\/iframe><\/p>\n<h1>Les crit\u00e8res qui influencent le montant de la PPV pour les parents en cong\u00e9 parental<\/h1>\n<p>Plusieurs crit\u00e8res influencent le montant de la PPV pour les parents en cong\u00e9 parental, certains vous sont d\u00e9crits ci-dessous.<\/p>\n<h2>L&rsquo;anciennet\u00e9<\/h2>\n<p><strong>L&rsquo;anciennet\u00e9 d&rsquo;un salari\u00e9 au sein de l&rsquo;entreprise peut constituer un crit\u00e8re d\u00e9terminant dans le calcul de la prime de partage de la valeur, m\u00eame pour les parents en cong\u00e9 parental.<\/strong><\/p>\n<p>En effet, de nombreuses entreprises valorisent l&rsquo;exp\u00e9rience et la fid\u00e9lit\u00e9 de leurs employ\u00e9s. Donc les salari\u00e9s ayant une anciennet\u00e9 plus importante peuvent b\u00e9n\u00e9ficier d&rsquo;un montant de prime Macron plus \u00e9lev\u00e9.<\/p>\n<h2>La r\u00e9mun\u00e9ration et le poste occup\u00e9<\/h2>\n<p data-sourcepos=\"5:1-5:1048\"><strong>La r\u00e9mun\u00e9ration et le poste occup\u00e9 par un salari\u00e9 peuvent \u00e9galement influencer le montant de la prime de partage de la valeur, m\u00eame pour les parents en cong\u00e9 parental.<\/strong><\/p>\n<p data-sourcepos=\"5:1-5:1048\">Les postes \u00e0 responsabilit\u00e9 ou n\u00e9cessitant des comp\u00e9tences sp\u00e9cifiques peuvent donner droit \u00e0 des primes plus \u00e9lev\u00e9es.<\/p>\n<p data-sourcepos=\"5:1-5:1048\">Cependant, l&rsquo;impact de la r\u00e9mun\u00e9ration et du poste sur le calcul de la PPV changent consid\u00e9rablement d&rsquo;une entreprise \u00e0 une autre.<\/p>\n<h2>La performance<\/h2>\n<p><strong>La performance d&rsquo;un salari\u00e9 est rarement un crit\u00e8re direct pour le calcul de la prime de partage de la valeur lors d&rsquo;un cong\u00e9 parental. <\/strong><\/p>\n<p>En effet, l&rsquo;objectif de la PPV est g\u00e9n\u00e9ralement de r\u00e9compenser l&rsquo;ensemble des salari\u00e9s, et non de mettre en concurrence les individus.<\/p>\n<p><strong>Cependant, la performance r\u00e9alis\u00e9e avant le cong\u00e9 parental peut indirectement influencer le montant de la prime.<\/strong> Si l&rsquo;entreprise a mis en place un syst\u00e8me de r\u00e9mun\u00e9ration li\u00e9 \u00e0 la performance.<\/p>\n<p>Il est important de noter que ces situations sont plus rares et que la performance individuelle est g\u00e9n\u00e9ralement moins valoris\u00e9e dans le cadre de la PPV compar\u00e9e \u00e0 l&rsquo;anciennet\u00e9 ou la r\u00e9mun\u00e9ration.<\/p>\n<div class='cta-block'><div class='text'>Simulez vos aides pendant votre cong\u00e9 parental<\/div><a href='https:\/\/www.mes-allocs.fr\/ab-app?origin=guides\/wp-json\/wp\/v2\/posts\/85472' class='app-button fit'>Simulation gratuite<\/a><\/div>\n<h1>Comment se passe le versement de la prime Macron pendant un cong\u00e9 parental ?<\/h1>\n<h2>Les modalit\u00e9s de versement de la prime Macron pendant un cong\u00e9 parental<\/h2>\n<p><strong>Les modalit\u00e9s de versement de la prime Macron pendant un cong\u00e9 parental sont similaires \u00e0 celles appliqu\u00e9es aux salari\u00e9s en activit\u00e9.<\/strong><\/p>\n<p>Le versement se fait le plus souvent en une seule fois, \u00e0 une date d\u00e9termin\u00e9e par l&rsquo;accord d&rsquo;entreprise ou par d\u00e9cision unilat\u00e9rale de l&#8217;employeur.<\/p>\n<p>Cependant, certaines entreprises peuvent opter pour un versement fractionn\u00e9 en plusieurs fois.<\/p>\n<p><strong>Pour les employ\u00e9s en cong\u00e9 parental, le versement intervient g\u00e9n\u00e9ralement \u00e0 la m\u00eame date que pour les autres salari\u00e9s, m\u00eame si l&#8217;employ\u00e9 est en cong\u00e9 au moment du versement.<\/strong><\/p>\n<h2>Puis-je b\u00e9n\u00e9ficier de la prime Macron si mon cong\u00e9 parental se termine apr\u00e8s la date limite de versement ?<\/h2>\n<p><strong>En principe, les salari\u00e9s en cong\u00e9 parental ont droit \u00e0 la prime, m\u00eame si leur cong\u00e9 se termine apr\u00e8s la date de versement.<\/strong><\/p>\n<p>Cependant, il est essentiel de consulter les accords collectifs en vigueur dans votre entreprise ou de demander directement \u00e0 votre employeur. En effet, certaines particularit\u00e9s peuvent s&rsquo;appliquer aux salari\u00e9s en situation de cong\u00e9 parental.<\/p>\n<p>Surtout, si l&rsquo;accord pr\u00e9voit une condition de pr\u00e9sence effective \u00e0 une date pr\u00e9cise par exemple. Dans ce cas-l\u00e0, il est possible que vous ne puissiez pas b\u00e9n\u00e9ficier de la prime Macron si vous \u00eates toujours en cong\u00e9 \u00e0 cette date.<\/p>\n<p>Nous vous recommandons donc de vous renseigner aupr\u00e8s de votre employeur ou des repr\u00e9sentants du personnel pour conna\u00eetre vos droits et les modalit\u00e9s de versement qui vous sont applicables.<\/p>\n<p>Vous \u00eates sur le point d&rsquo;accoucher ou venez d&rsquo;accoucher ? D\u00e9couvrez comment b\u00e9n\u00e9ficier de la <a href=\"https:\/\/www.mes-allocs.fr\/guides\/prime-macron\/prime-macron-conditions\/prime-macron-conge-maternite\/\">prime Macron en cong\u00e9 maternit\u00e9<\/a> !<\/p>\n<div class='cta-block'><div class='text'>Simulez vos aides pendant votre cong\u00e9 parental<\/div><a href='https:\/\/www.mes-allocs.fr\/ab-app?origin=guides\/wp-json\/wp\/v2\/posts\/85472' class='app-button fit'>Simulation gratuite<\/a><\/div>\n","protected":false},"excerpt":{"rendered":"<p>La prime de partage de la valeur (PPV), anciennement appel\u00e9e prime Macron, est un dispositif mis en place pour revaloriser le pouvoir d&rsquo;achat des employ\u00e9s. Mais que se passe-t-il pour les parents en cong\u00e9 parental ? A-t-on droit \u00e0 la prime Macron en cong\u00e9 parental ?\u00a0Dans cet article, on r\u00e9pond \u00e0 toutes vos questions. La [&hellip;]<\/p>\n","protected":false},"author":30,"featured_media":85477,"comment_status":"open","ping_status":"open","sticky":false,"template":"","format":"standard","meta":{"amp_status":"","footnotes":""},"categories":[40090,40507],"tags":[],"class_list":["post-85472","post","type-post","status-publish","format-standard","has-post-thumbnail","hentry","category-prime-macron","category-prime-macron-conditions"],"yoast_head":"<!-- This site is optimized with the Yoast SEO plugin v14.9 - https:\/\/yoast.com\/wordpress\/plugins\/seo\/ -->\n<title>PPV et cong\u00e9 parental : avez-vous droit \u00e0 la prime Macron ?<\/title>\n<meta name=\"description\" content=\"La prime Macron peut \u00eatre accord\u00e9e par votre employeur. Vous \u00eates en cong\u00e9 parental, vous ne savez pas si vous y avez droit ? On vous aide !\" \/>\n<meta name=\"robots\" content=\"index, follow, max-snippet:-1, max-image-preview:large, max-video-preview:-1\" \/>\n<link rel=\"canonical\" href=\"https:\/\/www.mes-allocs.fr\/guides\/prime-macron\/prime-macron-conditions\/prime-macron-conge-parental\/\" \/>\n<meta property=\"og:locale\" content=\"fr_FR\" \/>\n<meta property=\"og:type\" content=\"article\" \/>\n<meta property=\"og:title\" content=\"PPV et cong\u00e9 parental : avez-vous droit \u00e0 la prime Macron ?\" \/>\n<meta property=\"og:description\" content=\"La prime Macron peut \u00eatre accord\u00e9e par votre employeur. Vous \u00eates en cong\u00e9 parental, vous ne savez pas si vous y avez droit ? On vous aide !\" \/>\n<meta property=\"og:url\" content=\"https:\/\/www.mes-allocs.fr\/guides\/prime-macron\/prime-macron-conditions\/prime-macron-conge-parental\/\" \/>\n<meta property=\"og:site_name\" content=\"Mes-Allocs.fr\" \/>\n<meta property=\"article:published_time\" content=\"2024-11-14T18:22:00+00:00\" \/>\n<meta property=\"article:modified_time\" content=\"2026-04-22T09:51:15+00:00\" \/>\n<meta property=\"og:image\" content=\"https:\/\/www.mes-allocs.fr\/guides\/wp-content\/uploads\/2024\/11\/prime-macron-conge-parental.png?wsr\" \/>\n\t<meta property=\"og:image:width\" content=\"1280\" \/>\n\t<meta property=\"og:image:height\" content=\"1280\" \/>\n<meta name=\"twitter:card\" content=\"summary_large_image\" \/>\n<script type=\"application\/ld+json\" class=\"yoast-schema-graph\">{\"@context\":\"https:\/\/schema.org\",\"@graph\":[{\"@type\":\"WebSite\",\"@id\":\"https:\/\/www.mes-allocs.fr\/guides\/#website\",\"url\":\"https:\/\/www.mes-allocs.fr\/guides\/\",\"name\":\"Mes-Allocs.fr\",\"description\":\"\",\"potentialAction\":[{\"@type\":\"SearchAction\",\"target\":\"https:\/\/www.mes-allocs.fr\/guides\/?s={search_term_string}\",\"query-input\":\"required name=search_term_string\"}],\"inLanguage\":\"fr-FR\"},{\"@type\":\"ImageObject\",\"@id\":\"https:\/\/www.mes-allocs.fr\/guides\/prime-macron\/prime-macron-conditions\/prime-macron-conge-parental\/#primaryimage\",\"inLanguage\":\"fr-FR\",\"url\":\"https:\/\/www.mes-allocs.fr\/guides\/wp-content\/uploads\/2024\/11\/prime-macron-conge-parental.png?wsr\",\"width\":1280,\"height\":1280,\"caption\":\"prime macron conge parental\"},{\"@type\":\"WebPage\",\"@id\":\"https:\/\/www.mes-allocs.fr\/guides\/prime-macron\/prime-macron-conditions\/prime-macron-conge-parental\/#webpage\",\"url\":\"https:\/\/www.mes-allocs.fr\/guides\/prime-macron\/prime-macron-conditions\/prime-macron-conge-parental\/\",\"name\":\"PPV et cong\\u00e9 parental : avez-vous droit \\u00e0 la prime Macron ?\",\"isPartOf\":{\"@id\":\"https:\/\/www.mes-allocs.fr\/guides\/#website\"},\"primaryImageOfPage\":{\"@id\":\"https:\/\/www.mes-allocs.fr\/guides\/prime-macron\/prime-macron-conditions\/prime-macron-conge-parental\/#primaryimage\"},\"datePublished\":\"2024-11-14T18:22:00+00:00\",\"dateModified\":\"2026-04-22T09:51:15+00:00\",\"author\":{\"@id\":\"https:\/\/www.mes-allocs.fr\/guides\/#\/schema\/person\/66505fe443d6e6f3696c5af001f3fab8\"},\"description\":\"La prime Macron peut \\u00eatre accord\\u00e9e par votre employeur. Vous \\u00eates en cong\\u00e9 parental, vous ne savez pas si vous y avez droit ? On vous aide !\",\"inLanguage\":\"fr-FR\"},{\"@type\":\"Person\",\"@id\":\"https:\/\/www.mes-allocs.fr\/guides\/#\/schema\/person\/66505fe443d6e6f3696c5af001f3fab8\",\"name\":\"Lauriane Oriol\",\"image\":{\"@type\":\"ImageObject\",\"@id\":\"https:\/\/www.mes-allocs.fr\/guides\/#personlogo\",\"inLanguage\":\"fr-FR\",\"url\":\"https:\/\/www.mes-allocs.fr\/guides\/wp-content\/uploads\/2024\/10\/1702589802731-1-150x150.jpeg\",\"caption\":\"Lauriane Oriol\"},\"description\":\"Lauriane est r\\u00e9dactrice chez Mes Allocs. Sp\\u00e9cialiste des d\\u00e9marches administratives, elle rejoint Mes Allocs apr\\u00e8s une premi\\u00e8re exp\\u00e9rience en marketing et communication.\"}]}<\/script>\n<!-- \/ Yoast SEO plugin. -->","amp_validity":null,"acf":{"faq":{"1":{"question":"","answer":""},"2":{"question":"","answer":""},"3":{"question":"","answer":""},"4":{"question":"","answer":""},"5":{"question":"","answer":""},"6":{"question":"","answer":""},"7":{"question":"","answer":""},"8":{"question":"","answer":""},"9":{"question":"","answer":""},"10":{"question":"","answer":""},"11":{"question":"","answer":""},"12":{"question":"","answer":""},"13":{"question":"","answer":""},"14":{"question":"","answer":""},"15":{"question":"","answer":""},"16":{"question":"","answer":""}}},"_links":{"self":[{"href":"https:\/\/www.mes-allocs.fr\/guides\/wp-json\/wp\/v2\/posts\/85472","targetHints":{"allow":["GET"]}}],"collection":[{"href":"https:\/\/www.mes-allocs.fr\/guides\/wp-json\/wp\/v2\/posts"}],"about":[{"href":"https:\/\/www.mes-allocs.fr\/guides\/wp-json\/wp\/v2\/types\/post"}],"author":[{"embeddable":true,"href":"https:\/\/www.mes-allocs.fr\/guides\/wp-json\/wp\/v2\/users\/30"}],"replies":[{"embeddable":true,"href":"https:\/\/www.mes-allocs.fr\/guides\/wp-json\/wp\/v2\/comments?post=85472"}],"version-history":[{"count":8,"href":"https:\/\/www.mes-allocs.fr\/guides\/wp-json\/wp\/v2\/posts\/85472\/revisions"}],"predecessor-version":[{"id":106004,"href":"https:\/\/www.mes-allocs.fr\/guides\/wp-json\/wp\/v2\/posts\/85472\/revisions\/106004"}],"wp:featuredmedia":[{"embeddable":true,"href":"https:\/\/www.mes-allocs.fr\/guides\/wp-json\/wp\/v2\/media\/85477"}],"wp:attachment":[{"href":"https:\/\/www.mes-allocs.fr\/guides\/wp-json\/wp\/v2\/media?parent=85472"}],"wp:term":[{"taxonomy":"category","embeddable":true,"href":"https:\/\/www.mes-allocs.fr\/guides\/wp-json\/wp\/v2\/categories?post=85472"},{"taxonomy":"post_tag","embeddable":true,"href":"https:\/\/www.mes-allocs.fr\/guides\/wp-json\/wp\/v2\/tags?post=85472"}],"curies":[{"name":"wp","href":"https:\/\/api.w.org\/{rel}","templated":true}]}}