{"id":8545,"date":"2020-08-05T12:58:20","date_gmt":"2020-08-05T12:58:20","guid":{"rendered":"https:\/\/www.mes-allocs.fr\/guides\/?p=8545"},"modified":"2026-04-02T14:44:14","modified_gmt":"2026-04-02T13:44:14","slug":"prime-activite-et-ais","status":"publish","type":"post","link":"https:\/\/www.mes-allocs.fr\/guides\/prime-d-activite\/cumul-prime-activite\/prime-activite-et-ais\/","title":{"rendered":"Prime d&rsquo;activit\u00e9 et AIS : peut-on cumuler les deux en 2026?"},"content":{"rendered":"<div class=\"brs_col\">\n<p style=\"text-align: justify;\"><strong><a href=\"https:\/\/www.mes-allocs.fr\/guides\/wp-content\/uploads\/2020\/07\/Prime-dactivite\u0301-et-ais-comment-lier-les-deux-aides-.jpg\"><img loading=\"lazy\" decoding=\"async\" class=\"aligncenter wp-image-9977 size-full\" src=\"https:\/\/www.mes-allocs.fr\/guides\/wp-content\/uploads\/2020\/07\/Prime-dactivite\u0301-et-ais-comment-lier-les-deux-aides--e1685375815434.jpg\" alt=\"cumul prime d'activit\u00e9 et AIS \" width=\"1280\" height=\"188\" srcset=\"https:\/\/www.mes-allocs.fr\/guides\/wp-content\/uploads\/2020\/07\/Prime-dactivite\u0301-et-ais-comment-lier-les-deux-aides--e1685375815434.jpg 1280w, https:\/\/www.mes-allocs.fr\/guides\/wp-content\/uploads\/2020\/07\/Prime-dactivite\u0301-et-ais-comment-lier-les-deux-aides--e1685375815434-300x44.jpg 300w, https:\/\/www.mes-allocs.fr\/guides\/wp-content\/uploads\/2020\/07\/Prime-dactivite\u0301-et-ais-comment-lier-les-deux-aides--e1685375815434-1024x150.jpg 1024w, https:\/\/www.mes-allocs.fr\/guides\/wp-content\/uploads\/2020\/07\/Prime-dactivite\u0301-et-ais-comment-lier-les-deux-aides--e1685375815434-768x113.jpg 768w, https:\/\/www.mes-allocs.fr\/guides\/wp-content\/uploads\/2020\/07\/Prime-dactivite\u0301-et-ais-comment-lier-les-deux-aides--e1685375815434-600x88.jpg 600w\" sizes=\"auto, (max-width: 1280px) 100vw, 1280px\" \/><\/a><\/strong><span style=\"font-weight: 400;\">[Mis \u00e0 jour le 02\/04\/2026]<\/span> La <a href=\"https:\/\/www.mes-allocs.fr\/guides\/prime-d-activite\/\">prime d&rsquo;activit\u00e9<\/a> est une aide vers\u00e9e mensuellement par la CAF ou la MSA, selon le r\u00e9gime dont vous d\u00e9pendez. L&rsquo;AIS (allocation de solidarit\u00e9 individuelle) recouvre plusieurs aides sociales, dont la PCH, dont vous pouvez b\u00e9n\u00e9ficier si vous \u00eates un adulte handicap\u00e9. Ces aides sont-elles cumulables avec la prime d&rsquo;activit\u00e9 en 2026 ?<\/p>\n<div class=\"brs_col\">\n<div class=\"brs_col\">\n<div class='cta-block'><div class='text'>Simulez votre prime d&rsquo;activit\u00e9 en 2 min. <\/div><a href='https:\/\/www.mes-allocs.fr\/ab-app?origin=guides\/wp-json\/wp\/v2\/posts\/8545' class='app-button fit'>Simulation gratuite<\/a><\/div>\n<\/div>\n<\/div>\n<\/div>\n<h1 style=\"text-align: justify;\">Qu&rsquo;est-ce que la prime d\u2019activit\u00e9 ?<\/h1>\n<p style=\"text-align: justify;\">En vigueur depuis le 1er janvier 2016, la prime d&rsquo;activit\u00e9 CAF est un compl\u00e9ment de revenus. Elle est accord\u00e9e, sous conditions de ressources, aux :<\/p>\n<ul>\n<li>personnes de plus de 18 ans, salari\u00e9es et ind\u00e9pendantes,<\/li>\n<li>aux \u00e9tudiants salari\u00e9s,<\/li>\n<li>et apprentis.<\/li>\n<\/ul>\n<p>Environ 5 millions de Fran\u00e7ais b\u00e9n\u00e9ficient de cette aide aujourd&rsquo;hui.<\/p>\n<h2>Comment b\u00e9n\u00e9ficier de la prime ?<\/h2>\n<p class=\"amp-wp-7d27179\" data-amp-original-style=\"text-align: justify;\">Vous devez faire\u00a0<a href=\"https:\/\/www.mes-allocs.fr\/guides\/prime-d-activite\/prime-dactivite-demande\/\">la demande de prime d\u2019activit\u00e9<\/a>\u00a0aupr\u00e8s de la caisse d\u2019allocations familiales (CAF) ou la mutualit\u00e9 sociale agricole (MSA), qui vous la verseront si votre dossier est accept\u00e9. Vous pouvez faire une d\u00e9marche en ligne aupr\u00e8s de la CAF ou la MSA.<\/p>\n<p>Pour toucher cette aide, vous devez remplir les conditions cit\u00e9es pr\u00e9c\u00e9demment. Si vous \u00eates \u00e9tudiant, vous devez aussi\u00a0<strong>gagner plus de 1 117,26 \u20ac.<\/strong><\/p>\n<h2>Quid des travailleurs ind\u00e9pendants ?<\/h2>\n<p style=\"text-align: justify;\">Les travailleurs ind\u00e9pendants peuvent pr\u00e9tendre \u00e0 la prime d&rsquo;activit\u00e9. Ils doivent remplir les conditions suivantes :<\/p>\n<ul>\n<li style=\"text-align: justify;\">\u00catre en situation r\u00e9guli\u00e8re<\/li>\n<li style=\"text-align: justify;\">R\u00e9sider sur le territoire fran\u00e7ais.<\/li>\n<li style=\"text-align: justify;\">Avoir d\u00e9clar\u00e9 un chiffre d\u2019affaires annuel net qui ne d\u00e9passe pas le forfait pour les travailleurs ind\u00e9pendants.<\/li>\n<\/ul>\n<div class=\"brs_col\">\n<h1>Qu&rsquo;est-ce que l&rsquo;AIS ?<\/h1>\n<p>L&rsquo;allocation individuelle de solidarit\u00e9 (AIS) correspond en r\u00e9alit\u00e9 \u00e0 plusieurs prestations sociales :<\/p>\n<ul>\n<li>le revenu de solidarit\u00e9 active (RSA)<\/li>\n<li>la prestation de compensation du handicap (PCH)<\/li>\n<li>l\u2019allocation personnalis\u00e9e d\u2019autonomie (APA)<\/li>\n<\/ul>\n<p>Ces aides sociales sont financ\u00e9es par le d\u00e9partement.<\/p>\n<p><iframe loading=\"lazy\" title=\"La prime d&#039;activit\u00e9\" width=\"500\" height=\"281\" src=\"https:\/\/www.youtube.com\/embed\/uavbovK5ZXc?feature=oembed\" frameborder=\"0\" allow=\"accelerometer; autoplay; clipboard-write; encrypted-media; gyroscope; picture-in-picture; web-share\" referrerpolicy=\"strict-origin-when-cross-origin\" allowfullscreen><\/iframe><\/p>\n<h1>Prime d&rsquo;activit\u00e9 et AIS : les deux aides sont-elles cumulables ?<\/h1>\n<h2>Le revenu de solidarit\u00e9 active (RSA)<\/h2>\n<p style=\"text-align: justify;\">Oui, vous pouvez cumuler ces deux aides. C&rsquo;est la CAF (en charge des allocations familiales) qui \u00e9tudie votre \u00e9ligibilit\u00e9 au RSA et \u00e0 la prime, lors de vos d\u00e9clarations trimestrielles.<\/p>\n<p style=\"text-align: justify;\">Par cons\u00e9quent, si vous pouvez b\u00e9n\u00e9ficier de la prime, si :<\/p>\n<\/div>\n<ul>\n<li style=\"text-align: justify;\">vous \u00eates b\u00e9n\u00e9ficiaire du RSA,<\/li>\n<li class=\"brs_col\" style=\"text-align: justify;\">percevez de faibles revenus professionnels.<\/li>\n<\/ul>\n<div class=\"brs_col\">\n<h2>La prestation de compensation du handicap (PCH)<\/h2>\n<p style=\"text-align: justify;\">Pour la PCH, si elle est vers\u00e9e \u00e0 un aidant familial, alors celui-ci peut pr\u00e9tendre au versement de la prime d&rsquo;activit\u00e9. C&rsquo;est le Code de la S\u00e9curit\u00e9 Sociale qui statue sur ce point :<\/p>\n<p style=\"text-align: justify;\">\u00ab Ont le caract\u00e8re de revenus professionnels ou en tiennent lieu en application du 1\u00b0 de l\u2019article L. 842-4 :<\/p>\n<p style=\"text-align: justify;\">9\u00b0 Les sommes per\u00e7ues au titre du d\u00e9dommagement par l\u2019aidant familial tel que d\u00e9fini \u00e0 l\u2019article R. 245-7 du code de l\u2019action sociale et des familles \u00bb.<\/p>\n<h2>L&rsquo;allocation personnalis\u00e9e d&rsquo;autonomie (APA)<\/h2>\n<p style=\"text-align: justify;\">En revanche, il est impossible de b\u00e9n\u00e9ficier de la prime si vous \u00eates titulaire de l&rsquo;APA. En outre, le montant de l&rsquo;APA n&rsquo;est pas estim\u00e9 en fonction de la composition du foyer ou de vos ressources. C&rsquo;est votre perte d&rsquo;autonomie qui est le crit\u00e8re observ\u00e9 pour cette aide.<\/p>\n<\/div>\n<div class=\"brs_col\"><div class='cta-block'><div class='text'>Simulez votre prime d&rsquo;activit\u00e9 en 2 min. <\/div><a href='https:\/\/www.mes-allocs.fr\/ab-app?origin=guides\/wp-json\/wp\/v2\/posts\/8545' class='app-button fit'>Simulation gratuite<\/a><\/div><\/div>\n<div class=\"brs_col\">\n<div class=\"brs_col\">\n<h1>Quel est le montant de la prime d&rsquo;activit\u00e9 en 2026 ?<\/h1>\n<p>Le montant de la prime d&rsquo;activit\u00e9 sera revaloris\u00e9 en avril 2026. <strong>Le montant est de 638,28\u20ac depuis le 1er avril 2026, apr\u00e8s une revalorisation de 0,8%.<\/strong> Le montant est major\u00e9 selon la composition du foyer. Par exemple, pour un couple sans enfant \u00e0 charge, le montant forfaitaire est de <b>957,42 <\/b><span style=\"font-weight: 400;\">euros par mois.<\/span><\/p>\n<\/div>\n<div class=\"brs_col\">\n<h2 id=\"Travail_\u00e0_temps_partiel_et_montant_de_la_prime_activit\u00e9_2020\">Quel est le montant de la prime activit\u00e9 2026 en temps partiel ?<\/h2>\n<p>Le montant de la prime activit\u00e9 varie en fonction :<\/p>\n<ul>\n<li>des revenus<\/li>\n<li>et de la situation familiale du b\u00e9n\u00e9ficiaire.<\/li>\n<\/ul>\n<p style=\"text-align: justify;\">En outre, une bonification est accord\u00e9e sur les revenus de plus de 700,92 euros par mois, lors du calcul de la prime d&rsquo;activit\u00e9. Si vous percevez un SMIC, le montant de la bonification sera de 184,27 euros. Si vous \u00eates \u00e0 temps partiel, la bonification est r\u00e9duite.<\/p>\n<p data-start=\"0\" data-end=\"164\">Depuis le 1\u1d49\u02b3 mars 2025, la d\u00e9claration trimestrielle de l<strong>a prime d\u2019activit\u00e9 devient pr\u00e9-remplie<\/strong>, ce qui simplifie le processus. La CAF reprend automatiquement certaines informations \u00e0 partir des revenus d\u00e9clar\u00e9s auparavant, r\u00e9duisant ainsi les erreurs et acc\u00e9l\u00e9rant le traitement de votre demande. Toutefois, il reste important de v\u00e9rifier et de valider les informations pour \u00e9viter toute erreur qui pourrait affecter le montant de l\u2019aide.<\/p>\n<p data-start=\"0\" data-end=\"164\">Depuis mars 2025, la p\u00e9riode \u00e0 d\u00e9clarer correspond aux tr<strong>ois mois pr\u00e9c\u00e9dant la demande : par exemple, en mars, vous devez d\u00e9clarer vos revenus des mois de novembre, d\u00e9cembre et janvier (et non plus d\u00e9cembre, janvier, f\u00e9vrier)<\/strong>. Cette nouvelle organisation facilite la gestion de votre dossier et rend la d\u00e9claration plus pr\u00e9cise.<\/p>\n<h2>Tout savoir sur la prime d&rsquo;activit\u00e9 major\u00e9e pour isolement<\/h2>\n<p style=\"text-align: justify;\"><span class=\"ILfuVd NA6bn\"><span class=\"e24Kjd\">Le montant forfaitaire <b>major\u00e9 pour isolement<\/b> d\u00e9pend du nombre d&rsquo;enfants \u00e0 charge. Il est \u00e9gal \u00e0 <b>128,412\u2009%<\/b> du montant forfaitaire de base. S&rsquo;y ajoute <b>42,804\u2009% <\/b>du montant forfaitaire de base <b>pour chaque enfan<\/b>t. Le montant forfaitaire est augment\u00e9 <b>pour<\/b> chaque travailleur pr\u00e9sent dans le foyer.<\/span><\/span><\/p>\n<\/div>\n<p>&nbsp;<\/p>\n<div class=\"card-section\">\n<div class=\"brs_col\">\n<h1>Un remboursement de la prime d&rsquo;activit\u00e9 peut-il m&rsquo;\u00eatre demand\u00e9 ?<\/h1>\n<div class=\"card-section\">\n<p>La prime d&rsquo;activit\u00e9 remboursement intervient si vous avez per\u00e7u un montant par erreur, vous devez le rembourser \u00e0 la CAF. Cela peut \u00eatre le cas si vos donn\u00e9es sont :<\/p>\n<ul>\n<li>incompl\u00e8tes,<\/li>\n<li>inexactes,<\/li>\n<li>d\u00e9clar\u00e9es tardivement.<\/li>\n<\/ul>\n<p>Notez que chaque changement de situation doit \u00eatre renseign\u00e9 aupr\u00e8s de la CAF.<\/p>\n<div class='cta-block'><div class='text'>Simulez votre prime d&rsquo;activit\u00e9 en 2 min. <\/div><a href='https:\/\/www.mes-allocs.fr\/ab-app?origin=guides\/wp-json\/wp\/v2\/posts\/8545' class='app-button fit'>Simulation gratuite<\/a><\/div>\n<\/div>\n<\/div>\n<\/div>\n<\/div>\n","protected":false},"excerpt":{"rendered":"<p>[Mis \u00e0 jour le 02\/04\/2026] La prime d&rsquo;activit\u00e9 est une aide vers\u00e9e mensuellement par la CAF ou la MSA, selon le r\u00e9gime dont vous d\u00e9pendez. L&rsquo;AIS (allocation de solidarit\u00e9 individuelle) recouvre plusieurs aides sociales, dont la PCH, dont vous pouvez b\u00e9n\u00e9ficier si vous \u00eates un adulte handicap\u00e9. Ces aides sont-elles cumulables avec la prime d&rsquo;activit\u00e9 [&hellip;]<\/p>\n","protected":false},"author":10,"featured_media":10714,"comment_status":"open","ping_status":"open","sticky":false,"template":"","format":"standard","meta":{"amp_status":"","footnotes":""},"categories":[1928,20],"tags":[],"class_list":["post-8545","post","type-post","status-publish","format-standard","has-post-thumbnail","hentry","category-cumul-prime-activite","category-prime-d-activite"],"yoast_head":"<!-- This site is optimized with the Yoast SEO plugin v14.9 - https:\/\/yoast.com\/wordpress\/plugins\/seo\/ -->\n<title>Prime d&#039;activit\u00e9 et AIS : peut-on cumuler les deux en 2026? | Mes-Allocs.fr<\/title>\n<meta name=\"description\" content=\"Pouvez-vous cumulez l&#039;AIS et la prime d&#039;activit\u00e9 en 2026 ? Mes Allocs vous donne toutes les conditions \u00e0 respecter en 2026 dans cet article.\" \/>\n<meta name=\"robots\" content=\"index, follow, max-snippet:-1, max-image-preview:large, max-video-preview:-1\" \/>\n<link rel=\"canonical\" href=\"https:\/\/www.mes-allocs.fr\/guides\/prime-d-activite\/cumul-prime-activite\/prime-activite-et-ais\/\" \/>\n<meta property=\"og:locale\" content=\"fr_FR\" \/>\n<meta property=\"og:type\" content=\"article\" \/>\n<meta property=\"og:title\" content=\"Prime d&#039;activit\u00e9 et AIS : peut-on cumuler les deux en 2026? | Mes-Allocs.fr\" \/>\n<meta property=\"og:description\" content=\"Pouvez-vous cumulez l&#039;AIS et la prime d&#039;activit\u00e9 en 2026 ? Mes Allocs vous donne toutes les conditions \u00e0 respecter en 2026 dans cet article.\" \/>\n<meta property=\"og:url\" content=\"https:\/\/www.mes-allocs.fr\/guides\/prime-d-activite\/cumul-prime-activite\/prime-activite-et-ais\/\" \/>\n<meta property=\"og:site_name\" content=\"Mes-Allocs.fr\" \/>\n<meta property=\"article:published_time\" content=\"2020-08-05T12:58:20+00:00\" \/>\n<meta property=\"article:modified_time\" content=\"2026-04-02T13:44:14+00:00\" \/>\n<meta property=\"og:image\" content=\"https:\/\/www.mes-allocs.fr\/guides\/wp-content\/uploads\/2020\/08\/Prime-dactivite\u0301-et-ais-comment-lier-les-deux-aides-.jpg?wsr\" \/>\n\t<meta property=\"og:image:width\" content=\"1280\" \/>\n\t<meta property=\"og:image:height\" content=\"915\" \/>\n<meta name=\"twitter:card\" content=\"summary_large_image\" \/>\n<script type=\"application\/ld+json\" class=\"yoast-schema-graph\">{\"@context\":\"https:\/\/schema.org\",\"@graph\":[{\"@type\":\"WebSite\",\"@id\":\"https:\/\/www.mes-allocs.fr\/guides\/#website\",\"url\":\"https:\/\/www.mes-allocs.fr\/guides\/\",\"name\":\"Mes-Allocs.fr\",\"description\":\"\",\"potentialAction\":[{\"@type\":\"SearchAction\",\"target\":\"https:\/\/www.mes-allocs.fr\/guides\/?s={search_term_string}\",\"query-input\":\"required name=search_term_string\"}],\"inLanguage\":\"fr-FR\"},{\"@type\":\"ImageObject\",\"@id\":\"https:\/\/www.mes-allocs.fr\/guides\/prime-d-activite\/cumul-prime-activite\/prime-activite-et-ais\/#primaryimage\",\"inLanguage\":\"fr-FR\",\"url\":\"https:\/\/www.mes-allocs.fr\/guides\/wp-content\/uploads\/2020\/08\/Prime-dactivite\\u0301-et-ais-comment-lier-les-deux-aides-.jpg?wsr\",\"width\":1280,\"height\":915,\"caption\":\"Prime dactivite\\u0301 et ais comment lier les deux aides\"},{\"@type\":\"WebPage\",\"@id\":\"https:\/\/www.mes-allocs.fr\/guides\/prime-d-activite\/cumul-prime-activite\/prime-activite-et-ais\/#webpage\",\"url\":\"https:\/\/www.mes-allocs.fr\/guides\/prime-d-activite\/cumul-prime-activite\/prime-activite-et-ais\/\",\"name\":\"Prime d'activit\\u00e9 et AIS : peut-on cumuler les deux en 2026? | Mes-Allocs.fr\",\"isPartOf\":{\"@id\":\"https:\/\/www.mes-allocs.fr\/guides\/#website\"},\"primaryImageOfPage\":{\"@id\":\"https:\/\/www.mes-allocs.fr\/guides\/prime-d-activite\/cumul-prime-activite\/prime-activite-et-ais\/#primaryimage\"},\"datePublished\":\"2020-08-05T12:58:20+00:00\",\"dateModified\":\"2026-04-02T13:44:14+00:00\",\"author\":{\"@id\":\"https:\/\/www.mes-allocs.fr\/guides\/#\/schema\/person\/8d47b912c0ad15f379df96b4e4e33f58\"},\"description\":\"Pouvez-vous cumulez l'AIS et la prime d'activit\\u00e9 en 2026 ? Mes Allocs vous donne toutes les conditions \\u00e0 respecter en 2026 dans cet article.\",\"inLanguage\":\"fr-FR\"},{\"@type\":\"Person\",\"@id\":\"https:\/\/www.mes-allocs.fr\/guides\/#\/schema\/person\/8d47b912c0ad15f379df96b4e4e33f58\",\"name\":\"Constance de Cagny\",\"image\":{\"@type\":\"ImageObject\",\"@id\":\"https:\/\/www.mes-allocs.fr\/guides\/#personlogo\",\"inLanguage\":\"fr-FR\",\"url\":\"https:\/\/www.mes-allocs.fr\/guides\/wp-content\/uploads\/2021\/06\/Constance.2e8ee0b.png\",\"caption\":\"Constance de Cagny\"},\"description\":\"Constance est r\\u00e9dactrice au sein de l'\\u00e9quipe Mes Allocs. Elle a l'habitude d'\\u00e9crire sur les sujets conso, bons plans et \\u00e9conomies. Dipl\\u00f4m\\u00e9e de l'ENACO, elle rejoint Mes Allocs apr\\u00e8s une premi\\u00e8re exp\\u00e9rience en cabinet notarial.\",\"sameAs\":[\"https:\/\/www.linkedin.com\/in\/constance-de-cagny-mayeur-bbb414135\"]}]}<\/script>\n<!-- \/ Yoast SEO plugin. -->","amp_validity":null,"acf":{"faq":{"1":{"question":"Comment d\u00e9clarer le ch\u00f4mage pour la prime ?","answer":"Il faut indiquer sur votre d\u00e9claration trimestrielle ( d\u00e9sormais pr\u00e9-remplie), l'indemnit\u00e9 de ch\u00f4mage partiel dans la partie \"salaires\"."},"2":{"question":"Quelles ressources d\u00e9clarer pour la prime d'activit\u00e9 ?","answer":"Vos revenus d'activit\u00e9 sont les premi\u00e8res ressources prises en compte. \u00c0 cela s'ajoute la composition de votre foyer et les prestations familiales dont vous b\u00e9n\u00e9ficiez d\u00e9j\u00e0."},"3":{"question":"Est-ce qu'un ch\u00f4meur peut toucher la prime d'activit\u00e9 ?","answer":"Non, la prime d'activit\u00e9 est un revenu destin\u00e9 aux actifs. Or, si pendant la p\u00e9riode des 3 mois d'attribution, vous avez perdu votre montant, le montant octroy\u00e9 reste inchang\u00e9. Et ce, jusqu'\u00e0 la prochaine d\u00e9claration trimestrielle( d\u00e9sormais pr\u00e9-remplie)."},"4":{"question":"C'est quoi la prime d'activit\u00e9 pour isolement ?","answer":"C'est une prime dont le montant est major\u00e9, en comparaison au montant forfaitaire (il est \u00e9gal \u00e0 128,412% du montant forfaitaire de base, avec 42,804% en plus pour chaque enfant \u00e0 charge). Elle est destin\u00e9e aux parents isol\u00e9s."},"5":{"question":"Quel montant d\u00e9clarer \u00e0 la CAF pour la prime d'activit\u00e9 ?","answer":"Vous devez d\u00e9clarer un montant qui n'exc\u00e8de pas les plafonds de revenus \u00e9tablis. Le plafond est de 2000\u20ac  environ pour un personne seule ou touchant 1,5 Smic."},"6":{"question":"Quelle prime pour les ch\u00f4meurs ?","answer":"Vous pouvez toucher les allocations ch\u00f4mage, mais non la prime d'activit\u00e9, puisqu'elle est destin\u00e9e aux actifs."},"7":{"question":"","answer":""},"8":{"question":"","answer":""},"9":{"question":"","answer":""},"10":{"question":"","answer":""},"11":{"question":"","answer":""},"12":{"question":"","answer":""},"13":{"question":"","answer":""},"14":{"question":"","answer":""},"15":{"question":"","answer":""},"16":{"question":"","answer":""}}},"_links":{"self":[{"href":"https:\/\/www.mes-allocs.fr\/guides\/wp-json\/wp\/v2\/posts\/8545","targetHints":{"allow":["GET"]}}],"collection":[{"href":"https:\/\/www.mes-allocs.fr\/guides\/wp-json\/wp\/v2\/posts"}],"about":[{"href":"https:\/\/www.mes-allocs.fr\/guides\/wp-json\/wp\/v2\/types\/post"}],"author":[{"embeddable":true,"href":"https:\/\/www.mes-allocs.fr\/guides\/wp-json\/wp\/v2\/users\/10"}],"replies":[{"embeddable":true,"href":"https:\/\/www.mes-allocs.fr\/guides\/wp-json\/wp\/v2\/comments?post=8545"}],"version-history":[{"count":55,"href":"https:\/\/www.mes-allocs.fr\/guides\/wp-json\/wp\/v2\/posts\/8545\/revisions"}],"predecessor-version":[{"id":111399,"href":"https:\/\/www.mes-allocs.fr\/guides\/wp-json\/wp\/v2\/posts\/8545\/revisions\/111399"}],"wp:featuredmedia":[{"embeddable":true,"href":"https:\/\/www.mes-allocs.fr\/guides\/wp-json\/wp\/v2\/media\/10714"}],"wp:attachment":[{"href":"https:\/\/www.mes-allocs.fr\/guides\/wp-json\/wp\/v2\/media?parent=8545"}],"wp:term":[{"taxonomy":"category","embeddable":true,"href":"https:\/\/www.mes-allocs.fr\/guides\/wp-json\/wp\/v2\/categories?post=8545"},{"taxonomy":"post_tag","embeddable":true,"href":"https:\/\/www.mes-allocs.fr\/guides\/wp-json\/wp\/v2\/tags?post=8545"}],"curies":[{"name":"wp","href":"https:\/\/api.w.org\/{rel}","templated":true}]}}