{"id":85425,"date":"2024-11-14T20:20:06","date_gmt":"2024-11-14T18:20:06","guid":{"rendered":"https:\/\/www.mes-allocs.fr\/guides\/?p=85425"},"modified":"2026-04-22T10:51:15","modified_gmt":"2026-04-22T09:51:15","slug":"prime-macron-prorata-temps-de-presence","status":"publish","type":"post","link":"https:\/\/www.mes-allocs.fr\/guides\/prime-macron\/prime-macron-montant\/prime-macron-prorata-temps-de-presence\/","title":{"rendered":"Prime Macron au prorata du temps de pr\u00e9sence : est-ce possible ?"},"content":{"rendered":"<p><img loading=\"lazy\" decoding=\"async\" class=\"alignnone wp-image-106469 size-full\" title=\"prime macron prorata temps presence possible\" src=\"https:\/\/www.mes-allocs.fr\/guides\/wp-content\/uploads\/2025\/12\/prime-macron-prorata-temps-presence-possible-e1765291576441.jpg\" alt=\"prime macron prorata temps presence possible\" width=\"1898\" height=\"300\" srcset=\"https:\/\/www.mes-allocs.fr\/guides\/wp-content\/uploads\/2025\/12\/prime-macron-prorata-temps-presence-possible-e1765291576441.jpg 1898w, https:\/\/www.mes-allocs.fr\/guides\/wp-content\/uploads\/2025\/12\/prime-macron-prorata-temps-presence-possible-e1765291576441-300x47.jpg 300w, https:\/\/www.mes-allocs.fr\/guides\/wp-content\/uploads\/2025\/12\/prime-macron-prorata-temps-presence-possible-e1765291576441-1024x162.jpg 1024w, https:\/\/www.mes-allocs.fr\/guides\/wp-content\/uploads\/2025\/12\/prime-macron-prorata-temps-presence-possible-e1765291576441-768x121.jpg 768w, https:\/\/www.mes-allocs.fr\/guides\/wp-content\/uploads\/2025\/12\/prime-macron-prorata-temps-presence-possible-e1765291576441-1536x243.jpg 1536w, https:\/\/www.mes-allocs.fr\/guides\/wp-content\/uploads\/2025\/12\/prime-macron-prorata-temps-presence-possible-e1765291576441-600x95.jpg 600w\" sizes=\"auto, (max-width: 1898px) 100vw, 1898px\" \/><\/p>\n<p>La prime Macron, ou prime de partage de la valeur (PPV), est un dispositif mis en place pour booster le pouvoir d\u2019achat des employ\u00e9s tout en stimulant la performance des entreprises. Mais comment est calcul\u00e9 le <a href=\"https:\/\/www.mes-allocs.fr\/guides\/prime-macron\/prime-macron-montant\/\">montant de la PPV<\/a> ? La <b>prime Macron est-elle calcul\u00e9e au prorata de votre temps de pr\u00e9sence<\/b> ? Dans cet article, on r\u00e9pond \u00e0 toutes vos questions.<\/p>\n<div class='cta-block'><div class='text'>Simulez toutes vos aides en 2 min.<\/div><a href='https:\/\/www.mes-allocs.fr\/ab-app?origin=guides\/wp-json\/wp\/v2\/posts\/85425' class='app-button fit'>Simulation gratuite<\/a><\/div>\n<h1>La prime Macron est-elle calcul\u00e9e au prorata du temps de pr\u00e9sence ?<\/h1>\n<p><b>Oui<\/b>, la prime Macron peut \u00eatre calcul\u00e9e au prorata du temps de pr\u00e9sence. Cela d\u00e9pend de <b>ce que d\u00e9cide votre employeur<\/b>. Le prorata temps de pr\u00e9sence est souvent un \u00e9l\u00e9ment d\u00e9terminant. Les employeurs le choisissent souvent pour plusieurs raisons :<\/p>\n<ul>\n<li aria-level=\"1\">Il s\u2019agit d\u2019une mani\u00e8re de <b>r\u00e9compenser<\/b> votre engagement, votre s\u00e9rieux et votre contribution \u00e0 la performance de l\u2019entreprise. En liant le montant de la prime au prorata du temps de travail effectif, les employeurs favorisent une certaine <b>\u00e9quit\u00e9<\/b> en r\u00e9compensant ceux qui ont le plus contribu\u00e9.<\/li>\n<li aria-level=\"1\">Le choix peut devenir un <b>levier de motivation<\/b>. En effet, cela vous inciterait \u00e0 maintenir un haut niveau de pr\u00e9sence et d\u2019assiduit\u00e9.<\/li>\n<\/ul>\n<div class='shortcode disclaimer'><div class='title'>Attention<\/div><div class='content'>Les \u00e9carts de r\u00e9mun\u00e9ration li\u00e9s au temps de pr\u00e9sence ne doivent pas \u00eatre disproportionn\u00e9s. Sinon, il y a un risque de <b>cr\u00e9er des in\u00e9galit\u00e9s trop importantes<\/b> au sein de l\u2019entreprise et de <b>d\u00e9motiver certains employ\u00e9s<\/b>. Votre employeur doit trouver un <b>\u00e9quilibre<\/b> pour que ce crit\u00e8re reste un facteur de motivation et non de d\u00e9motivation.<\/div><\/div>\n<h1>Qui est concern\u00e9 par le prorata du temps de pr\u00e9sence ?<\/h1>\n<p>Il existe <b>certains cas<\/b> qui sont plus concern\u00e9s que d\u2019autres par l\u2019impact du prorata du temps de pr\u00e9sence sur la prime Macron.<\/p>\n<h2>Je suis en arr\u00eat maladie, cela a-t-il un impact ?<\/h2>\n<p><b>Oui<\/b>, la prorata du temps de pr\u00e9sence peut impacter la prime Macron que vous percevez si vous \u00eates en arr\u00eat maladie. Cela <b>d\u00e9pend de l\u2019employeur<\/b> encore une fois, s\u2019il consid\u00e8re votre arr\u00eat comme du temps de pr\u00e9sence en entreprise ou non.<\/p>\n<p>Le montant de la prime Macron pourra \u00eatre <b>ajust\u00e9<\/b> au prorata de votre temps de pr\u00e9sence, les p\u00e9riodes de cong\u00e9 maladie n\u2019\u00e9tant pas forc\u00e9ment prises en compte dans le calcul par votre employeur. Vous pourriez donc percevoir moins que pr\u00e9vu.<\/p>\n<h2>En tant qu\u2019alternant(e), suis-je concern\u00e9 par l\u2019impact du temps de pr\u00e9sence ?<\/h2>\n<p><b>Oui<\/b>, vous \u00eates concern\u00e9 par l\u2019impact du temps de pr\u00e9sence si vous \u00eates alternant(e) (en contrat d\u2019apprentissage ou de professionnalisation). Si vous avez rejoint l\u2019entreprise en milieu d\u2019ann\u00e9e par exemple, le montant de la prime Macron sera calcul\u00e9 au prorata de votre temps de pr\u00e9sence. Vous percevrez alors <b>une partie<\/b> de la prime correspondant uniquement aux<b> mois durant lesquels vous avez travaill\u00e9<\/b>.<\/p>\n<h1>Dans quels cas la dur\u00e9e de pr\u00e9sence n\u2019est-elle pas prise en compte ?<\/h1>\n<p>Pour que l\u2019employeur et vous b\u00e9n\u00e9ficiez de l\u2019exon\u00e9ration de la prime Macron, des <b>r\u00e8gles de calcul<\/b> doivent \u00eatre respect\u00e9es. Il existe donc des cas particuliers pour qui le temps de pr\u00e9sence n\u2019est <b>pas pris en compte<\/b> dans le calcul de la prime Macron.<\/p>\n<ul>\n<li aria-level=\"1\">Si vous \u00eates en <b>cong\u00e9 maternit\u00e9, paternit\u00e9 ou d\u2019adoption<\/b><\/li>\n<li aria-level=\"1\">Si vous \u00eates en <b>cong\u00e9 parental d\u2019\u00e9ducation<\/b><\/li>\n<li aria-level=\"1\">Si vous \u00eates en <b>cong\u00e9 pour enfant malade<\/b><\/li>\n<li aria-level=\"1\">Si vous \u00eates en <b>cong\u00e9 de pr\u00e9sence parentale<\/b><\/li>\n<\/ul>\n<p>Si vous faites partie de ces cas de figure, votre absence doit <b>obligatoirement<\/b> \u00eatre consid\u00e9r\u00e9e comme du temps de pr\u00e9sence en entreprise par votre employeur, dans le calcul de la prime Macron.<\/p>\n<div class='cta-block'><div class='text'>Simulez toutes vos aides en 2 min.<\/div><a href='https:\/\/www.mes-allocs.fr\/ab-app?origin=guides\/wp-json\/wp\/v2\/posts\/85425' class='app-button fit'>Simulation gratuite<\/a><\/div>\n<h1>Calcul du montant de la prime Macron selon votre temps de pr\u00e9sence<\/h1>\n<h2>Comment la PPV est-elle calcul\u00e9e en fonction du temps de pr\u00e9sence ?<\/h2>\n<p>D\u2019abord, vous devez noter que l\u2019employeur est libre pour d\u00e9terminer le montant de la prime Macron qu\u2019il verse \u00e0 ses employ\u00e9s. En effet, c\u2019est lui qui <b>fixe les crit\u00e8res de calcul<\/b> de la prime Macron au prorata du temps de pr\u00e9sence.<\/p>\n<p>Calcul prime Macron = <b>Montant maximal de la prime fix\u00e9<\/b> x (<b>temps r\u00e9ellement pass\u00e9 dans l\u2019entreprise \/ dur\u00e9e de l\u2019ann\u00e9e)<\/b>.<\/p>\n<div class='shortcode tips'><div class='title'>Exemple<\/div><div class='content'>Marie travaille \u00e0 temps plein depuis janvier et recevra donc la prime maximale de <b>1\u202f000 \u202f\u20ac<\/b> fix\u00e9 par l\u2019entreprise. De l\u2019autre c\u00f4t\u00e9, Julien est arriv\u00e9 en juillet et n\u2019a travaill\u00e9 que <b>6 mois sur 12 <\/b>\u202f: sa prime sera calcul\u00e9e au prorata de son temps de pr\u00e9sence, soit 1\u202f000 \u00d7 6\/12 = <b>500 \u20ac<\/b>.<\/div><\/div>\n<h2>Quels autres crit\u00e8res peuvent faire varier le montant de la PPV ?<\/h2>\n<p>Le temps de pr\u00e9sence effectif dans l\u2019entreprise n\u2019est pas le seul crit\u00e8re que peut choisir l\u2019employeur pour d\u00e9terminer comment le montant de la prime peut varier. Il en existe d\u2019autres :<\/p>\n<ul>\n<li aria-level=\"1\">Votre <b>anciennet\u00e9<\/b> au sein de l\u2019entreprise (plus d&rsquo;informations sur <a href=\"https:\/\/www.mes-allocs.fr\/guides\/prime-macron\/prime-macron-montant\/prime-macron-anciennete\/\">cet article<\/a>)<\/li>\n<li aria-level=\"1\">Votre <b>r\u00e9mun\u00e9ration<\/b><\/li>\n<li aria-level=\"1\">Votre <b>performance<\/b> avec les objectifs atteints<\/li>\n<\/ul>\n<div class='shortcode tips'><div class='title'>Exemple<\/div><div class='content'>Sarah, pr\u00e9sente toute l\u2019ann\u00e9e et avec cinq ans d\u2019anciennet\u00e9, re\u00e7oit la prime maximale de <b>1\u202f000\u202f\u20ac<\/b>, tandis que Paul, pr\u00e9sent toute l\u2019ann\u00e9e mais arriv\u00e9 r\u00e9cemment, per\u00e7oit <b>800\u202f\u20ac<\/b>.<\/div><\/div>\n<p>Selon le crit\u00e8re impos\u00e9 par votre employeur, la prime Macron dont vous b\u00e9n\u00e9ficiez est <b>variable<\/b>. Dans tous les cas, vous ne pouvez pas toucher plus de <b>3000 \u20ac<\/b> gr\u00e2ce \u00e0 la prime car il s\u2019agit du plafond maximum de versement.<\/p>\n<div class='shortcode summary'><div class='title'>En r\u00e9sum\u00e9 :<\/div><div class='content'><ul><li>La prime Macron peut \u00eatre calcul\u00e9e <b>au prorata du temps de pr\u00e9sence<\/b>, ce qui permet de r\u00e9compenser l\u2019assiduit\u00e9 et l\u2019engagement des salari\u00e9s.<\/li><li>Les absences pour <b>cong\u00e9s maternit\u00e9, paternit\u00e9, adoption, parental ou pour enfant malade<\/b> sont <b>toujours consid\u00e9r\u00e9es comme du temps de pr\u00e9sence<\/b>.<\/li><li>En revanche, les <b>arr\u00eats maladie<\/b> ou les <b>arriv\u00e9es en cours d\u2019ann\u00e9e<\/b> peuvent <b>r\u00e9duire le montant de la prime<\/b>.<\/li><li>Le calcul d\u00e9pend de l\u2019employeur et peut aussi prendre en compte <b>l\u2019anciennet\u00e9<\/b>, la <b>r\u00e9mun\u00e9ration<\/b> ou la performance, avec un plafond l\u00e9gal de <b>3\u202f000\u202f\u20ac<\/b>.<\/li><\/ul><\/div><\/div>\n<div class='cta-block'><div class='text'>Simulez toutes vos aides en 2 min.<\/div><a href='https:\/\/www.mes-allocs.fr\/ab-app?origin=guides\/wp-json\/wp\/v2\/posts\/85425' class='app-button fit'>Simulation gratuite<\/a><\/div>\n","protected":false},"excerpt":{"rendered":"<p>La prime Macron, ou prime de partage de la valeur (PPV), est un dispositif mis en place pour booster le pouvoir d\u2019achat des employ\u00e9s tout en stimulant la performance des entreprises. Mais comment est calcul\u00e9 le montant de la PPV ? La prime Macron est-elle calcul\u00e9e au prorata de votre temps de pr\u00e9sence ? Dans [&hellip;]<\/p>\n","protected":false},"author":30,"featured_media":106468,"comment_status":"open","ping_status":"open","sticky":false,"template":"","format":"standard","meta":{"amp_status":"","footnotes":""},"categories":[40090,40271],"tags":[],"class_list":["post-85425","post","type-post","status-publish","format-standard","has-post-thumbnail","hentry","category-prime-macron","category-prime-macron-montant"],"yoast_head":"<!-- This site is optimized with the Yoast SEO plugin v14.9 - https:\/\/yoast.com\/wordpress\/plugins\/seo\/ -->\n<title>Prime Macron au prorata du temps de pr\u00e9sence : est-ce possible ?<\/title>\n<meta name=\"description\" content=\"Pour calculer votre prime Macron, diff\u00e9rents crit\u00e8res peuvent \u00eatre pris en compte. Le prorata du temps de pr\u00e9sence en fait-il partie ?\" \/>\n<meta name=\"robots\" content=\"index, follow, max-snippet:-1, max-image-preview:large, max-video-preview:-1\" \/>\n<link rel=\"canonical\" href=\"https:\/\/www.mes-allocs.fr\/guides\/prime-macron\/prime-macron-montant\/prime-macron-prorata-temps-de-presence\/\" \/>\n<meta property=\"og:locale\" content=\"fr_FR\" \/>\n<meta property=\"og:type\" content=\"article\" \/>\n<meta property=\"og:title\" content=\"Prime Macron au prorata du temps de pr\u00e9sence : est-ce possible ?\" \/>\n<meta property=\"og:description\" content=\"Pour calculer votre prime Macron, diff\u00e9rents crit\u00e8res peuvent \u00eatre pris en compte. Le prorata du temps de pr\u00e9sence en fait-il partie ?\" \/>\n<meta property=\"og:url\" content=\"https:\/\/www.mes-allocs.fr\/guides\/prime-macron\/prime-macron-montant\/prime-macron-prorata-temps-de-presence\/\" \/>\n<meta property=\"og:site_name\" content=\"Mes-Allocs.fr\" \/>\n<meta property=\"article:published_time\" content=\"2024-11-14T18:20:06+00:00\" \/>\n<meta property=\"article:modified_time\" content=\"2026-04-22T09:51:15+00:00\" \/>\n<meta property=\"og:image\" content=\"https:\/\/www.mes-allocs.fr\/guides\/wp-content\/uploads\/2025\/12\/prime-macron-prorata-temps-presence.jpg?wsr\" \/>\n\t<meta property=\"og:image:width\" content=\"1280\" \/>\n\t<meta property=\"og:image:height\" content=\"853\" \/>\n<meta name=\"twitter:card\" content=\"summary_large_image\" \/>\n<script type=\"application\/ld+json\" class=\"yoast-schema-graph\">{\"@context\":\"https:\/\/schema.org\",\"@graph\":[{\"@type\":\"WebSite\",\"@id\":\"https:\/\/www.mes-allocs.fr\/guides\/#website\",\"url\":\"https:\/\/www.mes-allocs.fr\/guides\/\",\"name\":\"Mes-Allocs.fr\",\"description\":\"\",\"potentialAction\":[{\"@type\":\"SearchAction\",\"target\":\"https:\/\/www.mes-allocs.fr\/guides\/?s={search_term_string}\",\"query-input\":\"required name=search_term_string\"}],\"inLanguage\":\"fr-FR\"},{\"@type\":\"ImageObject\",\"@id\":\"https:\/\/www.mes-allocs.fr\/guides\/prime-macron\/prime-macron-montant\/prime-macron-prorata-temps-de-presence\/#primaryimage\",\"inLanguage\":\"fr-FR\",\"url\":\"https:\/\/www.mes-allocs.fr\/guides\/wp-content\/uploads\/2025\/12\/prime-macron-prorata-temps-presence.jpg?wsr\",\"width\":1280,\"height\":853,\"caption\":\"prime macron prorata temps presence\"},{\"@type\":\"WebPage\",\"@id\":\"https:\/\/www.mes-allocs.fr\/guides\/prime-macron\/prime-macron-montant\/prime-macron-prorata-temps-de-presence\/#webpage\",\"url\":\"https:\/\/www.mes-allocs.fr\/guides\/prime-macron\/prime-macron-montant\/prime-macron-prorata-temps-de-presence\/\",\"name\":\"Prime Macron au prorata du temps de pr\\u00e9sence : est-ce possible ?\",\"isPartOf\":{\"@id\":\"https:\/\/www.mes-allocs.fr\/guides\/#website\"},\"primaryImageOfPage\":{\"@id\":\"https:\/\/www.mes-allocs.fr\/guides\/prime-macron\/prime-macron-montant\/prime-macron-prorata-temps-de-presence\/#primaryimage\"},\"datePublished\":\"2024-11-14T18:20:06+00:00\",\"dateModified\":\"2026-04-22T09:51:15+00:00\",\"author\":{\"@id\":\"https:\/\/www.mes-allocs.fr\/guides\/#\/schema\/person\/66505fe443d6e6f3696c5af001f3fab8\"},\"description\":\"Pour calculer votre prime Macron, diff\\u00e9rents crit\\u00e8res peuvent \\u00eatre pris en compte. Le prorata du temps de pr\\u00e9sence en fait-il partie ?\",\"inLanguage\":\"fr-FR\"},{\"@type\":\"Person\",\"@id\":\"https:\/\/www.mes-allocs.fr\/guides\/#\/schema\/person\/66505fe443d6e6f3696c5af001f3fab8\",\"name\":\"Lauriane Oriol\",\"image\":{\"@type\":\"ImageObject\",\"@id\":\"https:\/\/www.mes-allocs.fr\/guides\/#personlogo\",\"inLanguage\":\"fr-FR\",\"url\":\"https:\/\/www.mes-allocs.fr\/guides\/wp-content\/uploads\/2024\/10\/1702589802731-1-150x150.jpeg\",\"caption\":\"Lauriane Oriol\"},\"description\":\"Lauriane est r\\u00e9dactrice chez Mes Allocs. Sp\\u00e9cialiste des d\\u00e9marches administratives, elle rejoint Mes Allocs apr\\u00e8s une premi\\u00e8re exp\\u00e9rience en marketing et communication.\"}]}<\/script>\n<!-- \/ Yoast SEO plugin. -->","amp_validity":null,"acf":{"faq":{"1":{"question":"Comment calculer la prime Macron au prorata du temps de pr\u00e9sence ?","answer":"La prime Macron au prorata se calcule en multipliant le montant maximal fix\u00e9 par l\u2019employeur par la fraction : temps r\u00e9ellement pass\u00e9 dans l\u2019entreprise \/ dur\u00e9e de l\u2019ann\u00e9e. Cela permet d\u2019ajuster la prime selon votre pr\u00e9sence effective."},"2":{"question":"Puis-je toucher la prime Macron en arr\u00eat maladie ?","answer":"Oui, vous pouvez toucher la prime Macron en arr\u00eat maladie. L\u2019employeur peut cependant r\u00e9duire son montant si l\u2019arr\u00eat maladie n\u2019est pas compt\u00e9 comme du temps de pr\u00e9sence. Vous risquez donc de percevoir une prime moins \u00e9lev\u00e9e selon sa d\u00e9cision."},"3":{"question":"Comment exclure un(e) salari\u00e9 de la prime Macron ?","answer":"Vous pouvez \u00eatre exclu(e) de la prime Macron si vous ne correspondez pas aux crit\u00e8res de versement choisis par votre employeur."},"4":{"question":"Quand la prime Macron sera-t-elle vers\u00e9e en 2025 ?","answer":"Cela d\u00e9pend de votre employeur. La prime Macron en 2025 peut \u00eatre vers\u00e9e \u00e0 tout moment jusqu'au 31 d\u00e9cembre 2026."},"5":{"question":"Est-il possible de b\u00e9n\u00e9ficier de la prime Macron en travaillant \u00e0 temps partiel ?","answer":"Oui, la prime peut vous \u00eatre vers\u00e9e si vous \u00eates un(e) salari\u00e9(e) \u00e0 temps partiel. Son montant sera simplement ajust\u00e9 au prorata de votre temps de pr\u00e9sence si l\u2019employeur choisit ce crit\u00e8re."},"6":{"question":"Est-ce que l'employeur est oblig\u00e9 de verser la prime Macron ?","answer":"Non, l\u2019employeur n\u2019est pas oblig\u00e9 de vous verser la prime Macron. Il est libre d\u2019en fixer le montant et les crit\u00e8res. Il peut aussi choisir de ne pas la verser du tout."},"7":{"question":"","answer":""},"8":{"question":"","answer":""},"9":{"question":"","answer":""},"10":{"question":"","answer":""},"11":{"question":"","answer":""},"12":{"question":"","answer":""},"13":{"question":"","answer":""},"14":{"question":"","answer":""},"15":{"question":"","answer":""},"16":{"question":"","answer":""}}},"_links":{"self":[{"href":"https:\/\/www.mes-allocs.fr\/guides\/wp-json\/wp\/v2\/posts\/85425","targetHints":{"allow":["GET"]}}],"collection":[{"href":"https:\/\/www.mes-allocs.fr\/guides\/wp-json\/wp\/v2\/posts"}],"about":[{"href":"https:\/\/www.mes-allocs.fr\/guides\/wp-json\/wp\/v2\/types\/post"}],"author":[{"embeddable":true,"href":"https:\/\/www.mes-allocs.fr\/guides\/wp-json\/wp\/v2\/users\/30"}],"replies":[{"embeddable":true,"href":"https:\/\/www.mes-allocs.fr\/guides\/wp-json\/wp\/v2\/comments?post=85425"}],"version-history":[{"count":22,"href":"https:\/\/www.mes-allocs.fr\/guides\/wp-json\/wp\/v2\/posts\/85425\/revisions"}],"predecessor-version":[{"id":106584,"href":"https:\/\/www.mes-allocs.fr\/guides\/wp-json\/wp\/v2\/posts\/85425\/revisions\/106584"}],"wp:featuredmedia":[{"embeddable":true,"href":"https:\/\/www.mes-allocs.fr\/guides\/wp-json\/wp\/v2\/media\/106468"}],"wp:attachment":[{"href":"https:\/\/www.mes-allocs.fr\/guides\/wp-json\/wp\/v2\/media?parent=85425"}],"wp:term":[{"taxonomy":"category","embeddable":true,"href":"https:\/\/www.mes-allocs.fr\/guides\/wp-json\/wp\/v2\/categories?post=85425"},{"taxonomy":"post_tag","embeddable":true,"href":"https:\/\/www.mes-allocs.fr\/guides\/wp-json\/wp\/v2\/tags?post=85425"}],"curies":[{"name":"wp","href":"https:\/\/api.w.org\/{rel}","templated":true}]}}