{"id":85322,"date":"2024-11-13T19:02:57","date_gmt":"2024-11-13T17:02:57","guid":{"rendered":"https:\/\/www.mes-allocs.fr\/guides\/?p=85322"},"modified":"2026-04-22T10:51:16","modified_gmt":"2026-04-22T09:51:16","slug":"prime-macron-interim","status":"publish","type":"post","link":"https:\/\/www.mes-allocs.fr\/guides\/prime-macron\/prime-macron-conditions\/prime-macron-interim\/","title":{"rendered":"Les int\u00e9rimaires ont-ils droit \u00e0 la PPV ?"},"content":{"rendered":"<p><img loading=\"lazy\" decoding=\"async\" class=\"alignnone wp-image-85340 size-full\" title=\"prime macron interim\" src=\"https:\/\/www.mes-allocs.fr\/guides\/wp-content\/uploads\/2024\/11\/prime-macron-interim-e1731488067733.jpg\" alt=\"prime macron interim\" width=\"1280\" height=\"336\" \/><\/p>\n<p>La <a href=\"https:\/\/www.mes-allocs.fr\/guides\/prime-macron\/\">prime Macron<\/a>, ou prime de partage de la valeur (PPV), a \u00e9t\u00e9 instaur\u00e9e pour revaloriser le pouvoir d&rsquo;achat des salari\u00e9s. La PPV a toujours suscit\u00e9 de nombreuses questions. Tous les salari\u00e9s peuvent-ils pr\u00e9tendre \u00e0 la prime Macron ? La <strong>prime Macron en int\u00e9rim<\/strong> est-elle possible\u00a0?\u00a0Dans cet article, on r\u00e9pond \u00e0 toutes vos questions.<\/p>\n<div class='cta-block'><div class='text'>Simulez vos aides en int\u00e9rim<\/div><a href='https:\/\/www.mes-allocs.fr\/ab-app?origin=guides\/wp-json\/wp\/v2\/posts\/85322' class='app-button fit'>Simulation gratuite<\/a><\/div>\n<h1>La prime Macron et les int\u00e9rimaires<\/h1>\n<h2>Qu&rsquo;est-ce que la prime Macron ?<\/h2>\n<p>La prime Macron, officiellement appel\u00e9e <strong>prime de partage de la valeur (PPV)<\/strong>, est un dispositif qui a \u00e9t\u00e9 mis en place par le gouvernement fran\u00e7ais pour permettre aux entreprises de verser une prime exceptionnelle \u00e0 leurs salari\u00e9s. Mais attention, les <a href=\"https:\/\/www.mes-allocs.fr\/guides\/prime-macron\/prime-macron-conditions\/\">conditions d\u2019attribution de la prime Macron<\/a> sont tr\u00e8s pr\u00e9cises et encadr\u00e9es par la loi.<\/p>\n<p>En outre, cette prime est exon\u00e9r\u00e9e d&rsquo;imp\u00f4t sur le revenu et de cotisations sociales sous certaines conditions. Gr\u00e2ce \u00e0 cet avantage, elle vise \u00e0 revaloriser le pouvoir d&rsquo;achat des employ\u00e9s.<\/p>\n<p>En 2025, les entreprises qui ont r\u00e9alis\u00e9 un b\u00e9n\u00e9fice net fiscal d&rsquo;au moins 1 % du chiffre d&rsquo;affaires pendant trois exercices cons\u00e9cutifs et qui se compose de 11 \u00e0 49 salari\u00e9s devront mettre en place un syst\u00e8me de partage de la valeur.<\/p>\n<h2>Les int\u00e9rimaires sont-ils \u00e9ligibles \u00e0 la PPV ?<\/h2>\n<p><strong>La r\u00e9ponse est oui. Les int\u00e9rimaires peuvent b\u00e9n\u00e9ficier de la PPV selon la loi.<\/strong><\/p>\n<p>Tout comme les salari\u00e9s en CDI ou CDD, ils sont consid\u00e9r\u00e9s comme des salari\u00e9s. Ce qui veut dire qu&rsquo;ils d\u00e9pendent eux aussi des crit\u00e8res que l&#8217;employeur a d\u00e9cid\u00e9 pour la prime.<\/p>\n<p>En effet, nous vous rappelons que l&#8217;employeur jouit d&rsquo;une grande libert\u00e9 quand il s&rsquo;agit de la PPV. Celle-ci est <strong>facultative et si l&#8217;employeur d\u00e9cide de la verser, il peut choisir les modalit\u00e9s de versement et les crit\u00e8res d&rsquo;\u00e9ligibilit\u00e9.<\/strong><\/p>\n<p>Ainsi, ces crit\u00e8res peuvent varier en fonction de l&rsquo;entreprise utilisatrice et de l&rsquo;agence d&rsquo;int\u00e9rim.<\/p>\n<h2>Dur\u00e9e de la mission d&rsquo;int\u00e9rim et versement de la prime Macron<\/h2>\n<p data-sourcepos=\"5:1-5:319\"><strong>La dur\u00e9e de la mission d&rsquo;int\u00e9rim peut avoir une influence sur le versement de la prime Macron<\/strong> mais cela n&rsquo;est pas toujours le cas.<\/p>\n<p data-sourcepos=\"7:1-7:448\"><strong>Dans le cas d&rsquo;une mission de courte dur\u00e9e, il est possible que l&rsquo;int\u00e9rimaire ne remplisse pas toutes les conditions requises pour b\u00e9n\u00e9ficier de la prime dans son int\u00e9gralit\u00e9.<\/strong> Par exemple, certains crit\u00e8res d&rsquo;anciennet\u00e9 ou de pr\u00e9sence effective peuvent \u00eatre exig\u00e9s par l&#8217;employeur.<\/p>\n<p data-sourcepos=\"9:1-9:201\">Nous recommandons donc aux int\u00e9rimaires de se renseigner afin de conna\u00eetre les conditions pr\u00e9cises d&rsquo;attribution de la prime Macron et de v\u00e9rifier s&rsquo;ils sont \u00e9ligibles aupr\u00e8s de l&rsquo;entreprise.<\/p>\n<p data-sourcepos=\"9:1-9:201\">De plus, <strong>il est important de noter que c&rsquo;est l&rsquo;agence d&rsquo;int\u00e9rim qui verse la prime \u00e0 ses int\u00e9rimaires selon les conditions de l&rsquo;entreprise.<\/strong><\/p>\n<h2>Renouvellement de mission d&rsquo;int\u00e9rim et PPV<\/h2>\n<p><strong>En r\u00e8gle g\u00e9n\u00e9rale, les p\u00e9riodes d&rsquo;interruption entre deux missions sont prises en compte pour d\u00e9terminer l&rsquo;\u00e9ligibilit\u00e9 \u00e0 la prime et son montant.<\/strong><\/p>\n<p>Vu que chaque entreprise est diff\u00e9rente, nous recommandons aux int\u00e9rimaires de se renseigner aupr\u00e8s de leur entreprises pour conna\u00eetre les crit\u00e8res sp\u00e9cifiques appliqu\u00e9s dans leur cas.<\/p>\n<div class='cta-block'><div class='text'>Simulez vos aides en int\u00e9rim<\/div><a href='https:\/\/www.mes-allocs.fr\/ab-app?origin=guides\/wp-json\/wp\/v2\/posts\/85322' class='app-button fit'>Simulation gratuite<\/a><\/div>\n<h1>Comment est calcul\u00e9 le montant de la prime Macron pour les int\u00e9rimaires ?<\/h1>\n<p>Le montant de la prime Macron peut varier d&rsquo;un salari\u00e9 \u00e0 un autre suivant des crit\u00e8res que l&#8217;employeur peut choisir. Les crit\u00e8res les plus couramment utilis\u00e9s sont ceux que nous vous pr\u00e9sentons ci-dessous.<\/p>\n<h2>Le nombre d&rsquo;heures travaill\u00e9es<\/h2>\n<p><span style=\"font-weight: 400;\"><strong>Le nombre d&rsquo;heures travaill\u00e9es par un int\u00e9rimaire est un crit\u00e8re souvent pris en compte pour d\u00e9terminer le montant de la prime Macron qui lui sera vers\u00e9e.<\/strong><\/span><\/p>\n<p><span style=\"font-weight: 400;\">En effet, la prime peut \u00eatre calcul\u00e9e au prorata du temps de pr\u00e9sence effectif, plus un int\u00e9rimaire a travaill\u00e9, plus son montant de prime sera \u00e9lev\u00e9. Cependant, certaines entreprises peuvent appliquer d&rsquo;autres crit\u00e8res.<\/span><\/p>\n<h2>Les missions effectu\u00e9es<\/h2>\n<p><strong>Le type de missions effectu\u00e9es par un int\u00e9rimaire peut \u00e9galement influencer le montant de la prime Macron qui lui sera vers\u00e9e.<\/strong><\/p>\n<p>En effet, certaines entreprises peuvent appliquer des bonifications suivant les missions effectu\u00e9es et les objectifs atteints. Les missions qualifiantes ou celles r\u00e9alis\u00e9es dans des secteurs d&rsquo;activit\u00e9 \u00e0 risque peuvent \u00eatre de bons exemples.<\/p>\n<h2>La r\u00e9mun\u00e9ration<\/h2>\n<p><strong>Le niveau de r\u00e9mun\u00e9ration d&rsquo;un int\u00e9rimaire peut \u00e9galement influencer le montant de la prime Macron qui lui sera vers\u00e9e.<\/strong><\/p>\n<p>Certaines entreprises peuvent faire varier le montant de la prime en fonction de la r\u00e9mun\u00e9ration de l&rsquo;int\u00e9rimaire. Par exemple, un plafond de r\u00e9mun\u00e9ration peut \u00eatre fix\u00e9 au-del\u00e0 duquel l&rsquo;int\u00e9rimaire ne b\u00e9n\u00e9ficierait plus de la prime.<\/p>\n<p><iframe loading=\"lazy\" title=\"La prime de partage de la valeur (prime Macron)\" width=\"500\" height=\"281\" src=\"https:\/\/www.youtube.com\/embed\/BZDkfkZcuAA?feature=oembed\" frameborder=\"0\" allow=\"accelerometer; autoplay; clipboard-write; encrypted-media; gyroscope; picture-in-picture; web-share\" referrerpolicy=\"strict-origin-when-cross-origin\" allowfullscreen><\/iframe><\/p>\n<h1>Comment la prime Macron est-elle vers\u00e9e aux int\u00e9rimaires ?<\/h1>\n<h2>Les modalit\u00e9s de versement<\/h2>\n<p><span style=\"font-weight: 400;\">Les modalit\u00e9s de versement de la prime Macron aux int\u00e9rimaires peuvent varier d&rsquo;une entreprise \u00e0 l&rsquo;autre et d&rsquo;une agence d&rsquo;int\u00e9rim \u00e0 l&rsquo;autre. <strong>G\u00e9n\u00e9ralement, c&rsquo;est l&rsquo;agence d&rsquo;int\u00e9rim qui se charge de verser la prime \u00e0 ses int\u00e9rimaires,<\/strong> en se basant sur les informations fournies par l&rsquo;entreprise dite utilisatrice. Le versement peut \u00eatre effectu\u00e9 en m\u00eame temps que le salaire habituel, ou de mani\u00e8re distincte. <strong>La prime peut \u00eatre vers\u00e9e en une seule fois ou \u00e9tal\u00e9e sur plusieurs mois.<\/strong><\/span><\/p>\n<h2>Puis-je b\u00e9n\u00e9ficier de la prime si je travaille pour plusieurs agences d&rsquo;int\u00e9rim ?<\/h2>\n<p><strong>En th\u00e9orie, il est possible de cumuler plusieurs primes Macron si l&rsquo;on travaille pour diff\u00e9rentes agences, \u00e0 condition de remplir les crit\u00e8res d&rsquo;\u00e9ligibilit\u00e9 de chacune d&rsquo;elles.<\/strong> Cependant, il est possible que les r\u00e8gles fiscales et sociales relatives au cumul de plusieurs primes soient complexes.<\/p>\n<p><strong>Nous vous recommandons de vous renseigner aupr\u00e8s de chaque entreprise concern\u00e9e et des entreprises dans lesquelles vous travaillez.<\/strong><\/p>\n<h1>Prime Macron en int\u00e9rim : quels recours si vous ne l&rsquo;avez pas re\u00e7ue ?<\/h1>\n<p>Si vous \u00eates un int\u00e9rimaire et que vous pensez avoir droit \u00e0 la prime Macron mais que vous ne l&rsquo;avez pas per\u00e7ue, plusieurs recours s&rsquo;offrent \u00e0 vous.<\/p>\n<p><strong>Tout d&rsquo;abord, nous vous conseillons de contacter votre agence d&rsquo;int\u00e9rim et votre entreprise<\/strong> pour comprendre les raisons de ce non-versement et v\u00e9rifier si vous remplissez bien toutes les conditions d&rsquo;\u00e9ligibilit\u00e9.<\/p>\n<p>Si vous ne parvenez pas \u00e0 obtenir une r\u00e9ponse satisfaisante \u00e0 l&rsquo;amiable, vous pouvez <strong>saisir le conseil des prud&rsquo;hommes<\/strong>.<\/p>\n<p><strong>Enfin, vous pouvez aussi saisir l&rsquo;inspection du travail<\/strong> si vous suspectez une infraction au code du travail. L&rsquo;inspection du travail pourra mener une enqu\u00eate et prendre les mesures n\u00e9cessaires pour faire respecter vos droits.<\/p>\n<p>Vous \u00eates embauch\u00e9 dans l&rsquo;entreprise pour une dur\u00e9e d\u00e9termin\u00e9e ? D\u00e9couvrez les conditions pour percevoir la <a href=\"https:\/\/www.mes-allocs.fr\/guides\/prime-macron\/prime-macron-conditions\/prime-macron-cdd\/\">prime Macron en CDD<\/a>\u00a0!<\/p>\n<div class='cta-block'><div class='text'>Simulez vos aides en int\u00e9rim<\/div><a href='https:\/\/www.mes-allocs.fr\/ab-app?origin=guides\/wp-json\/wp\/v2\/posts\/85322' class='app-button fit'>Simulation gratuite<\/a><\/div>\n","protected":false},"excerpt":{"rendered":"<p>La prime Macron, ou prime de partage de la valeur (PPV), a \u00e9t\u00e9 instaur\u00e9e pour revaloriser le pouvoir d&rsquo;achat des salari\u00e9s. La PPV a toujours suscit\u00e9 de nombreuses questions. Tous les salari\u00e9s peuvent-ils pr\u00e9tendre \u00e0 la prime Macron ? La prime Macron en int\u00e9rim est-elle possible\u00a0?\u00a0Dans cet article, on r\u00e9pond \u00e0 toutes vos questions. La [&hellip;]<\/p>\n","protected":false},"author":30,"featured_media":85340,"comment_status":"open","ping_status":"open","sticky":false,"template":"","format":"standard","meta":{"amp_status":"","footnotes":""},"categories":[40090,40507],"tags":[],"class_list":["post-85322","post","type-post","status-publish","format-standard","has-post-thumbnail","hentry","category-prime-macron","category-prime-macron-conditions"],"yoast_head":"<!-- This site is optimized with the Yoast SEO plugin v14.9 - https:\/\/yoast.com\/wordpress\/plugins\/seo\/ -->\n<title>A-t-on droit \u00e0 la prime Macron en int\u00e9rim ? | Mes-Allocs.fr<\/title>\n<meta name=\"description\" content=\"La prime Macron est une aide vers\u00e9e aux salari\u00e9s. Mais est-elle vers\u00e9e aux personnes qui sont en int\u00e9rim ? On vous dit tout !\" \/>\n<meta name=\"robots\" content=\"index, follow, max-snippet:-1, max-image-preview:large, max-video-preview:-1\" \/>\n<link rel=\"canonical\" href=\"https:\/\/www.mes-allocs.fr\/guides\/prime-macron\/prime-macron-conditions\/prime-macron-interim\/\" \/>\n<meta property=\"og:locale\" content=\"fr_FR\" \/>\n<meta property=\"og:type\" content=\"article\" \/>\n<meta property=\"og:title\" content=\"A-t-on droit \u00e0 la prime Macron en int\u00e9rim ? | Mes-Allocs.fr\" \/>\n<meta property=\"og:description\" content=\"La prime Macron est une aide vers\u00e9e aux salari\u00e9s. Mais est-elle vers\u00e9e aux personnes qui sont en int\u00e9rim ? On vous dit tout !\" \/>\n<meta property=\"og:url\" content=\"https:\/\/www.mes-allocs.fr\/guides\/prime-macron\/prime-macron-conditions\/prime-macron-interim\/\" \/>\n<meta property=\"og:site_name\" content=\"Mes-Allocs.fr\" \/>\n<meta property=\"article:published_time\" content=\"2024-11-13T17:02:57+00:00\" \/>\n<meta property=\"article:modified_time\" content=\"2026-04-22T09:51:16+00:00\" \/>\n<meta property=\"og:image\" content=\"https:\/\/www.mes-allocs.fr\/guides\/wp-content\/uploads\/2024\/11\/prime-macron-interim.jpg?wsr\" \/>\n\t<meta property=\"og:image:width\" content=\"1280\" \/>\n\t<meta property=\"og:image:height\" content=\"853\" \/>\n<meta name=\"twitter:card\" content=\"summary_large_image\" \/>\n<script type=\"application\/ld+json\" class=\"yoast-schema-graph\">{\"@context\":\"https:\/\/schema.org\",\"@graph\":[{\"@type\":\"WebSite\",\"@id\":\"https:\/\/www.mes-allocs.fr\/guides\/#website\",\"url\":\"https:\/\/www.mes-allocs.fr\/guides\/\",\"name\":\"Mes-Allocs.fr\",\"description\":\"\",\"potentialAction\":[{\"@type\":\"SearchAction\",\"target\":\"https:\/\/www.mes-allocs.fr\/guides\/?s={search_term_string}\",\"query-input\":\"required name=search_term_string\"}],\"inLanguage\":\"fr-FR\"},{\"@type\":\"ImageObject\",\"@id\":\"https:\/\/www.mes-allocs.fr\/guides\/prime-macron\/prime-macron-conditions\/prime-macron-interim\/#primaryimage\",\"inLanguage\":\"fr-FR\",\"url\":\"https:\/\/www.mes-allocs.fr\/guides\/wp-content\/uploads\/2024\/11\/prime-macron-interim.jpg?wsr\",\"width\":1280,\"height\":853,\"caption\":\"prime macron interim\"},{\"@type\":\"WebPage\",\"@id\":\"https:\/\/www.mes-allocs.fr\/guides\/prime-macron\/prime-macron-conditions\/prime-macron-interim\/#webpage\",\"url\":\"https:\/\/www.mes-allocs.fr\/guides\/prime-macron\/prime-macron-conditions\/prime-macron-interim\/\",\"name\":\"A-t-on droit \\u00e0 la prime Macron en int\\u00e9rim ? | Mes-Allocs.fr\",\"isPartOf\":{\"@id\":\"https:\/\/www.mes-allocs.fr\/guides\/#website\"},\"primaryImageOfPage\":{\"@id\":\"https:\/\/www.mes-allocs.fr\/guides\/prime-macron\/prime-macron-conditions\/prime-macron-interim\/#primaryimage\"},\"datePublished\":\"2024-11-13T17:02:57+00:00\",\"dateModified\":\"2026-04-22T09:51:16+00:00\",\"author\":{\"@id\":\"https:\/\/www.mes-allocs.fr\/guides\/#\/schema\/person\/66505fe443d6e6f3696c5af001f3fab8\"},\"description\":\"La prime Macron est une aide vers\\u00e9e aux salari\\u00e9s. Mais est-elle vers\\u00e9e aux personnes qui sont en int\\u00e9rim ? On vous dit tout !\",\"inLanguage\":\"fr-FR\"},{\"@type\":\"Person\",\"@id\":\"https:\/\/www.mes-allocs.fr\/guides\/#\/schema\/person\/66505fe443d6e6f3696c5af001f3fab8\",\"name\":\"Lauriane Oriol\",\"image\":{\"@type\":\"ImageObject\",\"@id\":\"https:\/\/www.mes-allocs.fr\/guides\/#personlogo\",\"inLanguage\":\"fr-FR\",\"url\":\"https:\/\/www.mes-allocs.fr\/guides\/wp-content\/uploads\/2024\/10\/1702589802731-1-150x150.jpeg\",\"caption\":\"Lauriane Oriol\"},\"description\":\"Lauriane est r\\u00e9dactrice chez Mes Allocs. Sp\\u00e9cialiste des d\\u00e9marches administratives, elle rejoint Mes Allocs apr\\u00e8s une premi\\u00e8re exp\\u00e9rience en marketing et communication.\"}]}<\/script>\n<!-- \/ Yoast SEO plugin. -->","amp_validity":null,"acf":{"faq":{"1":{"question":"Qui verse la prime Macron aux int\u00e9rimaires ?","answer":"C'est l'agence int\u00e9rimaire dans laquelle se trouve l'employ\u00e9 qui verse la prime Macron."},"2":{"question":"Qui a le droit \u00e0 la prime de Macron ?","answer":"Les salari\u00e9s d'une entreprise qui a choisi de verser la prime."},"3":{"question":"Comment savoir si j'ai le droit \u00e0 la prime Macron ?","answer":"Vous pouvez directement demander \u00e0 votre employeur."},"4":{"question":"Qui est exclu de la prime Macron ?","answer":"Les stagiaires n'ont malheureusement pas le droit \u00e0 la prime Macron."},"5":{"question":"","answer":""},"6":{"question":"","answer":""},"7":{"question":"","answer":""},"8":{"question":"","answer":""},"9":{"question":"","answer":""},"10":{"question":"","answer":""},"11":{"question":"","answer":""},"12":{"question":"","answer":""},"13":{"question":"","answer":""},"14":{"question":"","answer":""},"15":{"question":"","answer":""},"16":{"question":"","answer":""}}},"_links":{"self":[{"href":"https:\/\/www.mes-allocs.fr\/guides\/wp-json\/wp\/v2\/posts\/85322","targetHints":{"allow":["GET"]}}],"collection":[{"href":"https:\/\/www.mes-allocs.fr\/guides\/wp-json\/wp\/v2\/posts"}],"about":[{"href":"https:\/\/www.mes-allocs.fr\/guides\/wp-json\/wp\/v2\/types\/post"}],"author":[{"embeddable":true,"href":"https:\/\/www.mes-allocs.fr\/guides\/wp-json\/wp\/v2\/users\/30"}],"replies":[{"embeddable":true,"href":"https:\/\/www.mes-allocs.fr\/guides\/wp-json\/wp\/v2\/comments?post=85322"}],"version-history":[{"count":11,"href":"https:\/\/www.mes-allocs.fr\/guides\/wp-json\/wp\/v2\/posts\/85322\/revisions"}],"predecessor-version":[{"id":106008,"href":"https:\/\/www.mes-allocs.fr\/guides\/wp-json\/wp\/v2\/posts\/85322\/revisions\/106008"}],"wp:featuredmedia":[{"embeddable":true,"href":"https:\/\/www.mes-allocs.fr\/guides\/wp-json\/wp\/v2\/media\/85340"}],"wp:attachment":[{"href":"https:\/\/www.mes-allocs.fr\/guides\/wp-json\/wp\/v2\/media?parent=85322"}],"wp:term":[{"taxonomy":"category","embeddable":true,"href":"https:\/\/www.mes-allocs.fr\/guides\/wp-json\/wp\/v2\/categories?post=85322"},{"taxonomy":"post_tag","embeddable":true,"href":"https:\/\/www.mes-allocs.fr\/guides\/wp-json\/wp\/v2\/tags?post=85322"}],"curies":[{"name":"wp","href":"https:\/\/api.w.org\/{rel}","templated":true}]}}