{"id":85321,"date":"2024-11-13T19:05:07","date_gmt":"2024-11-13T17:05:07","guid":{"rendered":"https:\/\/www.mes-allocs.fr\/guides\/?p=85321"},"modified":"2026-04-22T10:51:16","modified_gmt":"2026-04-22T09:51:16","slug":"prime-macron-arret-maladie-longue-duree","status":"publish","type":"post","link":"https:\/\/www.mes-allocs.fr\/guides\/prime-macron\/prime-macron-conditions\/prime-macron-arret-maladie-longue-duree\/","title":{"rendered":"Peut-on b\u00e9n\u00e9ficier de la PPV quand on est en arr\u00eat maladie ?"},"content":{"rendered":"<p><img loading=\"lazy\" decoding=\"async\" class=\"alignnone wp-image-85338 size-full\" title=\"prime macron arret maladie longue duree\" src=\"https:\/\/www.mes-allocs.fr\/guides\/wp-content\/uploads\/2024\/11\/prime-macron-arret-maladie-longue-duree-e1731488011897.jpg\" alt=\"prime macron arret maladie longue duree\" width=\"1280\" height=\"336\" \/><\/p>\n<p>La <a href=\"https:\/\/www.mes-allocs.fr\/guides\/prime-macron\/\">prime Macron<\/a>, ou prime de partage de la valeur (PPV), a \u00e9t\u00e9 instaur\u00e9e pour revaloriser le pouvoir d&rsquo;achat des salari\u00e9s. Mais que se passe-t-il lorsqu&rsquo;un salari\u00e9 est en arr\u00eat maladie au moment du versement de cette prime ? A-t-il droit \u00e0 la PPV ? Un employ\u00e9 qui est en <strong>arr\u00eat maladie longue dur\u00e9e a-t-il droit \u00e0 la prime Macron<\/strong> ?\u00a0Dans cet article, on r\u00e9pond \u00e0 toutes vos questions.<\/p>\n<div class='cta-block'><div class='text'>Simulez toutes vos aides en 2 min.<\/div><a href='https:\/\/www.mes-allocs.fr\/ab-app?origin=guides\/wp-json\/wp\/v2\/posts\/85321' class='app-button fit'>Simulation gratuite<\/a><\/div>\n<h1>La prime Macron et les arr\u00eats maladie de longue dur\u00e9e<\/h1>\n<h2>Qu&rsquo;est-ce que la prime Macron ?<\/h2>\n<p>La <strong>prime de partage de la valeur (PPV)<\/strong>, anciennement appel\u00e9e prime Macron, est un dispositif qui a \u00e9t\u00e9 mis en place par le gouvernement pour permettre aux entreprises de verser une prime exceptionnelle \u00e0 leurs employ\u00e9s. Mais attention, toutes les entreprises ne peuvent pas la verser. En effet, les <a href=\"https:\/\/www.mes-allocs.fr\/guides\/prime-macron\/prime-macron-conditions\/\">conditions d\u2019attribution de la prime Macron<\/a> sont tr\u00e8s pr\u00e9cises et encadr\u00e9es par la loi.<\/p>\n<p>La prime Macron est exon\u00e9r\u00e9e d&rsquo;imp\u00f4t sur le revenu et de cotisations sociales sous certaines conditions. Gr\u00e2ce \u00e0 cet avantage, elle vise \u00e0 revaloriser le pouvoir d&rsquo;achat des employ\u00e9s. En effet, sous certaines conditions, la prime Macron est exon\u00e9r\u00e9e d&rsquo;imp\u00f4t sur le revenu, de cotisations salariales et de contributions sociales (CSG, CRDS). Cela signifie que le montant int\u00e9gral de la prime est vers\u00e9 au salari\u00e9 sans retenue (le brut est \u00e9gal au net).<\/p>\n<p>De plus, il existe un plafond annuel par b\u00e9n\u00e9ficiaire. Celui-ci est fix\u00e9 \u00e0 3 000 \u20ac mais il peut \u00eatre port\u00e9 \u00e0 6 000 euros si l&rsquo;entreprise met en place un plan d&rsquo;int\u00e9ressement.<\/p>\n<p>D\u00e8s le d\u00e9but de l&rsquo;ann\u00e9e 2025, les entreprises de 11 \u00e0 49 salari\u00e9s qui ont d\u00e9gag\u00e9 des b\u00e9n\u00e9fices d&rsquo;au moins 1 % pendant trois ans d&rsquo;affil\u00e9e devront mettre en place un syst\u00e8me de partage de la valeur avec leurs employ\u00e9s. L&rsquo;objectif est de simplifier les dispositifs actuels et de mieux s&rsquo;adapter aux attentes des salari\u00e9s comme des employeurs.<\/p>\n<h2>Est-ce qu&rsquo;on est \u00e9ligible \u00e0 la PPV pendant un arr\u00eat maladie ?<\/h2>\n<p><strong>En principe, un employ\u00e9 qui est en arr\u00eat maladie conserve son droit de b\u00e9n\u00e9ficier de la PPV, quelle que soit la nature de cet arr\u00eat (maladie professionnelle, accident du travail ou maladie ordinaire).<\/strong><\/p>\n<p>En effet, la PPV est g\u00e9n\u00e9ralement calcul\u00e9e sur une p\u00e9riode pr\u00e9d\u00e9finie par l&#8217;employeur. Donc l&rsquo;arr\u00eat maladie, en lui-m\u00eame, ne modifie pas l&rsquo;\u00e9ligibilit\u00e9 \u00e0 la prime de partage de la valeur.<\/p>\n<p><strong>Cependant,<\/strong> nous ne pouvons apporter une r\u00e9ponse cat\u00e9gorique surtout dans le cas d&rsquo;un arr\u00eat de longue dur\u00e9e. En effet, la PPV d\u00e9pend totalement des modalit\u00e9s d\u00e9finies dans l&rsquo;accord d&rsquo;entreprise ou par l&#8217;employeur. De plus, les arr\u00eats maladie ne sont pas consid\u00e9r\u00e9s comme du temps de pr\u00e9sence effectif. Ainsi, si vous avez \u00e9t\u00e9 en arr\u00eat maladie, <strong>l\u2019employeur peut en tenir compte ou non pour le calcul de votre montant<\/strong>.<\/p>\n<p>Nous vous recommandons de consulter l&rsquo;accord d&rsquo;entreprise, de vous renseigner aupr\u00e8s de son employeur ou des repr\u00e9sentants du personnel pour obtenir des informations sur votre cas particulier.<\/p>\n<h2>Dur\u00e9e de l&rsquo;arr\u00eat maladie et versement et versement de la prime Macron<\/h2>\n<p><strong>La prime Macron est tr\u00e8s souvent calcul\u00e9e sur une p\u00e9riode donn\u00e9e, <\/strong>un grand nombre d&rsquo;entreprises se base sur les 12 derniers mois.<\/p>\n<p>Dans ce cas, un arr\u00eat maladie de courte dur\u00e9e n&rsquo;aura pas forc\u00e9ment d&rsquo;impact sur le montant de la prime. En revanche, comme nous l&rsquo;avons \u00e9voqu\u00e9, un arr\u00eat maladie de longue dur\u00e9e peut amener l&#8217;employeur \u00e0 moduler le montant de la prime. En effet, la pr\u00e9sence effective est un crit\u00e8re souvent choisi par les employeurs pour calculer les montants.<\/p>\n<h2>Retour \u00e0 l&#8217;emploi apr\u00e8s un arr\u00eat maladie<\/h2>\n<p><strong>Si un salari\u00e9 reprend son poste apr\u00e8s avoir \u00e9t\u00e9 en arr\u00eat maladie pendant une partie de la p\u00e9riode de r\u00e9f\u00e9rence pour le calcul de la prime, celle-ci peut \u00eatre recalcul\u00e9e.<\/strong><\/p>\n<p>Les modalit\u00e9s de ce calcul varient en fonction des accords d&rsquo;entreprise<strong>.<\/strong> Ce qui veut dire que si un employ\u00e9 a \u00e9t\u00e9 absent pendant plusieurs mois, il pourrait voir le montant de sa prime diminu\u00e9.<\/p>\n<p>Mais il est important de noter que rien n&rsquo;est pas syst\u00e9matique, d&rsquo;autres modalit\u00e9s peuvent \u00eatre appliqu\u00e9es. Tout d\u00e9pend de l&rsquo;entreprise dans laquelle vous travaillez. En effet, il est possible que certaines entreprises pr\u00e9voient un maintien int\u00e9gral de la prime, m\u00eame en cas d&rsquo;arr\u00eat maladie de longue dur\u00e9e.<\/p>\n<p><strong>Nous conseillons donc encore de consulter l&rsquo;accord d&rsquo;entreprise, de vous renseigner aupr\u00e8s de votre employeur ou des repr\u00e9sentants du personnel (comme le CSE) pour conna\u00eetre les modalit\u00e9s sp\u00e9cifiques de votre situation.<\/strong><\/p>\n<p><iframe loading=\"lazy\" title=\"La prime de partage de la valeur (prime Macron)\" width=\"500\" height=\"281\" src=\"https:\/\/www.youtube.com\/embed\/BZDkfkZcuAA?feature=oembed\" frameborder=\"0\" allow=\"accelerometer; autoplay; clipboard-write; encrypted-media; gyroscope; picture-in-picture; web-share\" referrerpolicy=\"strict-origin-when-cross-origin\" allowfullscreen><\/iframe><\/p>\n<h1>Prime PPV et arr\u00eat maladie : comment est calcul\u00e9 le montant ?<\/h1>\n<p data-sourcepos=\"5:1-5:1065\">Le calcul du montant de la prime de partage de la valeur pour un employ\u00e9 en arr\u00eat maladie peut varier consid\u00e9rablement selon les entreprises.<\/p>\n<p data-sourcepos=\"5:1-5:1065\"><strong>En effet, c&rsquo;est l&#8217;employeur, en accord avec les repr\u00e9sentants du personnel, qui d\u00e9finit les modalit\u00e9s de calcul de cette prime dans le cas d&rsquo;un arr\u00eat maladie.<\/strong><\/p>\n<p data-sourcepos=\"5:1-5:1065\">Bien que la loi ne fixe pas de r\u00e8gles strictes pour le calcul du montant de la prime Macron, certains crit\u00e8res sont fr\u00e9quemment utilis\u00e9s pour d\u00e9terminer le montant de la PPV. Ces crit\u00e8res sont les suivants :<\/p>\n<ul>\n<li data-sourcepos=\"5:1-5:1065\">L&rsquo;anciennet\u00e9<\/li>\n<li data-sourcepos=\"5:1-5:1065\"><strong>Le temps de pr\u00e9sence effectif<\/strong><\/li>\n<li data-sourcepos=\"5:1-5:1065\">Le r\u00f4le occup\u00e9 dans l&rsquo;entreprise<\/li>\n<li data-sourcepos=\"5:1-5:1065\">La performance individuelle<\/li>\n<li data-sourcepos=\"5:1-5:1065\">Etc.<\/li>\n<\/ul>\n<p><strong>Pour un employ\u00e9 en arr\u00eat maladie, l&#8217;employeur peut d\u00e9cider de modifier le montant de la prime de partage de la valeur en fonction de la dur\u00e9e de son absence.<\/strong> Ainsi, un arr\u00eat maladie de longue dur\u00e9e peut entra\u00eener une diminution du montant de la PPV.<\/p>\n<p>Encore une fois, les arr\u00eats maladies sont des sujets complexes pour la PPV, il est donc essentiel de consulter l&rsquo;accord d&rsquo;entreprise ou de vous renseigner aupr\u00e8s de votre employeur pour conna\u00eetre les modalit\u00e9s de calcul sp\u00e9cifiques appliqu\u00e9es dans votre entreprise.<\/p>\n<div class='cta-block'><div class='text'>Simulez toutes vos aides en 2 min.<\/div><a href='https:\/\/www.mes-allocs.fr\/ab-app?origin=guides\/wp-json\/wp\/v2\/posts\/85321' class='app-button fit'>Simulation gratuite<\/a><\/div>\n<h1>Comment la prime Macron est-elle vers\u00e9e aux salari\u00e9s en arr\u00eat maladie ?<\/h1>\n<p>Le versement de la prime Macron \u00e0 un salari\u00e9 en arr\u00eat maladie suit g\u00e9n\u00e9ralement les m\u00eames modalit\u00e9s que pour les salari\u00e9s en activit\u00e9. <strong>C&rsquo;est l&#8217;employeur qui se charge du versement de cette prime.<\/strong><\/p>\n<p>Le mode de versement peut varier d&rsquo;une entreprise \u00e0 l&rsquo;autre, en effet, il peut \u00eatre :<\/p>\n<ul>\n<li>Int\u00e9gr\u00e9 au salaire mensuel<\/li>\n<li>Vers\u00e9 par virement bancaire<\/li>\n<\/ul>\n<div class='cta-block'><div class='text'>Simulez toutes vos aides en 2 min.<\/div><a href='https:\/\/www.mes-allocs.fr\/ab-app?origin=guides\/wp-json\/wp\/v2\/posts\/85321' class='app-button fit'>Simulation gratuite<\/a><\/div>\n","protected":false},"excerpt":{"rendered":"<p>La prime Macron, ou prime de partage de la valeur (PPV), a \u00e9t\u00e9 instaur\u00e9e pour revaloriser le pouvoir d&rsquo;achat des salari\u00e9s. Mais que se passe-t-il lorsqu&rsquo;un salari\u00e9 est en arr\u00eat maladie au moment du versement de cette prime ? A-t-il droit \u00e0 la PPV ? Un employ\u00e9 qui est en arr\u00eat maladie longue dur\u00e9e a-t-il [&hellip;]<\/p>\n","protected":false},"author":30,"featured_media":85338,"comment_status":"open","ping_status":"open","sticky":false,"template":"","format":"standard","meta":{"amp_status":"","footnotes":""},"categories":[40090,40507],"tags":[],"class_list":["post-85321","post","type-post","status-publish","format-standard","has-post-thumbnail","hentry","category-prime-macron","category-prime-macron-conditions"],"yoast_head":"<!-- This site is optimized with the Yoast SEO plugin v14.9 - https:\/\/yoast.com\/wordpress\/plugins\/seo\/ -->\n<title>A-t-on droit \u00e0 la Prime Macron en arr\u00eat maladie longue dur\u00e9e (ALD) ?<\/title>\n<meta name=\"description\" content=\"La prime Macron est une aide vers\u00e9e aux salari\u00e9s. Mais lorsqu&#039;on est en arr\u00eat maladie longue dur\u00e9e, est-ce qu&#039;on y a droit ? On vous r\u00e9pond !\" \/>\n<meta name=\"robots\" content=\"index, follow, max-snippet:-1, max-image-preview:large, max-video-preview:-1\" \/>\n<link rel=\"canonical\" href=\"https:\/\/www.mes-allocs.fr\/guides\/prime-macron\/prime-macron-conditions\/prime-macron-arret-maladie-longue-duree\/\" \/>\n<meta property=\"og:locale\" content=\"fr_FR\" \/>\n<meta property=\"og:type\" content=\"article\" \/>\n<meta property=\"og:title\" content=\"A-t-on droit \u00e0 la Prime Macron en arr\u00eat maladie longue dur\u00e9e (ALD) ?\" \/>\n<meta property=\"og:description\" content=\"La prime Macron est une aide vers\u00e9e aux salari\u00e9s. Mais lorsqu&#039;on est en arr\u00eat maladie longue dur\u00e9e, est-ce qu&#039;on y a droit ? On vous r\u00e9pond !\" \/>\n<meta property=\"og:url\" content=\"https:\/\/www.mes-allocs.fr\/guides\/prime-macron\/prime-macron-conditions\/prime-macron-arret-maladie-longue-duree\/\" \/>\n<meta property=\"og:site_name\" content=\"Mes-Allocs.fr\" \/>\n<meta property=\"article:published_time\" content=\"2024-11-13T17:05:07+00:00\" \/>\n<meta property=\"article:modified_time\" content=\"2026-04-22T09:51:16+00:00\" \/>\n<meta property=\"og:image\" content=\"https:\/\/www.mes-allocs.fr\/guides\/wp-content\/uploads\/2024\/11\/prime-macron-arret-maladie-longue-duree.jpg?wsr\" \/>\n\t<meta property=\"og:image:width\" content=\"1280\" \/>\n\t<meta property=\"og:image:height\" content=\"853\" \/>\n<meta name=\"twitter:card\" content=\"summary_large_image\" \/>\n<script type=\"application\/ld+json\" class=\"yoast-schema-graph\">{\"@context\":\"https:\/\/schema.org\",\"@graph\":[{\"@type\":\"WebSite\",\"@id\":\"https:\/\/www.mes-allocs.fr\/guides\/#website\",\"url\":\"https:\/\/www.mes-allocs.fr\/guides\/\",\"name\":\"Mes-Allocs.fr\",\"description\":\"\",\"potentialAction\":[{\"@type\":\"SearchAction\",\"target\":\"https:\/\/www.mes-allocs.fr\/guides\/?s={search_term_string}\",\"query-input\":\"required name=search_term_string\"}],\"inLanguage\":\"fr-FR\"},{\"@type\":\"ImageObject\",\"@id\":\"https:\/\/www.mes-allocs.fr\/guides\/prime-macron\/prime-macron-conditions\/prime-macron-arret-maladie-longue-duree\/#primaryimage\",\"inLanguage\":\"fr-FR\",\"url\":\"https:\/\/www.mes-allocs.fr\/guides\/wp-content\/uploads\/2024\/11\/prime-macron-arret-maladie-longue-duree.jpg?wsr\",\"width\":1280,\"height\":853,\"caption\":\"prime macron arret maladie longue duree\"},{\"@type\":\"WebPage\",\"@id\":\"https:\/\/www.mes-allocs.fr\/guides\/prime-macron\/prime-macron-conditions\/prime-macron-arret-maladie-longue-duree\/#webpage\",\"url\":\"https:\/\/www.mes-allocs.fr\/guides\/prime-macron\/prime-macron-conditions\/prime-macron-arret-maladie-longue-duree\/\",\"name\":\"A-t-on droit \\u00e0 la Prime Macron en arr\\u00eat maladie longue dur\\u00e9e (ALD) ?\",\"isPartOf\":{\"@id\":\"https:\/\/www.mes-allocs.fr\/guides\/#website\"},\"primaryImageOfPage\":{\"@id\":\"https:\/\/www.mes-allocs.fr\/guides\/prime-macron\/prime-macron-conditions\/prime-macron-arret-maladie-longue-duree\/#primaryimage\"},\"datePublished\":\"2024-11-13T17:05:07+00:00\",\"dateModified\":\"2026-04-22T09:51:16+00:00\",\"author\":{\"@id\":\"https:\/\/www.mes-allocs.fr\/guides\/#\/schema\/person\/66505fe443d6e6f3696c5af001f3fab8\"},\"description\":\"La prime Macron est une aide vers\\u00e9e aux salari\\u00e9s. Mais lorsqu'on est en arr\\u00eat maladie longue dur\\u00e9e, est-ce qu'on y a droit ? On vous r\\u00e9pond !\",\"inLanguage\":\"fr-FR\"},{\"@type\":\"Person\",\"@id\":\"https:\/\/www.mes-allocs.fr\/guides\/#\/schema\/person\/66505fe443d6e6f3696c5af001f3fab8\",\"name\":\"Lauriane Oriol\",\"image\":{\"@type\":\"ImageObject\",\"@id\":\"https:\/\/www.mes-allocs.fr\/guides\/#personlogo\",\"inLanguage\":\"fr-FR\",\"url\":\"https:\/\/www.mes-allocs.fr\/guides\/wp-content\/uploads\/2024\/10\/1702589802731-1-150x150.jpeg\",\"caption\":\"Lauriane Oriol\"},\"description\":\"Lauriane est r\\u00e9dactrice chez Mes Allocs. Sp\\u00e9cialiste des d\\u00e9marches administratives, elle rejoint Mes Allocs apr\\u00e8s une premi\\u00e8re exp\\u00e9rience en marketing et communication.\"}]}<\/script>\n<!-- \/ Yoast SEO plugin. -->","amp_validity":null,"acf":{"faq":{"1":{"question":"Est-ce que je perd mes primes en arr\u00eat maladie ?","answer":"Les primes peuvent \u00eatre supprim\u00e9es ou r\u00e9duites en cas d'absence pour maladie si elles sont li\u00e9es \u00e0 la pr\u00e9sence continue ou effective du salari\u00e9."},"2":{"question":"Qui est exclu de la prime Macron ?","answer":"Les stagiaires n'ont malheureusement pas droit \u00e0 la prime Macron."},"3":{"question":"Est-ce que les arr\u00eats maladie repoussent la retraite ?","answer":"Les arr\u00eats maladie de courte dur\u00e9e n'ont pas de cons\u00e9quence sur le calcul de vos droits \u00e0 la retraite."},"4":{"question":"Quels sont les avantages d'\u00eatre en longue maladie ?","answer":"La reconnaissance en affection de longue dur\u00e9e (ALD) de votre maladie permet un remboursement \u00e0 100 % (dans la limite du plafond de remboursement) de vos soins et traitements en lien avec votre maladie."},"5":{"question":"","answer":""},"6":{"question":"","answer":""},"7":{"question":"","answer":""},"8":{"question":"","answer":""},"9":{"question":"","answer":""},"10":{"question":"","answer":""},"11":{"question":"","answer":""},"12":{"question":"","answer":""},"13":{"question":"","answer":""},"14":{"question":"","answer":""},"15":{"question":"","answer":""},"16":{"question":"","answer":""}}},"_links":{"self":[{"href":"https:\/\/www.mes-allocs.fr\/guides\/wp-json\/wp\/v2\/posts\/85321","targetHints":{"allow":["GET"]}}],"collection":[{"href":"https:\/\/www.mes-allocs.fr\/guides\/wp-json\/wp\/v2\/posts"}],"about":[{"href":"https:\/\/www.mes-allocs.fr\/guides\/wp-json\/wp\/v2\/types\/post"}],"author":[{"embeddable":true,"href":"https:\/\/www.mes-allocs.fr\/guides\/wp-json\/wp\/v2\/users\/30"}],"replies":[{"embeddable":true,"href":"https:\/\/www.mes-allocs.fr\/guides\/wp-json\/wp\/v2\/comments?post=85321"}],"version-history":[{"count":14,"href":"https:\/\/www.mes-allocs.fr\/guides\/wp-json\/wp\/v2\/posts\/85321\/revisions"}],"predecessor-version":[{"id":106011,"href":"https:\/\/www.mes-allocs.fr\/guides\/wp-json\/wp\/v2\/posts\/85321\/revisions\/106011"}],"wp:featuredmedia":[{"embeddable":true,"href":"https:\/\/www.mes-allocs.fr\/guides\/wp-json\/wp\/v2\/media\/85338"}],"wp:attachment":[{"href":"https:\/\/www.mes-allocs.fr\/guides\/wp-json\/wp\/v2\/media?parent=85321"}],"wp:term":[{"taxonomy":"category","embeddable":true,"href":"https:\/\/www.mes-allocs.fr\/guides\/wp-json\/wp\/v2\/categories?post=85321"},{"taxonomy":"post_tag","embeddable":true,"href":"https:\/\/www.mes-allocs.fr\/guides\/wp-json\/wp\/v2\/tags?post=85321"}],"curies":[{"name":"wp","href":"https:\/\/api.w.org\/{rel}","templated":true}]}}