{"id":85320,"date":"2024-11-13T19:00:11","date_gmt":"2024-11-13T17:00:11","guid":{"rendered":"https:\/\/www.mes-allocs.fr\/guides\/?p=85320"},"modified":"2026-04-22T10:51:16","modified_gmt":"2026-04-22T09:51:16","slug":"prime-macron-cdd","status":"publish","type":"post","link":"https:\/\/www.mes-allocs.fr\/guides\/prime-macron\/prime-macron-conditions\/prime-macron-cdd\/","title":{"rendered":"Prime Macron CDD : conditions et montant"},"content":{"rendered":"<p><img loading=\"lazy\" decoding=\"async\" class=\"alignnone wp-image-85336 size-full\" title=\"prime macron cdd\" src=\"https:\/\/www.mes-allocs.fr\/guides\/wp-content\/uploads\/2024\/11\/prime-macron-cdd-e1731487945111.jpg\" alt=\"prime macron cdd\" width=\"1280\" height=\"336\" \/><\/p>\n<p>La prime de partage de la valeur (PPV), souvent appel\u00e9e \u00ab\u00a0<a href=\"https:\/\/www.mes-allocs.fr\/guides\/prime-macron\/\">prime Macron<\/a>\u00ab\u00a0, est un dispositif mis en place pour r\u00e9compenser les salari\u00e9s et stimuler le pouvoir d&rsquo;achat. Mais tous les salari\u00e9s peuvent-ils pr\u00e9tendre \u00e0 cette prime ? Les personnes en <strong>CDD ont-elles droit \u00e0 la prime Macron<\/strong> ? Dans cet article, on r\u00e9pond \u00e0 toutes vos questions.<\/p>\n<div class='cta-block'><div class='text'>Simulez toutes vos aides en 2 min.<\/div><a href='https:\/\/www.mes-allocs.fr\/ab-app?origin=guides\/wp-json\/wp\/v2\/posts\/85320' class='app-button fit'>Simulation gratuite<\/a><\/div>\n<h1>Prime Macron et CDD : quelles conditions ?<\/h1>\n<h2>Eligibilit\u00e9 des CDD \u00e0 la prime Macron<\/h2>\n<p>Les salari\u00e9s en contrat \u00e0 dur\u00e9e d\u00e9termin\u00e9e (CDD) sont <strong>tout \u00e0 fait \u00e9ligibles \u00e0 la prime de partage de la valeur (PPV)<\/strong>, anciennement appel\u00e9e prime Macron. L&rsquo;\u00e9ligibilit\u00e9 concerne tous les CDD quelle que soit la nature de leur contrat (CDD d&rsquo;usage, CDD de remplacement, etc.).<\/p>\n<p>Cette mesure gouvernementale a pour but de revaloriser le pouvoir d&rsquo;achat et de renforcer le lien social au sein des entreprises. Donc la prime ne fait <strong>pas de distinction d&rsquo;\u00e9ligibilit\u00e9 entre les contrats \u00e0 dur\u00e9e d\u00e9termin\u00e9e (CDD) et les contrats \u00e0 dur\u00e9e ind\u00e9termin\u00e9e (CDI)<\/strong>.<\/p>\n<p>Ce qui veut dire que les employ\u00e9s en CDD b\u00e9n\u00e9ficient des m\u00eames opportunit\u00e9s que leurs coll\u00e8gues en CDI pour cette prime, \u00e0 condition de remplir les crit\u00e8res d&rsquo;\u00e9ligibilit\u00e9 d\u00e9finis par l&rsquo;entreprise. En effet, il est important de rappeler que l&#8217;employeur a une libert\u00e9 totale pour d\u00e9cider des montants attribu\u00e9s. <strong>La prime Macron est facultative pour les employeurs. <\/strong>De plus, il existe des <a href=\"https:\/\/www.mes-allocs.fr\/guides\/prime-macron\/prime-macron-conditions\/\">conditions d&rsquo;attribution de la prime Macron<\/a>\u00a0qui sont tr\u00e8s pr\u00e9cises.<\/p>\n<p>Cette libert\u00e9 dans les montants permet \u00e0 l&#8217;employeur de valoriser certains employ\u00e9s selon des crit\u00e8res d\u00e9finis. Ainsi, par exemple, si le crit\u00e8re de l&rsquo;anciennet\u00e9 est choisi alors les personnes en CDI auront g\u00e9n\u00e9ralement une prime plus \u00e9lev\u00e9e que les employ\u00e9s en CDD.<\/p>\n<p><strong>Attention<\/strong> : en janvier 2025, toutes entreprises qui compte entre 11 et 49 salari\u00e9s sont oblig\u00e9es de mettre enplce un m\u00e9canisme de partage de la valeur si elles ont fait un b\u00e9n\u00e9fice net fiscal d&rsquo;au moins 1 % du chiffre d&rsquo;affaires pendant trois exercices cons\u00e9cutifs.<\/p>\n<h2>Dur\u00e9e du CDD et versement de la prime Macron<\/h2>\n<p><span style=\"font-weight: 400;\"><strong>Tous les salari\u00e9s en CDD peuvent th\u00e9oriquement pr\u00e9tendre \u00e0 cette prime <\/strong>\u00e0 condition de remplir les autres crit\u00e8res d\u00e9finis par l\u2019employeur (par exemple un plafond de r\u00e9mun\u00e9ration ou une p\u00e9riode de r\u00e9f\u00e9rence).<\/span><\/p>\n<p><span style=\"font-weight: 400;\"><strong>La dur\u00e9e du CDD n\u2019influence pas l\u2019\u00e9ligibilit\u00e9 \u00e0 la prime de partage de la valeur (PPV).\u00a0<\/strong> En effet, que <strong>le CDD soient de courte ou de longue dur\u00e9e ne change rien <\/strong>pour la prime Macron.<\/span><\/p>\n<p><span style=\"font-weight: 400;\">Cependant, certains employeurs peuvent d\u00e9cider de faire varier le montant de la prime Macron en fonction de certains crit\u00e8res. Comme nous l&rsquo;avons dit pr\u00e9c\u00e9demment, l\u2019anciennet\u00e9 dans l\u2019entreprise est un crit\u00e8re fr\u00e9quemment utilis\u00e9. Dans ce cas, les salari\u00e9s en CDD de courte dur\u00e9e pourraient percevoir une prime moins \u00e9lev\u00e9e que leurs coll\u00e8gues en CDD de longue dur\u00e9e. <\/span><\/p>\n<p><span style=\"font-weight: 400;\">Pour avoir des r\u00e9ponses plus claires, nous vous conseillons de consulter les accords de votre entreprise ou le r\u00e8glement int\u00e9rieur pour conna\u00eetre les modalit\u00e9s d\u2019attribution de la PPV. En effet, tout peut changer d&rsquo;une entreprise \u00e0 une autre car l&#8217;employeur jouit d&rsquo;une grande libert\u00e9.<\/span><\/p>\n<h2>Passage d&rsquo;un CDD \u00e0 un CDI : qu&rsquo;en est-il de la prime Macron ?<\/h2>\n<p><strong>Le passage d&rsquo;un CDD \u00e0 un CDI ne remet pas en question le droit<\/strong> \u00e0 la prime de partage de la valeur. <strong>Le salari\u00e9 conserve son droit \u00e0 la prime Macron, m\u00eame en changeant de statut contractuel.<\/strong><\/p>\n<p>Cependant, il est important de noter qu&rsquo;il y a une possibilit\u00e9 pour que le <strong>montant de la prime soit recalcul\u00e9<\/strong> en fonction des crit\u00e8res de calcul que l&#8217;employeur a choisi. Par exemple, certaines entreprises pr\u00e9voient des modalit\u00e9s de calcul diff\u00e9rentes en fonction du type de contrat.<\/p>\n<p>De plus, si le passage en CDI intervient en cours d&rsquo;ann\u00e9e de versement, il est possible que le salari\u00e9 ne b\u00e9n\u00e9ficie que d&rsquo;une partie de la prime, toujours selon les modalit\u00e9s d\u00e9cid\u00e9es par l&#8217;employeur.<\/p>\n<p>Pour ce cas particulier, nous conseillons donc aux personnes concern\u00e9es de se renseigner aupr\u00e8s de son employeur ou des repr\u00e9sentants du personnel (CSE) pour conna\u00eetre les modalit\u00e9s exactes de la prime pour cette situation particuli\u00e8re.<\/p>\n<div class='cta-block'><div class='text'>Simulez toutes vos aides en 2 min.<\/div><a href='https:\/\/www.mes-allocs.fr\/ab-app?origin=guides\/wp-json\/wp\/v2\/posts\/85320' class='app-button fit'>Simulation gratuite<\/a><\/div>\n<h1>Prime partage de la valeur et CDD : puis-je en b\u00e9n\u00e9ficier si mon CDD se termine avant le versement ?<\/h1>\n<p><strong>Nous ne pouvons pas vous r\u00e9pondre par oui ou par non.<\/strong> En effet, cela d\u00e9pendra en grande partie des modalit\u00e9s pr\u00e9vues par l&rsquo;accord d&rsquo;entreprise ou par l&#8217;employeur concernant la prime de partage de la valeur.<\/p>\n<p>Il faut savoir que <strong>les salari\u00e9s qui peuvent b\u00e9n\u00e9ficier de la prime Macron sont ceux qui sont titulaires d&rsquo;un contrat de travail \u00e0 un des moments suivants :<\/strong><\/p>\n<ul>\n<li>Au moment du paiement de la prime Macron<\/li>\n<li>Au moment de la signature de la d\u00e9cision de l&#8217;employeur<\/li>\n<li>Au moment du d\u00e9p\u00f4t de l&rsquo;accord d&rsquo;entreprise<\/li>\n<\/ul>\n<p><strong>Vous devez donc consulter<\/strong> <strong>les documents relatifs \u00e0 la PPV au sein de votre entreprise pour conna\u00eetre les conditions exactes de versement.<\/strong><\/p>\n<p>De plus, le versement de la prime Macron doit \u00eatre indiqu\u00e9 sur votre fiche de paye.<\/p>\n<p><iframe loading=\"lazy\" title=\"La prime de partage de la valeur (prime Macron)\" width=\"500\" height=\"281\" src=\"https:\/\/www.youtube.com\/embed\/BZDkfkZcuAA?feature=oembed\" frameborder=\"0\" allow=\"accelerometer; autoplay; clipboard-write; encrypted-media; gyroscope; picture-in-picture; web-share\" referrerpolicy=\"strict-origin-when-cross-origin\" allowfullscreen><\/iframe><\/p>\n<h1>Comment est calcul\u00e9 le montant de la PPV en CDD ?<\/h1>\n<p data-sourcepos=\"5:1-5:315\">Le calcul du montant de la prime de partage de la valeur pour les salari\u00e9s en CDD est d\u00e9termin\u00e9 par l\u2019employeur ou par des accords d\u2019entreprise. <strong>Il n\u2019existe pas de formule math\u00e9matique unique.<\/strong> En effet, les entreprises prennent souvent en compte des crit\u00e8res diff\u00e9rents pour d\u00e9cider des montants \u00e0 attribuer \u00e0 chaque employ\u00e9.<\/p>\n<p data-sourcepos=\"5:1-5:315\">Ces crit\u00e8res peuvent \u00eatre les suivants :<\/p>\n<ul data-sourcepos=\"7:1-12:0\">\n<li data-sourcepos=\"7:1-7:126\"><strong>L\u2019anciennet\u00e9 dans l\u2019entreprise<\/strong><\/li>\n<li data-sourcepos=\"8:1-8:142\"><strong>Le temps de pr\u00e9sence effective<\/strong><\/li>\n<li data-sourcepos=\"9:1-9:147\"><strong>Le r\u00f4le dans l\u2019entreprise<\/strong><\/li>\n<li data-sourcepos=\"9:1-9:147\"><strong>La performance individuelle<\/strong><\/li>\n<li data-sourcepos=\"11:1-12:0\"><strong>Le niveau de r\u00e9mun\u00e9ration<\/strong><\/li>\n<\/ul>\n<p data-sourcepos=\"13:1-13:372\">Chaque entreprise est libre de d\u00e9finir ses propres modalit\u00e9s de calcul. Nous vous conseillons donc de consulter les accords de votre entreprise, de vous renseigner aupr\u00e8s de votre employeur ou de votre CSE pour savoir comment \u00e7a se passe dans votre entreprise.<\/p>\n<h1>PPV CDD : comment la prime est-elle vers\u00e9e ?<\/h1>\n<p>Le mode de versement de la PPV est similaire pour tous les employ\u00e9s. <strong>C&rsquo;est l&#8217;employeur qui proc\u00e8de au versement de la prime<\/strong>.<\/p>\n<p>La prime est le plus souvent vers\u00e9e <strong>par virement bancaire<\/strong> sur le compte de l&#8217;employ\u00e9. <strong>La date de versement<\/strong> <strong>est d\u00e9finie par l&#8217;employeur<\/strong>. <strong>Il peut s&rsquo;agir d&rsquo;un versement unique ou de plusieurs versements.<\/strong><\/p>\n<p>Vous d\u00e9pendez d&rsquo;une agence d&rsquo;int\u00e9rim ? D\u00e9couvrez les conditions pour percevoir la <a href=\"https:\/\/www.mes-allocs.fr\/guides\/prime-macron\/prime-macron-conditions\/prime-macron-interim\/\">prime Macron en int\u00e9rim<\/a> !<\/p>\n<div class='cta-block'><div class='text'>Simulez toutes vos aides en 2 min.<\/div><a href='https:\/\/www.mes-allocs.fr\/ab-app?origin=guides\/wp-json\/wp\/v2\/posts\/85320' class='app-button fit'>Simulation gratuite<\/a><\/div>\n","protected":false},"excerpt":{"rendered":"<p>La prime de partage de la valeur (PPV), souvent appel\u00e9e \u00ab\u00a0prime Macron\u00ab\u00a0, est un dispositif mis en place pour r\u00e9compenser les salari\u00e9s et stimuler le pouvoir d&rsquo;achat. Mais tous les salari\u00e9s peuvent-ils pr\u00e9tendre \u00e0 cette prime ? Les personnes en CDD ont-elles droit \u00e0 la prime Macron ? Dans cet article, on r\u00e9pond \u00e0 toutes [&hellip;]<\/p>\n","protected":false},"author":30,"featured_media":85336,"comment_status":"open","ping_status":"open","sticky":false,"template":"","format":"standard","meta":{"amp_status":"","footnotes":""},"categories":[40090,40507],"tags":[],"class_list":["post-85320","post","type-post","status-publish","format-standard","has-post-thumbnail","hentry","category-prime-macron","category-prime-macron-conditions"],"yoast_head":"<!-- This site is optimized with the Yoast SEO plugin v14.9 - https:\/\/yoast.com\/wordpress\/plugins\/seo\/ -->\n<title>Prime Macron CDD : conditions et montant | Mes-Allocs.fr<\/title>\n<meta name=\"description\" content=\"La prime Macron est une prime facultative vers\u00e9e par l&#039;employeur. Mais les salari\u00e9s en CDD y ont-ils droit ? On vous r\u00e9pond.\" \/>\n<meta name=\"robots\" content=\"index, follow, max-snippet:-1, max-image-preview:large, max-video-preview:-1\" \/>\n<link rel=\"canonical\" href=\"https:\/\/www.mes-allocs.fr\/guides\/prime-macron\/prime-macron-conditions\/prime-macron-cdd\/\" \/>\n<meta property=\"og:locale\" content=\"fr_FR\" \/>\n<meta property=\"og:type\" content=\"article\" \/>\n<meta property=\"og:title\" content=\"Prime Macron CDD : conditions et montant | Mes-Allocs.fr\" \/>\n<meta property=\"og:description\" content=\"La prime Macron est une prime facultative vers\u00e9e par l&#039;employeur. Mais les salari\u00e9s en CDD y ont-ils droit ? On vous r\u00e9pond.\" \/>\n<meta property=\"og:url\" content=\"https:\/\/www.mes-allocs.fr\/guides\/prime-macron\/prime-macron-conditions\/prime-macron-cdd\/\" \/>\n<meta property=\"og:site_name\" content=\"Mes-Allocs.fr\" \/>\n<meta property=\"article:published_time\" content=\"2024-11-13T17:00:11+00:00\" \/>\n<meta property=\"article:modified_time\" content=\"2026-04-22T09:51:16+00:00\" \/>\n<meta property=\"og:image\" content=\"https:\/\/www.mes-allocs.fr\/guides\/wp-content\/uploads\/2024\/11\/prime-macron-cdd.jpg?wsr\" \/>\n\t<meta property=\"og:image:width\" content=\"1280\" \/>\n\t<meta property=\"og:image:height\" content=\"853\" \/>\n<meta name=\"twitter:card\" content=\"summary_large_image\" \/>\n<script type=\"application\/ld+json\" class=\"yoast-schema-graph\">{\"@context\":\"https:\/\/schema.org\",\"@graph\":[{\"@type\":\"WebSite\",\"@id\":\"https:\/\/www.mes-allocs.fr\/guides\/#website\",\"url\":\"https:\/\/www.mes-allocs.fr\/guides\/\",\"name\":\"Mes-Allocs.fr\",\"description\":\"\",\"potentialAction\":[{\"@type\":\"SearchAction\",\"target\":\"https:\/\/www.mes-allocs.fr\/guides\/?s={search_term_string}\",\"query-input\":\"required name=search_term_string\"}],\"inLanguage\":\"fr-FR\"},{\"@type\":\"ImageObject\",\"@id\":\"https:\/\/www.mes-allocs.fr\/guides\/prime-macron\/prime-macron-conditions\/prime-macron-cdd\/#primaryimage\",\"inLanguage\":\"fr-FR\",\"url\":\"https:\/\/www.mes-allocs.fr\/guides\/wp-content\/uploads\/2024\/11\/prime-macron-cdd.jpg?wsr\",\"width\":1280,\"height\":853,\"caption\":\"prime macron cdd\"},{\"@type\":\"WebPage\",\"@id\":\"https:\/\/www.mes-allocs.fr\/guides\/prime-macron\/prime-macron-conditions\/prime-macron-cdd\/#webpage\",\"url\":\"https:\/\/www.mes-allocs.fr\/guides\/prime-macron\/prime-macron-conditions\/prime-macron-cdd\/\",\"name\":\"Prime Macron CDD : conditions et montant | Mes-Allocs.fr\",\"isPartOf\":{\"@id\":\"https:\/\/www.mes-allocs.fr\/guides\/#website\"},\"primaryImageOfPage\":{\"@id\":\"https:\/\/www.mes-allocs.fr\/guides\/prime-macron\/prime-macron-conditions\/prime-macron-cdd\/#primaryimage\"},\"datePublished\":\"2024-11-13T17:00:11+00:00\",\"dateModified\":\"2026-04-22T09:51:16+00:00\",\"author\":{\"@id\":\"https:\/\/www.mes-allocs.fr\/guides\/#\/schema\/person\/66505fe443d6e6f3696c5af001f3fab8\"},\"description\":\"La prime Macron est une prime facultative vers\\u00e9e par l'employeur. Mais les salari\\u00e9s en CDD y ont-ils droit ? On vous r\\u00e9pond.\",\"inLanguage\":\"fr-FR\"},{\"@type\":\"Person\",\"@id\":\"https:\/\/www.mes-allocs.fr\/guides\/#\/schema\/person\/66505fe443d6e6f3696c5af001f3fab8\",\"name\":\"Lauriane Oriol\",\"image\":{\"@type\":\"ImageObject\",\"@id\":\"https:\/\/www.mes-allocs.fr\/guides\/#personlogo\",\"inLanguage\":\"fr-FR\",\"url\":\"https:\/\/www.mes-allocs.fr\/guides\/wp-content\/uploads\/2024\/10\/1702589802731-1-150x150.jpeg\",\"caption\":\"Lauriane Oriol\"},\"description\":\"Lauriane est r\\u00e9dactrice chez Mes Allocs. Sp\\u00e9cialiste des d\\u00e9marches administratives, elle rejoint Mes Allocs apr\\u00e8s une premi\\u00e8re exp\\u00e9rience en marketing et communication.\"}]}<\/script>\n<!-- \/ Yoast SEO plugin. -->","amp_validity":null,"acf":{"faq":{"1":{"question":"Quelles sont les conditions pour avoir la prime Macron ?","answer":"Pour b\u00e9n\u00e9ficier de la prime Macron, la seule condition pos\u00e9e par la loi est que vous devez \u00eatre sous contrat de travail."},"2":{"question":"Qui ne peut pas toucher la prime Macron ?","answer":"Les stagiaires ne peuvent malheureusement pas toucher la prime Macron."},"3":{"question":"Quelle prime pour un CDD ?","answer":"Lorsque son CDD ne se poursuit pas en CDI, votre salari\u00e9 a g\u00e9n\u00e9ralement droit \u00e0 une indemnit\u00e9 de fin de contrat, \u00e9galement appel\u00e9e \u00ab prime de pr\u00e9carit\u00e9 \u00bb."},"4":{"question":"Qui a droit \u00e0 la prime Macron 2025 ?","answer":"Les salari\u00e9s qui sont dans une entreprise dont l'employeur a d\u00e9cid\u00e9 de verser la prime Macron."},"5":{"question":"","answer":""},"6":{"question":"","answer":""},"7":{"question":"","answer":""},"8":{"question":"","answer":""},"9":{"question":"","answer":""},"10":{"question":"","answer":""},"11":{"question":"","answer":""},"12":{"question":"","answer":""},"13":{"question":"","answer":""},"14":{"question":"","answer":""},"15":{"question":"","answer":""},"16":{"question":"","answer":""}}},"_links":{"self":[{"href":"https:\/\/www.mes-allocs.fr\/guides\/wp-json\/wp\/v2\/posts\/85320","targetHints":{"allow":["GET"]}}],"collection":[{"href":"https:\/\/www.mes-allocs.fr\/guides\/wp-json\/wp\/v2\/posts"}],"about":[{"href":"https:\/\/www.mes-allocs.fr\/guides\/wp-json\/wp\/v2\/types\/post"}],"author":[{"embeddable":true,"href":"https:\/\/www.mes-allocs.fr\/guides\/wp-json\/wp\/v2\/users\/30"}],"replies":[{"embeddable":true,"href":"https:\/\/www.mes-allocs.fr\/guides\/wp-json\/wp\/v2\/comments?post=85320"}],"version-history":[{"count":16,"href":"https:\/\/www.mes-allocs.fr\/guides\/wp-json\/wp\/v2\/posts\/85320\/revisions"}],"predecessor-version":[{"id":106000,"href":"https:\/\/www.mes-allocs.fr\/guides\/wp-json\/wp\/v2\/posts\/85320\/revisions\/106000"}],"wp:featuredmedia":[{"embeddable":true,"href":"https:\/\/www.mes-allocs.fr\/guides\/wp-json\/wp\/v2\/media\/85336"}],"wp:attachment":[{"href":"https:\/\/www.mes-allocs.fr\/guides\/wp-json\/wp\/v2\/media?parent=85320"}],"wp:term":[{"taxonomy":"category","embeddable":true,"href":"https:\/\/www.mes-allocs.fr\/guides\/wp-json\/wp\/v2\/categories?post=85320"},{"taxonomy":"post_tag","embeddable":true,"href":"https:\/\/www.mes-allocs.fr\/guides\/wp-json\/wp\/v2\/tags?post=85320"}],"curies":[{"name":"wp","href":"https:\/\/api.w.org\/{rel}","templated":true}]}}