{"id":85319,"date":"2024-11-13T18:59:16","date_gmt":"2024-11-13T16:59:16","guid":{"rendered":"https:\/\/www.mes-allocs.fr\/guides\/?p=85319"},"modified":"2026-04-22T10:51:16","modified_gmt":"2026-04-22T09:51:16","slug":"prime-macron-conditions","status":"publish","type":"post","link":"https:\/\/www.mes-allocs.fr\/guides\/prime-macron\/prime-macron-conditions\/","title":{"rendered":"Quelles conditions pour la Prime Macron en 2025 ?"},"content":{"rendered":"<p><img loading=\"lazy\" decoding=\"async\" class=\"alignnone wp-image-106461 size-full\" title=\"prime macron conditions\" src=\"https:\/\/www.mes-allocs.fr\/guides\/wp-content\/uploads\/2025\/12\/prime-macron-2025-conditions-e1765289443169.jpg\" alt=\"prime macron conditions\" width=\"1920\" height=\"300\" srcset=\"https:\/\/www.mes-allocs.fr\/guides\/wp-content\/uploads\/2025\/12\/prime-macron-2025-conditions-e1765289443169.jpg 1920w, https:\/\/www.mes-allocs.fr\/guides\/wp-content\/uploads\/2025\/12\/prime-macron-2025-conditions-e1765289443169-300x47.jpg 300w, https:\/\/www.mes-allocs.fr\/guides\/wp-content\/uploads\/2025\/12\/prime-macron-2025-conditions-e1765289443169-1024x160.jpg 1024w, https:\/\/www.mes-allocs.fr\/guides\/wp-content\/uploads\/2025\/12\/prime-macron-2025-conditions-e1765289443169-768x120.jpg 768w, https:\/\/www.mes-allocs.fr\/guides\/wp-content\/uploads\/2025\/12\/prime-macron-2025-conditions-e1765289443169-1536x240.jpg 1536w, https:\/\/www.mes-allocs.fr\/guides\/wp-content\/uploads\/2025\/12\/prime-macron-2025-conditions-e1765289443169-600x94.jpg 600w\" sizes=\"auto, (max-width: 1920px) 100vw, 1920px\" \/><\/p>\n<p>La <a href=\"https:\/\/www.mes-allocs.fr\/guides\/prime-macron\/\">prime Macron<\/a>, ou prime de partage de la valeur (PPV), a \u00e9t\u00e9 mise en place pour revaloriser le pouvoir d\u2019achat des salari\u00e9s. Il s\u2019agit d\u2019une occasion pour vous de b\u00e9n\u00e9ficier d\u2019une r\u00e9mun\u00e9ration suppl\u00e9mentaire. Mais attention, certains crit\u00e8res doivent \u00eatre remplis. Alors, quelles sont les<b> conditions d\u2019attribution de la prime Macron<\/b> en 2025 ? On vous explique si vous pouvez \u00eatre \u00e9ligible.<\/p>\n<div class='cta-block'><div class='text'>Simulez toutes vos aides en 2 min.<\/div><a href='https:\/\/www.mes-allocs.fr\/ab-app?origin=guides\/wp-json\/wp\/v2\/posts\/85319' class='app-button fit'>Simulation gratuite<\/a><\/div>\n<h1>Comment avoir la Prime Macron en 2025 ?<\/h1>\n<h2>Qui sont les b\u00e9n\u00e9ficiaires de la prime Macron ?<\/h2>\n<h3>Les salari\u00e9s \u00e9ligibles<\/h3>\n<p>Vous \u00eates \u00e9ligible \u00e0 la prime Macron si vous \u00eates :<\/p>\n<ul>\n<li aria-level=\"1\">En CDI<\/li>\n<li aria-level=\"1\">En CDD<\/li>\n<li aria-level=\"1\">En contrat d\u2019apprentissage ou de professionnalisation<\/li>\n<li aria-level=\"1\">En contrat d\u2019int\u00e9rim<\/li>\n<\/ul>\n<p>D\u2019ailleurs, si vous faites partie des personnes \u00e9ligibles, que vous soyez <b>en contrat \u00e0 temps plein ou \u00e0 temps partiel ne change rien<\/b>. Il suffit que vous soyez en contrat de travail, peu importe de quel type de contrat il s\u2019agit.<\/p>\n<h3>Les entreprises \u00e9ligibles<\/h3>\n<p>Pour \u00eatre \u00e9ligible \u00e0 la prime Macron, vous devez travailler dans une <b>entreprise \u00e9ligible<\/b> en premier lieu. Elle peut \u00eatre soit dans le <b>secteur public<\/b>, soit dans le <b>secteur priv\u00e9<\/b>. Sont compt\u00e9s comme entreprises \u00e9ligibles :<\/p>\n<ul>\n<li aria-level=\"1\">Les <b>grandes entreprises<\/b><\/li>\n<li aria-level=\"1\">Les <b>PME<\/b> (petites et moyennes entreprises)<\/li>\n<li aria-level=\"1\">Les <b>\u00e9tablissements publics<\/b><\/li>\n<\/ul>\n<p>Les <b>accords collectifs<\/b> jouent un r\u00f4le essentiel dans la mise en place de la prime Macron dans une entreprise. N\u00e9goci\u00e9s entre l\u2019employeur et les repr\u00e9sentants du personnel, ils peuvent d\u00e9finir les <b>conditions d\u2019acc\u00e8s<\/b> \u00e0 la prime, les <b>modalit\u00e9s de versement<\/b> ainsi que les obligations \u00e9ventuelles des salari\u00e9s.<\/p>\n<div class='shortcode important'><div class='title'>Important<\/div><div class='content'>Depuis janvier 2025, les entreprises <b>de 11 \u00e0 49 salari\u00e9s<\/b> qui font des <b>b\u00e9n\u00e9fices<\/b> doivent <b>obligatoirement<\/b> mettre en place un <b>syst\u00e8me de partage des gains<\/b>, comme la prime Macron.<\/div><\/div>\n<h2>Quelles sont les conditions \u00e0 remplir pour obtenir la PPV ?<\/h2>\n<p>Les conditions \u00e0 remplir pour obtenir la prime Macron sont <b>fix\u00e9es par votre employeur<\/b>. Il s\u2019agit g\u00e9n\u00e9ralement des <b>m\u00eames<\/b> :<\/p>\n<ul>\n<li aria-level=\"1\">Votre <b>anciennet\u00e9<\/b> au sein de l\u2019entreprise pour r\u00e9compenser votre investissement et votre fid\u00e9lit\u00e9<\/li>\n<li aria-level=\"1\">Votre <b>temps de pr\u00e9sence effectif<\/b> donc le nombre d\u2019heures o\u00f9 vous travaillez<\/li>\n<li aria-level=\"1\">Votre <b>performance<\/b> en regardant les objectifs que vous avez atteints<\/li>\n<\/ul>\n<div class='cta-block'><div class='text'>Simulez toutes vos aides en 2 min.<\/div><a href='https:\/\/www.mes-allocs.fr\/ab-app?origin=guides\/wp-json\/wp\/v2\/posts\/85319' class='app-button fit'>Simulation gratuite<\/a><\/div>\n<h1>Prime Macron conditions : quels sont les cas particuliers ?<\/h1>\n<p>Il existe des <b>cas particuliers d\u2019\u00e9ligibilit\u00e9<\/b> de la prime Macron comme pour certains types de contrat de travail et de situation.<\/p>\n<h2>Puis-je toucher la prime Macron en arr\u00eat maladie ?<\/h2>\n<p><b>Oui<\/b>, vous pouvez techniquement toucher la prime Macron si vous \u00eates en arr\u00eat maladie. Votre \u00e9ligibilit\u00e9 d\u00e9pend de <b>si votre arr\u00eat est compt\u00e9 comme du temps de pr\u00e9sence ou non<\/b>. Si c\u2019est bien le cas, vous \u00eates effectivement \u00e9ligible \u00e0 la prime Macron. Dans le cas contraire, le versement de votre prime Macron peut \u00eatre <b>r\u00e9duit voire supprim\u00e9<\/b>.<\/p>\n<p>Plus d&rsquo;informations dans notre <a href=\"https:\/\/www.mes-allocs.fr\/guides\/prime-macron\/prime-macron-conditions\/prime-macron-arret-maladie-longue-duree\/\">article sur la prime Macron en arr\u00eat maladie de longue dur\u00e9e<\/a>.<\/p>\n<h2>Je suis en cong\u00e9 maternit\u00e9, est-ce que je vais percevoir la prime Macron ?<\/h2>\n<p><b>Oui<\/b>, <a href=\"https:\/\/www.mes-allocs.fr\/guides\/prime-macron\/prime-macron-conditions\/prime-macron-conge-maternite\/\">si vous \u00eates en cong\u00e9 maternit\u00e9 vous pouvez en th\u00e9orie percevoir la prime Macron<\/a>. Comme pour les employ\u00e9s en arr\u00eat maladie, votre \u00e9ligibilit\u00e9 d\u00e9pend de <b>si votre cong\u00e9 maternit\u00e9 est consid\u00e9r\u00e9 comme du temps de pr\u00e9sence<\/b>. Si ce n\u2019est pas le cas, vous pourriez toucher une prime r\u00e9duite voire aucune prime du tout.<\/p>\n<h2>La prime de partage de la valeur est-elle vers\u00e9e aux stagiaires ?<\/h2>\n<p><b>Non<\/b>, la prime de partage de la valeur n\u2019est pas vers\u00e9e aux stagiaires. Les seules personnes \u00e9ligibles sont les <b>salari\u00e9s ayant un contrat de travail<\/b> comme les CDI, CDD, les apprentis ou encore les salari\u00e9s en int\u00e9rim. Ce n\u2019est <b>pas le cas pour les stagiaires<\/b>.<\/p>\n<h2>Je suis int\u00e9rimaire, puis-je b\u00e9n\u00e9ficier de la prime Macron ?<\/h2>\n<p><b>Oui<\/b>, vous pouvez b\u00e9n\u00e9ficier de la <a href=\"https:\/\/www.mes-allocs.fr\/guides\/prime-macron\/prime-macron-conditions\/prime-macron-interim\/\">prime Macron si vous \u00eates int\u00e9rimaire<\/a>. Cependant, l\u2019employeur peut d\u00e9cider de rajouter <b>certaines conditions<\/b>. Par exemple, pour le versement de la prime Macron, il peut instaurer une <b>anciennet\u00e9 minimale obligatoire<\/b>. De plus, la prime Macron vous sera vers\u00e9e<b> par l\u2019entreprise<\/b>, pas par l\u2019agence d\u2019int\u00e9rim. Vous devriez donc vous renseigner aupr\u00e8s de votre employeur ou de votre CSE (Comit\u00e9 Social et \u00c9conomique).<\/p>\n<h2>Je suis alternant(e) en contrat d\u2019apprentissage ou de professionnalisation, suis-je \u00e9ligible \u00e0 la prime Macron ?<\/h2>\n<p><b>Oui<\/b>, vous \u00eates <a href=\"https:\/\/www.mes-allocs.fr\/guides\/prime-macron\/prime-macron-conditions\/prime-macron-alternant\/\">\u00e9ligible \u00e0 la prime Macron si vous \u00eates alternant(e)<\/a>, comme pour les CDD ou les salari\u00e9s en int\u00e9rim. Le montant de la prime que vous percevez d\u00e9pend en g\u00e9n\u00e9ral de la<b> dur\u00e9e de votre contrat<\/b> et du <b>temps que vous passez dans l\u2019entreprise<\/b>. Vous devez vous renseigner au pr\u00e9alable aupr\u00e8s de votre employeur ou de votre CSE.<\/p>\n<h1>Exon\u00e9ration de la prime Macron : dans quelles conditions ?<\/h1>\n<p>La prime Macron que vous percevez est <b>exon\u00e9r\u00e9e de cotisations sociales<\/b> si vous respectez certaines conditions :<\/p>\n<ul>\n<li aria-level=\"1\">Vous touchez <b>moins du triple du SMIC<\/b><\/li>\n<li aria-level=\"1\">Vous travaillez dans une entreprise de <b>moins de 50 employ\u00e9s<\/b><\/li>\n<\/ul>\n<p>Si c\u2019est votre cas, vous n\u2019aurez pas \u00e0 payer la CSG (Contribution sociale g\u00e9n\u00e9ralis\u00e9e) ni la CRDS (Contribution au remboursement de la dette sociale) en recevant la prime Macron.<\/p>\n<h1>Que faire si vous n&rsquo;avez pas re\u00e7u la prime Macron ?<\/h1>\n<p>Si vous n\u2019avez pas re\u00e7u la prime Macron, vous ne faites peut-\u00eatre pas partie des personnes \u00e9ligibles. Mais si vous pouvez bel et bien percevoir la prime Macron selon les conventions de votre entreprise mais que vous n\u2019avez encore rien per\u00e7u, vous avez plusieurs recours possibles :<\/p>\n<ul>\n<li aria-level=\"1\">S\u2019adresser au <b>CSE de l\u2019entreprise<\/b> afin de discuter de votre situation et de solliciter une explication<\/li>\n<li aria-level=\"1\">Saisir le <b>conseil des prud\u2019hommes<\/b> si les discussions amiables ne fonctionnent pas<\/li>\n<li aria-level=\"1\">Saisir <b>l\u2019inspection du travail<\/b><\/li>\n<\/ul>\n<h1>Vos questions sur les conditions de la prime Macron<\/h1>\n<h2>Est-ce obligatoire de la verser \u00e0 tous les employ\u00e9s ?<\/h2>\n<p><b>Non<\/b>, ce n\u2019est pas obligatoire de verser la prime Macron \u00e0 tous les employ\u00e9s. L\u2019employeur peut choisir de la mettre en place ou non. S\u2019il d\u00e9cide de le faire, il doit en <b>d\u00e9finir les crit\u00e8res d\u2019attribution<\/b>, \u00e0 condition qu\u2019ils reposent sur des \u00e9l\u00e9ments objectifs comme la r\u00e9mun\u00e9ration, la pr\u00e9sence dans l\u2019entreprise ou la dur\u00e9e du contrat. Il peut aussi d\u00e9cider de la verser une ann\u00e9e et ne pas le faire l\u2019ann\u00e9e suivante.<\/p>\n<p>La seule exception concerne, depuis cette ann\u00e9e 2025, les entreprises <b>de 11 \u00e0 49 salari\u00e9s<\/b> r\u00e9alisant des b\u00e9n\u00e9fices : elles doivent verser une prime de partage de la valeur \u00e0 leurs employ\u00e9s, comme la prime Macron.<\/p>\n<h2>Peut-on \u00eatre exclu du versement de la prime Macron ?<\/h2>\n<p><b>Oui<\/b>, vous pouvez \u00eatre exclu du versement de la prime Macron. Par exemple, votre employeur peut d\u00e9cider de mettre en place un <b>plafond de r\u00e9mun\u00e9ration<\/b>. Si vous gagniez plus que le plafond pr\u00e9vu, vous ne seriez <b>pas \u00e9ligible \u00e0 la prime Macron<\/b> de votre entreprise.<\/p>\n<div class='shortcode summary'><div class='title'>En r\u00e9sum\u00e9 :<\/div><div class='content'><ul><li>La prime Macron 2025 est accessible aux <b>salari\u00e9s en CDI, CDD, int\u00e9rim ou alternance<\/b> travaillant dans une entreprise \u00e9ligible, qu\u2019elle soit <b>publique ou priv\u00e9e<\/b>.<\/li><li>Les crit\u00e8res d\u2019attribution d\u00e9pendent de <b>l\u2019employeur<\/b> : <b>anciennet\u00e9<\/b>, <b>temps de pr\u00e9sence<\/b> et <b>performance<\/b>, selon les accords collectifs en vigueur.<\/li><li>Depuis 2025, les entreprises de 11 \u00e0 49 salari\u00e9s r\u00e9alisant des b\u00e9n\u00e9fices sont<b> oblig\u00e9es <\/b>de mettre en place un partage de la valeur.<\/li><li>La PPV n\u2019est <b>pas obligatoire ailleurs<\/b> et reste exclue pour les stagiaires.<\/li><li>Son montant peut \u00eatre <b>r\u00e9duit<\/b> en cas d\u2019arr\u00eat maladie ou de cong\u00e9 maternit\u00e9 si ces p\u00e9riodes ne comptent pas comme temps de pr\u00e9sence.<\/li><li>Elle peut \u00eatre <b>exon\u00e9r\u00e9e de cotisations sociales<\/b> sous conditions de r\u00e9mun\u00e9ration et de taille d\u2019entreprise. En cas de non-versement injustifi\u00e9, plusieurs <b>recours<\/b> existent (CSE, prud\u2019hommes, inspection du travail).<\/li><\/ul><\/div><\/div>\n<div class='cta-block'><div class='text'>Simulez toutes vos aides en 2 min.<\/div><a href='https:\/\/www.mes-allocs.fr\/ab-app?origin=guides\/wp-json\/wp\/v2\/posts\/85319' class='app-button fit'>Simulation gratuite<\/a><\/div>\n","protected":false},"excerpt":{"rendered":"<p>La prime Macron, ou prime de partage de la valeur (PPV), a \u00e9t\u00e9 mise en place pour revaloriser le pouvoir d\u2019achat des salari\u00e9s. Il s\u2019agit d\u2019une occasion pour vous de b\u00e9n\u00e9ficier d\u2019une r\u00e9mun\u00e9ration suppl\u00e9mentaire. Mais attention, certains crit\u00e8res doivent \u00eatre remplis. Alors, quelles sont les conditions d\u2019attribution de la prime Macron en 2025 ? On [&hellip;]<\/p>\n","protected":false},"author":30,"featured_media":106460,"comment_status":"open","ping_status":"open","sticky":false,"template":"","format":"standard","meta":{"amp_status":"","footnotes":""},"categories":[40090],"tags":[],"class_list":["post-85319","post","type-post","status-publish","format-standard","has-post-thumbnail","hentry","category-prime-macron"],"yoast_head":"<!-- This site is optimized with the Yoast SEO plugin v14.9 - https:\/\/yoast.com\/wordpress\/plugins\/seo\/ -->\n<title>Quelles conditions pour la Prime Macron en 2025 ?<\/title>\n<meta name=\"description\" content=\"La prime Macron s&#039;appelle d\u00e9sormais la prime de partage de la valeur. Quelles sont les conditions pour en b\u00e9n\u00e9ficier ? On vous dit tout !\" \/>\n<meta name=\"robots\" content=\"index, follow, max-snippet:-1, max-image-preview:large, max-video-preview:-1\" \/>\n<link rel=\"canonical\" href=\"https:\/\/www.mes-allocs.fr\/guides\/prime-macron\/prime-macron-conditions\/\" \/>\n<meta property=\"og:locale\" content=\"fr_FR\" \/>\n<meta property=\"og:type\" content=\"article\" \/>\n<meta property=\"og:title\" content=\"Quelles conditions pour la Prime Macron en 2025 ?\" \/>\n<meta property=\"og:description\" content=\"La prime Macron s&#039;appelle d\u00e9sormais la prime de partage de la valeur. Quelles sont les conditions pour en b\u00e9n\u00e9ficier ? On vous dit tout !\" \/>\n<meta property=\"og:url\" content=\"https:\/\/www.mes-allocs.fr\/guides\/prime-macron\/prime-macron-conditions\/\" \/>\n<meta property=\"og:site_name\" content=\"Mes-Allocs.fr\" \/>\n<meta property=\"article:published_time\" content=\"2024-11-13T16:59:16+00:00\" \/>\n<meta property=\"article:modified_time\" content=\"2026-04-22T09:51:16+00:00\" \/>\n<meta property=\"og:image\" content=\"https:\/\/www.mes-allocs.fr\/guides\/wp-content\/uploads\/2025\/12\/prime-macron-conditions.jpg?wsr\" \/>\n\t<meta property=\"og:image:width\" content=\"1280\" \/>\n\t<meta property=\"og:image:height\" content=\"853\" \/>\n<meta name=\"twitter:card\" content=\"summary_large_image\" \/>\n<script type=\"application\/ld+json\" class=\"yoast-schema-graph\">{\"@context\":\"https:\/\/schema.org\",\"@graph\":[{\"@type\":\"WebSite\",\"@id\":\"https:\/\/www.mes-allocs.fr\/guides\/#website\",\"url\":\"https:\/\/www.mes-allocs.fr\/guides\/\",\"name\":\"Mes-Allocs.fr\",\"description\":\"\",\"potentialAction\":[{\"@type\":\"SearchAction\",\"target\":\"https:\/\/www.mes-allocs.fr\/guides\/?s={search_term_string}\",\"query-input\":\"required name=search_term_string\"}],\"inLanguage\":\"fr-FR\"},{\"@type\":\"ImageObject\",\"@id\":\"https:\/\/www.mes-allocs.fr\/guides\/prime-macron\/prime-macron-conditions\/#primaryimage\",\"inLanguage\":\"fr-FR\",\"url\":\"https:\/\/www.mes-allocs.fr\/guides\/wp-content\/uploads\/2025\/12\/prime-macron-conditions.jpg?wsr\",\"width\":1280,\"height\":853,\"caption\":\"prime macron conditions\"},{\"@type\":\"WebPage\",\"@id\":\"https:\/\/www.mes-allocs.fr\/guides\/prime-macron\/prime-macron-conditions\/#webpage\",\"url\":\"https:\/\/www.mes-allocs.fr\/guides\/prime-macron\/prime-macron-conditions\/\",\"name\":\"Quelles conditions pour la Prime Macron en 2025 ?\",\"isPartOf\":{\"@id\":\"https:\/\/www.mes-allocs.fr\/guides\/#website\"},\"primaryImageOfPage\":{\"@id\":\"https:\/\/www.mes-allocs.fr\/guides\/prime-macron\/prime-macron-conditions\/#primaryimage\"},\"datePublished\":\"2024-11-13T16:59:16+00:00\",\"dateModified\":\"2026-04-22T09:51:16+00:00\",\"author\":{\"@id\":\"https:\/\/www.mes-allocs.fr\/guides\/#\/schema\/person\/66505fe443d6e6f3696c5af001f3fab8\"},\"description\":\"La prime Macron s'appelle d\\u00e9sormais la prime de partage de la valeur. Quelles sont les conditions pour en b\\u00e9n\\u00e9ficier ? On vous dit tout !\",\"inLanguage\":\"fr-FR\"},{\"@type\":\"Person\",\"@id\":\"https:\/\/www.mes-allocs.fr\/guides\/#\/schema\/person\/66505fe443d6e6f3696c5af001f3fab8\",\"name\":\"Lauriane Oriol\",\"image\":{\"@type\":\"ImageObject\",\"@id\":\"https:\/\/www.mes-allocs.fr\/guides\/#personlogo\",\"inLanguage\":\"fr-FR\",\"url\":\"https:\/\/www.mes-allocs.fr\/guides\/wp-content\/uploads\/2024\/10\/1702589802731-1-150x150.jpeg\",\"caption\":\"Lauriane Oriol\"},\"description\":\"Lauriane est r\\u00e9dactrice chez Mes Allocs. Sp\\u00e9cialiste des d\\u00e9marches administratives, elle rejoint Mes Allocs apr\\u00e8s une premi\\u00e8re exp\\u00e9rience en marketing et communication.\"}]}<\/script>\n<!-- \/ Yoast SEO plugin. -->","amp_validity":null,"acf":{"faq":{"1":{"question":"Quelles sont les conditions pour toucher la prime Macron ?","answer":"Pour toucher la prime Macron en 2025, il faut \u00eatre salari\u00e9 avec un contrat \u00e9ligible, travailler dans une entreprise qui verse la prime, et remplir les crit\u00e8res fix\u00e9s par l\u2019employeur (votre anciennet\u00e9, votre temps de pr\u00e9sence ou votre performance)."},"2":{"question":"Qui est exclu(e) de la prime Macron ?","answer":"Les stagiaires et les salari\u00e9s dont la r\u00e9mun\u00e9ration d\u00e9passe le plafond fix\u00e9 par l\u2019employeur, ainsi que ceux dont certaines p\u00e9riodes (absence non compt\u00e9e comme temps de pr\u00e9sence) ne permettent pas d\u2019avoir droit la prime Macron en sont exclus."},"3":{"question":"Comment savoir si on a la prime Macron ?","answer":"Pour savoir si vous avez droit \u00e0 la prime Macron, il faut v\u00e9rifier si votre entreprise la verse et si vous remplissez les crit\u00e8res fix\u00e9s par l\u2019employeur. En cas de doute ou de non-versement, vous pouvez vous adresser au CSE, \u00e0 l\u2019inspection du travail ou au conseil des prud\u2019hommes."},"4":{"question":"Doit-on donner la m\u00eame prime Macron \u00e0 tous les salari\u00e9s ?","answer":"Non, il n\u2019est pas obligatoire de verser la m\u00eame prime Macron \u00e0 tous les salari\u00e9s. Votre employeur peut d\u00e9finir des crit\u00e8res d\u2019attribution diff\u00e9rents comme la r\u00e9mun\u00e9ration, la pr\u00e9sence ou la dur\u00e9e du contrat. La seule exception concerne les entreprises de 11 \u00e0 49 salari\u00e9s faisant des b\u00e9n\u00e9fices, qui doivent verser une prime de partage de la valeur."},"5":{"question":"Quel int\u00e9r\u00eat pour l'employeur de verser la prime Macron ?","answer":"La prime Macron peut \u00eatre exon\u00e9r\u00e9e de cotisations sociales (CSG et CRDS) si elle est vers\u00e9e \u00e0 un salari\u00e9 touchant moins de trois fois le SMIC et travaillant dans une entreprise de moins de 50 employ\u00e9s."},"6":{"question":"Pourquoi mon employeur ne me donne pas la prime Macron ?","answer":"Votre employeur peut ne pas vous verser la prime Macron pour plusieurs raisons\u202f: vous n\u2019\u00eates pas \u00e9ligible, l\u2019entreprise a d\u00e9cid\u00e9 de ne pas mettre en place la prime cette ann\u00e9e, ou certaines conditions comme votre temps de pr\u00e9sence ou anciennet\u00e9 ne sont pas remplies."},"7":{"question":"","answer":""},"8":{"question":"","answer":""},"9":{"question":"","answer":""},"10":{"question":"","answer":""},"11":{"question":"","answer":""},"12":{"question":"","answer":""},"13":{"question":"","answer":""},"14":{"question":"","answer":""},"15":{"question":"","answer":""},"16":{"question":"","answer":""}}},"_links":{"self":[{"href":"https:\/\/www.mes-allocs.fr\/guides\/wp-json\/wp\/v2\/posts\/85319","targetHints":{"allow":["GET"]}}],"collection":[{"href":"https:\/\/www.mes-allocs.fr\/guides\/wp-json\/wp\/v2\/posts"}],"about":[{"href":"https:\/\/www.mes-allocs.fr\/guides\/wp-json\/wp\/v2\/types\/post"}],"author":[{"embeddable":true,"href":"https:\/\/www.mes-allocs.fr\/guides\/wp-json\/wp\/v2\/users\/30"}],"replies":[{"embeddable":true,"href":"https:\/\/www.mes-allocs.fr\/guides\/wp-json\/wp\/v2\/comments?post=85319"}],"version-history":[{"count":20,"href":"https:\/\/www.mes-allocs.fr\/guides\/wp-json\/wp\/v2\/posts\/85319\/revisions"}],"predecessor-version":[{"id":106587,"href":"https:\/\/www.mes-allocs.fr\/guides\/wp-json\/wp\/v2\/posts\/85319\/revisions\/106587"}],"wp:featuredmedia":[{"embeddable":true,"href":"https:\/\/www.mes-allocs.fr\/guides\/wp-json\/wp\/v2\/media\/106460"}],"wp:attachment":[{"href":"https:\/\/www.mes-allocs.fr\/guides\/wp-json\/wp\/v2\/media?parent=85319"}],"wp:term":[{"taxonomy":"category","embeddable":true,"href":"https:\/\/www.mes-allocs.fr\/guides\/wp-json\/wp\/v2\/categories?post=85319"},{"taxonomy":"post_tag","embeddable":true,"href":"https:\/\/www.mes-allocs.fr\/guides\/wp-json\/wp\/v2\/tags?post=85319"}],"curies":[{"name":"wp","href":"https:\/\/api.w.org\/{rel}","templated":true}]}}