{"id":85284,"date":"2024-11-12T19:39:25","date_gmt":"2024-11-12T17:39:25","guid":{"rendered":"https:\/\/www.mes-allocs.fr\/guides\/?p=85284"},"modified":"2026-04-22T10:51:17","modified_gmt":"2026-04-22T09:51:17","slug":"prime-macron-anciennete","status":"publish","type":"post","link":"https:\/\/www.mes-allocs.fr\/guides\/prime-macron\/prime-macron-montant\/prime-macron-anciennete\/","title":{"rendered":"PPV anciennet\u00e9 : quel impact sur vos droits et le montant de la prime ?"},"content":{"rendered":"<p><img loading=\"lazy\" decoding=\"async\" class=\"alignnone wp-image-85315 size-full\" title=\"prime macron anciennete\" src=\"https:\/\/www.mes-allocs.fr\/guides\/wp-content\/uploads\/2024\/11\/prime-macron-anciennete-e1731432291371.jpg\" alt=\"prime macron anciennete\" width=\"1280\" height=\"336\" \/><\/p>\n<p>La <a href=\"https:\/\/www.mes-allocs.fr\/guides\/prime-macron\/\">prime Macron<\/a>, ou prime de partage de la valeur (PPV), a \u00e9t\u00e9 instaur\u00e9e pour revaloriser le pouvoir d&rsquo;achat des salari\u00e9s. La PPV a toujours suscit\u00e9 de nombreuses questions. Comment est calcul\u00e9 le montant de la PPV ? Le montant de la <strong>prime Macron est-il li\u00e9 \u00e0 l&rsquo;anciennet\u00e9<\/strong> d&rsquo;un employ\u00e9 au sein de l&rsquo;entreprise ? Dans cet article, on r\u00e9pond \u00e0 toutes vos questions.<\/p>\n<div class='cta-block'><div class='text'>Simulez toutes vos aides en 2 min.<\/div><a href='https:\/\/www.mes-allocs.fr\/ab-app?origin=guides\/wp-json\/wp\/v2\/posts\/85284' class='app-button fit'>Simulation gratuite<\/a><\/div>\n<h1>PPV anciennet\u00e9 : quel impact sur le calcul de la prime ?<\/h1>\n<p>L&rsquo;anciennet\u00e9 peut jouer un r\u00f4le dans le calcul du <a href=\"https:\/\/www.mes-allocs.fr\/guides\/prime-macron\/prime-macron-montant\/\">montant de la prime Macron<\/a>. Mais comment et pourquoi ? On vous explique.<\/p>\n<h2>L&rsquo;anciennet\u00e9 : un crit\u00e8re d\u00e9terminant ?<\/h2>\n<p>L&rsquo;anciennet\u00e9 d&rsquo;un employ\u00e9 au sein d&rsquo;une entreprise est souvent \u00e9voqu\u00e9e comme un crit\u00e8re potentiel pour d\u00e9terminer le montant de PPV. En effet, r\u00e9compenser la fid\u00e9lit\u00e9 des employ\u00e9s est une pratique courante dans de nombreuses entreprises. Mais, <strong>l&rsquo;anciennet\u00e9 n&rsquo;est pas un crit\u00e8re obligatoire ou syst\u00e9matique pour les employeurs<\/strong>.<\/p>\n<p><strong>Son importance varie consid\u00e9rablement d&rsquo;une entreprise \u00e0 l&rsquo;autre.<\/strong> Les salari\u00e9s en CDI sont les plus susceptibles de b\u00e9n\u00e9ficier de ce crit\u00e8re. Les employ\u00e9s en CDD et les int\u00e9rimaires par exemple vont \u00eatre logiquement moins susceptibles de b\u00e9n\u00e9ficier de ce crit\u00e8re.<\/p>\n<p>Il est important de noter que si l&rsquo;anciennet\u00e9 peut \u00eatre un facteur d\u00e9terminant, elle n&rsquo;est pas le seul crit\u00e8re.<\/p>\n<h2>Les autres facteurs influen\u00e7ant le montant d&rsquo;attribution de la PPV<\/h2>\n<p>L&rsquo;anciennet\u00e9 n&rsquo;est pas le seul crit\u00e8re pour d\u00e9cider du montant de la PPV. En effet, il en existe d&rsquo;autres que nous vous pr\u00e9sentons ci-dessous.<\/p>\n<h3>La r\u00e9mun\u00e9ration<\/h3>\n<p>Comme autre crit\u00e8re pris en compte pour le calcul du montant de la prime de partage de la valeur, <strong>la r\u00e9mun\u00e9ration et le poste de l&#8217;employ\u00e9 est souvent pris en compte par l&#8217;employeur.<\/strong><\/p>\n<p data-sourcepos=\"5:1-5:358\">L&#8217;employeur peut faire ce choix pour diff\u00e9rentes raisons comme encourager la performance, simplifier son calcul ou att\u00e9nuer les in\u00e9galit\u00e9s dans l&rsquo;entreprise en versant une prime plus \u00e9lev\u00e9e aux salari\u00e9s les moins r\u00e9mun\u00e9r\u00e9s.<\/p>\n<p data-sourcepos=\"11:1-11:333\">Il est important de noter que la mani\u00e8re dont la r\u00e9mun\u00e9ration est prise en compte d\u00e9pend de l&#8217;employeur et de son entreprise. Certaines entreprises vont choisir de r\u00e9compenser les postes \u00e0 haute responsabilit\u00e9 alors que d&rsquo;autres aideront les employ\u00e9s qui ont les salaires les plus bas.<\/p>\n<h3>La dur\u00e9e de travail<\/h3>\n<p><strong>La dur\u00e9e du travail peut \u00e9galement constituer un crit\u00e8re d&rsquo;attribution de la prime de partage de la valeur<\/strong>. En effet, certaines entreprises choisissent de faire varier le montant de la <a href=\"https:\/\/www.mes-allocs.fr\/guides\/prime-macron\/prime-macron-montant\/prime-macron-prorata-temps-de-presence\/\">prime Macron au prorata du temps de pr\u00e9sence<\/a>, donc en fonction du nombre d&rsquo;heures travaill\u00e9es de chaque salari\u00e9 ou de leur pr\u00e9sence effective au sein de l&rsquo;entreprise.<\/p>\n<p>Comme pour le crit\u00e8re de la r\u00e9mun\u00e9ration, c&rsquo;est \u00e0 l&#8217;employeur que revient la d\u00e9cision finale suivant ses objectifs et son entreprise.<\/p>\n<h3>Les performances de l&rsquo;entreprise<\/h3>\n<p>Au-del\u00e0 des crit\u00e8res individuels que nous avons pr\u00e9sent\u00e9 comme l&rsquo;anciennet\u00e9, la r\u00e9mun\u00e9ration ou la dur\u00e9e du travail, les <strong>performances de l&rsquo;entreprise dans son ensemble peuvent \u00e9galement influencer l&rsquo;attribution ou non de la PPV.<\/strong><\/p>\n<p>En effet, si les performances de l&rsquo;entreprise ne sont pas au beau fixe, la prime Macron peut ne pas \u00eatre vers\u00e9e par exemple. A l&rsquo;inverse, il est logique de r\u00e9compenser les employ\u00e9s lorsque l&rsquo;entreprise g\u00e9n\u00e8re des r\u00e9sultats positifs.<\/p>\n<div class='cta-block'><div class='text'>Simulez toutes vos aides en 2 min.<\/div><a href='https:\/\/www.mes-allocs.fr\/ab-app?origin=guides\/wp-json\/wp\/v2\/posts\/85284' class='app-button fit'>Simulation gratuite<\/a><\/div>\n<h1>Pourquoi l\u2019anciennet\u00e9 est-elle prise en compte dans le calcul du montant de la prime Macron ?<\/h1>\n<p data-sourcepos=\"5:1-5:607\">L&rsquo;anciennet\u00e9 d&rsquo;un salari\u00e9 au sein d&rsquo;une entreprise est souvent un crit\u00e8re d\u00e9terminant dans le calcul du montant de la prime Macron, comme nous l&rsquo;avons dit pr\u00e9c\u00e9demment. Plusieurs raisons expliquent ce choix pour le calcul de la PPV?<\/p>\n<p data-sourcepos=\"5:1-5:607\">Tout d&rsquo;abord, l&rsquo;anciennet\u00e9<strong> refl\u00e8te un investissement de l&#8217;employ\u00e9 pour l&rsquo;entreprise<\/strong>. En int\u00e9grant l&rsquo;anciennet\u00e9 dans le calcul de la PPV, l&#8217;employeur reconna\u00eet cet investissement et valorise la fid\u00e9lit\u00e9 de ses employ\u00e9s.<\/p>\n<p data-sourcepos=\"7:1-7:410\">De plus, l&rsquo;anciennet\u00e9 peut \u00eatre associ\u00e9e \u00e0 une <strong>connaissance significative de l&rsquo;entreprise et de ses enjeux<\/strong>. En effet, les salari\u00e9s exp\u00e9riment\u00e9s sont logiquement en mesure de prendre des initiatives, de r\u00e9soudre des probl\u00e8mes complexes et de transmettre leur savoir-faire aux nouveaux arrivants. Donc en r\u00e9compensant l&rsquo;anciennet\u00e9, l&rsquo;entreprise encourage la transmission des comp\u00e9tences et de son savoir-faire.<\/p>\n<p data-sourcepos=\"9:1-9:405\">Enfin, en prenant compte de l&rsquo;anciennet\u00e9, les entreprises contribuent \u00e0 <strong>renforcer la stabilit\u00e9 de leurs \u00e9quipes<\/strong>. En effet, les employ\u00e9s de longue date sont souvent plus impliqu\u00e9s et plus motiv\u00e9s (au cas par cas), ce qui a un impact positif sur le climat social de l&rsquo;entreprise.<\/p>\n<p><iframe loading=\"lazy\" title=\"La prime de partage de la valeur (prime Macron)\" width=\"500\" height=\"281\" src=\"https:\/\/www.youtube.com\/embed\/BZDkfkZcuAA?feature=oembed\" frameborder=\"0\" allow=\"accelerometer; autoplay; clipboard-write; encrypted-media; gyroscope; picture-in-picture; web-share\" referrerpolicy=\"strict-origin-when-cross-origin\" allowfullscreen><\/iframe><\/p>\n<h1>Prime Macron et anciennet\u00e9 : comment l&rsquo;anciennet\u00e9 est-elle prise en compte dans le calcul ?<\/h1>\n<h2>Des bar\u00e8mes sur mesure<\/h2>\n<p><span style=\"font-weight: 400;\">Comme nous l&rsquo;avons dit, l&#8217;employeur jouit d&rsquo;une grande libert\u00e9 dans les modalit\u00e9s de versement de la PPV. En effet, <strong>l&#8217;employeur peut \u00e9tablir ses propres bar\u00e8mes pour calculer le montant de la prime Macron.<\/strong> Ainsi, il peut adapter le bar\u00e8me de calcul d\u00e9cid\u00e9 en fonction des objectifs de son entreprise.<\/span><\/p>\n<h2>Des bonifications pour l&rsquo;anciennet\u00e9<\/h2>\n<p>Pour r\u00e9compenser la fid\u00e9lit\u00e9 et l&rsquo;investissement des employ\u00e9s qui sont depuis longtemps dans l&rsquo;entreprise, de nombreux employeurs mettent en place des <strong>bonifications li\u00e9es \u00e0 l&rsquo;anciennet\u00e9<\/strong>. Ces bonifications peuvent prendre diff\u00e9rentes formes :<\/p>\n<ul>\n<li>Un pourcentage suppl\u00e9mentaire ajout\u00e9 au montant forfaitaire de la PPV<\/li>\n<li>Un bar\u00e8me progressif en fonction d&rsquo;un nombre d&rsquo;ann\u00e9es d&rsquo;anciennet\u00e9<\/li>\n<li>Un plafond plus \u00e9lev\u00e9 pour les employ\u00e9s les plus anciens<\/li>\n<li>Etc.<\/li>\n<\/ul>\n<p>En misant sur une de ces formes de bonifications individuelles, les entreprises r\u00e9compensent l&rsquo;investissement de leurs employ\u00e9s et les incitent \u00e0 rester.<\/p>\n<h1>PPV condition anciennet\u00e9 : quels sont les crit\u00e8res ?<\/h1>\n<p>L\u2019un des points qui suscite le plus d\u2019interrogations concerne les conditions d\u2019anciennet\u00e9 pour toucher la prime de partage de la valeur (PPV). Contrairement \u00e0 certaines id\u00e9es re\u00e7ues, <strong>aucune dur\u00e9e minimale d\u2019anciennet\u00e9<\/strong> n\u2019est impos\u00e9e par la loi pour b\u00e9n\u00e9ficier de la prime Macron. Toutefois, l\u2019employeur peut choisir d\u2019introduire ce crit\u00e8re dans les modalit\u00e9s d\u2019attribution.<\/p>\n<h2>L\u2019anciennet\u00e9 : un crit\u00e8re facultatif, mais possible<\/h2>\n<p>La r\u00e9glementation pr\u00e9voit que l\u2019employeur est <strong>libre de d\u00e9finir les crit\u00e8res d\u2019attribution de la PPV<\/strong>, tant qu\u2019ils sont objectifs, v\u00e9rifiables et appliqu\u00e9s \u00e0 l\u2019ensemble des salari\u00e9s \u00e9ligibles. L\u2019anciennet\u00e9 peut donc \u00eatre utilis\u00e9e comme crit\u00e8re, mais uniquement si :<\/p>\n<ul>\n<li>Elle est clairement mentionn\u00e9e dans la d\u00e9cision unilat\u00e9rale de l\u2019employeur (DUE) ou dans l\u2019accord collectif qui encadre la prime ;<\/li>\n<li>Elle s\u2019applique de mani\u00e8re \u00e9quitable \u00e0 tous les salari\u00e9s d\u2019une m\u00eame cat\u00e9gorie ;<\/li>\n<li>Elle n\u2019exclut pas injustement un salari\u00e9 remplissant les conditions l\u00e9gales de base (\u00eatre li\u00e9 \u00e0 l\u2019entreprise par un contrat de travail \u00e0 la date de versement ou pendant la p\u00e9riode de r\u00e9f\u00e9rence).<\/li>\n<\/ul>\n<h2>Aucun seuil l\u00e9gal d\u2019anciennet\u00e9<\/h2>\n<p>Il est important de souligner que <strong>la loi n\u2019exige pas que les salari\u00e9s aient une dur\u00e9e de pr\u00e9sence minimale<\/strong> pour toucher la prime. Ainsi, m\u00eame un salari\u00e9 pr\u00e9sent depuis quelques semaines peut th\u00e9oriquement percevoir la PPV, sauf si un accord interne pr\u00e9voit un calcul proportionnel ou des paliers li\u00e9s \u00e0 l\u2019anciennet\u00e9.<\/p>\n<h2>Comment l\u2019anciennet\u00e9 peut-elle \u00eatre utilis\u00e9e comme condition ?<\/h2>\n<p>Si l\u2019entreprise choisit d\u2019int\u00e9grer l\u2019anciennet\u00e9 comme crit\u00e8re, plusieurs options sont possibles :<\/p>\n<ul>\n<li>Proratiser le montant en fonction du temps de pr\u00e9sence sur l\u2019ann\u00e9e \u00e9coul\u00e9e ;<\/li>\n<li>Mettre en place un seuil minimal, par exemple 3 ou 6 mois d\u2019anciennet\u00e9 ;<\/li>\n<li>Cr\u00e9er diff\u00e9rents niveaux de prime selon des tranches d\u2019anciennet\u00e9 (moins de 1 an, 1 \u00e0 5 ans, plus de 5 ans, etc.) ;<\/li>\n<li>Attribuer des bonus aux salari\u00e9s les plus anciens.<\/li>\n<\/ul>\n<p>Dans tous les cas, ces modalit\u00e9s doivent \u00eatre d\u00e9finies en amont et port\u00e9es \u00e0 la connaissance des salari\u00e9s.<\/p>\n<h2>Pourquoi mettre une condition d\u2019anciennet\u00e9 ?<\/h2>\n<p>Les entreprises qui choisissent d\u2019int\u00e9grer ce crit\u00e8re cherchent g\u00e9n\u00e9ralement \u00e0 valoriser la fid\u00e9lit\u00e9 et encourager la stabilit\u00e9 des \u00e9quipes. Mais \u00e9galement\u00a0r\u00e9compenser l\u2019implication durable de certains salari\u00e9s. Enfin, cela permet d&rsquo;\u00e9viter les \u00e9carts trop importants entre salari\u00e9s tr\u00e8s r\u00e9cents et salari\u00e9s de longue date.<\/p>\n<div class='cta-block'><div class='text'>Simulez toutes vos aides en 2 min.<\/div><a href='https:\/\/www.mes-allocs.fr\/ab-app?origin=guides\/wp-json\/wp\/v2\/posts\/85284' class='app-button fit'>Simulation gratuite<\/a><\/div>\n","protected":false},"excerpt":{"rendered":"<p>La prime Macron, ou prime de partage de la valeur (PPV), a \u00e9t\u00e9 instaur\u00e9e pour revaloriser le pouvoir d&rsquo;achat des salari\u00e9s. La PPV a toujours suscit\u00e9 de nombreuses questions. Comment est calcul\u00e9 le montant de la PPV ? Le montant de la prime Macron est-il li\u00e9 \u00e0 l&rsquo;anciennet\u00e9 d&rsquo;un employ\u00e9 au sein de l&rsquo;entreprise ? [&hellip;]<\/p>\n","protected":false},"author":30,"featured_media":85315,"comment_status":"open","ping_status":"open","sticky":false,"template":"","format":"standard","meta":{"amp_status":"","footnotes":""},"categories":[40090,40271],"tags":[],"class_list":["post-85284","post","type-post","status-publish","format-standard","has-post-thumbnail","hentry","category-prime-macron","category-prime-macron-montant"],"yoast_head":"<!-- This site is optimized with the Yoast SEO plugin v14.9 - https:\/\/yoast.com\/wordpress\/plugins\/seo\/ -->\n<title>PPV anciennet\u00e9 : quel impact sur vos droits et le montant de la prime ?<\/title>\n<meta name=\"description\" content=\"La prime Macron est vers\u00e9e par votre employeur. Comment se calcule son montant ? L&#039;anciennet\u00e9 est-elle prise en compte ? On vous r\u00e9pond.\" \/>\n<meta name=\"robots\" content=\"index, follow, max-snippet:-1, max-image-preview:large, max-video-preview:-1\" \/>\n<link rel=\"canonical\" href=\"https:\/\/www.mes-allocs.fr\/guides\/prime-macron\/prime-macron-montant\/prime-macron-anciennete\/\" \/>\n<meta property=\"og:locale\" content=\"fr_FR\" \/>\n<meta property=\"og:type\" content=\"article\" \/>\n<meta property=\"og:title\" content=\"PPV anciennet\u00e9 : quel impact sur vos droits et le montant de la prime ?\" \/>\n<meta property=\"og:description\" content=\"La prime Macron est vers\u00e9e par votre employeur. Comment se calcule son montant ? L&#039;anciennet\u00e9 est-elle prise en compte ? On vous r\u00e9pond.\" \/>\n<meta property=\"og:url\" content=\"https:\/\/www.mes-allocs.fr\/guides\/prime-macron\/prime-macron-montant\/prime-macron-anciennete\/\" \/>\n<meta property=\"og:site_name\" content=\"Mes-Allocs.fr\" \/>\n<meta property=\"article:published_time\" content=\"2024-11-12T17:39:25+00:00\" \/>\n<meta property=\"article:modified_time\" content=\"2026-04-22T09:51:17+00:00\" \/>\n<meta property=\"og:image\" content=\"https:\/\/www.mes-allocs.fr\/guides\/wp-content\/uploads\/2024\/11\/prime-macron-anciennete.jpg?wsr\" \/>\n\t<meta property=\"og:image:width\" content=\"1280\" \/>\n\t<meta property=\"og:image:height\" content=\"696\" \/>\n<meta name=\"twitter:card\" content=\"summary_large_image\" \/>\n<script type=\"application\/ld+json\" class=\"yoast-schema-graph\">{\"@context\":\"https:\/\/schema.org\",\"@graph\":[{\"@type\":\"WebSite\",\"@id\":\"https:\/\/www.mes-allocs.fr\/guides\/#website\",\"url\":\"https:\/\/www.mes-allocs.fr\/guides\/\",\"name\":\"Mes-Allocs.fr\",\"description\":\"\",\"potentialAction\":[{\"@type\":\"SearchAction\",\"target\":\"https:\/\/www.mes-allocs.fr\/guides\/?s={search_term_string}\",\"query-input\":\"required name=search_term_string\"}],\"inLanguage\":\"fr-FR\"},{\"@type\":\"ImageObject\",\"@id\":\"https:\/\/www.mes-allocs.fr\/guides\/prime-macron\/prime-macron-montant\/prime-macron-anciennete\/#primaryimage\",\"inLanguage\":\"fr-FR\",\"url\":\"https:\/\/www.mes-allocs.fr\/guides\/wp-content\/uploads\/2024\/11\/prime-macron-anciennete.jpg?wsr\",\"width\":1280,\"height\":696,\"caption\":\"prime macron anciennete\"},{\"@type\":\"WebPage\",\"@id\":\"https:\/\/www.mes-allocs.fr\/guides\/prime-macron\/prime-macron-montant\/prime-macron-anciennete\/#webpage\",\"url\":\"https:\/\/www.mes-allocs.fr\/guides\/prime-macron\/prime-macron-montant\/prime-macron-anciennete\/\",\"name\":\"PPV anciennet\\u00e9 : quel impact sur vos droits et le montant de la prime ?\",\"isPartOf\":{\"@id\":\"https:\/\/www.mes-allocs.fr\/guides\/#website\"},\"primaryImageOfPage\":{\"@id\":\"https:\/\/www.mes-allocs.fr\/guides\/prime-macron\/prime-macron-montant\/prime-macron-anciennete\/#primaryimage\"},\"datePublished\":\"2024-11-12T17:39:25+00:00\",\"dateModified\":\"2026-04-22T09:51:17+00:00\",\"author\":{\"@id\":\"https:\/\/www.mes-allocs.fr\/guides\/#\/schema\/person\/66505fe443d6e6f3696c5af001f3fab8\"},\"description\":\"La prime Macron est vers\\u00e9e par votre employeur. Comment se calcule son montant ? L'anciennet\\u00e9 est-elle prise en compte ? On vous r\\u00e9pond.\",\"inLanguage\":\"fr-FR\"},{\"@type\":\"Person\",\"@id\":\"https:\/\/www.mes-allocs.fr\/guides\/#\/schema\/person\/66505fe443d6e6f3696c5af001f3fab8\",\"name\":\"Lauriane Oriol\",\"image\":{\"@type\":\"ImageObject\",\"@id\":\"https:\/\/www.mes-allocs.fr\/guides\/#personlogo\",\"inLanguage\":\"fr-FR\",\"url\":\"https:\/\/www.mes-allocs.fr\/guides\/wp-content\/uploads\/2024\/10\/1702589802731-1-150x150.jpeg\",\"caption\":\"Lauriane Oriol\"},\"description\":\"Lauriane est r\\u00e9dactrice chez Mes Allocs. Sp\\u00e9cialiste des d\\u00e9marches administratives, elle rejoint Mes Allocs apr\\u00e8s une premi\\u00e8re exp\\u00e9rience en marketing et communication.\"}]}<\/script>\n<!-- \/ Yoast SEO plugin. -->","amp_validity":null,"acf":{"faq":{"1":{"question":"Quelles sont les conditions pour toucher la prime Macron ?","answer":"Il n'y a pas de conditions d\u00e9finies par la loi, c'est l'employeur qui d\u00e9cide."},"2":{"question":"Qui a le droit \u00e0 la prime Macron 2025 ?","answer":"Si votre employeur verse une prime Macron, tous les salari\u00e9s y ont droit sauf les stagiaires."},"3":{"question":"Comment savoir si j'ai le droit \u00e0 la prime Macron ?","answer":"Vous pouvez directement demander \u00e0 votre employeur ou regarder sur votre fiche de paye."},"4":{"question":"Qui a droit \u00e0 la prime de partage de la valeur ?","answer":"Selon la loi, tous les salari\u00e9s sauf les stagiaires."},"5":{"question":"","answer":""},"6":{"question":"","answer":""},"7":{"question":"","answer":""},"8":{"question":"","answer":""},"9":{"question":"","answer":""},"10":{"question":"","answer":""},"11":{"question":"","answer":""},"12":{"question":"","answer":""},"13":{"question":"","answer":""},"14":{"question":"","answer":""},"15":{"question":"","answer":""},"16":{"question":"","answer":""}}},"_links":{"self":[{"href":"https:\/\/www.mes-allocs.fr\/guides\/wp-json\/wp\/v2\/posts\/85284","targetHints":{"allow":["GET"]}}],"collection":[{"href":"https:\/\/www.mes-allocs.fr\/guides\/wp-json\/wp\/v2\/posts"}],"about":[{"href":"https:\/\/www.mes-allocs.fr\/guides\/wp-json\/wp\/v2\/types\/post"}],"author":[{"embeddable":true,"href":"https:\/\/www.mes-allocs.fr\/guides\/wp-json\/wp\/v2\/users\/30"}],"replies":[{"embeddable":true,"href":"https:\/\/www.mes-allocs.fr\/guides\/wp-json\/wp\/v2\/comments?post=85284"}],"version-history":[{"count":19,"href":"https:\/\/www.mes-allocs.fr\/guides\/wp-json\/wp\/v2\/posts\/85284\/revisions"}],"predecessor-version":[{"id":105996,"href":"https:\/\/www.mes-allocs.fr\/guides\/wp-json\/wp\/v2\/posts\/85284\/revisions\/105996"}],"wp:featuredmedia":[{"embeddable":true,"href":"https:\/\/www.mes-allocs.fr\/guides\/wp-json\/wp\/v2\/media\/85315"}],"wp:attachment":[{"href":"https:\/\/www.mes-allocs.fr\/guides\/wp-json\/wp\/v2\/media?parent=85284"}],"wp:term":[{"taxonomy":"category","embeddable":true,"href":"https:\/\/www.mes-allocs.fr\/guides\/wp-json\/wp\/v2\/categories?post=85284"},{"taxonomy":"post_tag","embeddable":true,"href":"https:\/\/www.mes-allocs.fr\/guides\/wp-json\/wp\/v2\/tags?post=85284"}],"curies":[{"name":"wp","href":"https:\/\/api.w.org\/{rel}","templated":true}]}}