{"id":84814,"date":"2024-11-07T19:14:32","date_gmt":"2024-11-07T17:14:32","guid":{"rendered":"https:\/\/www.mes-allocs.fr\/guides\/?p=84814"},"modified":"2026-04-22T10:51:17","modified_gmt":"2026-04-22T09:51:17","slug":"prime-macron-montant","status":"publish","type":"post","link":"https:\/\/www.mes-allocs.fr\/guides\/prime-macron\/prime-macron-montant\/","title":{"rendered":"Montant prime Macron 2025 : jusqu&rsquo;\u00e0 6 000\u20ac"},"content":{"rendered":"<p><img loading=\"lazy\" decoding=\"async\" class=\"alignnone wp-image-85088 size-full\" title=\"prime macron montant\" src=\"https:\/\/www.mes-allocs.fr\/guides\/wp-content\/uploads\/2024\/11\/prime-macron-montant-e1764230750514.jpg\" alt=\"prime macron montant\" width=\"1274\" height=\"300\" srcset=\"https:\/\/www.mes-allocs.fr\/guides\/wp-content\/uploads\/2024\/11\/prime-macron-montant-e1764230750514.jpg 1274w, https:\/\/www.mes-allocs.fr\/guides\/wp-content\/uploads\/2024\/11\/prime-macron-montant-e1764230750514-300x71.jpg 300w, https:\/\/www.mes-allocs.fr\/guides\/wp-content\/uploads\/2024\/11\/prime-macron-montant-e1764230750514-1024x241.jpg 1024w, https:\/\/www.mes-allocs.fr\/guides\/wp-content\/uploads\/2024\/11\/prime-macron-montant-e1764230750514-768x181.jpg 768w, https:\/\/www.mes-allocs.fr\/guides\/wp-content\/uploads\/2024\/11\/prime-macron-montant-e1764230750514-600x141.jpg 600w\" sizes=\"auto, (max-width: 1274px) 100vw, 1274px\" \/><\/p>\n<p>La prime de partage de la valeur, anciennement <a href=\"https:\/\/www.mes-allocs.fr\/guides\/prime-macron\/\">prime Macron<\/a>, est devenue un sujet d&rsquo;int\u00e9r\u00eat majeur pour de nombreux salari\u00e9s. Quels sont les avantages fiscaux de cette prime ? Quel <strong>montant de<\/strong> <strong>prime Macron<\/strong> allez-vous toucher cette ann\u00e9e ? Dans cet article, on r\u00e9pond \u00e0 toutes vos questions.<\/p>\n<div class='cta-block'><div class='text'>Simulez toutes vos aides en 2 min.<\/div><a href='https:\/\/www.mes-allocs.fr\/ab-app?origin=guides\/wp-json\/wp\/v2\/posts\/84814' class='app-button fit'>Simulation gratuite<\/a><\/div>\n<h1>Quels sont les diff\u00e9rents montants de la prime Macron ?<\/h1>\n<p>La prime de partage de la valeur (PPV) est un dispositif mis en place pour favoriser le partage de la richesse au sein des entreprises. Le montant que vous pouvez esp\u00e9rer toucher d\u00e9pend totalement de votre employeur a une quasiment totale libert\u00e9.<\/p>\n<h2>Le montant maximum de la prime Macron<\/h2>\n<p>Le montant maximal de la prime Macron est un plafond fix\u00e9 par la loi. En 2025, ce plafond s&rsquo;\u00e9l\u00e8ve \u00e0 <strong>3 000 \u20ac par employ\u00e9<\/strong>.<\/p>\n<p>Cependant, ce plafond peut \u00eatre port\u00e9 \u00e0 <strong>6 000 \u20ac sous la condition que l&rsquo;entreprise ait sign\u00e9 un accord d&rsquo;int\u00e9ressement ou un accord de participation.<\/strong><\/p>\n<p>Il est \u00e0 noter que ce plafond est un maximum l\u00e9gal mais que l&#8217;employeur est libre de verser un montant inf\u00e9rieur voire nettement inf\u00e9rieur.<\/p>\n<h2>Le montant minimum de la prime Macron<\/h2>\n<p>Contrairement au montant maximal, il n&rsquo;existe <strong>pas de montant minimum l\u00e9gal<\/strong> pour la prime Macron.<\/p>\n<p>Ce qui signifie que l&#8217;employeur peut d\u00e9cider de verser un montant symbolique \u00e0 ses salari\u00e9s. Cependant, l&rsquo;Etat encourage les entreprises \u00e0 verser une prime significative pour favoriser le pouvoir d&rsquo;achat des salari\u00e9s et renforcer le lien social au sein de leur entreprise.<\/p>\n<h2>Le montant moyen de la prime Macron<\/h2>\n<p data-sourcepos=\"14:1-14:290\"><strong>En 2025, le montant moyen de la prime Macron est estim\u00e9 \u00e0 environ 900 \u20ac.<\/strong><\/p>\n<p data-sourcepos=\"14:1-14:290\">Mais il est important de noter que montant moyen de la prime Macron varie d&rsquo;une entreprise \u00e0 l&rsquo;autre car il d\u00e9pend de nombreux facteurs. Les principaux facteurs qui influencent le montant moyen de la prime de partage de la valeur sont les suivants :<\/p>\n<ul>\n<li data-sourcepos=\"14:1-14:290\"><strong>La taille de l&rsquo;entreprise<\/strong><\/li>\n<li data-sourcepos=\"14:1-14:290\"><strong>Le secteur d&rsquo;activit\u00e9 de l&rsquo;entreprise<\/strong><\/li>\n<li data-sourcepos=\"14:1-14:290\"><strong>La performance \u00e9conomique de l&rsquo;entreprise<\/strong><\/li>\n<\/ul>\n<p>Depuis le <strong>1er janvier 2025<\/strong>, les entreprises comptant entre\u00a0<strong>11 et 49 salari\u00e9s<\/strong> doivent obligatoirement mettre en place un dispositif de partage de la valeur si elles ont r\u00e9alis\u00e9 un b\u00e9n\u00e9fice net fiscal d&rsquo;au moins <strong>1 % du chiffre d&rsquo;affaires<\/strong>\u00a0pendant trois exercices cons\u00e9cutifs.<\/p>\n<h1>Comment est calcul\u00e9 le montant de la prime Macron ?<\/h1>\n<p>Le montant de la prime de partage de la valeur n&rsquo;est pas donn\u00e9 par une formule math\u00e9matique. En effet, il d\u00e9pend de plusieurs facteurs ce qui laisse une grande libert\u00e9 pour les employeurs.<\/p>\n<h2>Montant de la prime Macron au choix de l&#8217;employeur<\/h2>\n<p><strong>Comme nous l&rsquo;avons \u00e9voqu\u00e9, la loi ne fixe pas de m\u00e9thode de calcul pr\u00e9cise pour la prime Macron.<\/strong><\/p>\n<p>En effet, c&rsquo;est l&#8217;employeur qui d\u00e9cide seul ou en accord avec les repr\u00e9sentants du personnel du montant \u00e0 verser \u00e0 chaque salari\u00e9. Ainsi, il est possible que le <a href=\"https:\/\/www.mes-allocs.fr\/guides\/prime-macron\/prime-macron-montant\/prime-macron-montant-different-par-salarie\/\">montant de la prime Macron soit diff\u00e9rent pour chaque salari\u00e9<\/a>. Cette libert\u00e9 laisse une marge de man\u0153uvre importante aux entreprises pour adapter le montant de la prime \u00e0 leur situation financi\u00e8re et \u00e0 leurs objectifs.<\/p>\n<p>De plus, nous vous rappelons que<strong> l&#8217;employeur n&rsquo;est pas oblig\u00e9 de verser une prime Macron, celle-ci est facultative.<\/strong><\/p>\n<h2>Quels sont les crit\u00e8res pris en compte dans le calcul du montant de la prime Macron ?<\/h2>\n<p data-sourcepos=\"11:1-11:92\">Bien que le montant de la prime de partage de la valeur soit libre, certains crit\u00e8res peuvent grandement influencer le montant de la prime que chaque salari\u00e9 va b\u00e9n\u00e9ficier :<\/p>\n<ul data-sourcepos=\"13:1-17:0\">\n<li data-sourcepos=\"13:1-13:216\"><strong>La performance de l&rsquo;entreprise <\/strong>(b\u00e9n\u00e9fices r\u00e9alis\u00e9s, croissance de l&rsquo;activit\u00e9 etc.)<\/li>\n<li data-sourcepos=\"14:1-14:137\"><strong>La situation financi\u00e8re de l&rsquo;entreprise <\/strong>(sant\u00e9 financi\u00e8re)<\/li>\n<li data-sourcepos=\"14:1-14:137\"><strong>Les revenus de chaque employ\u00e9<\/strong> (salaires)<\/li>\n<li data-sourcepos=\"14:1-14:137\"><strong>Le temps de pr\u00e9sence effectif<\/strong> (il est possible que le <a href=\"https:\/\/www.mes-allocs.fr\/guides\/prime-macron\/prime-macron-montant\/prime-macron-prorata-temps-de-presence\/\">montant de la prime Macron soit calcul\u00e9 au prorata du temps de pr\u00e9sence<\/a>)<\/li>\n<li data-sourcepos=\"14:1-14:137\"><strong>L&rsquo;anciennet\u00e9<\/strong> (l&rsquo;<a href=\"https:\/\/www.mes-allocs.fr\/guides\/prime-macron\/prime-macron-montant\/prime-macron-anciennete\/\">anciennet\u00e9 impacte le montant de la prime Macron<\/a>)<\/li>\n<\/ul>\n<p><span style=\"font-weight: 400;\">Tout est possible pour l&#8217;employ\u00e9, il peut d\u00e9cider de fixer un montant forfaitaire et des majorations mais il peut aussi d\u00e9terminer un pourcentage par exemple.<\/span><\/p>\n<p>&nbsp;<\/p>\n<h2>La transparence de votre employeur sur le calcul de la PPV<\/h2>\n<p>M\u00eame si l&#8217;employeur jouit d&rsquo;une importante libert\u00e9, <strong>il doit faire figurer la prime Macron sur votre fiche de paye.<\/strong><\/p>\n<p data-sourcepos=\"19:1-19:239\">De plus, votre employeur doit vous informer de mani\u00e8re claire et pr\u00e9cise sur les modalit\u00e9s de calcul de la prime Macron.<\/p>\n<p data-sourcepos=\"19:1-19:239\">En effet, vous avez le droit de conna\u00eetre les crit\u00e8res qui ont \u00e9t\u00e9 retenus pour d\u00e9terminer le montant de votre prime. Vous pouvez donc poser des questions \u00e0 votre employeur ou \u00e0 vos repr\u00e9sentants. Il vous est aussi possible de retrouver ces informations dans les accords d&rsquo;entreprise ou les proc\u00e8s-verbaux des r\u00e9unions o\u00f9 la prime Macron a \u00e9t\u00e9 n\u00e9goci\u00e9e.<\/p>\n<p data-sourcepos=\"19:1-19:239\"><div class='cta-block'><div class='text'>Simulez toutes vos aides en 2 min.<\/div><a href='https:\/\/www.mes-allocs.fr\/ab-app?origin=guides\/wp-json\/wp\/v2\/posts\/84814' class='app-button fit'>Simulation gratuite<\/a><\/div><\/p>\n<h1>Le montant de la prime Macron peut-il \u00eatre n\u00e9goci\u00e9 par le salari\u00e9 ?<\/h1>\n<p>Bien que la prime Macron soit une initiative gouvernementale visant \u00e0 partager la valeur cr\u00e9\u00e9e au sein des entreprises, le montant de la PPV est g\u00e9n\u00e9ralement fix\u00e9 par l&#8217;employeur ou par accord d&rsquo;entreprise.<\/p>\n<p><strong>Donc l&#8217;employ\u00e9 a peu de marge de man\u0153uvre pour n\u00e9gocier directement le montant de sa prime.<\/strong> Toutefois, les repr\u00e9sentants du personnel (comme le CSE de l&rsquo;entreprise) peuvent jouer un r\u00f4le important dans la n\u00e9gociation des crit\u00e8res de calcul et du montant global de la prime.<\/p>\n<p><iframe loading=\"lazy\" title=\"La prime de partage de la valeur (prime Macron)\" width=\"500\" height=\"281\" src=\"https:\/\/www.youtube.com\/embed\/BZDkfkZcuAA?feature=oembed\" frameborder=\"0\" allow=\"accelerometer; autoplay; clipboard-write; encrypted-media; gyroscope; picture-in-picture; web-share\" referrerpolicy=\"strict-origin-when-cross-origin\" allowfullscreen><\/iframe><\/p>\n<h1>Existe-t-il des plafonds de montant pour le versement de la prime Macron ?<\/h1>\n<p data-sourcepos=\"5:1-5:199\">La r\u00e9ponse est oui. En effet, il existe des plafonds de versement pour la prime Macron pour pouvoir b\u00e9n\u00e9ficier d&rsquo;une exon\u00e9ration fiscale et sociale avantageuse. Ces plafonds varient en fonction de la situation de l&rsquo;entreprise :<\/p>\n<ul data-sourcepos=\"6:1-9:0\">\n<li data-sourcepos=\"6:1-6:69\"><strong>3 000 \u20ac par salari\u00e9 et par an<\/strong> pour toutes les entreprises<\/li>\n<li data-sourcepos=\"7:1-9:0\"><strong>6 000 \u20ac par salari\u00e9 et par an<\/strong> seulement si l&rsquo;entreprise a mis en place un accord d&rsquo;int\u00e9ressement ou de participation<\/li>\n<\/ul>\n<p>Il est important de noter que ces plafonds repr\u00e9sentent des limites pour b\u00e9n\u00e9ficier des avantages fiscaux, mais qu&rsquo;un employeur peut tout \u00e0 fait verser un montant sup\u00e9rieur. Cependant, la somme qui sera sup\u00e9rieure au plafond ne b\u00e9n\u00e9ficiera pas des exon\u00e9rations fiscales.<\/p>\n<h1>Quels sont les avantages fiscaux li\u00e9s \u00e0 la prime Macron ?<\/h1>\n<p>La prime de partage de la valeur b\u00e9n\u00e9ficie d&rsquo;avantages fiscaux non n\u00e9gligeable pour les employ\u00e9s et les employeurs. En effet, dans les limites d\u00e9crites ci-dessus, elle est <strong>exon\u00e9r\u00e9e d&rsquo;imp\u00f4t sur le revenu, de cotisations salariales, de Contribution Sociale G\u00e9n\u00e9ralis\u00e9e (CSG) et de Contribution pour le Remboursement de la Dette Sociale (CRDS)<\/strong>.<\/p>\n<p>Ce qui veut concr\u00e8tement dire que le montant de la prime que l&#8217;employ\u00e9 re\u00e7oit vient s&rsquo;ajouter \u00e0 son salaire net, sans qu&rsquo;il n&rsquo;ait \u00e0 payer d&rsquo;imp\u00f4ts ou de cotisations suppl\u00e9mentaires.<\/p>\n<p>Pour b\u00e9n\u00e9ficier de cette exon\u00e9ration totale,<strong> le montant de la prime ne doit pas d\u00e9passer un certain plafond et l&rsquo;entreprise doit avoir moins de 50 salari\u00e9s. De plus, l&#8217;employ\u00e9 doit percevoir moins de 3 fois le montant du SMIC.<\/strong><\/p>\n<p>Vous souhaitez savoir si le <a href=\"https:\/\/www.mes-allocs.fr\/guides\/prime-macron\/prime-macron-montant\/prime-macron-montant-brut-ou-net\/\">montant de la prime Macron est brut ou net<\/a> ? Parcourez notre article pour en savoir plus !<\/p>\n<div class='cta-block'><div class='text'>Simulez toutes vos aides en 2 min.<\/div><a href='https:\/\/www.mes-allocs.fr\/ab-app?origin=guides\/wp-json\/wp\/v2\/posts\/84814' class='app-button fit'>Simulation gratuite<\/a><\/div>\n","protected":false},"excerpt":{"rendered":"<p>La prime de partage de la valeur, anciennement prime Macron, est devenue un sujet d&rsquo;int\u00e9r\u00eat majeur pour de nombreux salari\u00e9s. Quels sont les avantages fiscaux de cette prime ? Quel montant de prime Macron allez-vous toucher cette ann\u00e9e ? Dans cet article, on r\u00e9pond \u00e0 toutes vos questions. Quels sont les diff\u00e9rents montants de la [&hellip;]<\/p>\n","protected":false},"author":30,"featured_media":85088,"comment_status":"open","ping_status":"open","sticky":false,"template":"","format":"standard","meta":{"amp_status":"","footnotes":""},"categories":[40090],"tags":[],"class_list":["post-84814","post","type-post","status-publish","format-standard","has-post-thumbnail","hentry","category-prime-macron"],"yoast_head":"<!-- This site is optimized with the Yoast SEO plugin v14.9 - https:\/\/yoast.com\/wordpress\/plugins\/seo\/ -->\n<title>Montant prime Macron 2025 : jusqu&#039;\u00e0 6 000\u20ac | Mes-Allocs.fr<\/title>\n<meta name=\"description\" content=\"La prime Macron existe maintenant depuis plusieurs ann\u00e9es. Dans cet article, on vous donne le montant de cette prime en 2025 !\" \/>\n<meta name=\"robots\" content=\"index, follow, max-snippet:-1, max-image-preview:large, max-video-preview:-1\" \/>\n<link rel=\"canonical\" href=\"https:\/\/www.mes-allocs.fr\/guides\/prime-macron\/prime-macron-montant\/\" \/>\n<meta property=\"og:locale\" content=\"fr_FR\" \/>\n<meta property=\"og:type\" content=\"article\" \/>\n<meta property=\"og:title\" content=\"Montant prime Macron 2025 : jusqu&#039;\u00e0 6 000\u20ac | Mes-Allocs.fr\" \/>\n<meta property=\"og:description\" content=\"La prime Macron existe maintenant depuis plusieurs ann\u00e9es. Dans cet article, on vous donne le montant de cette prime en 2025 !\" \/>\n<meta property=\"og:url\" content=\"https:\/\/www.mes-allocs.fr\/guides\/prime-macron\/prime-macron-montant\/\" \/>\n<meta property=\"og:site_name\" content=\"Mes-Allocs.fr\" \/>\n<meta property=\"article:published_time\" content=\"2024-11-07T17:14:32+00:00\" \/>\n<meta property=\"article:modified_time\" content=\"2026-04-22T09:51:17+00:00\" \/>\n<meta property=\"og:image\" content=\"https:\/\/www.mes-allocs.fr\/guides\/wp-content\/uploads\/2024\/11\/prime-macron-montant-e1764230750514.jpg?wsr\" \/>\n\t<meta property=\"og:image:width\" content=\"1274\" \/>\n\t<meta property=\"og:image:height\" content=\"300\" \/>\n<meta name=\"twitter:card\" content=\"summary_large_image\" \/>\n<script type=\"application\/ld+json\" class=\"yoast-schema-graph\">{\"@context\":\"https:\/\/schema.org\",\"@graph\":[{\"@type\":\"WebSite\",\"@id\":\"https:\/\/www.mes-allocs.fr\/guides\/#website\",\"url\":\"https:\/\/www.mes-allocs.fr\/guides\/\",\"name\":\"Mes-Allocs.fr\",\"description\":\"\",\"potentialAction\":[{\"@type\":\"SearchAction\",\"target\":\"https:\/\/www.mes-allocs.fr\/guides\/?s={search_term_string}\",\"query-input\":\"required name=search_term_string\"}],\"inLanguage\":\"fr-FR\"},{\"@type\":\"ImageObject\",\"@id\":\"https:\/\/www.mes-allocs.fr\/guides\/prime-macron\/prime-macron-montant\/#primaryimage\",\"inLanguage\":\"fr-FR\",\"url\":\"https:\/\/www.mes-allocs.fr\/guides\/wp-content\/uploads\/2024\/11\/prime-macron-montant-e1764230750514.jpg?wsr\",\"width\":1274,\"height\":300,\"caption\":\"prime macron montant\"},{\"@type\":\"WebPage\",\"@id\":\"https:\/\/www.mes-allocs.fr\/guides\/prime-macron\/prime-macron-montant\/#webpage\",\"url\":\"https:\/\/www.mes-allocs.fr\/guides\/prime-macron\/prime-macron-montant\/\",\"name\":\"Montant prime Macron 2025 : jusqu'\\u00e0 6 000\\u20ac | Mes-Allocs.fr\",\"isPartOf\":{\"@id\":\"https:\/\/www.mes-allocs.fr\/guides\/#website\"},\"primaryImageOfPage\":{\"@id\":\"https:\/\/www.mes-allocs.fr\/guides\/prime-macron\/prime-macron-montant\/#primaryimage\"},\"datePublished\":\"2024-11-07T17:14:32+00:00\",\"dateModified\":\"2026-04-22T09:51:17+00:00\",\"author\":{\"@id\":\"https:\/\/www.mes-allocs.fr\/guides\/#\/schema\/person\/66505fe443d6e6f3696c5af001f3fab8\"},\"description\":\"La prime Macron existe maintenant depuis plusieurs ann\\u00e9es. Dans cet article, on vous donne le montant de cette prime en 2025 !\",\"inLanguage\":\"fr-FR\"},{\"@type\":\"Person\",\"@id\":\"https:\/\/www.mes-allocs.fr\/guides\/#\/schema\/person\/66505fe443d6e6f3696c5af001f3fab8\",\"name\":\"Lauriane Oriol\",\"image\":{\"@type\":\"ImageObject\",\"@id\":\"https:\/\/www.mes-allocs.fr\/guides\/#personlogo\",\"inLanguage\":\"fr-FR\",\"url\":\"https:\/\/www.mes-allocs.fr\/guides\/wp-content\/uploads\/2024\/10\/1702589802731-1-150x150.jpeg\",\"caption\":\"Lauriane Oriol\"},\"description\":\"Lauriane est r\\u00e9dactrice chez Mes Allocs. Sp\\u00e9cialiste des d\\u00e9marches administratives, elle rejoint Mes Allocs apr\\u00e8s une premi\\u00e8re exp\\u00e9rience en marketing et communication.\"}]}<\/script>\n<!-- \/ Yoast SEO plugin. -->","amp_validity":null,"acf":{"faq":{"1":{"question":"Quel est le montant de la prime Macron 2025 ?","answer":"Le montant d\u00e9pend des crit\u00e8res choisis par votre employeur."},"2":{"question":"Qui a droit \u00e0 la prime Macron de 6 000 \u20ac ?","answer":"6 000 \u20ac correspond au plafond qu'une entreprise peut verser \u00e0 un employ\u00e9 sous la condition que l'entreprise ait sign\u00e9 un accord d'int\u00e9ressement ou un accord de participation."},"3":{"question":"Comment fonctionne la prime Macron pour les entreprises ?","answer":"Cette prime est exon\u00e9r\u00e9e sous certaines conditions de cotisations et contributions sociales. "},"4":{"question":"Qui a droit \u00e0 la prime de 3 000 euros ?","answer":"3 000 \u20ac correspond au plafond qu'une entreprise peut verser \u00e0 un employ\u00e9."},"5":{"question":"","answer":""},"6":{"question":"","answer":""},"7":{"question":"","answer":""},"8":{"question":"","answer":""},"9":{"question":"","answer":""},"10":{"question":"","answer":""},"11":{"question":"","answer":""},"12":{"question":"","answer":""},"13":{"question":"","answer":""},"14":{"question":"","answer":""},"15":{"question":"","answer":""},"16":{"question":"","answer":""}}},"_links":{"self":[{"href":"https:\/\/www.mes-allocs.fr\/guides\/wp-json\/wp\/v2\/posts\/84814","targetHints":{"allow":["GET"]}}],"collection":[{"href":"https:\/\/www.mes-allocs.fr\/guides\/wp-json\/wp\/v2\/posts"}],"about":[{"href":"https:\/\/www.mes-allocs.fr\/guides\/wp-json\/wp\/v2\/types\/post"}],"author":[{"embeddable":true,"href":"https:\/\/www.mes-allocs.fr\/guides\/wp-json\/wp\/v2\/users\/30"}],"replies":[{"embeddable":true,"href":"https:\/\/www.mes-allocs.fr\/guides\/wp-json\/wp\/v2\/comments?post=84814"}],"version-history":[{"count":17,"href":"https:\/\/www.mes-allocs.fr\/guides\/wp-json\/wp\/v2\/posts\/84814\/revisions"}],"predecessor-version":[{"id":106248,"href":"https:\/\/www.mes-allocs.fr\/guides\/wp-json\/wp\/v2\/posts\/84814\/revisions\/106248"}],"wp:featuredmedia":[{"embeddable":true,"href":"https:\/\/www.mes-allocs.fr\/guides\/wp-json\/wp\/v2\/media\/85088"}],"wp:attachment":[{"href":"https:\/\/www.mes-allocs.fr\/guides\/wp-json\/wp\/v2\/media?parent=84814"}],"wp:term":[{"taxonomy":"category","embeddable":true,"href":"https:\/\/www.mes-allocs.fr\/guides\/wp-json\/wp\/v2\/categories?post=84814"},{"taxonomy":"post_tag","embeddable":true,"href":"https:\/\/www.mes-allocs.fr\/guides\/wp-json\/wp\/v2\/tags?post=84814"}],"curies":[{"name":"wp","href":"https:\/\/api.w.org\/{rel}","templated":true}]}}