{"id":84764,"date":"2024-11-04T18:09:55","date_gmt":"2024-11-04T16:09:55","guid":{"rendered":"https:\/\/www.mes-allocs.fr\/guides\/?p=84764"},"modified":"2026-04-22T10:51:19","modified_gmt":"2026-04-22T09:51:19","slug":"ircem-cheques-vacances","status":"publish","type":"post","link":"https:\/\/www.mes-allocs.fr\/guides\/aide-vacances\/cheque-vacances\/ircem-cheques-vacances\/","title":{"rendered":"Ch\u00e8ques vacances IRCEM : conditions, montants, demande"},"content":{"rendered":"<p><img loading=\"lazy\" decoding=\"async\" class=\"alignnone wp-image-42200 size-full\" title=\"ircem ch\u00e8ques-vacances\" src=\"https:\/\/www.mes-allocs.fr\/guides\/wp-content\/uploads\/2021\/12\/vacances-1-e1640089024834.jpeg\" alt=\"ircem ch\u00e8ques-vacances\" width=\"1125\" height=\"284\" \/><\/p>\n<p>Les<strong> ch\u00e8ques-vacances IRCEM<\/strong> constituent une aide aux vacances pr\u00e9cieuse pour les retrait\u00e9s et les actifs de la fonction publique. Destin\u00e9s \u00e0 favoriser l&rsquo;acc\u00e8s aux loisirs et aux vacances, ces ch\u00e8ques permettent de r\u00e9duire le co\u00fbt des s\u00e9jours et activit\u00e9s. Ils s&rsquo;adressent sp\u00e9cifiquement aux personnes couvertes par l&rsquo;IRCEM et peuvent offrir des montants significatifs pour aider \u00e0 profiter de moments de d\u00e9tente. Dans cet article, nous aborderons les conditions, les montants disponibles, ainsi que le processus de demande des <a href=\"https:\/\/www.mes-allocs.fr\/guides\/aide-vacances\/cheque-vacances\/\">ch\u00e8ques-vacances<\/a> IRCEM.<\/p>\n<div class='cta-block'><div class='text'>Simulez toutes vos aides en 2 min.<\/div><a href='https:\/\/www.mes-allocs.fr\/ab-app?origin=guides\/wp-json\/wp\/v2\/posts\/84764' class='app-button fit'>Simulation gratuite<\/a><\/div>\n<h1>Pr\u00e9sentation des ch\u00e8ques-vacances IRCEM<\/h1>\n<h2>Qui est l\u2019IRCEM et quel est son r\u00f4le dans l\u2019attribution des ch\u00e8ques-vacances ?<\/h2>\n<p>L\u2019IRCEM est un organisme de protection sociale destin\u00e9 principalement aux professions de services \u00e0 la personne, comme les employ\u00e9s de maison, les aides \u00e0 domicile, et les assistantes de vie. Parmi ses aides, l&rsquo;IRCEM propose des ch\u00e8ques-vacances pour favoriser l\u2019acc\u00e8s aux vacances et loisirs de ses adh\u00e9rents. Ce dispositif permet de b\u00e9n\u00e9ficier d\u2019une participation financi\u00e8re pour des activit\u00e9s de d\u00e9tente et de vacances, all\u00e9geant ainsi le budget des b\u00e9n\u00e9ficiaires.<\/p>\n<h2>Quels sont les avantages sp\u00e9cifiques des ch\u00e8ques-vacances IRCEM ?<\/h2>\n<p>Les ch\u00e8ques-vacances IRCEM permettent d\u2019acc\u00e9der \u00e0 une large gamme de services : h\u00e9bergements, activit\u00e9s sportives, culturelles et m\u00eame des offres de transport. Ils sont accept\u00e9s par de nombreux prestataires en France et en Europe, facilitant l\u2019acc\u00e8s aux loisirs sans contraintes budg\u00e9taires. De plus, le programme propose des montants ajust\u00e9s en fonction de la situation personnelle, ce qui permet de s\u2019adapter aux besoins sp\u00e9cifiques des travailleurs du secteur des services \u00e0 la personne.<\/p>\n<h1>Conditions d\u2019\u00e9ligibilit\u00e9 aux ch\u00e8ques-vacances IRCEM<\/h1>\n<h2>Quelles sont les conditions pour b\u00e9n\u00e9ficier de cette aide ?<\/h2>\n<p>Pour acc\u00e9der aux ch\u00e8ques-vacances IRCEM, les b\u00e9n\u00e9ficiaires doivent g\u00e9n\u00e9ralement \u00eatre affili\u00e9s \u00e0 l\u2019IRCEM en tant qu\u2019actifs ou retrait\u00e9s du secteur de l\u2019aide \u00e0 domicile. Les conditions d\u2019\u00e9ligibilit\u00e9 peuvent \u00e9galement d\u00e9pendre des revenus et de l\u2019anciennet\u00e9 dans la profession, afin de cibler ceux ayant les moyens les plus modestes. Utilisez la <a href=\"https:\/\/www.mes-allocs.fr\/guides\/aide-vacances\/cheque-vacances\/simulation-cheque-vacances\/\">simulation ch\u00e8ques-vacances<\/a> pour savoir si vous \u00eates \u00e9ligible !<\/p>\n<h2>Existe-t-il des crit\u00e8res sp\u00e9cifiques selon les professions ?<\/h2>\n<p>L\u2019IRCEM se concentre sur les m\u00e9tiers de services \u00e0 la personne. Par cons\u00e9quent, seuls les professionnels exer\u00e7ant ou ayant exerc\u00e9 dans ce secteur sont \u00e9ligibles. Les crit\u00e8res peuvent diff\u00e9rer selon la dur\u00e9e de l\u2019activit\u00e9, les statuts d\u2019emploi (salari\u00e9 ou retrait\u00e9) et, parfois, le nombre d\u2019heures travaill\u00e9es au cours des derni\u00e8res ann\u00e9es.<\/p>\n<div class='cta-block'><div class='text'>Simulez toutes vos aides en 2 min.<\/div><a href='https:\/\/www.mes-allocs.fr\/ab-app?origin=guides\/wp-json\/wp\/v2\/posts\/84764' class='app-button fit'>Simulation gratuite<\/a><\/div>\n<h1>Quel est le montant des ch\u00e8ques-vacances attribu\u00e9s par l&rsquo;IRCEM ?<\/h1>\n<h2>Facteurs influen\u00e7ant le montant<\/h2>\n<p>Le montant des ch\u00e8ques-vacances attribu\u00e9 par l\u2019IRCEM d\u00e9pend des crit\u00e8res de ressources, de la composition familiale et du statut professionnel de chaque b\u00e9n\u00e9ficiaire. L&rsquo;aide est modul\u00e9e pour mieux s&rsquo;adapter aux situations financi\u00e8res des demandeurs. Ainsi, les foyers avec des revenus modestes peuvent esp\u00e9rer un montant plus cons\u00e9quent afin de maximiser leur acc\u00e8s aux vacances et aux loisirs.<\/p>\n<h2>Montants typiques des aides<\/h2>\n<p>Les ch\u00e8ques-vacances d\u00e9livr\u00e9s par l\u2019IRCEM sont g\u00e9n\u00e9ralement attribu\u00e9s sous forme de montants fixes ou en pourcentage des d\u00e9penses envisag\u00e9es pour les vacances. Cette aide, bien qu\u2019elle ne couvre pas enti\u00e8rement les co\u00fbts, peut aller de quelques dizaines \u00e0 plusieurs centaines d\u2019euros, selon le profil du b\u00e9n\u00e9ficiaire et le budget d\u00e9di\u00e9 par l\u2019IRCEM pour l&rsquo;ann\u00e9e.<\/p>\n<p><iframe loading=\"lazy\" title=\"Tout savoir sur le ch\u00e8que-vacances !\" width=\"500\" height=\"281\" src=\"https:\/\/www.youtube.com\/embed\/Xk9sp0mu6OE?feature=oembed\" frameborder=\"0\" allow=\"accelerometer; autoplay; clipboard-write; encrypted-media; gyroscope; picture-in-picture; web-share\" referrerpolicy=\"strict-origin-when-cross-origin\" allowfullscreen><\/iframe><\/p>\n<h1>Demande de ch\u00e8ques-vacances aupr\u00e8s de l\u2019IRCEM<\/h1>\n<h2>Comment soumettre une demande de ch\u00e8ques-vacances ?<\/h2>\n<p>La <a href=\"https:\/\/www.mes-allocs.fr\/guides\/aide-vacances\/cheque-vacances\/demande-cheque-vacances\/\">demande de ch\u00e8ques-vacances<\/a> aupr\u00e8s de l\u2019IRCEM se fait g\u00e9n\u00e9ralement en ligne via leur portail, o\u00f9 les formulaires sont disponibles. Les candidats doivent remplir ces formulaires avec soin, en renseignant leurs informations personnelles et professionnelles. Une fois remplis, les documents sont \u00e0 envoyer directement \u00e0 l\u2019IRCEM ou peuvent \u00eatre d\u00e9pos\u00e9s en ligne pour un traitement plus rapide.<\/p>\n<h2>Quels sont les documents n\u00e9cessaires pour faire une demande de ch\u00e8ques vacances aupr\u00e8s de l&rsquo;IRCEM ?<\/h2>\n<p>Pour compl\u00e9ter la demande, les documents requis incluent souvent des justificatifs de revenus (comme les avis d\u2019imposition), des preuves d\u2019affiliation au r\u00e9gime IRCEM, ainsi que des informations sur la composition du foyer. Ces pi\u00e8ces sont n\u00e9cessaires pour que l\u2019IRCEM puisse \u00e9valuer l\u2019\u00e9ligibilit\u00e9 et le montant des ch\u00e8ques-vacances adapt\u00e9s \u00e0 chaque profil.<\/p>\n<h1>Utilisation des ch\u00e8ques-vacances IRCEM<\/h1>\n<h2>O\u00f9 les ch\u00e8ques-vacances IRCEM peuvent-ils \u00eatre utilis\u00e9s ?<\/h2>\n<p>Les ch\u00e8ques-vacances IRCEM sont accept\u00e9s dans de nombreux \u00e9tablissements en France et en Europe, notamment pour des s\u00e9jours dans des h\u00f4tels, campings, g\u00eetes, ou locations de vacances. Les b\u00e9n\u00e9ficiaires peuvent \u00e9galement les utiliser pour le transport (trains, compagnies a\u00e9riennes partenaires) et dans divers lieux de loisirs tels que les parcs d\u2019attractions, mus\u00e9es, et activit\u00e9s sportives.<\/p>\n<h2>Quels types d\u2019activit\u00e9s sont couverts par les ch\u00e8ques-vacances IRCEM ?<\/h2>\n<p>Les ch\u00e8ques-vacances IRCEM permettent de financer une large gamme d\u2019activit\u00e9s. En plus des h\u00e9bergements et transports, ils couvrent les activit\u00e9s culturelles comme les concerts et spectacles, ainsi que les sports et loisirs. Ces options vari\u00e9es permettent aux b\u00e9n\u00e9ficiaires de profiter pleinement de leur temps libre, qu\u2019ils pr\u00e9f\u00e8rent la d\u00e9tente, la d\u00e9couverte culturelle, ou des vacances actives.<\/p>\n<h1>Quels sont les avantages des ch\u00e8ques vacances IRCEM ?<\/h1>\n<h2>Impact financier sur les loisirs<\/h2>\n<p>Les ch\u00e8ques-vacances IRCEM permettent de r\u00e9duire les co\u00fbts des vacances et loisirs, rendant ces activit\u00e9s plus accessibles aux travailleurs et retrait\u00e9s de ce secteur. En effet, les <a href=\"https:\/\/www.mes-allocs.fr\/guides\/aide-vacances\/cheque-vacances\/condition-cheque-vacances\/cheques-vacances-retraites\/\">ch\u00e8ques-vacances pour retrait\u00e9s<\/a> sont parfois accessibles. En couvrant une partie des frais, l\u2019aide contribue \u00e0 all\u00e9ger les d\u00e9penses, ce qui peut \u00eatre particuli\u00e8rement avantageux pour les personnes ayant des budgets restreints.<\/p>\n<h2>Bienfaits pour le bien-\u00eatre et la vie sociale<\/h2>\n<p>En favorisant l&rsquo;acc\u00e8s aux vacances, les ch\u00e8ques-vacances IRCEM offrent \u00e9galement des bienfaits sociaux et psychologiques : ils permettent aux b\u00e9n\u00e9ficiaires de s&rsquo;\u00e9vader, de se reposer et de se ressourcer. Pour les personnes travaillant dans les services \u00e0 domicile, cette aide contribue ainsi \u00e0 am\u00e9liorer la qualit\u00e9 de vie, \u00e0 renforcer les liens familiaux, et \u00e0 favoriser le bien-\u00eatre mental.<\/p>\n<h1>Conclusion<\/h1>\n<div class=\"flex max-w-full flex-col flex-grow\">\n<div class=\"min-h-8 text-message flex w-full flex-col items-end gap-2 whitespace-normal break-words [.text-message+&amp;]:mt-5\" dir=\"auto\" data-message-author-role=\"assistant\" data-message-id=\"1a2379dd-0b17-4554-9822-d573272b4ef5\" data-message-model-slug=\"gpt-4o\">\n<div class=\"flex w-full flex-col gap-1 empty:hidden first:pt-[3px]\">\n<div class=\"markdown prose w-full break-words dark:prose-invert dark\">\n<p>Les ch\u00e8ques-vacances propos\u00e9s par l\u2019IRCEM repr\u00e9sentent une opportunit\u00e9 pr\u00e9cieuse pour les travailleurs et retrait\u00e9s du secteur de l\u2019aide \u00e0 domicile. En all\u00e9geant le co\u00fbt des vacances et des loisirs, ces ch\u00e8ques-vacances facilitent l&rsquo;acc\u00e8s \u00e0 des moments de d\u00e9tente, d\u2019\u00e9vasion et de ressourcement, ce qui contribue positivement \u00e0 leur bien-\u00eatre. Gr\u00e2ce \u00e0 des conditions d\u2019\u00e9ligibilit\u00e9 adapt\u00e9es et \u00e0 des d\u00e9marches simples, les b\u00e9n\u00e9ficiaires peuvent profiter d\u2019activit\u00e9s vari\u00e9es, renfor\u00e7ant ainsi leur qualit\u00e9 de vie et leur \u00e9quilibre personnel.<\/p>\n<\/div>\n<\/div>\n<\/div>\n<\/div>\n<div class='cta-block'><div class='text'>Simulez toutes vos aides en 2 min.<\/div><a href='https:\/\/www.mes-allocs.fr\/ab-app?origin=guides\/wp-json\/wp\/v2\/posts\/84764' class='app-button fit'>Simulation gratuite<\/a><\/div>\n","protected":false},"excerpt":{"rendered":"<p>Les ch\u00e8ques-vacances IRCEM constituent une aide aux vacances pr\u00e9cieuse pour les retrait\u00e9s et les actifs de la fonction publique. Destin\u00e9s \u00e0 favoriser l&rsquo;acc\u00e8s aux loisirs et aux vacances, ces ch\u00e8ques permettent de r\u00e9duire le co\u00fbt des s\u00e9jours et activit\u00e9s. Ils s&rsquo;adressent sp\u00e9cifiquement aux personnes couvertes par l&rsquo;IRCEM et peuvent offrir des montants significatifs pour aider [&hellip;]<\/p>\n","protected":false},"author":26,"featured_media":27843,"comment_status":"open","ping_status":"open","sticky":false,"template":"","format":"standard","meta":{"amp_status":"","footnotes":""},"categories":[38652,32],"tags":[],"class_list":["post-84764","post","type-post","status-publish","format-standard","has-post-thumbnail","hentry","category-aide-vacances","category-cheque-vacances"],"yoast_head":"<!-- This site is optimized with the Yoast SEO plugin v14.9 - https:\/\/yoast.com\/wordpress\/plugins\/seo\/ -->\n<title>Ch\u00e8ques vacances IRCEM : conditions, montants, demande<\/title>\n<meta name=\"description\" content=\"Les IRCEM ch\u00e8ques-vacances constituent une aide vacances pr\u00e9cieuse pour les retrait\u00e9s et les actifs de la fonction publique.\" \/>\n<meta name=\"robots\" content=\"index, follow, max-snippet:-1, max-image-preview:large, max-video-preview:-1\" \/>\n<link rel=\"canonical\" href=\"https:\/\/www.mes-allocs.fr\/guides\/aide-vacances\/cheque-vacances\/ircem-cheques-vacances\/\" \/>\n<meta property=\"og:locale\" content=\"fr_FR\" \/>\n<meta property=\"og:type\" content=\"article\" \/>\n<meta property=\"og:title\" content=\"Ch\u00e8ques vacances IRCEM : conditions, montants, demande\" \/>\n<meta property=\"og:description\" content=\"Les IRCEM ch\u00e8ques-vacances constituent une aide vacances pr\u00e9cieuse pour les retrait\u00e9s et les actifs de la fonction publique.\" \/>\n<meta property=\"og:url\" content=\"https:\/\/www.mes-allocs.fr\/guides\/aide-vacances\/cheque-vacances\/ircem-cheques-vacances\/\" \/>\n<meta property=\"og:site_name\" content=\"Mes-Allocs.fr\" \/>\n<meta property=\"article:published_time\" content=\"2024-11-04T16:09:55+00:00\" \/>\n<meta property=\"article:modified_time\" content=\"2026-04-22T09:51:19+00:00\" \/>\n<meta property=\"og:image\" content=\"https:\/\/www.mes-allocs.fr\/guides\/wp-content\/uploads\/2021\/05\/pexels-kellie-churchman-1001682-1.jpg?wsr\" \/>\n\t<meta property=\"og:image:width\" content=\"1280\" \/>\n\t<meta property=\"og:image:height\" content=\"853\" \/>\n<meta name=\"twitter:card\" content=\"summary_large_image\" \/>\n<script type=\"application\/ld+json\" class=\"yoast-schema-graph\">{\"@context\":\"https:\/\/schema.org\",\"@graph\":[{\"@type\":\"WebSite\",\"@id\":\"https:\/\/www.mes-allocs.fr\/guides\/#website\",\"url\":\"https:\/\/www.mes-allocs.fr\/guides\/\",\"name\":\"Mes-Allocs.fr\",\"description\":\"\",\"potentialAction\":[{\"@type\":\"SearchAction\",\"target\":\"https:\/\/www.mes-allocs.fr\/guides\/?s={search_term_string}\",\"query-input\":\"required name=search_term_string\"}],\"inLanguage\":\"fr-FR\"},{\"@type\":\"ImageObject\",\"@id\":\"https:\/\/www.mes-allocs.fr\/guides\/aide-vacances\/cheque-vacances\/ircem-cheques-vacances\/#primaryimage\",\"inLanguage\":\"fr-FR\",\"url\":\"https:\/\/www.mes-allocs.fr\/guides\/wp-content\/uploads\/2021\/05\/pexels-kellie-churchman-1001682-1.jpg?wsr\",\"width\":1280,\"height\":853,\"caption\":\"ircem ch\\u00e8ques-vacances\"},{\"@type\":\"WebPage\",\"@id\":\"https:\/\/www.mes-allocs.fr\/guides\/aide-vacances\/cheque-vacances\/ircem-cheques-vacances\/#webpage\",\"url\":\"https:\/\/www.mes-allocs.fr\/guides\/aide-vacances\/cheque-vacances\/ircem-cheques-vacances\/\",\"name\":\"Ch\\u00e8ques vacances IRCEM : conditions, montants, demande\",\"isPartOf\":{\"@id\":\"https:\/\/www.mes-allocs.fr\/guides\/#website\"},\"primaryImageOfPage\":{\"@id\":\"https:\/\/www.mes-allocs.fr\/guides\/aide-vacances\/cheque-vacances\/ircem-cheques-vacances\/#primaryimage\"},\"datePublished\":\"2024-11-04T16:09:55+00:00\",\"dateModified\":\"2026-04-22T09:51:19+00:00\",\"author\":{\"@id\":\"https:\/\/www.mes-allocs.fr\/guides\/#\/schema\/person\/9c38f3be41a0ddcd1e3fde5a3df713bf\"},\"description\":\"Les IRCEM ch\\u00e8ques-vacances constituent une aide vacances pr\\u00e9cieuse pour les retrait\\u00e9s et les actifs de la fonction publique.\",\"inLanguage\":\"fr-FR\"},{\"@type\":\"Person\",\"@id\":\"https:\/\/www.mes-allocs.fr\/guides\/#\/schema\/person\/9c38f3be41a0ddcd1e3fde5a3df713bf\",\"name\":\"Sessime Ananou\",\"image\":{\"@type\":\"ImageObject\",\"@id\":\"https:\/\/www.mes-allocs.fr\/guides\/#personlogo\",\"inLanguage\":\"fr-FR\",\"url\":\"https:\/\/www.mes-allocs.fr\/guides\/wp-content\/uploads\/2023\/08\/IMG_8173-150x150.jpg\",\"caption\":\"Sessime Ananou\"},\"description\":\"Sessime est r\\u00e9dactrice chez Mes Allocs, sp\\u00e9cialis\\u00e9e sur le pouvoir d'achat. Elle rejoint l'\\u00e9quipe Mes Allocs en ao\\u00fbt 2023 afin de simplifier l'acc\\u00e8s \\u00e0 l'information sur les aides en g\\u00e9n\\u00e9ral.\"}]}<\/script>\n<!-- \/ Yoast SEO plugin. -->","amp_validity":null,"acf":{"faq":{"1":{"question":"Qu'est-ce que les ch\u00e8ques-vacances IRCEM ?","answer":"Les ch\u00e8ques-vacances IRCEM sont des titres de paiement qui permettent aux b\u00e9n\u00e9ficiaires de financer des vacances, des loisirs et des activit\u00e9s culturelles."},"2":{"question":"Qui peut b\u00e9n\u00e9ficier des ch\u00e8ques-vacances IRCEM ?","answer":"Ces ch\u00e8ques sont r\u00e9serv\u00e9s aux retrait\u00e9s et aux actifs de la fonction publique qui sont affili\u00e9s \u00e0 l'IRCEM."},"3":{"question":"Quels sont les montants disponibles pour les ch\u00e8ques-vacances IRCEM ?","answer":"Les montants peuvent varier, mais ils peuvent atteindre jusqu'\u00e0 200 euros par an, en fonction des ressources et de la situation personnelle du demandeur."},"4":{"question":"Comment faire une demande de ch\u00e8ques-vacances IRCEM ?","answer":"Les demandes peuvent \u00eatre effectu\u00e9es en ligne via le site de l'IRCEM ou en contactant directement leur service client."},"5":{"question":"Les ch\u00e8ques-vacances IRCEM sont-ils cumulables avec d'autres aides ?","answer":"Oui, ces ch\u00e8ques peuvent \u00eatre cumul\u00e9s avec d'autres formes d'aide, mais il est important de v\u00e9rifier les conditions sp\u00e9cifiques."},"6":{"question":"Comment utiliser les ch\u00e8ques-vacances IRCEM ?","answer":"Ils peuvent \u00eatre utilis\u00e9s pour payer des d\u00e9penses li\u00e9es aux vacances, comme l'h\u00e9bergement, les activit\u00e9s de loisirs et les transports, aupr\u00e8s des \u00e9tablissements agr\u00e9\u00e9s."},"7":{"question":"","answer":""},"8":{"question":"","answer":""},"9":{"question":"","answer":""},"10":{"question":"","answer":""},"11":{"question":"","answer":""},"12":{"question":"","answer":""},"13":{"question":"","answer":""},"14":{"question":"","answer":""},"15":{"question":"","answer":""},"16":{"question":"","answer":""}}},"_links":{"self":[{"href":"https:\/\/www.mes-allocs.fr\/guides\/wp-json\/wp\/v2\/posts\/84764","targetHints":{"allow":["GET"]}}],"collection":[{"href":"https:\/\/www.mes-allocs.fr\/guides\/wp-json\/wp\/v2\/posts"}],"about":[{"href":"https:\/\/www.mes-allocs.fr\/guides\/wp-json\/wp\/v2\/types\/post"}],"author":[{"embeddable":true,"href":"https:\/\/www.mes-allocs.fr\/guides\/wp-json\/wp\/v2\/users\/26"}],"replies":[{"embeddable":true,"href":"https:\/\/www.mes-allocs.fr\/guides\/wp-json\/wp\/v2\/comments?post=84764"}],"version-history":[{"count":6,"href":"https:\/\/www.mes-allocs.fr\/guides\/wp-json\/wp\/v2\/posts\/84764\/revisions"}],"predecessor-version":[{"id":96689,"href":"https:\/\/www.mes-allocs.fr\/guides\/wp-json\/wp\/v2\/posts\/84764\/revisions\/96689"}],"wp:featuredmedia":[{"embeddable":true,"href":"https:\/\/www.mes-allocs.fr\/guides\/wp-json\/wp\/v2\/media\/27843"}],"wp:attachment":[{"href":"https:\/\/www.mes-allocs.fr\/guides\/wp-json\/wp\/v2\/media?parent=84764"}],"wp:term":[{"taxonomy":"category","embeddable":true,"href":"https:\/\/www.mes-allocs.fr\/guides\/wp-json\/wp\/v2\/categories?post=84764"},{"taxonomy":"post_tag","embeddable":true,"href":"https:\/\/www.mes-allocs.fr\/guides\/wp-json\/wp\/v2\/tags?post=84764"}],"curies":[{"name":"wp","href":"https:\/\/api.w.org\/{rel}","templated":true}]}}