{"id":84738,"date":"2024-11-04T17:08:07","date_gmt":"2024-11-04T15:08:07","guid":{"rendered":"https:\/\/www.mes-allocs.fr\/guides\/?p=84738"},"modified":"2026-04-22T10:51:19","modified_gmt":"2026-04-22T09:51:19","slug":"cheque-vacances-caf","status":"publish","type":"post","link":"https:\/\/www.mes-allocs.fr\/guides\/aide-vacances\/cheque-vacances\/cheque-vacances-caf\/","title":{"rendered":"Ch\u00e8ques vacances CAF 2025 : conditions, montants, d\u00e9marches"},"content":{"rendered":"<p><img loading=\"lazy\" decoding=\"async\" class=\"alignnone wp-image-426 size-full\" title=\"ch\u00e8que vacances caf\" src=\"https:\/\/www.mes-allocs.fr\/guides\/wp-content\/uploads\/2019\/07\/caf-e1563550831533.jpg\" alt=\"ch\u00e8que vacances caf\" width=\"823\" height=\"306\" srcset=\"https:\/\/www.mes-allocs.fr\/guides\/wp-content\/uploads\/2019\/07\/caf-e1563550831533.jpg 823w, https:\/\/www.mes-allocs.fr\/guides\/wp-content\/uploads\/2019\/07\/caf-e1563550831533-300x112.jpg 300w, https:\/\/www.mes-allocs.fr\/guides\/wp-content\/uploads\/2019\/07\/caf-e1563550831533-768x286.jpg 768w, https:\/\/www.mes-allocs.fr\/guides\/wp-content\/uploads\/2019\/07\/caf-e1563550831533-600x223.jpg 600w\" sizes=\"auto, (max-width: 823px) 100vw, 823px\" \/><\/p>\n<p>Envie de partir en vacances sans vous ruiner ? Les <a href=\"https:\/\/www.mes-allocs.fr\/guides\/aide-vacances\/cheque-vacances\/\">ch\u00e8ques-vacances<\/a> propos\u00e9s par la CAF peuvent vous y aider. En 2025, cette aide pr\u00e9cieuse permet \u00e0 de nombreuses familles de r\u00e9duire les frais li\u00e9s aux s\u00e9jours, aux activit\u00e9s et aux loisirs. Mais qui y a droit ? Combien peut-on toucher ? Quelles d\u00e9marches effectuer ? Dans cet article, on vous explique tout ce qu\u2019il faut savoir sur les <strong>ch\u00e8ques vacances CAF<\/strong>.<\/p>\n<div class='cta-block'><div class='text'>Simulez toutes vos aides en 2 min.<\/div><a href='https:\/\/www.mes-allocs.fr\/ab-app?origin=guides\/wp-json\/wp\/v2\/posts\/84738' class='app-button fit'>Simulation gratuite<\/a><\/div>\n<h1>Pr\u00e9sentation des ch\u00e8ques-vacances CAF<\/h1>\n<h2>Qu\u2019est-ce que les ch\u00e8ques-vacances CAF et \u00e0 qui s\u2019adressent-ils ?<\/h2>\n<p>Les <strong>ch\u00e8ques-vacances CAF<\/strong> sont une aide financi\u00e8re d\u00e9di\u00e9e aux familles et individus \u00e0 revenus modestes pour les aider \u00e0 financer des loisirs, des vacances et des activit\u00e9s culturelles. Ils s\u2019adressent principalement aux allocataires de la CAF remplissant certaines conditions de ressources.<\/p>\n<h2>Quels sont les avantages d\u2019utiliser les ch\u00e8ques-vacances CAF ?<\/h2>\n<p>Les ch\u00e8ques-vacances permettent d&rsquo;acc\u00e9der \u00e0 une vari\u00e9t\u00e9 d\u2019activit\u00e9s \u00e0 moindre co\u00fbt. Ils sont accept\u00e9s par <strong>plus de 100 000 \u00e9tablissements partenaires<\/strong> (h\u00f4tels, campings, activit\u00e9s sportives, transports), offrant une flexibilit\u00e9 pour organiser des s\u00e9jours et loisirs accessibles.<\/p>\n<h1>Quelles sont les conditions d\u2019\u00e9ligibilit\u00e9 pour obtenir des ch\u00e8ques-vacances CAF ?<\/h1>\n<h2>Quelles sont les conditions de ressources requises ?<\/h2>\n<p>L\u2019\u00e9ligibilit\u00e9 d\u00e9pend des <strong>revenus de votre foyer<\/strong>. La CAF prend en compte le <strong>quotient familial<\/strong>, qui permet de d\u00e9terminer l&rsquo;aide en fonction des ressources et de la composition familiale. Plus le quotient est bas, plus les chances d\u2019obtenir les ch\u00e8ques-vacances augmentent.<\/p>\n<h2>Comment la composition familiale influence-t-elle l\u2019\u00e9ligibilit\u00e9 ?<\/h2>\n<p>La composition familiale, notamment le <strong>nombre de personnes \u00e0 charge<\/strong>, peut jouer un r\u00f4le important dans l\u2019\u00e9ligibilit\u00e9 et le montant octroy\u00e9. Les familles nombreuses, par exemple, b\u00e9n\u00e9ficient souvent de conditions plus avantageuses dans le cadre de cette aide.<\/p>\n<p><iframe loading=\"lazy\" title=\"Tout savoir sur le ch\u00e8que-vacances !\" width=\"500\" height=\"281\" src=\"https:\/\/www.youtube.com\/embed\/Xk9sp0mu6OE?feature=oembed\" frameborder=\"0\" allow=\"accelerometer; autoplay; clipboard-write; encrypted-media; gyroscope; picture-in-picture; web-share\" referrerpolicy=\"strict-origin-when-cross-origin\" allowfullscreen><\/iframe><\/p>\n<h1>Quel est le montant des ch\u00e8ques-vacances CAF ?<\/h1>\n<h2>Facteurs influen\u00e7ant le montant des ch\u00e8ques-vacances CAF<\/h2>\n<p>Le <strong>montant<\/strong> des ch\u00e8ques-vacances attribu\u00e9s par la CAF d\u00e9pend de plusieurs crit\u00e8res visant \u00e0 adapter l\u2019aide aux besoins sp\u00e9cifiques de chaque foyer :<\/p>\n<p>1. <strong>Revenus du foyer<\/strong><\/p>\n<ul>\n<li>Les <strong>ressources annuelles de la famille<\/strong> jouent un r\u00f4le cl\u00e9 dans la d\u00e9termination du montant. Les familles \u00e0 revenus modestes re\u00e7oivent souvent des montants plus \u00e9lev\u00e9s pour les aider \u00e0 couvrir les d\u00e9penses de vacances.<\/li>\n<li>La CAF se base sur le <strong>quotient familial,<\/strong> qui permet d&rsquo;\u00e9valuer les revenus mensuels moyens par membre du foyer, favorisant les foyers avec des revenus faibles ou moyens.<\/li>\n<\/ul>\n<p>2. <strong>Composition familiale<\/strong><\/p>\n<ul>\n<li>Le <strong>nombre de personnes \u00e0 charge dans le foyer<\/strong> influe \u00e9galement sur le montant attribu\u00e9. Les familles nombreuses, avec plusieurs enfants ou personnes d\u00e9pendantes, sont plus susceptibles de recevoir un soutien financier suppl\u00e9mentaire.<\/li>\n<li>Les <strong>familles monoparentales<\/strong> peuvent b\u00e9n\u00e9ficier de montants plus importants, la CAF prenant en compte les difficult\u00e9s accrues pour ces foyers de financer des vacances sans soutien ext\u00e9rieur.<\/li>\n<\/ul>\n<p>3. <strong>Autres crit\u00e8res sp\u00e9cifiques de la CAF<\/strong><\/p>\n<ul>\n<li>Certaines caisses ont des programmes sp\u00e9cifiques ou offrent des montants variables en fonction des politiques r\u00e9gionales ou locales. Par exemple, certains d\u00e9partements peuvent avoir des programmes qui favorisent les s\u00e9jours \u00e9ducatifs pour les enfants ou des activit\u00e9s sp\u00e9cifiques.<\/li>\n<\/ul>\n<p>En tenant compte de tous ces \u00e9l\u00e9ments, la CAF \u00e9value chaque demande pour offrir un montant ajust\u00e9, permettant aux familles \u00e9ligibles de b\u00e9n\u00e9ficier d\u2019un soutien optimal pour partir en vacances. Pour plus d\u2019informations pr\u00e9cises, il est conseill\u00e9 de consulter sa CAF locale ou de se connecter \u00e0 son espace personnel sur le site de la CAF.<\/p>\n<h2>Montant maximal des ch\u00e8ques-vacances et plafonds de ressources<\/h2>\n<p>Chaque CAF dispose de ses propres <strong>plafonds de ressources<\/strong> et <a href=\"https:\/\/www.mes-allocs.fr\/guides\/aide-vacances\/cheque-vacances\/cheque-vacances-montant-maximum\/\">montants maximums pour les ch\u00e8ques-vacances<\/a>. Le montant peut \u00e9galement \u00eatre influenc\u00e9 par d\u2019autres aides per\u00e7ues. Les allocataires peuvent v\u00e9rifier leur \u00e9ligibilit\u00e9 et le montant aupr\u00e8s de leur CAF locale.<\/p>\n<div class='cta-block'><div class='text'>Simulez toutes vos aides en 2 min.<\/div><a href='https:\/\/www.mes-allocs.fr\/ab-app?origin=guides\/wp-json\/wp\/v2\/posts\/84738' class='app-button fit'>Simulation gratuite<\/a><\/div>\n<h1>Quelles CAF proposent des ch\u00e8ques vacances ?<\/h1>\n<p><strong>Toutes les CAF n&rsquo;offrent pas de ch\u00e8ques vacances<\/strong>, mais certaines en mettent en place pour soutenir les familles modestes. Les conditions d\u2019attribution et les montants varient selon le d\u00e9partement, le quotient familial, et la composition de la famille. Voici quelques exemples de CAF qui proposent ce dispositif, avec les crit\u00e8res sp\u00e9cifiques et les aides qu\u2019elles accordent pour faciliter l\u2019acc\u00e8s aux vacances et aux loisirs.<\/p>\n<h2>Ch\u00e8ques vacances de la CAF de l\u2019Allier<\/h2>\n<p>Les familles ayant un quotient familial <strong>inf\u00e9rieur ou \u00e9gal \u00e0 900 \u20ac,<\/strong>\u00a0avec au moins un enfant de<strong> 3 \u00e0 18 ans<\/strong> \u00e0 charge, peuvent b\u00e9n\u00e9ficier de ch\u00e8ques vacances. La participation financi\u00e8re de la Caf varie selon le nombre d\u2019enfants et le QF : jusqu\u2019\u00e0 <strong>175 \u20ac pris en charge pour 4 enfants et plus.<\/strong><\/p>\n<h2>Ch\u00e8ques vacances de la CAF de la Savoie<\/h2>\n<p>Les familles <strong>r\u00e9sidant en Savoie<\/strong>, ayant un <strong>enfant n\u00e9 entre 2014 et 2017<\/strong>, peuvent recevoir<strong> 120 \u20ac<\/strong> de ch\u00e8ques vacances. La participation de la Caf d\u00e9pend du<strong> QF : 90 \u20ac pour un QF \u2264 1 253 \u20ac, 60 \u20ac au-del\u00e0<\/strong>.<\/p>\n<div class='shortcode disclaimer'><div class='title'>Attention<\/div><div class='content'>Le droit s\u2019applique par famille, non par enfant.<\/div><\/div>\n<h2>Ch\u00e8ques vacances de la CAF de Haute-Loire<\/h2>\n<p>Les familles avec un <strong>QF de janvier 2025 inf\u00e9rieur ou \u00e9gal \u00e0 500 \u20ac<\/strong>, r\u00e9sidant en Haute-Loire en octobre 2024 et <strong>ayant au moins un enfant de 6 \u00e0 18 ans<\/strong>, peuvent obtenir <strong>50 \u20ac<\/strong> de ch\u00e8ques vacances par enfant \u00e9ligible.<\/p>\n<h2>Ch\u00e8ques vacances de la CAF du Cantal<\/h2>\n<p>Les familles avec un <strong>QF inf\u00e9rieur ou \u00e9gal \u00e0 500 \u20ac en octobre 2024<\/strong>, ayant au moins<strong> un enfant de 6 \u00e0 18 ans<\/strong>, peuvent recevoir <strong>50 \u20ac<\/strong> en ch\u00e8ques vacances par enfant. L\u2019aide vise \u00e0 faciliter l\u2019acc\u00e8s aux loisirs et \u00e0 la culture.<\/p>\n<h2>Ch\u00e8ques vacances de la CAF de Vend\u00e9e<\/h2>\n<p>Les familles avec un <strong>QF inf\u00e9rieur \u00e0 400 \u20ac en janvier 2025<\/strong> re\u00e7oivent automatiquement<strong> 50 \u20ac<\/strong> en ch\u00e8ques vacances par enfant \u00e0 charge. Aucun besoin d\u2019en faire la demande : l\u2019aide est envoy\u00e9e au 2\u1d49 trimestre.<\/p>\n<h2>Ch\u00e8ques vacances de la CAF de Guadeloupe<\/h2>\n<p>Les familles avec un QF <strong>inf\u00e9rieur ou \u00e9gal \u00e0 700 \u20ac,<\/strong> ayant au moins un enfant \u00e0 charge de moins de 20 ans et percevant une prestation de la Caf de Guadeloupe ou de Saint-Martin, peuvent b\u00e9n\u00e9ficier d&rsquo;une prise en charge partielle des frais de s\u00e9jour : jusqu\u2019\u00e0<strong> 85 %<\/strong> pour les <strong>QF de moins de 382 \u20ac<\/strong>.<\/p>\n<h1>D\u00e9marches pour faire une demande de ch\u00e8ques-vacances CAF<\/h1>\n<h2>Quelles sont les \u00e9tapes pour soumettre une demande ?<\/h2>\n<p>Pour soumettre une <a href=\"https:\/\/www.mes-allocs.fr\/guides\/aide-vacances\/cheque-vacances\/demande-cheque-vacances\/\">demande de ch\u00e8ques-vacances<\/a> CAF, voici les \u00e9tapes g\u00e9n\u00e9rales :<\/p>\n<ol>\n<li><strong>V\u00e9rifiez votre \u00e9ligibilit\u00e9<\/strong> : consultez les crit\u00e8res d\u2019attribution aupr\u00e8s de votre CAF, notamment en fonction de vos revenus et de la composition de votre famille.<\/li>\n<li><strong>T\u00e9l\u00e9chargez le formulaire de demande<\/strong> : rendez-vous sur le site de la CAF ou r\u00e9cup\u00e9rez le formulaire dans votre espace personnel.<\/li>\n<li><strong>Rassemblez les documents requis<\/strong> : pr\u00e9parez les justificatifs de revenus, d\u2019identit\u00e9 et de situation familiale.<\/li>\n<li><strong>Soumettez votre demande<\/strong> : envoyez le dossier complet \u00e0 votre CAF par voie postale ou d\u00e9posez-le en ligne via votre espace.<\/li>\n<li><strong>Suivez l\u2019avancement<\/strong> : connectez-vous \u00e0 votre espace pour voir l\u2019\u00e9tat de votre demande et attendez la confirmation d\u2019approbation.<\/li>\n<\/ol>\n<h2>Quels documents sont n\u00e9cessaires pour la demande de ch\u00e8ques vacances CAF ?<\/h2>\n<p>Les documents varient selon la situation, mais les demandeurs devront g\u00e9n\u00e9ralement fournir <strong>une preuve de ressources<\/strong> (avis d\u2019imposition), une pi\u00e8ce d&rsquo;identit\u00e9, et des informations concernant les membres du foyer. Ces documents permettent de v\u00e9rifier l\u2019\u00e9ligibilit\u00e9 et le montant de l\u2019aide.<\/p>\n<h1>Utilisation des ch\u00e8ques-vacances CAF<\/h1>\n<h2>O\u00f9 et comment utiliser les ch\u00e8ques-vacances CAF ?<\/h2>\n<p>Les ch\u00e8ques-vacances CAF peuvent \u00eatre utilis\u00e9s dans une grande vari\u00e9t\u00e9 d\u2019\u00e9tablissements en France, permettant aux b\u00e9n\u00e9ficiaires d&rsquo;acc\u00e9der \u00e0 des vacances et des loisirs \u00e0 moindre co\u00fbt. Ils sont accept\u00e9s dans des h\u00e9bergements (h\u00f4tels, campings), des restaurants, pour des activit\u00e9s culturelles (mus\u00e9es, parcs d\u2019attractions) et de loisirs (sports, excursions). Pour les transports, certains billets de train et autres moyens de d\u00e9placement peuvent aussi \u00eatre r\u00e9gl\u00e9s avec ces ch\u00e8ques.<\/p>\n<p>Pour localiser les \u00e9tablissements partenaires, les b\u00e9n\u00e9ficiaires peuvent consulter la<strong> liste des partenaires<\/strong> sur le site de l&rsquo;ANCV, qui met \u00e0 disposition un moteur de recherche d\u00e9di\u00e9.<\/p>\n<h2>Quelles sont les activit\u00e9s et services accept\u00e9s avec les ch\u00e8ques-vacances CAF ?<\/h2>\n<p>Les ch\u00e8ques-vacances CAF couvrent une large gamme d\u2019activit\u00e9s. Ils sont accept\u00e9s pour des<strong> services de transport<\/strong> (trains, bus), dans les <strong>mus\u00e9es<\/strong>, <strong>parcs<\/strong> d\u2019attractions, et pour des <strong>activit\u00e9s de plein air<\/strong> (cano\u00eb, randonn\u00e9es encadr\u00e9es).<\/p>\n<div class='cta-block'><div class='text'>Simulez toutes vos aides en 2 min.<\/div><a href='https:\/\/www.mes-allocs.fr\/ab-app?origin=guides\/wp-json\/wp\/v2\/posts\/84738' class='app-button fit'>Simulation gratuite<\/a><\/div>\n","protected":false},"excerpt":{"rendered":"<p>Envie de partir en vacances sans vous ruiner ? Les ch\u00e8ques-vacances propos\u00e9s par la CAF peuvent vous y aider. En 2025, cette aide pr\u00e9cieuse permet \u00e0 de nombreuses familles de r\u00e9duire les frais li\u00e9s aux s\u00e9jours, aux activit\u00e9s et aux loisirs. Mais qui y a droit ? Combien peut-on toucher ? Quelles d\u00e9marches effectuer ? [&hellip;]<\/p>\n","protected":false},"author":26,"featured_media":26188,"comment_status":"open","ping_status":"open","sticky":false,"template":"","format":"standard","meta":{"amp_status":"","footnotes":""},"categories":[38652,32],"tags":[],"class_list":["post-84738","post","type-post","status-publish","format-standard","has-post-thumbnail","hentry","category-aide-vacances","category-cheque-vacances"],"yoast_head":"<!-- This site is optimized with the Yoast SEO plugin v14.9 - https:\/\/yoast.com\/wordpress\/plugins\/seo\/ -->\n<title>Ch\u00e8ques vacances CAF 2025 : conditions, montants, d\u00e9marches<\/title>\n<meta name=\"description\" content=\"Vous souhaitez recevoir des ch\u00e8ques-vacances CAF ? D\u00e9couvrez si c&#039;est possible et quelles conditions respecter. Mes Allocs vous \u00e9claire.\" \/>\n<meta name=\"robots\" content=\"index, follow, max-snippet:-1, max-image-preview:large, max-video-preview:-1\" \/>\n<link rel=\"canonical\" href=\"https:\/\/www.mes-allocs.fr\/guides\/aide-vacances\/cheque-vacances\/cheque-vacances-caf\/\" \/>\n<meta property=\"og:locale\" content=\"fr_FR\" \/>\n<meta property=\"og:type\" content=\"article\" \/>\n<meta property=\"og:title\" content=\"Ch\u00e8ques vacances CAF 2025 : conditions, montants, d\u00e9marches\" \/>\n<meta property=\"og:description\" content=\"Vous souhaitez recevoir des ch\u00e8ques-vacances CAF ? D\u00e9couvrez si c&#039;est possible et quelles conditions respecter. Mes Allocs vous \u00e9claire.\" \/>\n<meta property=\"og:url\" content=\"https:\/\/www.mes-allocs.fr\/guides\/aide-vacances\/cheque-vacances\/cheque-vacances-caf\/\" \/>\n<meta property=\"og:site_name\" content=\"Mes-Allocs.fr\" \/>\n<meta property=\"article:published_time\" content=\"2024-11-04T15:08:07+00:00\" \/>\n<meta property=\"article:modified_time\" content=\"2026-04-22T09:51:19+00:00\" \/>\n<meta property=\"og:image\" content=\"https:\/\/www.mes-allocs.fr\/guides\/wp-content\/uploads\/2021\/05\/Logo-CAF.jpg?wsr\" \/>\n\t<meta property=\"og:image:width\" content=\"700\" \/>\n\t<meta property=\"og:image:height\" content=\"350\" \/>\n<meta name=\"twitter:card\" content=\"summary_large_image\" \/>\n<script type=\"application\/ld+json\" class=\"yoast-schema-graph\">{\"@context\":\"https:\/\/schema.org\",\"@graph\":[{\"@type\":\"WebSite\",\"@id\":\"https:\/\/www.mes-allocs.fr\/guides\/#website\",\"url\":\"https:\/\/www.mes-allocs.fr\/guides\/\",\"name\":\"Mes-Allocs.fr\",\"description\":\"\",\"potentialAction\":[{\"@type\":\"SearchAction\",\"target\":\"https:\/\/www.mes-allocs.fr\/guides\/?s={search_term_string}\",\"query-input\":\"required name=search_term_string\"}],\"inLanguage\":\"fr-FR\"},{\"@type\":\"ImageObject\",\"@id\":\"https:\/\/www.mes-allocs.fr\/guides\/aide-vacances\/cheque-vacances\/cheque-vacances-caf\/#primaryimage\",\"inLanguage\":\"fr-FR\",\"url\":\"https:\/\/www.mes-allocs.fr\/guides\/wp-content\/uploads\/2021\/05\/Logo-CAF.jpg?wsr\",\"width\":700,\"height\":350,\"caption\":\"ch\\u00e8que vacances caf\"},{\"@type\":\"WebPage\",\"@id\":\"https:\/\/www.mes-allocs.fr\/guides\/aide-vacances\/cheque-vacances\/cheque-vacances-caf\/#webpage\",\"url\":\"https:\/\/www.mes-allocs.fr\/guides\/aide-vacances\/cheque-vacances\/cheque-vacances-caf\/\",\"name\":\"Ch\\u00e8ques vacances CAF 2025 : conditions, montants, d\\u00e9marches\",\"isPartOf\":{\"@id\":\"https:\/\/www.mes-allocs.fr\/guides\/#website\"},\"primaryImageOfPage\":{\"@id\":\"https:\/\/www.mes-allocs.fr\/guides\/aide-vacances\/cheque-vacances\/cheque-vacances-caf\/#primaryimage\"},\"datePublished\":\"2024-11-04T15:08:07+00:00\",\"dateModified\":\"2026-04-22T09:51:19+00:00\",\"author\":{\"@id\":\"https:\/\/www.mes-allocs.fr\/guides\/#\/schema\/person\/9c38f3be41a0ddcd1e3fde5a3df713bf\"},\"description\":\"Vous souhaitez recevoir des ch\\u00e8ques-vacances CAF ? D\\u00e9couvrez si c'est possible et quelles conditions respecter. Mes Allocs vous \\u00e9claire.\",\"inLanguage\":\"fr-FR\"},{\"@type\":\"Person\",\"@id\":\"https:\/\/www.mes-allocs.fr\/guides\/#\/schema\/person\/9c38f3be41a0ddcd1e3fde5a3df713bf\",\"name\":\"Sessime Ananou\",\"image\":{\"@type\":\"ImageObject\",\"@id\":\"https:\/\/www.mes-allocs.fr\/guides\/#personlogo\",\"inLanguage\":\"fr-FR\",\"url\":\"https:\/\/www.mes-allocs.fr\/guides\/wp-content\/uploads\/2023\/08\/IMG_8173-150x150.jpg\",\"caption\":\"Sessime Ananou\"},\"description\":\"Sessime est r\\u00e9dactrice chez Mes Allocs, sp\\u00e9cialis\\u00e9e sur le pouvoir d'achat. Elle rejoint l'\\u00e9quipe Mes Allocs en ao\\u00fbt 2023 afin de simplifier l'acc\\u00e8s \\u00e0 l'information sur les aides en g\\u00e9n\\u00e9ral.\"}]}<\/script>\n<!-- \/ Yoast SEO plugin. -->","amp_validity":null,"acf":{"faq":{"1":{"question":"Qu'est-ce que le ch\u00e8que-vacances CAF ?","answer":"Les ch\u00e8ques-vacances CAF sont des titres de paiement qui permettent de financer une partie des d\u00e9penses li\u00e9es aux vacances, aux loisirs et \u00e0 la culture pour les familles \u00e0 revenu modeste."},"2":{"question":"Qui peut b\u00e9n\u00e9ficier des ch\u00e8ques-vacances CAF ?","answer":"Les ch\u00e8ques-vacances sont destin\u00e9s aux familles ayant des ressources limit\u00e9es, notamment celles b\u00e9n\u00e9ficiant d'allocations familiales ou d'autres aides sociales de la CAF."},"3":{"question":"Quels sont les montants des ch\u00e8ques-vacances en 2025 ?","answer":"Les montants peuvent varier selon la situation familiale et les ressources, mais des aides peuvent atteindre jusqu'\u00e0 300 euros par an, en fonction des crit\u00e8res d'\u00e9ligibilit\u00e9."},"4":{"question":"Comment faire une demande de ch\u00e8ques-vacances CAF ?","answer":"Les demandes peuvent \u00eatre effectu\u00e9es en ligne sur le site de la CAF ou en contactant directement votre caisse d'allocations familiales.\r\n"},"5":{"question":"Les ch\u00e8ques-vacances CAF sont-ils cumulables avec d'autres aides ?","answer":"Oui, ils peuvent \u00eatre cumul\u00e9s avec d'autres aides comme les bourses de vacances, mais il est conseill\u00e9 de v\u00e9rifier les conditions sp\u00e9cifiques pour chaque aide.\r\n"},"6":{"question":"Comment utiliser les ch\u00e8ques-vacances CAF ?","answer":"Ils peuvent \u00eatre utilis\u00e9s pour r\u00e9gler des d\u00e9penses li\u00e9es aux vacances, notamment l'h\u00e9bergement, les activit\u00e9s de loisirs et les transports, dans les \u00e9tablissements qui les acceptent."},"7":{"question":"","answer":""},"8":{"question":"","answer":""},"9":{"question":"","answer":""},"10":{"question":"","answer":""},"11":{"question":"","answer":""},"12":{"question":"","answer":""},"13":{"question":"","answer":""},"14":{"question":"","answer":""},"15":{"question":"","answer":""},"16":{"question":"","answer":""}}},"_links":{"self":[{"href":"https:\/\/www.mes-allocs.fr\/guides\/wp-json\/wp\/v2\/posts\/84738","targetHints":{"allow":["GET"]}}],"collection":[{"href":"https:\/\/www.mes-allocs.fr\/guides\/wp-json\/wp\/v2\/posts"}],"about":[{"href":"https:\/\/www.mes-allocs.fr\/guides\/wp-json\/wp\/v2\/types\/post"}],"author":[{"embeddable":true,"href":"https:\/\/www.mes-allocs.fr\/guides\/wp-json\/wp\/v2\/users\/26"}],"replies":[{"embeddable":true,"href":"https:\/\/www.mes-allocs.fr\/guides\/wp-json\/wp\/v2\/comments?post=84738"}],"version-history":[{"count":10,"href":"https:\/\/www.mes-allocs.fr\/guides\/wp-json\/wp\/v2\/posts\/84738\/revisions"}],"predecessor-version":[{"id":101549,"href":"https:\/\/www.mes-allocs.fr\/guides\/wp-json\/wp\/v2\/posts\/84738\/revisions\/101549"}],"wp:featuredmedia":[{"embeddable":true,"href":"https:\/\/www.mes-allocs.fr\/guides\/wp-json\/wp\/v2\/media\/26188"}],"wp:attachment":[{"href":"https:\/\/www.mes-allocs.fr\/guides\/wp-json\/wp\/v2\/media?parent=84738"}],"wp:term":[{"taxonomy":"category","embeddable":true,"href":"https:\/\/www.mes-allocs.fr\/guides\/wp-json\/wp\/v2\/categories?post=84738"},{"taxonomy":"post_tag","embeddable":true,"href":"https:\/\/www.mes-allocs.fr\/guides\/wp-json\/wp\/v2\/tags?post=84738"}],"curies":[{"name":"wp","href":"https:\/\/api.w.org\/{rel}","templated":true}]}}