{"id":84636,"date":"2024-10-31T14:28:42","date_gmt":"2024-10-31T12:28:42","guid":{"rendered":"https:\/\/www.mes-allocs.fr\/guides\/?p=84636"},"modified":"2026-04-22T10:51:20","modified_gmt":"2026-04-22T09:51:20","slug":"cheques-vacances-retraites","status":"publish","type":"post","link":"https:\/\/www.mes-allocs.fr\/guides\/aide-vacances\/cheque-vacances\/condition-cheque-vacances\/cheques-vacances-retraites\/","title":{"rendered":"Les retrait\u00e9s peuvent-ils b\u00e9n\u00e9ficier des ch\u00e8ques-vacances ?"},"content":{"rendered":"<p><img loading=\"lazy\" decoding=\"async\" class=\"alignnone wp-image-59895 size-full\" title=\"ch\u00e8ques vacances retrait\u00e9s\" src=\"https:\/\/www.mes-allocs.fr\/guides\/wp-content\/uploads\/2020\/06\/image_2022-12-20_184600515-e1685373328316.png\" alt=\"ch\u00e8ques vacances retrait\u00e9s\" width=\"1237\" height=\"185\" srcset=\"https:\/\/www.mes-allocs.fr\/guides\/wp-content\/uploads\/2020\/06\/image_2022-12-20_184600515-e1685373328316.png 1237w, https:\/\/www.mes-allocs.fr\/guides\/wp-content\/uploads\/2020\/06\/image_2022-12-20_184600515-e1685373328316-300x45.png 300w, https:\/\/www.mes-allocs.fr\/guides\/wp-content\/uploads\/2020\/06\/image_2022-12-20_184600515-e1685373328316-1024x153.png 1024w, https:\/\/www.mes-allocs.fr\/guides\/wp-content\/uploads\/2020\/06\/image_2022-12-20_184600515-e1685373328316-768x115.png 768w, https:\/\/www.mes-allocs.fr\/guides\/wp-content\/uploads\/2020\/06\/image_2022-12-20_184600515-e1685373328316-600x90.png 600w\" sizes=\"auto, (max-width: 1237px) 100vw, 1237px\" \/><\/p>\n<p>Envie de partir en vacances sans exploser votre budget ? Bonne nouvelle : m\u00eame \u00e0 la retraite, il est possible de b\u00e9n\u00e9ficier des <a href=\"https:\/\/www.mes-allocs.fr\/guides\/aide-vacances\/cheque-vacances\/\">ch\u00e8ques-vacances<\/a> pour all\u00e9ger le co\u00fbt de votre s\u00e9jour. Ce coup de pouce financier, bien connu des actifs, reste encore m\u00e9connu des retrait\u00e9s \u2026 et pourtant, vous pourriez y avoir droit\u202f! Gr\u00e2ce au CSE, \u00e0 l&rsquo;ANCV ou encore \u00e0 votre caisse de retraite, vous pouvez en tant que senior profiter de cette aide pr\u00e9cieuse. Alors, comment savoir si vous \u00eates \u00e9ligible ? Quelles sont les conditions d&rsquo;\u00e9ligibilit\u00e9 pour les s\u00e9niors ? Et quel est le montant total qui peut vous \u00eatre accord\u00e9 ? On vous explique tout et on vous guide pas \u00e0 pas pour obtenir vos <strong>ch\u00e8ques-vacances en tant que retrait\u00e9<\/strong>.<\/p>\n<div class='cta-block'><div class='text'>Simulez toutes vos aides en 2 min.<\/div><a href='https:\/\/www.mes-allocs.fr\/ab-app?origin=guides\/wp-json\/wp\/v2\/posts\/84636' class='app-button fit'>Simulation gratuite<\/a><\/div>\n<h1>Tout savoir sur les ch\u00e8ques vacances pour les retrait\u00e9s en 2025<\/h1>\n<h2>Qu&rsquo;est-ce que les ch\u00e8ques vacances ?<\/h2>\n<p>Les <strong>ch\u00e8ques-vacances<\/strong> sont des aides financi\u00e8res d\u00e9livr\u00e9es sous forme de <strong>titres de paiement<\/strong>, permettant de couvrir divers frais de loisirs, h\u00e9bergement et transport en France. Ils sont accept\u00e9s par un large r\u00e9seau de prestataires (h\u00f4tels, restaurants, agences de voyages) et sont disponibles en version papier ou \u00e9lectronique.<\/p>\n<h2>Les ch\u00e8ques vacances sont-ils accord\u00e9s aux retrait\u00e9s du priv\u00e9 ?<\/h2>\n<p><strong>La r\u00e9ponse est oui<\/strong>, en tant que retrait\u00e9 du priv\u00e9 vous pouvez b\u00e9n\u00e9ficier des ch\u00e8ques-vacances, selon des crit\u00e8res sp\u00e9cifiques d\u2019\u00e2ge, de revenus, et en fonction de votre caisse de retraite. Des programmes d\u00e9di\u00e9s, tels que \u00ab\u00a0Seniors en Vacances\u00a0\u00bb, vous permettent m\u00eame d&rsquo;acc\u00e9der \u00e0 des offres adapt\u00e9es aux seniors.<\/p>\n<h2>Les ch\u00e8ques vacances sont-ils accord\u00e9s aux retrait\u00e9s de la fonction publique ?<\/h2>\n<p><strong>La r\u00e9ponse est oui<\/strong>, l&rsquo;attribution des <a href=\"https:\/\/www.mes-allocs.fr\/guides\/aide-vacances\/cheque-vacances\/cheques-vacances-retraites\/cheques-vacances-retraites-fonction-publique\/\">ch\u00e8ques-vacances aux retrait\u00e9s de la fonction publique<\/a> est tout \u00e0 fait possible.<\/p>\n<p><div class='shortcode important'><div class='title'>Important<\/div><div class='content'>Pour les retrait\u00e9s de la fonction publique territoriale et hospitali\u00e8re, il ne s&rsquo;agit pas d&rsquo;une nouveaut\u00e9. N\u00e9anmoins, pour les <strong>retrait\u00e9s de la fonction publique d&rsquo;Etat<\/strong>, la possibilit\u00e9 de b\u00e9n\u00e9ficier des ch\u00e8ques-vacances remonte au <strong>24 juin 2025<\/strong>. En effet, avant cette date il n&rsquo;\u00e9tait plus possible d&rsquo;en b\u00e9n\u00e9ficier suite \u00e0 une circulaire du 2 ao\u00fbt 2023 qui supprimait les ch\u00e8ques vacances pour cette cat\u00e9gorie de retrait\u00e9s. Mais depuis juin, c&rsquo;est de nouveau possible !\u00a0 <\/div><\/div> <!-- --> <!-- notionvc: bbc7bc71-5937-404f-88f9-23bd20b5d4bf --><\/p>\n<h2>En quoi consistent les ch\u00e8ques-vacances pour les seniors ?<\/h2>\n<p>Pour les seniors, les ch\u00e8ques-vacances sont un moyen de financer des<strong> activit\u00e9s de loisirs<\/strong> ou des <strong>s\u00e9jours \u00e0 tarifs pr\u00e9f\u00e9rentiels<\/strong>, soutenus par divers organismes publics ou priv\u00e9s. Vous pouvez ainsi profiter de vacances tout en r\u00e9duisant leur budget, notamment pour des activit\u00e9s adapt\u00e9es aux besoins des retrait\u00e9s.<\/p>\n<h2>Quels sont les avantages des ch\u00e8ques vacances pour les retrait\u00e9s ?<\/h2>\n<p>Ils vous permettent de profiter de vacances pendant votre retraite, tout en ma\u00eetrisant votre budget. De plus, les ch\u00e8ques-vacances favorisent un acc\u00e8s facilit\u00e9 aux s\u00e9jours, contribuant \u00e0 maintenir votre qualit\u00e9 de vie et \u00e0 encourager les activit\u00e9s sociales.<\/p>\n<div class='cta-block'><div class='text'>Simulez toutes vos aides en 2 min.<\/div><a href='https:\/\/www.mes-allocs.fr\/ab-app?origin=guides\/wp-json\/wp\/v2\/posts\/84636' class='app-button fit'>Simulation gratuite<\/a><\/div>\n<h1>Quelles sont les conditions d\u2019attribution des ch\u00e8ques-vacances pour les retrait\u00e9s du priv\u00e9 ?<\/h1>\n<h2>Quels sont les retrait\u00e9s qui peuvent b\u00e9n\u00e9ficier des ch\u00e8ques vacances ?<\/h2>\n<p>Les retrait\u00e9s affili\u00e9s \u00e0 certaines caisses de retraite ou \u00e0 des organismes sociaux peuvent b\u00e9n\u00e9ficier des ch\u00e8ques-vacances, souvent sous r\u00e9serve de conditions d\u2019\u00e2ge et de statut familial.<\/p>\n<h2>Crit\u00e8res d\u2019\u00e9ligibilit\u00e9 et seuils de revenus pour les retrait\u00e9s du priv\u00e9<\/h2>\n<p>Les crit\u00e8res d\u2019\u00e9ligibilit\u00e9 incluent :<\/p>\n<ul>\n<li>De ne percevoir aucun revenu d\u2019activit\u00e9<\/li>\n<li>De ne pas d\u00e9passer le plafond de ressources : les seuils de revenus pr\u00e9cis varient selon les organismes et les caisses de retraite. Ces crit\u00e8res peuvent \u00eatre bas\u00e9s sur le revenu global de votre foyer ou sur le nombre de parts fiscales.<\/li>\n<li>D\u2019\u00eatre impos\u00e9 en France<\/li>\n<\/ul>\n<h1>Qui verse les ch\u00e8ques vacances pour les retrait\u00e9s ?<\/h1>\n<p>Les ch\u00e8ques-vacances sont principalement octroy\u00e9s par les <strong>caisses de retraite<\/strong>, certains <strong>comit\u00e9s d\u2019entreprise<\/strong>, ou l&rsquo;<strong>ANCV<\/strong>. La Caisse nationale de retraite et la CNAV (Caisse Nationale d\u2019Assurance Vieillesse) font partie des principaux organismes proposant des aides aux vacances pour les retrait\u00e9s.<\/p>\n<p><iframe loading=\"lazy\" title=\"Tout savoir sur le ch\u00e8que-vacances !\" width=\"500\" height=\"281\" src=\"https:\/\/www.youtube.com\/embed\/Xk9sp0mu6OE?feature=oembed\" frameborder=\"0\" allow=\"accelerometer; autoplay; clipboard-write; encrypted-media; gyroscope; picture-in-picture; web-share\" referrerpolicy=\"strict-origin-when-cross-origin\" allowfullscreen><\/iframe><\/p>\n<h1>Types de s\u00e9jours et activit\u00e9s \u00e9ligibles pour les retrait\u00e9s b\u00e9n\u00e9ficiaires des ch\u00e8ques vacances<\/h1>\n<h2>Quelles destinations sont possibles avec les ch\u00e8ques-vacances ?<\/h2>\n<p>Les destinations incluent des sites en <strong>bord de mer<\/strong>, \u00e0 la <strong>montagne<\/strong> et \u00e0 la <strong>campagne<\/strong>. Les s\u00e9jours sont choisis pour leur accessibilit\u00e9, le confort des h\u00e9bergements, et la proximit\u00e9 d\u2019activit\u00e9s adapt\u00e9es aux seniors.<\/p>\n<h2>Activit\u00e9s et structures acceptant les ch\u00e8ques-vacances<\/h2>\n<p>Si vous \u00eates \u00e9ligible, vous pouvez utiliser vos ch\u00e8ques-vacances pour des s\u00e9jours dans des <strong>villages de vacances<\/strong>, des<strong> r\u00e9sidences touristiques<\/strong> ou m\u00eame des <strong>centres de thalassoth\u00e9rapie<\/strong>. De plus, les activit\u00e9s culturelles, telles que les <strong>visites de mus\u00e9es<\/strong>, et les <strong>loisirs<\/strong> (cin\u00e9mas, parcs) sont accessibles avec les ch\u00e8ques-vacances.<\/p>\n<h1>Retrait\u00e9s : comment obtenir vos ch\u00e8ques-vacances ?<\/h1>\n<h2>Comment faire une demande de ch\u00e8ques-vacances en tant que retrait\u00e9 du priv\u00e9 ?<\/h2>\n<p>Les retrait\u00e9s peuvent faire leur demande directement aupr\u00e8s de votre CSE ou votre ancien employeur souvent par un <strong>formulaire en ligne<\/strong> ou une <strong>demande<\/strong> <strong>papier<\/strong>. Il est essentiel de pr\u00e9parer les justificatifs de revenu et d\u2019identit\u00e9.<\/p>\n<div class='shortcode disclaimer'><div class='title'>Attention<\/div><div class='content'>Vous ne pouvez pas commander vos ch\u00e8ques-vacances seul.<\/div><\/div>\n<h2>Comment faire une demande de ch\u00e8ques-vacances en tant que retrait\u00e9 de la fonction publique ?<\/h2>\n<p>Si vous \u00eatre retrait\u00e9 de la fonction publique, vous devez vous rendre sur le <strong>site fonctionpublique-chequesvacances.fr<\/strong>\u00a0pour faire une demande de ch\u00e8ques-vacances.<\/p>\n<h2>Que faire en cas de difficult\u00e9 avec votre demande ?<\/h2>\n<p>En cas de difficult\u00e9 avec votre demande de ch\u00e8ques-vacances, voici les \u00e9tapes \u00e0 suivre :<\/p>\n<ol>\n<li><strong>V\u00e9rifier les crit\u00e8res d\u2019\u00e9ligibilit\u00e9 et les informations<\/strong> : assurez-vous d\u2019avoir tous les documents requis et v\u00e9rifiez les conditions d\u2019\u00e9ligibilit\u00e9.<\/li>\n<li><strong>Simuler votre \u00e9ligibilit\u00e9<\/strong> : vous pouvez utiliser le <a href=\"https:\/\/www.mes-allocs.fr\/guides\/aide-vacances\/cheque-vacances\/simulation-cheque-vacances\/\">simulateur de ch\u00e8ques-vacances<\/a> Mes Allocs pour savoir si vous remplissez les crit\u00e8res d&rsquo;attribution.<\/li>\n<li><strong>Contacter l\u2019organisme gestionnaire<\/strong> : adressez-vous au service ou \u00e0 l&rsquo;organisme vous ayant fourni le formulaire de demande. Vous pouvez \u00e9galement contacter l\u2019ANCV par t\u00e9l\u00e9phone ou par mail pour une assistance directe.<\/li>\n<li><strong>Consulter les FAQ et ressources en ligne<\/strong> : souvent, les r\u00e9ponses aux questions fr\u00e9quentes et les tutoriels de demande sont disponibles sur les sites d\u00e9di\u00e9s.<\/li>\n<li><strong>Demander de l&rsquo;aide \u00e0 un conseiller Mes Allocs<\/strong> : nos experts vous offrent de l\u2019aide pour compl\u00e9ter vos d\u00e9marches administratives. N\u2019h\u00e9sitez pas \u00e0 les solliciter pour b\u00e9n\u00e9ficier d\u2019un accompagnement personnalis\u00e9.<\/li>\n<\/ol>\n<h1>Quelles sont les autres aides aux vacances disponibles pour les retrait\u00e9s ?<\/h1>\n<p>Les retrait\u00e9s peuvent \u00e9galement profiter d\u2019aides comme le programme \u00ab\u00a0Seniors en Vacances\u00a0\u00bb de l\u2019ANCV, permettant des s\u00e9jours subventionn\u00e9s. Certaines r\u00e9gions et collectivit\u00e9s locales offrent aussi des aides pour encourager le tourisme et le bien-\u00eatre des seniors. On vous explique.<\/p>\n<h2>Le programme \u00ab\u00a0Seniors en Vacances\u00a0\u00bb de l\u2019ANCV<\/h2>\n<p>L\u2019Agence Nationale pour les Ch\u00e8ques-Vacances (ANCV) propose plusieurs dispositifs pour encourager votre d\u00e9part en vacances, avec notamment le programme <strong>\u00ab\u00a0Seniors en Vacances\u00a0\u00bb<\/strong>. Ce programme offre des s\u00e9jours subventionn\u00e9s incluant h\u00e9bergement, restauration, activit\u00e9s, et accompagnement pour les retrait\u00e9s modestes. Les s\u00e9jours sont adapt\u00e9s \u00e0 vos besoins\u00a0 et accessibles partout en France, en bord de mer, \u00e0 la campagne, ou \u00e0 la montagne.<\/p>\n<h2>Les aides aux vacances des r\u00e9gions et collectivit\u00e9s locales<\/h2>\n<p>En parall\u00e8le, certaines r\u00e9gions, d\u00e9partements, et municipalit\u00e9s octroient des subventions pour les vacances des retrait\u00e9s, favorisant ainsi le tourisme social. Ces aides peuvent varier : certaines couvrent une partie des frais de s\u00e9jour, d\u2019autres proposent des r\u00e9ductions pour des activit\u00e9s culturelles ou sportives locales. Pour connaitre les dispositifs mis en place pr\u00e8s de chez vous, rapprochez-vous de votre Conseil r\u00e9gional ou d&rsquo;un expert Mes Allocs.<\/p>\n<div class='cta-block'><div class='text'>Simulez toutes vos aides en 2 min.<\/div><a href='https:\/\/www.mes-allocs.fr\/ab-app?origin=guides\/wp-json\/wp\/v2\/posts\/84636' class='app-button fit'>Simulation gratuite<\/a><\/div>\n","protected":false},"excerpt":{"rendered":"<p>Envie de partir en vacances sans exploser votre budget ? Bonne nouvelle : m\u00eame \u00e0 la retraite, il est possible de b\u00e9n\u00e9ficier des ch\u00e8ques-vacances pour all\u00e9ger le co\u00fbt de votre s\u00e9jour. Ce coup de pouce financier, bien connu des actifs, reste encore m\u00e9connu des retrait\u00e9s \u2026 et pourtant, vous pourriez y avoir droit\u202f! Gr\u00e2ce au [&hellip;]<\/p>\n","protected":false},"author":26,"featured_media":576,"comment_status":"open","ping_status":"open","sticky":false,"template":"","format":"standard","meta":{"amp_status":"","footnotes":""},"categories":[38652,32,39800],"tags":[],"class_list":["post-84636","post","type-post","status-publish","format-standard","has-post-thumbnail","hentry","category-aide-vacances","category-cheque-vacances","category-condition-cheque-vacances"],"yoast_head":"<!-- This site is optimized with the Yoast SEO plugin v14.9 - https:\/\/yoast.com\/wordpress\/plugins\/seo\/ -->\n<title>Ch\u00e8ques-vacances pour retrait\u00e9s : est-ce possible ?<\/title>\n<meta name=\"description\" content=\"Oui, les retrait\u00e9s peuvent b\u00e9n\u00e9ficier des ch\u00e8ques-vacances, mais tous ne sont pas \u00e9ligibles. Des crit\u00e8res sont \u00e0 respecter. On vous explique.\" \/>\n<meta name=\"robots\" content=\"index, follow, max-snippet:-1, max-image-preview:large, max-video-preview:-1\" \/>\n<link rel=\"canonical\" href=\"https:\/\/www.mes-allocs.fr\/guides\/aide-vacances\/cheque-vacances\/condition-cheque-vacances\/cheques-vacances-retraites\/\" \/>\n<meta property=\"og:locale\" content=\"fr_FR\" \/>\n<meta property=\"og:type\" content=\"article\" \/>\n<meta property=\"og:title\" content=\"Ch\u00e8ques-vacances pour retrait\u00e9s : est-ce possible ?\" \/>\n<meta property=\"og:description\" content=\"Oui, les retrait\u00e9s peuvent b\u00e9n\u00e9ficier des ch\u00e8ques-vacances, mais tous ne sont pas \u00e9ligibles. Des crit\u00e8res sont \u00e0 respecter. On vous explique.\" \/>\n<meta property=\"og:url\" content=\"https:\/\/www.mes-allocs.fr\/guides\/aide-vacances\/cheque-vacances\/condition-cheque-vacances\/cheques-vacances-retraites\/\" \/>\n<meta property=\"og:site_name\" content=\"Mes-Allocs.fr\" \/>\n<meta property=\"article:published_time\" content=\"2024-10-31T12:28:42+00:00\" \/>\n<meta property=\"article:modified_time\" content=\"2026-04-22T09:51:20+00:00\" \/>\n<meta property=\"og:image\" content=\"https:\/\/www.mes-allocs.fr\/guides\/wp-content\/uploads\/2019\/07\/cover-r4x3w1000-5bbdc547efd17-reforme-des-retraites.jpg?wsr\" \/>\n\t<meta property=\"og:image:width\" content=\"1000\" \/>\n\t<meta property=\"og:image:height\" content=\"750\" \/>\n<meta name=\"twitter:card\" content=\"summary_large_image\" \/>\n<script type=\"application\/ld+json\" class=\"yoast-schema-graph\">{\"@context\":\"https:\/\/schema.org\",\"@graph\":[{\"@type\":\"WebSite\",\"@id\":\"https:\/\/www.mes-allocs.fr\/guides\/#website\",\"url\":\"https:\/\/www.mes-allocs.fr\/guides\/\",\"name\":\"Mes-Allocs.fr\",\"description\":\"\",\"potentialAction\":[{\"@type\":\"SearchAction\",\"target\":\"https:\/\/www.mes-allocs.fr\/guides\/?s={search_term_string}\",\"query-input\":\"required name=search_term_string\"}],\"inLanguage\":\"fr-FR\"},{\"@type\":\"ImageObject\",\"@id\":\"https:\/\/www.mes-allocs.fr\/guides\/aide-vacances\/cheque-vacances\/condition-cheque-vacances\/cheques-vacances-retraites\/#primaryimage\",\"inLanguage\":\"fr-FR\",\"url\":\"https:\/\/www.mes-allocs.fr\/guides\/wp-content\/uploads\/2019\/07\/cover-r4x3w1000-5bbdc547efd17-reforme-des-retraites.jpg?wsr\",\"width\":1000,\"height\":750,\"caption\":\"ch\\u00e8ques vacances retrait\\u00e9s\"},{\"@type\":\"WebPage\",\"@id\":\"https:\/\/www.mes-allocs.fr\/guides\/aide-vacances\/cheque-vacances\/condition-cheque-vacances\/cheques-vacances-retraites\/#webpage\",\"url\":\"https:\/\/www.mes-allocs.fr\/guides\/aide-vacances\/cheque-vacances\/condition-cheque-vacances\/cheques-vacances-retraites\/\",\"name\":\"Ch\\u00e8ques-vacances pour retrait\\u00e9s : est-ce possible ?\",\"isPartOf\":{\"@id\":\"https:\/\/www.mes-allocs.fr\/guides\/#website\"},\"primaryImageOfPage\":{\"@id\":\"https:\/\/www.mes-allocs.fr\/guides\/aide-vacances\/cheque-vacances\/condition-cheque-vacances\/cheques-vacances-retraites\/#primaryimage\"},\"datePublished\":\"2024-10-31T12:28:42+00:00\",\"dateModified\":\"2026-04-22T09:51:20+00:00\",\"author\":{\"@id\":\"https:\/\/www.mes-allocs.fr\/guides\/#\/schema\/person\/9c38f3be41a0ddcd1e3fde5a3df713bf\"},\"description\":\"Oui, les retrait\\u00e9s peuvent b\\u00e9n\\u00e9ficier des ch\\u00e8ques-vacances, mais tous ne sont pas \\u00e9ligibles. Des crit\\u00e8res sont \\u00e0 respecter. On vous explique.\",\"inLanguage\":\"fr-FR\"},{\"@type\":\"Person\",\"@id\":\"https:\/\/www.mes-allocs.fr\/guides\/#\/schema\/person\/9c38f3be41a0ddcd1e3fde5a3df713bf\",\"name\":\"Sessime Ananou\",\"image\":{\"@type\":\"ImageObject\",\"@id\":\"https:\/\/www.mes-allocs.fr\/guides\/#personlogo\",\"inLanguage\":\"fr-FR\",\"url\":\"https:\/\/www.mes-allocs.fr\/guides\/wp-content\/uploads\/2023\/08\/IMG_8173-150x150.jpg\",\"caption\":\"Sessime Ananou\"},\"description\":\"Sessime est r\\u00e9dactrice chez Mes Allocs, sp\\u00e9cialis\\u00e9e sur le pouvoir d'achat. Elle rejoint l'\\u00e9quipe Mes Allocs en ao\\u00fbt 2023 afin de simplifier l'acc\\u00e8s \\u00e0 l'information sur les aides en g\\u00e9n\\u00e9ral.\"}]}<\/script>\n<!-- \/ Yoast SEO plugin. -->","amp_validity":null,"acf":{"faq":{"1":{"question":"Comment obtenir des ch\u00e8ques-vacances en \u00e9tant retrait\u00e9 ?","answer":"Vous devez vous rapprocher de votre caisse de retraite, votre mutuelle, votre comit\u00e9 d'entreprise ou l'ANCV. Pour savoir si vous \u00eates \u00e9ligible aux ch\u00e8ques-vacances, une simple simulation gratuite sur Mes Allocs.fr suffit. "},"2":{"question":"Comment savoir si j'ai le droit aux ch\u00e8ques-vacances ?","answer":"Certaines conditions sont \u00e0 remplir pour \u00eatre \u00e9ligible aux ch\u00e8ques-vacances. Le meilleur moyen de savoir si vous avez droit \u00e0 cette aide est d'effectuer une simulation en ligne sur Mes Allocs.fr."},"3":{"question":"Quel est le plafond de ressources pour les ch\u00e8ques-vacances retrait\u00e9s ?","answer":"Les plafonds de ressources varient d'un organisme \u00e0 l'autre. Pour savoir si vous \u00eates \u00e9ligible aux ch\u00e8ques-vacances, une simple simulation gratuite sur Mes Allocs.fr suffit. "},"4":{"question":"Est-ce que les seniors peuvent b\u00e9n\u00e9ficier des ch\u00e8ques-vacances ?","answer":"Bien s\u00fbr, les retrait\u00e9s sont \u00e9ligibles aux ch\u00e8ques vacances. Mais attention, des crit\u00e8res d'attribution sont \u00e0 remplir. "},"5":{"question":"Comment s'inscrire \u00e0 l'ANCV seniors en vacances ?","answer":"Rendez-vous directement sur le site ancv.com, ou d\u00e9posez un dossier sur le site mes-allocs.fr."},"6":{"question":"Pourquoi les retrait\u00e9s de la fonction publique n'ont plus droit aux ch\u00e8ques-vacances ?","answer":"C'est faux : depuis le 24 juin 2025, les retrait\u00e9s de la fonction publique peuvent d\u00e9sormais de nouveau recevoir des ch\u00e8ques-vacances. "},"7":{"question":"","answer":""},"8":{"question":"","answer":""},"9":{"question":"","answer":""},"10":{"question":"","answer":""},"11":{"question":"","answer":""},"12":{"question":"","answer":""},"13":{"question":"","answer":""},"14":{"question":"","answer":""},"15":{"question":"","answer":""},"16":{"question":"","answer":""}}},"_links":{"self":[{"href":"https:\/\/www.mes-allocs.fr\/guides\/wp-json\/wp\/v2\/posts\/84636","targetHints":{"allow":["GET"]}}],"collection":[{"href":"https:\/\/www.mes-allocs.fr\/guides\/wp-json\/wp\/v2\/posts"}],"about":[{"href":"https:\/\/www.mes-allocs.fr\/guides\/wp-json\/wp\/v2\/types\/post"}],"author":[{"embeddable":true,"href":"https:\/\/www.mes-allocs.fr\/guides\/wp-json\/wp\/v2\/users\/26"}],"replies":[{"embeddable":true,"href":"https:\/\/www.mes-allocs.fr\/guides\/wp-json\/wp\/v2\/comments?post=84636"}],"version-history":[{"count":9,"href":"https:\/\/www.mes-allocs.fr\/guides\/wp-json\/wp\/v2\/posts\/84636\/revisions"}],"predecessor-version":[{"id":101548,"href":"https:\/\/www.mes-allocs.fr\/guides\/wp-json\/wp\/v2\/posts\/84636\/revisions\/101548"}],"wp:featuredmedia":[{"embeddable":true,"href":"https:\/\/www.mes-allocs.fr\/guides\/wp-json\/wp\/v2\/media\/576"}],"wp:attachment":[{"href":"https:\/\/www.mes-allocs.fr\/guides\/wp-json\/wp\/v2\/media?parent=84636"}],"wp:term":[{"taxonomy":"category","embeddable":true,"href":"https:\/\/www.mes-allocs.fr\/guides\/wp-json\/wp\/v2\/categories?post=84636"},{"taxonomy":"post_tag","embeddable":true,"href":"https:\/\/www.mes-allocs.fr\/guides\/wp-json\/wp\/v2\/tags?post=84636"}],"curies":[{"name":"wp","href":"https:\/\/api.w.org\/{rel}","templated":true}]}}