{"id":84589,"date":"2024-10-30T16:49:16","date_gmt":"2024-10-30T14:49:16","guid":{"rendered":"https:\/\/www.mes-allocs.fr\/guides\/?p=84589"},"modified":"2026-04-22T10:51:21","modified_gmt":"2026-04-22T09:51:21","slug":"cheque-vacances-auto-entrepreneur","status":"publish","type":"post","link":"https:\/\/www.mes-allocs.fr\/guides\/aide-vacances\/cheque-vacances\/condition-cheque-vacances\/cheque-vacances-auto-entrepreneur\/","title":{"rendered":"Les auto-entrepreneurs peuvent-ils b\u00e9n\u00e9ficier des ch\u00e8ques-vacances ?"},"content":{"rendered":"<p><img loading=\"lazy\" decoding=\"async\" class=\"alignnone wp-image-45107 size-full\" title=\"cheque vacances auto entrepreneur\" src=\"https:\/\/www.mes-allocs.fr\/guides\/wp-content\/uploads\/2022\/02\/declaration-caf-auto-entrepreneur-4-e1730296825257.jpg\" alt=\"cheque vacances auto entrepreneur\" width=\"1733\" height=\"537\" \/><\/p>\n<p>Les auto-entrepreneurs peuvent-ils b\u00e9n\u00e9ficier des ch\u00e8ques-vacances pour all\u00e9ger le co\u00fbt de leurs loisirs ou de leurs vacances ? Les ch\u00e8ques-vacances, consid\u00e9r\u00e9s comme une aide aux vacances, offrent aux travailleurs la possibilit\u00e9 de financer une partie de leurs activit\u00e9s de d\u00e9tente et de loisirs \u00e0 moindre co\u00fbt. Destin\u00e9s initialement aux salari\u00e9s via leur entreprise ou comit\u00e9 social et \u00e9conomique (CSE), ces ch\u00e8ques peuvent aussi \u00eatre accessibles aux ind\u00e9pendants et micro-entrepreneurs. Mais des <a href=\"https:\/\/www.mes-allocs.fr\/guides\/aide-vacances\/cheque-vacances\/condition-cheque-vacances\/\">conditions d&rsquo;\u00e9ligibilit\u00e9 aux ch\u00e8ques vacances<\/a> existent. sous certaines conditions. Alors, comment se d\u00e9roule l&rsquo;attribution des <strong>ch\u00e8ques vacances pour un auto-entrepreneur<\/strong>\u00a0? On vous explique.<\/p>\n<div class='cta-block'><div class='text'>Simulez toutes vos aides en 2 min.<\/div><a href='https:\/\/www.mes-allocs.fr\/ab-app?origin=guides\/wp-json\/wp\/v2\/posts\/84589' class='app-button fit'>Simulation gratuite<\/a><\/div>\n<h1>Qu&rsquo;est-ce que les ch\u00e8ques vacances ?<\/h1>\n<h2>Origine et objectifs des ch\u00e8ques-vacances<\/h2>\n<p>Les ch\u00e8ques-vacances, cr\u00e9\u00e9s en 1982 en France, sont une aide financi\u00e8re destin\u00e9e \u00e0 soutenir les vacances et loisirs des salari\u00e9s, ainsi que de certaines cat\u00e9gories de travailleurs non salari\u00e9s. G\u00e9r\u00e9s par l\u2019Agence Nationale pour les Ch\u00e8ques-Vacances (ANCV), ces ch\u00e8ques permettent de financer une partie des frais de s\u00e9jour, de restauration, de transport, et d\u2019activit\u00e9s culturelles. \u00c0 l\u2019origine, les ch\u00e8ques-vacances \u00e9taient principalement r\u00e9serv\u00e9s aux salari\u00e9s via les entreprises et les comit\u00e9s sociaux et \u00e9conomiques (CSE). Leur principal objectif est de promouvoir le <strong>droit aux vacances pour tous<\/strong>, en offrant un soutien financier aux travailleurs dont les revenus sont modestes.<\/p>\n<h2>Fonctionnement et couverture des ch\u00e8ques-vacances<\/h2>\n<p>Le ch\u00e8que-vacances fonctionne comme un titre de paiement valable en France et, pour certaines offres, en Europe. Il est accept\u00e9 par plus de 200 000 partenaires touristiques et culturels, allant des h\u00f4tels aux campings, en passant par les mus\u00e9es et les compagnies de transport. Utilisables tout au long de l\u2019ann\u00e9e, ils repr\u00e9sentent un compl\u00e9ment de revenus permettant de r\u00e9duire les co\u00fbts des loisirs et des vacances. Bien que majoritairement associ\u00e9s aux salari\u00e9s, les ch\u00e8ques-vacances se sont diversifi\u00e9s et peuvent \u00e9galement s\u2019adresser aux travailleurs ind\u00e9pendants sous certaines conditions sp\u00e9cifiques.<\/p>\n<h1>Les ch\u00e8ques-vacances pour les ind\u00e9pendants : les auto-entrepreneurs sont-ils \u00e9ligibles ?<\/h1>\n<h2>Quelles sont les possibilit\u00e9s pour les auto-entrepreneurs ?<\/h2>\n<p>Les auto-entrepreneurs peuvent eux aussi, sous certaines conditions, avoir acc\u00e8s aux ch\u00e8ques-vacances. Ces professionnels ind\u00e9pendants, bien que non-salari\u00e9s et souvent \u00e9loign\u00e9s des aides collectives traditionnelles, peuvent, dans certains cas, b\u00e9n\u00e9ficier de dispositifs d\u2019aide sp\u00e9cifiques qui incluent des ch\u00e8ques-vacances. Cependant, l\u2019\u00e9ligibilit\u00e9 d\u00e9pend g\u00e9n\u00e9ralement de plusieurs crit\u00e8res, comme l\u2019adh\u00e9sion \u00e0 une caisse de retraite ou \u00e0 une mutuelle proposant ce service aux ind\u00e9pendants.<\/p>\n<p>Certaines <strong>caisses de retraite des ind\u00e9pendants<\/strong>, telles que la S\u00e9curit\u00e9 Sociale des Ind\u00e9pendants (anciennement RSI), ou des mutuelles partenaires de l\u2019ANCV, offrent des programmes d\u2019aide pour obtenir des ch\u00e8ques-vacances. Les d\u00e9marches varient en fonction des organismes, mais elles incluent en g\u00e9n\u00e9ral des crit\u00e8res de revenu ou d\u2019adh\u00e9sion. De plus, des associations professionnelles ou chambres de commerce locales proposent parfois des aides de ce type pour soutenir les auto-entrepreneurs dans l\u2019organisation de leurs cong\u00e9s.<\/p>\n<h2>Quels types d\u2019auto-entrepreneurs peuvent \u00eatre \u00e9ligibles aux ch\u00e8ques vacances ?<\/h2>\n<p>L\u2019\u00e9ligibilit\u00e9 aux ch\u00e8ques-vacances pour les auto-entrepreneurs d\u00e9pend en partie de leur domaine d\u2019activit\u00e9 et de leur affiliation \u00e0 certaines caisses de retraite ou organismes. Par exemple, un auto-entrepreneur cotisant aupr\u00e8s de la S\u00e9curit\u00e9 Sociale des Ind\u00e9pendants peut, dans certains cas, \u00eatre admissible s\u2019il r\u00e9pond aux crit\u00e8res de revenus et de cotisations. Les professions lib\u00e9rales, artisans, et commer\u00e7ants ind\u00e9pendants peuvent aussi avoir acc\u00e8s aux ch\u00e8ques-vacances s\u2019ils remplissent certaines conditions. Les d\u00e9marches peuvent \u00e9galement varier selon la r\u00e9gion et les dispositifs locaux mis en place pour aider les travailleurs non-salari\u00e9s.<\/p>\n<div class='cta-block'><div class='text'>Simulez toutes vos aides en 2 min.<\/div><a href='https:\/\/www.mes-allocs.fr\/ab-app?origin=guides\/wp-json\/wp\/v2\/posts\/84589' class='app-button fit'>Simulation gratuite<\/a><\/div>\n<h1>Crit\u00e8res de revenus et conditions sp\u00e9cifiques aux auto-entrepreneurs pour b\u00e9n\u00e9ficier des ch\u00e8ques vacances<\/h1>\n<h2>Conditions d\u2019\u00e9ligibilit\u00e9 li\u00e9es au chiffre d\u2019affaires et aux ressources<\/h2>\n<p>Pour qu\u2019un auto-entrepreneur soit \u00e9ligible aux ch\u00e8ques-vacances, son <strong>revenu fiscal de r\u00e9f\u00e9rence<\/strong> (indiqu\u00e9 dans sa derni\u00e8re d\u00e9claration d\u2019imp\u00f4ts) est souvent un crit\u00e8re essentiel. Les organismes qui proposent des ch\u00e8ques-vacances aux ind\u00e9pendants utilisent ce revenu pour d\u00e9finir des plafonds, assurant que seuls ceux ayant un revenu inf\u00e9rieur \u00e0 un certain seuil puissent en b\u00e9n\u00e9ficier. Ces plafonds varient en fonction de la composition familiale, permettant une \u00e9valuation plus juste pour les m\u00e9nages \u00e0 faibles revenus.<\/p>\n<p>Outre le revenu fiscal de r\u00e9f\u00e9rence, certaines caisses de retraite et associations professionnelles peuvent aussi exiger un certain niveau de cotisations sociales ou un chiffre d\u2019affaires minimum, surtout pour les travailleurs qui souhaitent cotiser volontairement pour b\u00e9n\u00e9ficier d\u2019aides suppl\u00e9mentaires.<\/p>\n<h2>Existe-t-il des aides sp\u00e9cifiques par secteur d\u2019activit\u00e9 ?<\/h2>\n<p>Les aides pour les ch\u00e8ques-vacances peuvent parfois varier selon le secteur d\u2019activit\u00e9 de l\u2019auto-entrepreneur. Par exemple, les professions lib\u00e9rales ou artisanales peuvent b\u00e9n\u00e9ficier de dispositifs sp\u00e9cifiques pour l\u2019acc\u00e8s aux ch\u00e8ques-vacances, propos\u00e9s par des chambres de commerce ou des syndicats. Certains secteurs qui souffrent d\u2019une pr\u00e9carit\u00e9 plus importante, comme l\u2019artisanat, peuvent \u00e9galement b\u00e9n\u00e9ficier d\u2019aides de la part d\u2019organismes r\u00e9gionaux ou de fonds sp\u00e9cifiques, qui facilitent l\u2019acc\u00e8s aux ch\u00e8ques-vacances pour les ind\u00e9pendants \u00e0 revenus modestes.<\/p>\n<p>Bon \u00e0 savoir : les <a href=\"https:\/\/www.mes-allocs.fr\/guides\/aide-vacances\/cheque-vacances\/condition-cheque-vacances\/cheque-vacances-profession-liberale\/\">ch\u00e8ques vacances pour les professions lib\u00e9rales<\/a> peuvent aussi \u00eatre accord\u00e9es !<\/p>\n<p><iframe loading=\"lazy\" title=\"Tout savoir sur le ch\u00e8que-vacances !\" width=\"500\" height=\"281\" src=\"https:\/\/www.youtube.com\/embed\/Xk9sp0mu6OE?feature=oembed\" frameborder=\"0\" allow=\"accelerometer; autoplay; clipboard-write; encrypted-media; gyroscope; picture-in-picture; web-share\" referrerpolicy=\"strict-origin-when-cross-origin\" allowfullscreen><\/iframe><\/p>\n<h1>Comment b\u00e9n\u00e9ficier des ch\u00e8ques-vacances en auto-entreprise\u202f?<\/h1>\n<h2>Quels organismes contacter pour faire une demande ?<\/h2>\n<p>Pour b\u00e9n\u00e9ficier des ch\u00e8ques-vacances, un auto-entrepreneur doit g\u00e9n\u00e9ralement contacter les organismes de retraite, les mutuelles professionnelles ou les associations sp\u00e9cifiques aux ind\u00e9pendants, qui sont les principaux relais de l\u2019ANCV pour ce type d\u2019aide. Par exemple, la S\u00e9curit\u00e9 Sociale des Ind\u00e9pendants peut proposer des solutions adapt\u00e9es aux travailleurs non-salari\u00e9s. Certaines mutuelles professionnelles offrent \u00e9galement des formules pour les ind\u00e9pendants, dans le cadre de cotisations sp\u00e9cifiques permettant l\u2019acc\u00e8s aux ch\u00e8ques-vacances.<\/p>\n<p>D\u2019autres organismes, comme des associations professionnelles et chambres de commerce r\u00e9gionales, peuvent \u00e9galement participer \u00e0 l\u2019attribution de ch\u00e8ques-vacances sous r\u00e9serve de certaines conditions d\u2019adh\u00e9sion et d\u2019\u00e9ligibilit\u00e9. En fonction de la situation personnelle et professionnelle de l\u2019auto-entrepreneur, il est possible d\u2019obtenir une aide pour couvrir une partie des frais de loisirs et de vacances.<\/p>\n<h2>Existe-t-il des dispositifs particuliers pour les auto-entrepreneurs ?<\/h2>\n<p>Il existe des dispositifs particuliers pour les auto-entrepreneurs souhaitant b\u00e9n\u00e9ficier des ch\u00e8ques-vacances. Par exemple, certaines r\u00e9gions mettent en place des <strong>programmes d\u2019aides aux vacances pour les ind\u00e9pendants<\/strong> \u00e0 travers les chambres de commerce et d\u2019industrie (CCI) ou des associations locales d\u2019entrepreneurs. Ces initiatives visent \u00e0 inclure davantage les auto-entrepreneurs dans les aides sociales, en facilitant leur acc\u00e8s \u00e0 des offres adapt\u00e9es \u00e0 leur statut.<\/p>\n<h1>Utilisation des ch\u00e8ques-vacances par les auto-entrepreneurs<\/h1>\n<h2>O\u00f9 les auto-entrepreneurs peuvent-ils utiliser leurs ch\u00e8ques-vacances ?<\/h2>\n<p>Les auto-entrepreneurs peuvent utiliser leurs ch\u00e8ques-vacances dans une large gamme de lieux en France et, pour certaines offres, dans l\u2019Union europ\u00e9enne. Les ch\u00e8ques-vacances sont accept\u00e9s par des milliers de partenaires, comme des h\u00f4tels, restaurants, centres culturels, compagnies de transport, et lieux de loisirs. Que ce soit pour des vacances en famille ou des sorties culturelles, les ch\u00e8ques-vacances offrent une grande flexibilit\u00e9 dans leur utilisation, permettant aux b\u00e9n\u00e9ficiaires de profiter de diverses exp\u00e9riences touristiques et culturelles.<\/p>\n<h2>Quels sont les avantages fiscaux et restrictions pour les auto-entrepreneurs b\u00e9n\u00e9ficiaires des ch\u00e8ques vacances ?<\/h2>\n<p>Les auto-entrepreneurs peuvent b\u00e9n\u00e9ficier de certains <strong>avantages fiscaux<\/strong> en utilisant des ch\u00e8ques-vacances, bien que ces avantages diff\u00e8rent de ceux accord\u00e9s aux salari\u00e9s. Les ch\u00e8ques-vacances ne sont pas directement d\u00e9ductibles pour les auto-entrepreneurs comme ils peuvent l\u2019\u00eatre pour les employeurs, mais ils permettent tout de m\u00eame de b\u00e9n\u00e9ficier d\u2019aides indirectes. De plus, en tant que revenus indirects, les ch\u00e8ques-vacances ne sont pas soumis \u00e0 l\u2019imp\u00f4t sur le revenu, ce qui repr\u00e9sente un b\u00e9n\u00e9fice significatif pour les auto-entrepreneurs qui en b\u00e9n\u00e9ficient.<\/p>\n<div class='cta-block'><div class='text'>Simulez toutes vos aides en 2 min.<\/div><a href='https:\/\/www.mes-allocs.fr\/ab-app?origin=guides\/wp-json\/wp\/v2\/posts\/84589' class='app-button fit'>Simulation gratuite<\/a><\/div>\n","protected":false},"excerpt":{"rendered":"<p>Les auto-entrepreneurs peuvent-ils b\u00e9n\u00e9ficier des ch\u00e8ques-vacances pour all\u00e9ger le co\u00fbt de leurs loisirs ou de leurs vacances ? Les ch\u00e8ques-vacances, consid\u00e9r\u00e9s comme une aide aux vacances, offrent aux travailleurs la possibilit\u00e9 de financer une partie de leurs activit\u00e9s de d\u00e9tente et de loisirs \u00e0 moindre co\u00fbt. Destin\u00e9s initialement aux salari\u00e9s via leur entreprise ou comit\u00e9 [&hellip;]<\/p>\n","protected":false},"author":26,"featured_media":45106,"comment_status":"open","ping_status":"open","sticky":false,"template":"","format":"standard","meta":{"amp_status":"","footnotes":""},"categories":[38652,32,39800],"tags":[],"class_list":["post-84589","post","type-post","status-publish","format-standard","has-post-thumbnail","hentry","category-aide-vacances","category-cheque-vacances","category-condition-cheque-vacances"],"yoast_head":"<!-- This site is optimized with the Yoast SEO plugin v14.9 - https:\/\/yoast.com\/wordpress\/plugins\/seo\/ -->\n<title>Les auto-entrepreneurs peuvent-ils b\u00e9n\u00e9ficier des ch\u00e8ques-vacances ?<\/title>\n<meta name=\"description\" content=\"Les auto-entrepreneurs peuvent-ils b\u00e9n\u00e9ficier des ch\u00e8ques-vacances pour all\u00e9ger le co\u00fbt de leurs loisirs ou de leurs vacances ?\" \/>\n<meta name=\"robots\" content=\"index, follow, max-snippet:-1, max-image-preview:large, max-video-preview:-1\" \/>\n<link rel=\"canonical\" href=\"https:\/\/www.mes-allocs.fr\/guides\/aide-vacances\/cheque-vacances\/condition-cheque-vacances\/cheque-vacances-auto-entrepreneur\/\" \/>\n<meta property=\"og:locale\" content=\"fr_FR\" \/>\n<meta property=\"og:type\" content=\"article\" \/>\n<meta property=\"og:title\" content=\"Les auto-entrepreneurs peuvent-ils b\u00e9n\u00e9ficier des ch\u00e8ques-vacances ?\" \/>\n<meta property=\"og:description\" content=\"Les auto-entrepreneurs peuvent-ils b\u00e9n\u00e9ficier des ch\u00e8ques-vacances pour all\u00e9ger le co\u00fbt de leurs loisirs ou de leurs vacances ?\" \/>\n<meta property=\"og:url\" content=\"https:\/\/www.mes-allocs.fr\/guides\/aide-vacances\/cheque-vacances\/condition-cheque-vacances\/cheque-vacances-auto-entrepreneur\/\" \/>\n<meta property=\"og:site_name\" content=\"Mes-Allocs.fr\" \/>\n<meta property=\"article:published_time\" content=\"2024-10-30T14:49:16+00:00\" \/>\n<meta property=\"article:modified_time\" content=\"2026-04-22T09:51:21+00:00\" \/>\n<meta property=\"og:image\" content=\"https:\/\/www.mes-allocs.fr\/guides\/wp-content\/uploads\/2022\/02\/declaration-caf-auto-entrepreneur-2-1-e1644608336711.jpg?wsr\" \/>\n\t<meta property=\"og:image:width\" content=\"1001\" \/>\n\t<meta property=\"og:image:height\" content=\"776\" \/>\n<meta name=\"twitter:card\" content=\"summary_large_image\" \/>\n<script type=\"application\/ld+json\" class=\"yoast-schema-graph\">{\"@context\":\"https:\/\/schema.org\",\"@graph\":[{\"@type\":\"WebSite\",\"@id\":\"https:\/\/www.mes-allocs.fr\/guides\/#website\",\"url\":\"https:\/\/www.mes-allocs.fr\/guides\/\",\"name\":\"Mes-Allocs.fr\",\"description\":\"\",\"potentialAction\":[{\"@type\":\"SearchAction\",\"target\":\"https:\/\/www.mes-allocs.fr\/guides\/?s={search_term_string}\",\"query-input\":\"required name=search_term_string\"}],\"inLanguage\":\"fr-FR\"},{\"@type\":\"ImageObject\",\"@id\":\"https:\/\/www.mes-allocs.fr\/guides\/aide-vacances\/cheque-vacances\/condition-cheque-vacances\/cheque-vacances-auto-entrepreneur\/#primaryimage\",\"inLanguage\":\"fr-FR\",\"url\":\"https:\/\/www.mes-allocs.fr\/guides\/wp-content\/uploads\/2022\/02\/declaration-caf-auto-entrepreneur-2-1-e1644608336711.jpg?wsr\",\"width\":1001,\"height\":776,\"caption\":\"cheque vacances auto entrepreneur\"},{\"@type\":\"WebPage\",\"@id\":\"https:\/\/www.mes-allocs.fr\/guides\/aide-vacances\/cheque-vacances\/condition-cheque-vacances\/cheque-vacances-auto-entrepreneur\/#webpage\",\"url\":\"https:\/\/www.mes-allocs.fr\/guides\/aide-vacances\/cheque-vacances\/condition-cheque-vacances\/cheque-vacances-auto-entrepreneur\/\",\"name\":\"Les auto-entrepreneurs peuvent-ils b\\u00e9n\\u00e9ficier des ch\\u00e8ques-vacances ?\",\"isPartOf\":{\"@id\":\"https:\/\/www.mes-allocs.fr\/guides\/#website\"},\"primaryImageOfPage\":{\"@id\":\"https:\/\/www.mes-allocs.fr\/guides\/aide-vacances\/cheque-vacances\/condition-cheque-vacances\/cheque-vacances-auto-entrepreneur\/#primaryimage\"},\"datePublished\":\"2024-10-30T14:49:16+00:00\",\"dateModified\":\"2026-04-22T09:51:21+00:00\",\"author\":{\"@id\":\"https:\/\/www.mes-allocs.fr\/guides\/#\/schema\/person\/9c38f3be41a0ddcd1e3fde5a3df713bf\"},\"description\":\"Les auto-entrepreneurs peuvent-ils b\\u00e9n\\u00e9ficier des ch\\u00e8ques-vacances pour all\\u00e9ger le co\\u00fbt de leurs loisirs ou de leurs vacances ?\",\"inLanguage\":\"fr-FR\"},{\"@type\":\"Person\",\"@id\":\"https:\/\/www.mes-allocs.fr\/guides\/#\/schema\/person\/9c38f3be41a0ddcd1e3fde5a3df713bf\",\"name\":\"Sessime Ananou\",\"image\":{\"@type\":\"ImageObject\",\"@id\":\"https:\/\/www.mes-allocs.fr\/guides\/#personlogo\",\"inLanguage\":\"fr-FR\",\"url\":\"https:\/\/www.mes-allocs.fr\/guides\/wp-content\/uploads\/2023\/08\/IMG_8173-150x150.jpg\",\"caption\":\"Sessime Ananou\"},\"description\":\"Sessime est r\\u00e9dactrice chez Mes Allocs, sp\\u00e9cialis\\u00e9e sur le pouvoir d'achat. Elle rejoint l'\\u00e9quipe Mes Allocs en ao\\u00fbt 2023 afin de simplifier l'acc\\u00e8s \\u00e0 l'information sur les aides en g\\u00e9n\\u00e9ral.\"}]}<\/script>\n<!-- \/ Yoast SEO plugin. -->","amp_validity":null,"acf":{"faq":{"1":{"question":" Un auto-entrepreneur peut-il obtenir des ch\u00e8ques-vacances ?","answer":"Oui, les auto-entrepreneurs peuvent obtenir des ch\u00e8ques-vacances via des organismes sp\u00e9cifiques, comme les caisses de retraite pour travailleurs ind\u00e9pendants (ex. S\u00e9curit\u00e9 Sociale des Ind\u00e9pendants) ou par le biais de certaines mutuelles et associations professionnelles, sous r\u00e9serve de conditions d\u2019adh\u00e9sion."},"2":{"question":"Existe-t-il des conditions de revenus pour obtenir des ch\u00e8ques-vacances en tant qu'auto-entrepreneur ?","answer":"G\u00e9n\u00e9ralement, oui. Les organismes qui distribuent des ch\u00e8ques-vacances aux auto-entrepreneurs tiennent souvent compte du revenu fiscal de r\u00e9f\u00e9rence. Les plafonds peuvent varier, mais ils visent en g\u00e9n\u00e9ral \u00e0 aider les personnes ayant des revenus modestes."},"3":{"question":"Quelle est la proc\u00e9dure pour demander des ch\u00e8ques-vacances en tant qu\u2019auto-entrepreneur ?","answer":"Il est n\u00e9cessaire de contacter directement l\u2019organisme comp\u00e9tent (comme la caisse de retraite ou une mutuelle) pour conna\u00eetre la d\u00e9marche. La demande peut inclure des documents justificatifs comme l\u2019avis d\u2019imposition et les justificatifs d'activit\u00e9 professionnelle."},"4":{"question":"Quels organismes proposent des ch\u00e8ques-vacances pour les auto-entrepreneurs ?","answer":"Les caisses de retraite pour ind\u00e9pendants, certaines mutuelles ou associations professionnelles sont les principaux points de contact pour b\u00e9n\u00e9ficier des ch\u00e8ques-vacances. Par exemple, la S\u00e9curit\u00e9 Sociale des Ind\u00e9pendants ou des r\u00e9seaux comme l\u2019ANCV peuvent offrir des options."},"5":{"question":"Les ch\u00e8ques-vacances sont-ils soumis \u00e0 des frais pour les auto-entrepreneurs ?","answer":"Il peut y avoir des frais de participation pour l\u2019obtention des ch\u00e8ques-vacances, mais ceux-ci varient en fonction de l\u2019organisme et de la formule choisie. Certains organismes offrent des aides ou financements partiels pour all\u00e9ger le co\u00fbt."},"6":{"question":"O\u00f9 et comment un auto-entrepreneur peut-il utiliser ses ch\u00e8ques-vacances ?","answer":"Les ch\u00e8ques-vacances sont utilisables dans une multitude de lieux en France : h\u00f4tels, restaurants, campings, activit\u00e9s culturelles et sportives, transports, etc. Les auto-entrepreneurs peuvent ainsi profiter de leurs ch\u00e8ques dans les m\u00eames conditions que les salari\u00e9s."},"7":{"question":"","answer":""},"8":{"question":"","answer":""},"9":{"question":"","answer":""},"10":{"question":"","answer":""},"11":{"question":"","answer":""},"12":{"question":"","answer":""},"13":{"question":"","answer":""},"14":{"question":"","answer":""},"15":{"question":"","answer":""},"16":{"question":"","answer":""}}},"_links":{"self":[{"href":"https:\/\/www.mes-allocs.fr\/guides\/wp-json\/wp\/v2\/posts\/84589","targetHints":{"allow":["GET"]}}],"collection":[{"href":"https:\/\/www.mes-allocs.fr\/guides\/wp-json\/wp\/v2\/posts"}],"about":[{"href":"https:\/\/www.mes-allocs.fr\/guides\/wp-json\/wp\/v2\/types\/post"}],"author":[{"embeddable":true,"href":"https:\/\/www.mes-allocs.fr\/guides\/wp-json\/wp\/v2\/users\/26"}],"replies":[{"embeddable":true,"href":"https:\/\/www.mes-allocs.fr\/guides\/wp-json\/wp\/v2\/comments?post=84589"}],"version-history":[{"count":8,"href":"https:\/\/www.mes-allocs.fr\/guides\/wp-json\/wp\/v2\/posts\/84589\/revisions"}],"predecessor-version":[{"id":96598,"href":"https:\/\/www.mes-allocs.fr\/guides\/wp-json\/wp\/v2\/posts\/84589\/revisions\/96598"}],"wp:featuredmedia":[{"embeddable":true,"href":"https:\/\/www.mes-allocs.fr\/guides\/wp-json\/wp\/v2\/media\/45106"}],"wp:attachment":[{"href":"https:\/\/www.mes-allocs.fr\/guides\/wp-json\/wp\/v2\/media?parent=84589"}],"wp:term":[{"taxonomy":"category","embeddable":true,"href":"https:\/\/www.mes-allocs.fr\/guides\/wp-json\/wp\/v2\/categories?post=84589"},{"taxonomy":"post_tag","embeddable":true,"href":"https:\/\/www.mes-allocs.fr\/guides\/wp-json\/wp\/v2\/tags?post=84589"}],"curies":[{"name":"wp","href":"https:\/\/api.w.org\/{rel}","templated":true}]}}