{"id":84583,"date":"2024-10-30T15:51:25","date_gmt":"2024-10-30T13:51:25","guid":{"rendered":"https:\/\/www.mes-allocs.fr\/guides\/?p=84583"},"modified":"2026-04-22T10:51:21","modified_gmt":"2026-04-22T09:51:21","slug":"cheque-vacances-profession-liberale","status":"publish","type":"post","link":"https:\/\/www.mes-allocs.fr\/guides\/aide-vacances\/cheque-vacances\/condition-cheque-vacances\/cheque-vacances-profession-liberale\/","title":{"rendered":"Comment les professions lib\u00e9rales peuvent-elles b\u00e9n\u00e9ficier des ch\u00e8ques-vacances ?"},"content":{"rendered":"<p><img loading=\"lazy\" decoding=\"async\" class=\"alignnone wp-image-83418 size-full\" title=\"cheque vacances profession liberale\" src=\"https:\/\/www.mes-allocs.fr\/guides\/wp-content\/uploads\/2024\/10\/per-profession-liberale-1-e1730295045801.jpg\" alt=\"cheque vacances profession liberale\" width=\"1254\" height=\"363\" srcset=\"https:\/\/www.mes-allocs.fr\/guides\/wp-content\/uploads\/2024\/10\/per-profession-liberale-1-e1730295045801.jpg 1254w, https:\/\/www.mes-allocs.fr\/guides\/wp-content\/uploads\/2024\/10\/per-profession-liberale-1-e1730295045801-300x87.jpg 300w, https:\/\/www.mes-allocs.fr\/guides\/wp-content\/uploads\/2024\/10\/per-profession-liberale-1-e1730295045801-1024x296.jpg 1024w, https:\/\/www.mes-allocs.fr\/guides\/wp-content\/uploads\/2024\/10\/per-profession-liberale-1-e1730295045801-768x222.jpg 768w, https:\/\/www.mes-allocs.fr\/guides\/wp-content\/uploads\/2024\/10\/per-profession-liberale-1-e1730295045801-600x174.jpg 600w\" sizes=\"auto, (max-width: 1254px) 100vw, 1254px\" \/><\/p>\n<p>Les <a href=\"https:\/\/www.mes-allocs.fr\/guides\/aide-vacances\/cheque-vacances\/condition-cheque-vacances\/\">conditions d&rsquo;\u00e9ligibilit\u00e9 aux ch\u00e8ques vacances<\/a> d\u00e9pendent d&rsquo;une profession \u00e0 un autre. Bien que les conditions d&rsquo;attribution pour les professions lib\u00e9rales diff\u00e8rent de celles appliqu\u00e9es aux salari\u00e9s d&rsquo;entreprises via le Comit\u00e9 Social et \u00c9conomique (CSE), les professions lib\u00e9rales ont bien acc\u00e8s \u00e0 ce dispositif. Le ch\u00e8que-vacances pour les ind\u00e9pendants et lib\u00e9raux est une solution souvent propos\u00e9e par l&rsquo;Agence Nationale pour les Ch\u00e8ques-Vacances (ANCV) via des structures telles que les Chambres des M\u00e9tiers ou certaines mutuelles, ce qui permet d&rsquo;offrir un soutien pour le d\u00e9part en vacances \u00e0 des professionnels qui ne b\u00e9n\u00e9ficient pas toujours de telles opportunit\u00e9s. D\u00e9couvrez tout ce que vous devez savoir sur les <strong>ch\u00e8ques-vacances pour les professions lib\u00e9rale<\/strong>s !<\/p>\n<div class='cta-block'><div class='text'>Simulez toutes vos aides en 2 min.<\/div><a href='https:\/\/www.mes-allocs.fr\/ab-app?origin=guides\/wp-json\/wp\/v2\/posts\/84583' class='app-button fit'>Simulation gratuite<\/a><\/div>\n<h1>Pr\u00e9sentation des ch\u00e8ques-vacances pour les professions lib\u00e9rales<\/h1>\n<h2>En quoi les professions lib\u00e9rales sont-elles concern\u00e9es par les ch\u00e8ques-vacances ?<\/h2>\n<p>Les <strong>professions lib\u00e9rales<\/strong>, souvent associ\u00e9es aux travailleurs ind\u00e9pendants, sont \u00e9ligibles aux ch\u00e8ques-vacances par l\u2019interm\u00e9diaire de certains dispositifs et structures. Bien que ces professionnels ne b\u00e9n\u00e9ficient pas du CSE (Comit\u00e9 Social et \u00c9conomique), qui finance g\u00e9n\u00e9ralement les ch\u00e8ques-vacances pour les salari\u00e9s, d\u2019autres m\u00e9canismes leur sont accessibles. Les ch\u00e8ques-vacances leur permettent de profiter de r\u00e9ductions dans des \u00e9tablissements partenaires de l\u2019ANCV pour des activit\u00e9s de loisirs, culturelles et de vacances. Ils constituent ainsi une <strong>aide vacances<\/strong> qui contribue \u00e0 l\u2019\u00e9quilibre vie professionnelle-vie personnelle, particuli\u00e8rement pour des professionnels souvent soumis \u00e0 une forte charge de travail.<\/p>\n<h2>Quelles aides ou organismes permettent d\u2019acc\u00e9der aux ch\u00e8ques-vacances ?<\/h2>\n<p>Pour les professions lib\u00e9rales, l\u2019<strong>acc\u00e8s aux ch\u00e8ques-vacances<\/strong> d\u00e9pend principalement d\u2019organismes tels que certaines mutuelles professionnelles, les caisses de retraite des travailleurs ind\u00e9pendants, ou encore certaines associations professionnelles. Par exemple, des mutuelles sp\u00e9cifiques aux m\u00e9tiers de la sant\u00e9, du droit ou de l\u2019artisanat peuvent proposer cette aide, souvent assortie de conditions de revenus ou d\u2019adh\u00e9sion pr\u00e9alable. Les travailleurs ind\u00e9pendants peuvent \u00e9galement consulter l\u2019<strong>ANCV<\/strong> ou se renseigner aupr\u00e8s de leur Chambre des M\u00e9tiers pour conna\u00eetre les options de financement ou de co-financement de ch\u00e8ques-vacances.<\/p>\n<h1>Conditions d\u2019\u00e9ligibilit\u00e9 aux ch\u00e8ques vacances pour les professions lib\u00e9rales<\/h1>\n<h2>Quels crit\u00e8res financiers sont pris en compte pour les lib\u00e9raux ?<\/h2>\n<p>Les conditions d\u2019attribution des ch\u00e8ques-vacances pour les professions lib\u00e9rales peuvent inclure des <strong>crit\u00e8res de revenus<\/strong>. En g\u00e9n\u00e9ral, le montant attribu\u00e9 est ajust\u00e9 en fonction des revenus annuels d\u00e9clar\u00e9s. Certaines mutuelles ou associations peuvent \u00e9tablir des plafonds pour garantir que cette aide profite aux personnes les plus modestes. La notion de <strong>revenu fiscal de r\u00e9f\u00e9rence<\/strong> est souvent utilis\u00e9e, et les plafonds peuvent varier selon l\u2019organisme distributeur et la situation familiale.<\/p>\n<h2>Existe-t-il des exceptions ou des conditions sp\u00e9cifiques ?<\/h2>\n<p>Certaines professions lib\u00e9rales, notamment celles confront\u00e9es \u00e0 des contraintes particuli\u00e8res, comme les professionnels de sant\u00e9 en zone rurale, peuvent b\u00e9n\u00e9ficier de <strong>conditions sp\u00e9cifiques<\/strong> d\u2019attribution ou de montants major\u00e9s. De m\u00eame, les jeunes dipl\u00f4m\u00e9s qui d\u00e9marrent en tant qu\u2019ind\u00e9pendants peuvent parfois b\u00e9n\u00e9ficier de dispositifs sp\u00e9cifiques. Il est donc essentiel de consulter l\u2019organisme distributeur pour conna\u00eetre les conditions d\u00e9taill\u00e9es et les possibles d\u00e9rogations.<\/p>\n<div class='cta-block'><div class='text'>Simulez toutes vos aides en 2 min.<\/div><a href='https:\/\/www.mes-allocs.fr\/ab-app?origin=guides\/wp-json\/wp\/v2\/posts\/84583' class='app-button fit'>Simulation gratuite<\/a><\/div>\n<h1>D\u00e9marches et conseils pour obtenir des ch\u00e8ques-vacances en tant que profession lib\u00e9rale<\/h1>\n<h2>Quelles sont les \u00e9tapes pour faire une demande de ch\u00e8ques-vacances ?<\/h2>\n<p>La demande de <strong>ch\u00e8ques-vacances<\/strong> pour les ind\u00e9pendants et lib\u00e9raux passe par un processus relativement simple :<\/p>\n<ol>\n<li><strong>Se renseigner aupr\u00e8s de son organisme<\/strong> : il est essentiel de v\u00e9rifier aupr\u00e8s de sa mutuelle ou de son association professionnelle si des ch\u00e8ques-vacances sont propos\u00e9s.<\/li>\n<li><strong>Remplir un formulaire de demande<\/strong> : la plupart des organismes exigent un formulaire avec des informations concernant les revenus, la situation familiale, et la dur\u00e9e de l\u2019activit\u00e9.<\/li>\n<li><strong>Soumettre la demande<\/strong> avec les justificatifs requis, qui peuvent inclure des avis d\u2019imposition et des relev\u00e9s de situation familiale.<\/li>\n<\/ol>\n<h2>Quels types d\u2019\u00e9tablissements acceptent les ch\u00e8ques-vacances pour les professionnels lib\u00e9raux ?<\/h2>\n<p>Les <strong>ch\u00e8ques-vacances<\/strong> sont utilisables dans plus de 200 000 \u00e9tablissements partenaires en France, couvrant de nombreuses cat\u00e9gories de services :<\/p>\n<ul>\n<li><strong>H\u00e9bergements<\/strong> (h\u00f4tels, campings, chambres d\u2019h\u00f4tes),<\/li>\n<li><strong>Activit\u00e9s de loisirs<\/strong> (mus\u00e9es, parcs d\u2019attractions, cin\u00e9mas),<\/li>\n<li><strong>Restaurants<\/strong> et certains transports.<br \/>\nCes options permettent aux professionnels lib\u00e9raux de b\u00e9n\u00e9ficier d\u2019une large gamme de prestations pour se d\u00e9tendre et passer des vacances dans des conditions avantageuses.<\/li>\n<\/ul>\n<p><iframe loading=\"lazy\" title=\"Tout savoir sur le ch\u00e8que-vacances !\" width=\"500\" height=\"281\" src=\"https:\/\/www.youtube.com\/embed\/Xk9sp0mu6OE?feature=oembed\" frameborder=\"0\" allow=\"accelerometer; autoplay; clipboard-write; encrypted-media; gyroscope; picture-in-picture; web-share\" referrerpolicy=\"strict-origin-when-cross-origin\" allowfullscreen><\/iframe><\/p>\n<h1>Utilisation et limites pour les professions lib\u00e9rales<\/h1>\n<h2>O\u00f9 utiliser les ch\u00e8ques-vacances en tant que professionnel lib\u00e9ral ?<\/h2>\n<p>Les <strong>ch\u00e8ques-vacances<\/strong> peuvent \u00eatre utilis\u00e9s dans des milliers d\u2019\u00e9tablissements en France m\u00e9tropolitaine et en outre-mer. Les professionnels lib\u00e9raux peuvent en profiter pour des s\u00e9jours en famille, en couple, ou m\u00eame pour des activit\u00e9s culturelles de proximit\u00e9. La plateforme ANCV propose un annuaire des partenaires pour aider les b\u00e9n\u00e9ficiaires \u00e0 identifier les lieux d\u2019acceptation.<\/p>\n<h2>Quelles sont les restrictions d\u2019utilisation ?<\/h2>\n<p>Malgr\u00e9 leur flexibilit\u00e9, les <strong>ch\u00e8ques-vacances<\/strong> sont soumis \u00e0 certaines restrictions :<\/p>\n<ul>\n<li><strong>Limites de validit\u00e9<\/strong> : ils sont valides pour une p\u00e9riode sp\u00e9cifique (souvent deux ans apr\u00e8s \u00e9mission),<\/li>\n<li><strong>Non remboursables<\/strong> : en cas de perte ou d\u2019expiration, ils ne sont pas rembours\u00e9s,<\/li>\n<li><strong>Utilisation exclusive pour des services de loisirs et de vacances<\/strong> : ils ne peuvent pas \u00eatre \u00e9chang\u00e9s contre des esp\u00e8ces ou utilis\u00e9s pour des achats en dehors de ces cat\u00e9gories.<\/li>\n<\/ul>\n<h1>Avantages fiscaux et sociaux des ch\u00e8ques vacances pour les professions lib\u00e9rales<\/h1>\n<h2>Les avantages fiscaux des ch\u00e8ques-vacances<\/h2>\n<p>Les <strong>ch\u00e8ques-vacances<\/strong> offrent des avantages fiscaux int\u00e9ressants pour les professions lib\u00e9rales, notamment en mati\u00e8re de d\u00e9ductions. Ils peuvent \u00eatre consid\u00e9r\u00e9s comme un avantage en nature et \u00eatre exon\u00e9r\u00e9s de charges fiscales dans certains cas. Cependant, ces exon\u00e9rations sont soumises \u00e0 un montant plafonn\u00e9, au-del\u00e0 duquel ils deviennent imposables.<\/p>\n<h2>Les avantages sociaux des ch\u00e8ques-vacances<\/h2>\n<p>Les ch\u00e8ques-vacances constituent un <strong>avantage social<\/strong> non n\u00e9gligeable, favorisant l\u2019acc\u00e8s aux loisirs et au bien-\u00eatre pour les travailleurs ind\u00e9pendants. Ils permettent de r\u00e9duire le co\u00fbt des vacances, am\u00e9liorant ainsi le pouvoir d\u2019achat. Par ailleurs, ils renforcent l\u2019attractivit\u00e9 des associations professionnelles et des mutuelles qui les proposent.<\/p>\n<h1>Comptabilisation et d\u00e9claration des ch\u00e8ques vacances pour les professionnels lib\u00e9raux<\/h1>\n<h2>Comptabilisation des ch\u00e8ques-vacances<\/h2>\n<p>Pour les <strong>professions lib\u00e9rales<\/strong> qui utilisent des ch\u00e8ques-vacances, la <strong>comptabilisation<\/strong> de ces aides doit \u00eatre r\u00e9alis\u00e9e en fonction des r\u00e8gles sp\u00e9cifiques \u00e0 l\u2019avantage en nature. Les montants utilis\u00e9s pour les loisirs ou les vacances ne doivent pas \u00eatre comptabilis\u00e9s comme revenus, \u00e0 condition de respecter les plafonds d\u2019exon\u00e9ration.<\/p>\n<h2>D\u00e9claration fiscale des ch\u00e8ques-vacances<\/h2>\n<p>Les <strong>ch\u00e8ques-vacances<\/strong> n\u2019ont g\u00e9n\u00e9ralement pas besoin d\u2019\u00eatre d\u00e9clar\u00e9s comme revenus imposables s\u2019ils sont utilis\u00e9s dans le cadre des activit\u00e9s pr\u00e9vues (loisirs, h\u00e9bergements, etc.). Toutefois, dans le cas o\u00f9 le montant accord\u00e9 d\u00e9passerait le plafond d\u2019exon\u00e9ration, ils pourraient \u00eatre partiellement imposables, et il est conseill\u00e9 de consulter un expert-comptable pour \u00e9viter toute erreur lors de la d\u00e9claration fiscale.<\/p>\n<div class='cta-block'><div class='text'>Simulez toutes vos aides en 2 min.<\/div><a href='https:\/\/www.mes-allocs.fr\/ab-app?origin=guides\/wp-json\/wp\/v2\/posts\/84583' class='app-button fit'>Simulation gratuite<\/a><\/div>\n","protected":false},"excerpt":{"rendered":"<p>Les conditions d&rsquo;\u00e9ligibilit\u00e9 aux ch\u00e8ques vacances d\u00e9pendent d&rsquo;une profession \u00e0 un autre. Bien que les conditions d&rsquo;attribution pour les professions lib\u00e9rales diff\u00e8rent de celles appliqu\u00e9es aux salari\u00e9s d&rsquo;entreprises via le Comit\u00e9 Social et \u00c9conomique (CSE), les professions lib\u00e9rales ont bien acc\u00e8s \u00e0 ce dispositif. Le ch\u00e8que-vacances pour les ind\u00e9pendants et lib\u00e9raux est une solution souvent [&hellip;]<\/p>\n","protected":false},"author":26,"featured_media":83407,"comment_status":"open","ping_status":"open","sticky":false,"template":"","format":"standard","meta":{"amp_status":"","footnotes":""},"categories":[38652,32,39800],"tags":[],"class_list":["post-84583","post","type-post","status-publish","format-standard","has-post-thumbnail","hentry","category-aide-vacances","category-cheque-vacances","category-condition-cheque-vacances"],"yoast_head":"<!-- This site is optimized with the Yoast SEO plugin v14.9 - https:\/\/yoast.com\/wordpress\/plugins\/seo\/ -->\n<title>Ch\u00e8que vacances pour les professions lib\u00e9rales : comment \u00e7a marche ?<\/title>\n<meta name=\"description\" content=\"Les professions lib\u00e9rales peuvent \u00e9galement b\u00e9n\u00e9ficier des ch\u00e8ques-vacances, une aide pr\u00e9cieuse pour financer des activit\u00e9s de loisirs.\" \/>\n<meta name=\"robots\" content=\"index, follow, max-snippet:-1, max-image-preview:large, max-video-preview:-1\" \/>\n<link rel=\"canonical\" href=\"https:\/\/www.mes-allocs.fr\/guides\/aide-vacances\/cheque-vacances\/condition-cheque-vacances\/cheque-vacances-profession-liberale\/\" \/>\n<meta property=\"og:locale\" content=\"fr_FR\" \/>\n<meta property=\"og:type\" content=\"article\" \/>\n<meta property=\"og:title\" content=\"Ch\u00e8que vacances pour les professions lib\u00e9rales : comment \u00e7a marche ?\" \/>\n<meta property=\"og:description\" content=\"Les professions lib\u00e9rales peuvent \u00e9galement b\u00e9n\u00e9ficier des ch\u00e8ques-vacances, une aide pr\u00e9cieuse pour financer des activit\u00e9s de loisirs.\" \/>\n<meta property=\"og:url\" content=\"https:\/\/www.mes-allocs.fr\/guides\/aide-vacances\/cheque-vacances\/condition-cheque-vacances\/cheque-vacances-profession-liberale\/\" \/>\n<meta property=\"og:site_name\" content=\"Mes-Allocs.fr\" \/>\n<meta property=\"article:published_time\" content=\"2024-10-30T13:51:25+00:00\" \/>\n<meta property=\"article:modified_time\" content=\"2026-04-22T09:51:21+00:00\" \/>\n<meta property=\"og:image\" content=\"https:\/\/www.mes-allocs.fr\/guides\/wp-content\/uploads\/2024\/10\/MesAllocs-PER-Profession-liberal-2024.jpg?wsr\" \/>\n\t<meta property=\"og:image:width\" content=\"1280\" \/>\n\t<meta property=\"og:image:height\" content=\"557\" \/>\n<meta name=\"twitter:card\" content=\"summary_large_image\" \/>\n<script type=\"application\/ld+json\" class=\"yoast-schema-graph\">{\"@context\":\"https:\/\/schema.org\",\"@graph\":[{\"@type\":\"WebSite\",\"@id\":\"https:\/\/www.mes-allocs.fr\/guides\/#website\",\"url\":\"https:\/\/www.mes-allocs.fr\/guides\/\",\"name\":\"Mes-Allocs.fr\",\"description\":\"\",\"potentialAction\":[{\"@type\":\"SearchAction\",\"target\":\"https:\/\/www.mes-allocs.fr\/guides\/?s={search_term_string}\",\"query-input\":\"required name=search_term_string\"}],\"inLanguage\":\"fr-FR\"},{\"@type\":\"ImageObject\",\"@id\":\"https:\/\/www.mes-allocs.fr\/guides\/aide-vacances\/cheque-vacances\/condition-cheque-vacances\/cheque-vacances-profession-liberale\/#primaryimage\",\"inLanguage\":\"fr-FR\",\"url\":\"https:\/\/www.mes-allocs.fr\/guides\/wp-content\/uploads\/2024\/10\/MesAllocs-PER-Profession-liberal-2024.jpg?wsr\",\"width\":1280,\"height\":557,\"caption\":\"cheque vacances profession liberale\"},{\"@type\":\"WebPage\",\"@id\":\"https:\/\/www.mes-allocs.fr\/guides\/aide-vacances\/cheque-vacances\/condition-cheque-vacances\/cheque-vacances-profession-liberale\/#webpage\",\"url\":\"https:\/\/www.mes-allocs.fr\/guides\/aide-vacances\/cheque-vacances\/condition-cheque-vacances\/cheque-vacances-profession-liberale\/\",\"name\":\"Ch\\u00e8que vacances pour les professions lib\\u00e9rales : comment \\u00e7a marche ?\",\"isPartOf\":{\"@id\":\"https:\/\/www.mes-allocs.fr\/guides\/#website\"},\"primaryImageOfPage\":{\"@id\":\"https:\/\/www.mes-allocs.fr\/guides\/aide-vacances\/cheque-vacances\/condition-cheque-vacances\/cheque-vacances-profession-liberale\/#primaryimage\"},\"datePublished\":\"2024-10-30T13:51:25+00:00\",\"dateModified\":\"2026-04-22T09:51:21+00:00\",\"author\":{\"@id\":\"https:\/\/www.mes-allocs.fr\/guides\/#\/schema\/person\/9c38f3be41a0ddcd1e3fde5a3df713bf\"},\"description\":\"Les professions lib\\u00e9rales peuvent \\u00e9galement b\\u00e9n\\u00e9ficier des ch\\u00e8ques-vacances, une aide pr\\u00e9cieuse pour financer des activit\\u00e9s de loisirs.\",\"inLanguage\":\"fr-FR\"},{\"@type\":\"Person\",\"@id\":\"https:\/\/www.mes-allocs.fr\/guides\/#\/schema\/person\/9c38f3be41a0ddcd1e3fde5a3df713bf\",\"name\":\"Sessime Ananou\",\"image\":{\"@type\":\"ImageObject\",\"@id\":\"https:\/\/www.mes-allocs.fr\/guides\/#personlogo\",\"inLanguage\":\"fr-FR\",\"url\":\"https:\/\/www.mes-allocs.fr\/guides\/wp-content\/uploads\/2023\/08\/IMG_8173-150x150.jpg\",\"caption\":\"Sessime Ananou\"},\"description\":\"Sessime est r\\u00e9dactrice chez Mes Allocs, sp\\u00e9cialis\\u00e9e sur le pouvoir d'achat. Elle rejoint l'\\u00e9quipe Mes Allocs en ao\\u00fbt 2023 afin de simplifier l'acc\\u00e8s \\u00e0 l'information sur les aides en g\\u00e9n\\u00e9ral.\"}]}<\/script>\n<!-- \/ Yoast SEO plugin. -->","amp_validity":null,"acf":{"faq":{"1":{"question":"Quelles professions lib\u00e9rales sont \u00e9ligibles aux ch\u00e8ques-vacances ?","answer":"Les professions lib\u00e9rales regroupent de nombreux m\u00e9tiers, notamment dans le domaine m\u00e9dical, juridique, et du conseil. Les avocats, les m\u00e9decins, les architectes, ainsi que les consultants peuvent \u00eatre \u00e9ligibles, \u00e0 condition de r\u00e9pondre aux crit\u00e8res sp\u00e9cifiques \u00e9tablis par les organismes partenaires de l\u2019ANCV."},"2":{"question":"Quelles sont les conditions de revenus pour obtenir des ch\u00e8ques-vacances ?","answer":"Les conditions de revenus varient selon les crit\u00e8res des mutuelles ou des associations qui distribuent les ch\u00e8ques-vacances. Il est conseill\u00e9 de se renseigner aupr\u00e8s des organismes sp\u00e9cifiques pour conna\u00eetre les plafonds de revenus requis."},"3":{"question":"Quel est le montant des ch\u00e8ques-vacances pour les professions lib\u00e9rales ?","answer":"Le montant des ch\u00e8ques-vacances attribu\u00e9s peut d\u00e9pendre du profil du demandeur ainsi que des conditions d\u2019attribution de l\u2019organisme distributeur. Certains partenaires offrent des montants fixes, tandis que d\u2019autres ajustent selon les revenus."},"4":{"question":"O\u00f9 peut-on utiliser les ch\u00e8ques-vacances ?","answer":"Les ch\u00e8ques-vacances peuvent \u00eatre utilis\u00e9s dans un large r\u00e9seau de partenaires ANCV, incluant des h\u00e9bergements, des agences de voyage, des sites culturels et des activit\u00e9s de loisirs en France.\r\n"},"5":{"question":"Comment effectuer une demande de ch\u00e8ques-vacances en tant que professionnel lib\u00e9ral ? ","answer":"Les d\u00e9marches peuvent varier selon l\u2019organisme auquel est affili\u00e9 le professionnel. Il est recommand\u00e9 de s\u2019informer aupr\u00e8s de sa mutuelle professionnelle ou de sa Chambre des M\u00e9tiers."},"6":{"question":"Existe-t-il un avantage fiscal \u00e0 utiliser des ch\u00e8ques-vacances en tant que profession lib\u00e9rale ? ","answer":"Oui, les ch\u00e8ques-vacances peuvent b\u00e9n\u00e9ficier d\u2019un r\u00e9gime fiscal avantageux pour les professions lib\u00e9rales, sous certaines conditions. Des informations plus d\u00e9taill\u00e9es sont disponibles aupr\u00e8s de l\u2019ANCV ou des organismes fiscaux comp\u00e9tents."},"7":{"question":"","answer":""},"8":{"question":"","answer":""},"9":{"question":"","answer":""},"10":{"question":"","answer":""},"11":{"question":"","answer":""},"12":{"question":"","answer":""},"13":{"question":"","answer":""},"14":{"question":"","answer":""},"15":{"question":"","answer":""},"16":{"question":"","answer":""}}},"_links":{"self":[{"href":"https:\/\/www.mes-allocs.fr\/guides\/wp-json\/wp\/v2\/posts\/84583","targetHints":{"allow":["GET"]}}],"collection":[{"href":"https:\/\/www.mes-allocs.fr\/guides\/wp-json\/wp\/v2\/posts"}],"about":[{"href":"https:\/\/www.mes-allocs.fr\/guides\/wp-json\/wp\/v2\/types\/post"}],"author":[{"embeddable":true,"href":"https:\/\/www.mes-allocs.fr\/guides\/wp-json\/wp\/v2\/users\/26"}],"replies":[{"embeddable":true,"href":"https:\/\/www.mes-allocs.fr\/guides\/wp-json\/wp\/v2\/comments?post=84583"}],"version-history":[{"count":5,"href":"https:\/\/www.mes-allocs.fr\/guides\/wp-json\/wp\/v2\/posts\/84583\/revisions"}],"predecessor-version":[{"id":96596,"href":"https:\/\/www.mes-allocs.fr\/guides\/wp-json\/wp\/v2\/posts\/84583\/revisions\/96596"}],"wp:featuredmedia":[{"embeddable":true,"href":"https:\/\/www.mes-allocs.fr\/guides\/wp-json\/wp\/v2\/media\/83407"}],"wp:attachment":[{"href":"https:\/\/www.mes-allocs.fr\/guides\/wp-json\/wp\/v2\/media?parent=84583"}],"wp:term":[{"taxonomy":"category","embeddable":true,"href":"https:\/\/www.mes-allocs.fr\/guides\/wp-json\/wp\/v2\/categories?post=84583"},{"taxonomy":"post_tag","embeddable":true,"href":"https:\/\/www.mes-allocs.fr\/guides\/wp-json\/wp\/v2\/tags?post=84583"}],"curies":[{"name":"wp","href":"https:\/\/api.w.org\/{rel}","templated":true}]}}