{"id":84574,"date":"2024-11-04T16:17:28","date_gmt":"2024-11-04T14:17:28","guid":{"rendered":"https:\/\/www.mes-allocs.fr\/guides\/?p=84574"},"modified":"2026-04-22T10:51:19","modified_gmt":"2026-04-22T09:51:19","slug":"versement-prime-macron","status":"publish","type":"post","link":"https:\/\/www.mes-allocs.fr\/guides\/prime-macron\/versement-prime-macron\/","title":{"rendered":"Versement prime Macron 2025 : dates et modalit\u00e9s"},"content":{"rendered":"<p><img loading=\"lazy\" decoding=\"async\" class=\"alignnone wp-image-106505 size-full\" title=\"versement prime macron date\" src=\"https:\/\/www.mes-allocs.fr\/guides\/wp-content\/uploads\/2025\/12\/versement-prime-macron-date-e1765298611185.jpg\" alt=\"versement prime macron date\" width=\"1920\" height=\"300\" srcset=\"https:\/\/www.mes-allocs.fr\/guides\/wp-content\/uploads\/2025\/12\/versement-prime-macron-date-e1765298611185.jpg 1920w, https:\/\/www.mes-allocs.fr\/guides\/wp-content\/uploads\/2025\/12\/versement-prime-macron-date-e1765298611185-300x47.jpg 300w, https:\/\/www.mes-allocs.fr\/guides\/wp-content\/uploads\/2025\/12\/versement-prime-macron-date-e1765298611185-1024x160.jpg 1024w, https:\/\/www.mes-allocs.fr\/guides\/wp-content\/uploads\/2025\/12\/versement-prime-macron-date-e1765298611185-768x120.jpg 768w, https:\/\/www.mes-allocs.fr\/guides\/wp-content\/uploads\/2025\/12\/versement-prime-macron-date-e1765298611185-1536x240.jpg 1536w, https:\/\/www.mes-allocs.fr\/guides\/wp-content\/uploads\/2025\/12\/versement-prime-macron-date-e1765298611185-600x94.jpg 600w\" sizes=\"auto, (max-width: 1920px) 100vw, 1920px\" \/><\/p>\n<p>La <a href=\"https:\/\/www.mes-allocs.fr\/guides\/prime-macron\/\">prime Macron<\/a>, ou prime de partage de la valeur (PPV), est un dispositif permettant aux entreprises de verser un compl\u00e9ment de salaire \u00e0 leurs salari\u00e9s. Mais comment se d\u00e9roule concr\u00e8tement le <b>versement de la prime Macron <\/b>et quand le recevrez-vous ? Cet article r\u00e9pond \u00e0 toutes vos questions.<\/p>\n<div class='cta-block'><div class='text'>Simulez toutes vos aides en 2 min.<\/div><a href='https:\/\/www.mes-allocs.fr\/ab-app?origin=guides\/wp-json\/wp\/v2\/posts\/84574' class='app-button fit'>Simulation gratuite<\/a><\/div>\n<h1>Qui verse la prime Macron ?<\/h1>\n<p>Beaucoup de se demandent :\u00a0<a href=\"https:\/\/www.mes-allocs.fr\/guides\/prime-macron\/versement-prime-macron\/qui-paie-prime-macron\/\">qui paie la prime Macron<\/a> ? C&rsquo;est tr\u00e8s simple, la prime Macron vous est vers\u00e9e directement par votre employeur. Cependant, la prime Macron (ou la PPV) est une prime qui est <b>facultative<\/b>. L\u2019employeur n\u2019a <b>aucune obligation l\u00e9gale<\/b>, il peut d\u00e9cider de verser ou non une prime Macron \u00e0 ses employ\u00e9s.<\/p>\n<p>Si vous \u00eates un <b>salari\u00e9 en int\u00e9rim<\/b>, c\u2019est votre agence d\u2019int\u00e9rim qui se charge de vous verser la prime Macron, m\u00eame si c\u2019est votre entreprise qui a mis en place la prime.<\/p>\n<div class='shortcode important'><div class='title'>Important<\/div><div class='content'>Depuis le 1er janvier 2025, les seuls cas de versement obligatoire sont pour les entreprises comptant <b>entre 11 et 49 salari\u00e9s<\/b> si elles r\u00e9alisent un <b>b\u00e9n\u00e9fice net fiscal d\u2019au moins 1 % du chiffre d\u2019affaires<\/b> pendant trois exercices cons\u00e9cutifs.<\/div><\/div>\n<h1>Date de versement de la Prime Macron en 2025<\/h1>\n<h2>Existe-t-il une date fixe de versement ?<\/h2>\n<p><b>Non<\/b>, il n\u2019existe <b>pas de date pr\u00e9cise<\/b> ou obligatoire pour le versement de la prime Macron. L\u2019employeur dispose d\u2019une libert\u00e9 totale pour d\u00e9terminer le moment auquel il souhaite la verser. Ainsi, la prime peut \u00eatre attribu\u00e9e <b>\u00e0 tout moment de l\u2019ann\u00e9e<\/b>, en fonction des choix de l\u2019entreprise.<\/p>\n<h2>Quand allez-vous recevoir la prime de partage de valeur en 2025 ?<\/h2>\n<p>La <a href=\"https:\/\/www.mes-allocs.fr\/guides\/prime-macron\/versement-prime-macron\/prime-macron-date-versement\/\">date de versement de la prime Macron<\/a> d\u00e9pend de votre employeur car c\u2019est lui qui choisit. Actuellement, la prime Macron peut \u00eatre vers\u00e9e <b>jusqu\u2019au 31 d\u00e9cembre 2026 maximum<\/b>. Mais, il faudra attendre que d\u2019autres d\u00e9crets pr\u00e9cisent l\u2019avenir de la PPV.<\/p>\n<h2>Peut-elle \u00eatre vers\u00e9e en plusieurs fois ?<\/h2>\n<p><b>Oui<\/b>, la prime Macron peut \u00eatre <b>vers\u00e9e en plusieurs fois pendant l\u2019ann\u00e9e civile<\/b>. Attention, il ne faut <b>pas d\u00e9passer un versement par trimestre<\/b>.<\/p>\n<h1>Comment la prime Macron est-elle vers\u00e9e ?<\/h1>\n<h2>Option 1 : Avec votre salaire<\/h2>\n<p>La prime Macron est syst\u00e9matiquement vers\u00e9e par le m\u00eame biais que votre salaire.<\/p>\n<h2>Option 2 : Sur un PEE<\/h2>\n<p>Si vous le souhaitez, la prime peut \u00eatre vers\u00e9e sur un <b>PEE (Plan \u00c9pargne Entreprise)<\/b>, si votre entreprise en met une \u00e0 disposition. Vous pourriez avoir des chances de b\u00e9n\u00e9ficier d\u2019une <b>exon\u00e9ration fiscale<\/b>. Il vous suffit d\u2019en faire la demande aupr\u00e8s de votre employeur.<\/p>\n<h2>Option 3 : Sur un PER<\/h2>\n<p>Vous pouvez demander \u00e0 ce que votre prime soit plac\u00e9e sur un <b>PER (Plan \u00c9pargne Retraite)<\/b>, si votre entreprise en propose un. Mais l\u2019argent serait alors <b>bloqu\u00e9 jusqu\u2019\u00e0 la retraite<\/b>.<\/p>\n<div class='cta-block'><div class='text'>Simulez toutes vos aides en 2 min.<\/div><a href='https:\/\/www.mes-allocs.fr\/ab-app?origin=guides\/wp-json\/wp\/v2\/posts\/84574' class='app-button fit'>Simulation gratuite<\/a><\/div>\n<h1>La date de versement de la prime appara\u00eet-elle sur la fiche de paie ?<\/h1>\n<p><b>Non<\/b>, la date de versement de la prime Macron n\u2019appara\u00eet pas sur la fiche de paie. Ce n\u2019est en tout cas pas une obligation l\u00e9gale. La seule chose qui est pr\u00e9cis\u00e9e, c\u2019est que votre employeur a <b>l\u2019obligation<\/b> de faire appara\u00eetre <b>le ou les versements de la prime Macron sur une ligne de votre bulletin de paie<\/b>. Il n\u2019y a pas de mention pour la pr\u00e9cision de la date.<\/p>\n<h1>L\u2019employeur doit-il verser la prime Macron \u00e0 tous les salari\u00e9s ?<\/h1>\n<p><b>Non<\/b>, l\u2019employeur n\u2019est pas oblig\u00e9 de verser la prime Macron pour tous les salari\u00e9s. L\u2019employeur reste libre de la mettre en place ou non. S\u2019il choisit de la verser, il doit d\u00e9finir des <b>crit\u00e8res d\u2019attribution bas\u00e9s sur des \u00e9l\u00e9ments objectifs<\/b> tels que le salaire, la pr\u00e9sence dans l\u2019entreprise ou la dur\u00e9e du contrat. Il peut \u00e9galement d\u00e9cider de la verser une ann\u00e9e et de ne pas le faire l\u2019ann\u00e9e suivante.<\/p>\n<p>La seule exception concerne, \u00e0 partir de cette ann\u00e9e 2025, les entreprises de 11 \u00e0 49 salari\u00e9s qui r\u00e9alisent des b\u00e9n\u00e9fices : elles sont oblig\u00e9es de verser \u00e0 leurs employ\u00e9s une prime de partage de la valeur, comme la prime Macron.<\/p>\n<p>De plus, vous pouvez \u00eatre<b> exclu du versement<\/b>. Par exemple, votre employeur peut d\u00e9cider de mettre en place un <b>plafond de r\u00e9mun\u00e9ration<\/b>. Si vous gagnez plus que le plafond pr\u00e9vu, vous n\u2019\u00eates pas \u00e9ligible \u00e0 la prime Macron de votre entreprise.<\/p>\n<h1>Versement de la prime Macron en retard : comment faire ?<\/h1>\n<p>Comme pour beaucoup de primes, il est possible que la prime Macron vous soit vers\u00e9e en retard. Que faire dans cette situation et que se passe-t-il dans ce cas ?<\/p>\n<h2>Quels sont les recours possibles ?<\/h2>\n<p>Si vous n\u2019avez pas re\u00e7u la prime Macron, il se peut que vous ne soyez pas \u00e9ligible. Mais si vous y avez droit selon les r\u00e8gles de votre entreprise et que vous ne l\u2019avez pas encore per\u00e7ue, vous pouvez :<\/p>\n<ul>\n<li aria-level=\"1\">Contacter le <b>CSE<\/b> (Comit\u00e9 social et \u00e9conomique) pour en discuter et demander des explications<\/li>\n<li aria-level=\"1\">Saisir le <b>conseil des prud\u2019hommes<\/b> si aucun accord amiable n\u2019est trouv\u00e9<\/li>\n<li aria-level=\"1\">Alerter <b>l\u2019inspection du travail<\/b><\/li>\n<\/ul>\n<h2>Que risque mon employeur s\u2019il verse la prime en retard ?<\/h2>\n<p>Si votre employeur paie la prime Macron en retard, il peut avoir des probl\u00e8mes juridiques et financiers :<\/p>\n<ul>\n<li aria-level=\"1\">Le retard peut entra\u00eener la<b> perte des exon\u00e9rations de cotisations sociales et fiscales<\/b> li\u00e9es \u00e0 la prime Macron<\/li>\n<li aria-level=\"1\">L\u2019entreprise peut faire l\u2019objet de <b>contr\u00f4les et de risques de redressement de la part l\u2019Urssaf<\/b><\/li>\n<li aria-level=\"1\">Le ou les employ\u00e9s peuvent d\u00e9cider d\u2019engager un<b> litige pour r\u00e9clamer la prime due<\/b> ou de saisir le conseil des prud\u2019hommes<\/li>\n<\/ul>\n<p>Votre employeur a donc tout int\u00e9r\u00eat \u00e0 vous verser la prime dans les d\u00e9lais pr\u00e9vus.<\/p>\n<div class='shortcode summary'><div class='title'>En r\u00e9sum\u00e9 :<\/div><div class='content'><ul><li>La prime Macron est vers\u00e9e <b>directement par l\u2019employeur<\/b>, de fa\u00e7on <b>facultative<\/b> sauf pour les entreprises de 11 \u00e0 49 salari\u00e9s r\u00e9alisant des b\u00e9n\u00e9fices depuis trois ans.<\/li><li>Il n\u2019y a <b>pas de date fixe de versement<\/b>, qui peut se faire en <b>une ou plusieurs fois<\/b>, <b>au plus tard le 31 d\u00e9cembre 2026<\/b>.<\/li><li>La prime appara\u00eet <b>sur le bulletin de paie<\/b>, mais pas la date de versement.<\/li><li>Elle peut \u00eatre vers\u00e9e sur le <b>salaire<\/b>, un <b>PEE<\/b> ou un <b>PER<\/b>.<\/li><li>Les crit\u00e8res d\u2019attribution sont <b>d\u00e9finis par l\u2019employeur<\/b>, qui peut fixer des plafonds ou exclure certains salari\u00e9s.<\/li><li>En cas de retard, des <b>recours<\/b> existent et l\u2019employeur peut <b>perdre ses exon\u00e9rations<\/b> et s\u2019exposer \u00e0 des <b>contr\u00f4les ou litiges<\/b>.<\/li><\/ul><\/div><\/div>\n<div class='cta-block'><div class='text'>Simulez toutes vos aides en 2 min.<\/div><a href='https:\/\/www.mes-allocs.fr\/ab-app?origin=guides\/wp-json\/wp\/v2\/posts\/84574' class='app-button fit'>Simulation gratuite<\/a><\/div>\n","protected":false},"excerpt":{"rendered":"<p>La prime Macron, ou prime de partage de la valeur (PPV), est un dispositif permettant aux entreprises de verser un compl\u00e9ment de salaire \u00e0 leurs salari\u00e9s. Mais comment se d\u00e9roule concr\u00e8tement le versement de la prime Macron et quand le recevrez-vous ? Cet article r\u00e9pond \u00e0 toutes vos questions. Qui verse la prime Macron ? [&hellip;]<\/p>\n","protected":false},"author":30,"featured_media":106506,"comment_status":"open","ping_status":"open","sticky":false,"template":"","format":"standard","meta":{"amp_status":"","footnotes":""},"categories":[40090],"tags":[],"class_list":["post-84574","post","type-post","status-publish","format-standard","has-post-thumbnail","hentry","category-prime-macron"],"yoast_head":"<!-- This site is optimized with the Yoast SEO plugin v14.9 - https:\/\/yoast.com\/wordpress\/plugins\/seo\/ -->\n<title>Versement prime Macron 2025 : dates et modalit\u00e9s | Mes-Allocs.fr<\/title>\n<meta name=\"description\" content=\"La prime Macron peut vous \u00eatre vers\u00e9e jusqu&#039;au 31 d\u00e9cembre 2026. Mais comment se passe son versement ? Et \u00e0 quelle date ? Explications.\" \/>\n<meta name=\"robots\" content=\"index, follow, max-snippet:-1, max-image-preview:large, max-video-preview:-1\" \/>\n<link rel=\"canonical\" href=\"https:\/\/www.mes-allocs.fr\/guides\/prime-macron\/versement-prime-macron\/\" \/>\n<meta property=\"og:locale\" content=\"fr_FR\" \/>\n<meta property=\"og:type\" content=\"article\" \/>\n<meta property=\"og:title\" content=\"Versement prime Macron 2025 : dates et modalit\u00e9s | Mes-Allocs.fr\" \/>\n<meta property=\"og:description\" content=\"La prime Macron peut vous \u00eatre vers\u00e9e jusqu&#039;au 31 d\u00e9cembre 2026. Mais comment se passe son versement ? Et \u00e0 quelle date ? Explications.\" \/>\n<meta property=\"og:url\" content=\"https:\/\/www.mes-allocs.fr\/guides\/prime-macron\/versement-prime-macron\/\" \/>\n<meta property=\"og:site_name\" content=\"Mes-Allocs.fr\" \/>\n<meta property=\"article:published_time\" content=\"2024-11-04T14:17:28+00:00\" \/>\n<meta property=\"article:modified_time\" content=\"2026-04-22T09:51:19+00:00\" \/>\n<meta property=\"og:image\" content=\"https:\/\/www.mes-allocs.fr\/guides\/wp-content\/uploads\/2025\/12\/versement-prime-macron.jpg?wsr\" \/>\n\t<meta property=\"og:image:width\" content=\"1280\" \/>\n\t<meta property=\"og:image:height\" content=\"853\" \/>\n<meta name=\"twitter:card\" content=\"summary_large_image\" \/>\n<script type=\"application\/ld+json\" class=\"yoast-schema-graph\">{\"@context\":\"https:\/\/schema.org\",\"@graph\":[{\"@type\":\"WebSite\",\"@id\":\"https:\/\/www.mes-allocs.fr\/guides\/#website\",\"url\":\"https:\/\/www.mes-allocs.fr\/guides\/\",\"name\":\"Mes-Allocs.fr\",\"description\":\"\",\"potentialAction\":[{\"@type\":\"SearchAction\",\"target\":\"https:\/\/www.mes-allocs.fr\/guides\/?s={search_term_string}\",\"query-input\":\"required name=search_term_string\"}],\"inLanguage\":\"fr-FR\"},{\"@type\":\"ImageObject\",\"@id\":\"https:\/\/www.mes-allocs.fr\/guides\/prime-macron\/versement-prime-macron\/#primaryimage\",\"inLanguage\":\"fr-FR\",\"url\":\"https:\/\/www.mes-allocs.fr\/guides\/wp-content\/uploads\/2025\/12\/versement-prime-macron.jpg?wsr\",\"width\":1280,\"height\":853,\"caption\":\"versement prime macron\"},{\"@type\":\"WebPage\",\"@id\":\"https:\/\/www.mes-allocs.fr\/guides\/prime-macron\/versement-prime-macron\/#webpage\",\"url\":\"https:\/\/www.mes-allocs.fr\/guides\/prime-macron\/versement-prime-macron\/\",\"name\":\"Versement prime Macron 2025 : dates et modalit\\u00e9s | Mes-Allocs.fr\",\"isPartOf\":{\"@id\":\"https:\/\/www.mes-allocs.fr\/guides\/#website\"},\"primaryImageOfPage\":{\"@id\":\"https:\/\/www.mes-allocs.fr\/guides\/prime-macron\/versement-prime-macron\/#primaryimage\"},\"datePublished\":\"2024-11-04T14:17:28+00:00\",\"dateModified\":\"2026-04-22T09:51:19+00:00\",\"author\":{\"@id\":\"https:\/\/www.mes-allocs.fr\/guides\/#\/schema\/person\/66505fe443d6e6f3696c5af001f3fab8\"},\"description\":\"La prime Macron peut vous \\u00eatre vers\\u00e9e jusqu'au 31 d\\u00e9cembre 2026. Mais comment se passe son versement ? Et \\u00e0 quelle date ? Explications.\",\"inLanguage\":\"fr-FR\"},{\"@type\":\"Person\",\"@id\":\"https:\/\/www.mes-allocs.fr\/guides\/#\/schema\/person\/66505fe443d6e6f3696c5af001f3fab8\",\"name\":\"Lauriane Oriol\",\"image\":{\"@type\":\"ImageObject\",\"@id\":\"https:\/\/www.mes-allocs.fr\/guides\/#personlogo\",\"inLanguage\":\"fr-FR\",\"url\":\"https:\/\/www.mes-allocs.fr\/guides\/wp-content\/uploads\/2024\/10\/1702589802731-1-150x150.jpeg\",\"caption\":\"Lauriane Oriol\"},\"description\":\"Lauriane est r\\u00e9dactrice chez Mes Allocs. Sp\\u00e9cialiste des d\\u00e9marches administratives, elle rejoint Mes Allocs apr\\u00e8s une premi\\u00e8re exp\\u00e9rience en marketing et communication.\"}]}<\/script>\n<!-- \/ Yoast SEO plugin. -->","amp_validity":null,"acf":{"faq":{"1":{"question":"Quand est vers\u00e9e la prime Macron 2025 ?","answer":"La prime Macron 2025 n'a pas de date fixe, la date de versement d\u00e9pend de votre employeur. Il doit n\u00e9anmoins vous la verser avant le 31 d\u00e9cembre 2021."},"2":{"question":"Est-ce que l'employeur est oblig\u00e9 de verser la prime Macron ?","answer":"Non, l\u2019employeur n\u2019est pas oblig\u00e9 de vous verser la prime Macron. Il est libre d\u2019en fixer le montant et les crit\u00e8res. Il peut aussi choisir de ne pas la verser du tout."},"3":{"question":"Est-ce que les int\u00e9rimaires peuvent percevoir la prime Macron 2025 ?","answer":"Si vous \u00eates un(e) salari\u00e9 int\u00e9rimaire, vous pouvez percevoir la prime Macron 2025 si vous remplissent les conditions d'\u00e9ligibilit\u00e9 de votre employeur. "},"4":{"question":"Pourquoi n'ai-je pas eu la prime Macron ?","answer":"Si vous ne touchez pas la prime Macron, vous ne remplissez s\u00fbrement pas les conditions impos\u00e9s par votre employeur ou votre entreprise ne la verse pas."},"5":{"question":"Comment exclure un(e) salari\u00e9 de la prime Macron ?","answer":"Vous pouvez \u00eatre exclu(e) de la prime Macron si vous ne correspondez pas aux crit\u00e8res de versement choisis par votre employeur "},"6":{"question":"Quel est l'int\u00e9r\u00eat pour l'employeur de verser la prime Macron ?","answer":"La prime Macron peut \u00eatre exon\u00e9r\u00e9e de cotisations sociales (CSG et CRDS) si elle est vers\u00e9e \u00e0 un salari\u00e9 touchant moins de trois fois le SMIC et travaillant dans une entreprise de moins de 50 employ\u00e9s."},"7":{"question":"","answer":""},"8":{"question":"","answer":""},"9":{"question":"","answer":""},"10":{"question":"","answer":""},"11":{"question":"","answer":""},"12":{"question":"","answer":""},"13":{"question":"","answer":""},"14":{"question":"","answer":""},"15":{"question":"","answer":""},"16":{"question":"","answer":""}}},"_links":{"self":[{"href":"https:\/\/www.mes-allocs.fr\/guides\/wp-json\/wp\/v2\/posts\/84574","targetHints":{"allow":["GET"]}}],"collection":[{"href":"https:\/\/www.mes-allocs.fr\/guides\/wp-json\/wp\/v2\/posts"}],"about":[{"href":"https:\/\/www.mes-allocs.fr\/guides\/wp-json\/wp\/v2\/types\/post"}],"author":[{"embeddable":true,"href":"https:\/\/www.mes-allocs.fr\/guides\/wp-json\/wp\/v2\/users\/30"}],"replies":[{"embeddable":true,"href":"https:\/\/www.mes-allocs.fr\/guides\/wp-json\/wp\/v2\/comments?post=84574"}],"version-history":[{"count":22,"href":"https:\/\/www.mes-allocs.fr\/guides\/wp-json\/wp\/v2\/posts\/84574\/revisions"}],"predecessor-version":[{"id":106585,"href":"https:\/\/www.mes-allocs.fr\/guides\/wp-json\/wp\/v2\/posts\/84574\/revisions\/106585"}],"wp:featuredmedia":[{"embeddable":true,"href":"https:\/\/www.mes-allocs.fr\/guides\/wp-json\/wp\/v2\/media\/106506"}],"wp:attachment":[{"href":"https:\/\/www.mes-allocs.fr\/guides\/wp-json\/wp\/v2\/media?parent=84574"}],"wp:term":[{"taxonomy":"category","embeddable":true,"href":"https:\/\/www.mes-allocs.fr\/guides\/wp-json\/wp\/v2\/categories?post=84574"},{"taxonomy":"post_tag","embeddable":true,"href":"https:\/\/www.mes-allocs.fr\/guides\/wp-json\/wp\/v2\/tags?post=84574"}],"curies":[{"name":"wp","href":"https:\/\/api.w.org\/{rel}","templated":true}]}}