{"id":84436,"date":"2024-10-25T13:41:53","date_gmt":"2024-10-25T11:41:53","guid":{"rendered":"https:\/\/www.mes-allocs.fr\/guides\/?p=84436"},"modified":"2026-04-22T10:51:23","modified_gmt":"2026-04-22T09:51:23","slug":"aide-projet-vacances-ancv","status":"publish","type":"post","link":"https:\/\/www.mes-allocs.fr\/guides\/aide-vacances\/aide-projet-vacances-ancv\/","title":{"rendered":"L&rsquo;aide pour les projets vacances avec l&rsquo;ANCV"},"content":{"rendered":"<p><img loading=\"lazy\" decoding=\"async\" class=\"alignnone wp-image-28022 size-full\" title=\"aide projet vacances ancv\" src=\"https:\/\/www.mes-allocs.fr\/guides\/wp-content\/uploads\/2021\/05\/pexels-pixabay-358223-e1622106508760.jpg\" alt=\"aide projet vacances ancv\" width=\"1280\" height=\"416\" \/><\/p>\n<p>L\u2019<strong>Aide aux Projets Vacances de l\u2019ANCV<\/strong>, un programme d\u2019<a href=\"https:\/\/www.mes-allocs.fr\/guides\/aide-vacances\/\">aide aux vacances<\/a>, facilite l&rsquo;acc\u00e8s aux s\u00e9jours pour les personnes \u00e0 revenus modestes ou en situation de pr\u00e9carit\u00e9, en les soutenant financi\u00e8rement avec des Ch\u00e8ques-Vacances. Cette aide permet aux b\u00e9n\u00e9ficiaires d\u2019organiser un projet de s\u00e9jour tout en \u00e9tant accompagn\u00e9s par un r\u00e9seau de partenaires sociaux, favorisant ainsi leur bien-\u00eatre et leur acc\u00e8s aux loisirs.<\/p>\n<div class='cta-block'><div class='text'>Simulez toutes vos aides en 2 min.<\/div><a href='https:\/\/www.mes-allocs.fr\/ab-app?origin=guides\/wp-json\/wp\/v2\/posts\/84436' class='app-button fit'>Simulation gratuite<\/a><\/div>\n<h1>Fonctionnement de l&rsquo;Aide aux Projets Vacances (APV)<\/h1>\n<h2><strong>Nature de l\u2019aide et objectifs<\/strong><\/h2>\n<p>L\u2019Aide aux Projets Vacances (APV) de l\u2019ANCV vise \u00e0 offrir des opportunit\u00e9s de vacances \u00e0 des personnes en situation pr\u00e9caire ou d&rsquo;exclusion sociale, en soutenant financi\u00e8rement leurs projets. L\u2019initiative permet ainsi \u00e0 des familles, jeunes, seniors, ou adultes isol\u00e9s de se ressourcer et de rompre avec leur quotidien, contribuant \u00e0 leur bien-\u00eatre et \u00e0 leur inclusion sociale. Ce programme aide notamment \u00e0 financer des s\u00e9jours \u00e9ducatifs et de loisirs, permettant aux b\u00e9n\u00e9ficiaires d&rsquo;acc\u00e9der \u00e0 des vacances enrichissantes, souvent pour la premi\u00e8re fois.<\/p>\n<h2><strong>R\u00f4le des r\u00e9f\u00e9rents sociaux partenaires<\/strong><\/h2>\n<p>Les r\u00e9f\u00e9rents sociaux, comme les travailleurs sociaux ou les associations, jouent un r\u00f4le central dans l\u2019APV. Ces partenaires accompagnent les b\u00e9n\u00e9ficiaires dans la d\u00e9finition de leurs projets de vacances et les aident \u00e0 monter les dossiers de demande d\u2019aide. Ils veillent \u00e9galement \u00e0 ce que les projets r\u00e9pondent aux objectifs sociaux de l&rsquo;APV, en mettant l\u2019accent sur l\u2019autonomie et le d\u00e9veloppement personnel des participants.<\/p>\n<h1>Conditions d&rsquo;\u00e9ligibilit\u00e9 de l&rsquo;APV<\/h1>\n<h2><strong>Crit\u00e8res de ressources et de situation sociale<\/strong><\/h2>\n<p>Pour \u00eatre \u00e9ligible \u00e0 l&rsquo;APV, le demandeur doit g\u00e9n\u00e9ralement se trouver dans une situation de pr\u00e9carit\u00e9 ou de faibles ressources. Les crit\u00e8res peuvent varier, mais l\u2019\u00e9valuation prend souvent en compte les revenus, la situation familiale et les difficult\u00e9s sp\u00e9cifiques rencontr\u00e9es.<\/p>\n<h2><strong>Publics cibl\u00e9s : jeunes, familles, seniors<\/strong><\/h2>\n<div class=\"flex max-w-full flex-col flex-grow\">\n<div class=\"min-h-8 text-message flex w-full flex-col items-end gap-2 whitespace-normal break-words [.text-message+&amp;]:mt-5\" dir=\"auto\" data-message-author-role=\"assistant\" data-message-id=\"7cdb19fc-b55f-44e8-98d2-9f35f7f77ab9\" data-message-model-slug=\"gpt-4o\">\n<div class=\"flex w-full flex-col gap-1 empty:hidden first:pt-[3px]\">\n<div class=\"markdown prose w-full break-words dark:prose-invert dark\">\n<p>L\u2019Aide aux Projets Vacances (APV) de l\u2019ANCV s\u2019adresse \u00e0 diff\u00e9rents groupes de personnes pour favoriser l\u2019acc\u00e8s aux vacances malgr\u00e9 des moyens limit\u00e9s. Les <em>jeunes<\/em> b\u00e9n\u00e9ficient souvent de s\u00e9jours \u00e9ducatifs ou sportifs pour renforcer leur autonomie et leur d\u00e9veloppement personnel. Les <em>familles<\/em> peuvent acc\u00e9der \u00e0 des vacances qui cr\u00e9ent des moments de partage et de repos loin des difficult\u00e9s du quotidien. Enfin, les <em>seniors<\/em> peuvent profiter de s\u00e9jours ax\u00e9s sur la socialisation et le bien-\u00eatre, essentiels pour lutter contre l\u2019isolement.<\/p>\n<\/div>\n<\/div>\n<\/div>\n<\/div>\n<div class='cta-block'><div class='text'>Simulez toutes vos aides en 2 min.<\/div><a href='https:\/\/www.mes-allocs.fr\/ab-app?origin=guides\/wp-json\/wp\/v2\/posts\/84436' class='app-button fit'>Simulation gratuite<\/a><\/div>\n<h1>Montants et co\u00fbts couverts par l&rsquo;Aide aux Projets Vacances<\/h1>\n<h2><strong>Montant de l\u2019aide<\/strong><\/h2>\n<p>Le programme d&rsquo;Aide aux Projets Vacances (APV) de l&rsquo;ANCV soutient les personnes aux revenus modestes pour partir en vacances, en couvrant jusqu&rsquo;\u00e0 80 % des frais d&rsquo;un s\u00e9jour, g\u00e9n\u00e9ralement sous forme de <a href=\"https:\/\/www.mes-allocs.fr\/guides\/aide-vacances\/cheque-vacances\/\">Ch\u00e8ques-Vacances<\/a>. Pour 2025, l\u2019aide plafonne les frais quotidiens par personne \u00e0 110 \u20ac pour les b\u00e9n\u00e9ficiaires valides et 170 \u20ac pour ceux en situation de handicap. L&rsquo;objectif est de rendre le d\u00e9part en vacances accessible aux familles en difficult\u00e9, aux jeunes, aux seniors, aux personnes isol\u00e9es ou en situation de pr\u00e9carit\u00e9, parmi d&rsquo;autres publics cibles.<\/p>\n<p>Cette aide exige que les b\u00e9n\u00e9ficiaires soient accompagn\u00e9s par un r\u00e9f\u00e9rent social pour \u00e9laborer et financer leur projet de vacances. Le r\u00e9f\u00e9rent peut \u00eatre un membre d\u2019une association ou d\u2019un organisme social en partenariat avec l\u2019ANCV. Les crit\u00e8res d\u2019\u00e9ligibilit\u00e9 incluent un quotient familial inf\u00e9rieur \u00e0 900 \u20ac ou un revenu fiscal de r\u00e9f\u00e9rence adapt\u00e9 au nombre de parts fiscales du foyer\u200b.<\/p>\n<h2><strong>Modalit\u00e9s de financement des s\u00e9jours<\/strong><\/h2>\n<p>L\u2019aide APV peut couvrir des frais comme l\u2019h\u00e9bergement, le transport ou certaines activit\u00e9s sur place. Cependant, les montants et les modalit\u00e9s de financement d\u00e9pendent des accords entre l&rsquo;ANCV et les partenaires sociaux. Parfois, un cofinancement par le b\u00e9n\u00e9ficiaire ou d\u2019autres aides est n\u00e9cessaire pour compl\u00e9ter le co\u00fbt total du s\u00e9jour.<\/p>\n<p><iframe loading=\"lazy\" title=\"Tout savoir sur le ch\u00e8que-vacances !\" width=\"500\" height=\"281\" src=\"https:\/\/www.youtube.com\/embed\/Xk9sp0mu6OE?feature=oembed\" frameborder=\"0\" allow=\"accelerometer; autoplay; clipboard-write; encrypted-media; gyroscope; picture-in-picture; web-share\" referrerpolicy=\"strict-origin-when-cross-origin\" allowfullscreen><\/iframe><\/p>\n<h1>Types de s\u00e9jours \u00e9ligibles \u00e0 l&rsquo;Aide aux Projets Vacances<\/h1>\n<h2><strong>Types de destinations et dur\u00e9es requises<\/strong><\/h2>\n<p>Les Aides aux Projets Vacances (APV) de l\u2019ANCV sont con\u00e7ues pour permettre aux b\u00e9n\u00e9ficiaires de choisir parmi une vari\u00e9t\u00e9 de destinations, tout en respectant certaines conditions de dur\u00e9e. Voici un aper\u00e7u des types de destinations et des dur\u00e9es requises pour b\u00e9n\u00e9ficier de cette aide :<\/p>\n<h3>Types de destinations<\/h3>\n<ol>\n<li><strong>Centres de vacances<\/strong> : les b\u00e9n\u00e9ficiaires peuvent s\u00e9journer dans des centres de vacances agr\u00e9\u00e9s, qui offrent souvent des activit\u00e9s vari\u00e9es et des infrastructures adapt\u00e9es aux familles.<\/li>\n<li><strong>Villages de vacances<\/strong> : ces \u00e9tablissements offrent un cadre convivial et de nombreuses activit\u00e9s pour les familles, les enfants et les groupes.<\/li>\n<li><strong>Campings<\/strong> : les campings permettent une exp\u00e9rience de vacances en plein air, souvent en bord de mer ou \u00e0 la montagne.<\/li>\n<li><strong>R\u00e9sidences de tourisme<\/strong> : les locations en r\u00e9sidence offrent une autonomie et la possibilit\u00e9 de cuisiner soi-m\u00eame.<\/li>\n<li><strong>H\u00f4tels<\/strong> : certains h\u00f4tels acceptent les Ch\u00e8ques-Vacances et proposent des formules adapt\u00e9es aux familles.<\/li>\n<\/ol>\n<h3>Dur\u00e9es requises<\/h3>\n<ul>\n<li><strong>Dur\u00e9e minimum<\/strong> : les s\u00e9jours doivent durer au moins <strong>4 nuit\u00e9es cons\u00e9cutives<\/strong> pour \u00eatre \u00e9ligibles \u00e0 l&rsquo;APV. Cela permet aux b\u00e9n\u00e9ficiaires de profiter pleinement de leur s\u00e9jour sans se sentir press\u00e9s par le temps.<\/li>\n<li><strong>Dur\u00e9e maximum<\/strong> : les s\u00e9jours peuvent s&rsquo;\u00e9tendre jusqu&rsquo;\u00e0 <strong>3 semaines<\/strong> maximum, offrant ainsi la flexibilit\u00e9 n\u00e9cessaire pour des vacances prolong\u00e9es.<\/li>\n<\/ul>\n<p>Ces conditions visent \u00e0 garantir que l&rsquo;aide soit utilis\u00e9e pour des vacances qui offrent un v\u00e9ritable r\u00e9pit et une exp\u00e9rience enrichissante pour les b\u00e9n\u00e9ficiaires. En choisissant parmi ces destinations vari\u00e9es et en respectant les dur\u00e9es requises, les personnes en situation de pr\u00e9carit\u00e9 peuvent ainsi profiter de moments de d\u00e9tente et de loisirs, contribuant \u00e0 leur bien-\u00eatre g\u00e9n\u00e9ral.<\/p>\n<h2><strong>R\u00f4le des partenaires sociaux dans la soumission de la demande<\/strong><\/h2>\n<p>La demande de l\u2019aide APV se fait g\u00e9n\u00e9ralement avec l\u2019accompagnement d\u2019un partenaire social. Celui-ci aide le b\u00e9n\u00e9ficiaire \u00e0 pr\u00e9parer son projet, \u00e0 justifier sa demande et \u00e0 r\u00e9unir les documents n\u00e9cessaires. Le partenaire social soumet ensuite la demande directement \u00e0 l\u2019ANCV, o\u00f9 elle est examin\u00e9e. Une fois approuv\u00e9e, le b\u00e9n\u00e9ficiaire peut utiliser l\u2019aide pour concr\u00e9tiser son projet de vacances.<\/p>\n<h1>Conclusion<\/h1>\n<div class=\"flex max-w-full flex-col flex-grow\">\n<div class=\"min-h-8 text-message flex w-full flex-col items-end gap-2 whitespace-normal break-words [.text-message+&amp;]:mt-5\" dir=\"auto\" data-message-author-role=\"assistant\" data-message-id=\"cc2d1fe5-ef22-4fba-93d4-c618f5d23ce0\" data-message-model-slug=\"gpt-4o-mini\">\n<div class=\"flex w-full flex-col gap-1 empty:hidden first:pt-[3px]\">\n<div class=\"markdown prose w-full break-words dark:prose-invert dark\">\n<p>L&rsquo;Aide aux Projets Vacances (APV) de l\u2019ANCV repr\u00e9sente une opportunit\u00e9 pr\u00e9cieuse pour les personnes \u00e0 revenus modestes ou en situation d\u2019exclusion, leur permettant de b\u00e9n\u00e9ficier d&rsquo;un soutien financier et d&rsquo;un accompagnement dans la r\u00e9alisation de leurs projets de vacances. Gr\u00e2ce \u00e0 des crit\u00e8res d&rsquo;\u00e9ligibilit\u00e9 adapt\u00e9s et une diversit\u00e9 de destinations et de types de s\u00e9jours, cette aide contribue \u00e0 rendre les vacances accessibles \u00e0 un public vari\u00e9, y compris les jeunes, les familles et les seniors.<\/p>\n<p>En facilitant l&rsquo;acc\u00e8s \u00e0 des s\u00e9jours de qualit\u00e9, l\u2019APV joue un r\u00f4le essentiel dans le bien-\u00eatre social et la promotion de moments de partage et de d\u00e9tente, essentiels \u00e0 la vie familiale et \u00e0 l\u2019\u00e9panouissement personnel. En fin de compte, l\u2019aide vacances de l\u2019ANCV ne se limite pas \u00e0 des vacances, mais offre \u00e9galement une chance de recr\u00e9er des liens, de favoriser des \u00e9changes et d\u2019enrichir des vies.<\/p>\n<\/div>\n<\/div>\n<\/div>\n<\/div>\n<div class='cta-block'><div class='text'>Simulez toutes vos aides en 2 min.<\/div><a href='https:\/\/www.mes-allocs.fr\/ab-app?origin=guides\/wp-json\/wp\/v2\/posts\/84436' class='app-button fit'>Simulation gratuite<\/a><\/div>\n","protected":false},"excerpt":{"rendered":"<p>L\u2019Aide aux Projets Vacances de l\u2019ANCV, un programme d\u2019aide aux vacances, facilite l&rsquo;acc\u00e8s aux s\u00e9jours pour les personnes \u00e0 revenus modestes ou en situation de pr\u00e9carit\u00e9, en les soutenant financi\u00e8rement avec des Ch\u00e8ques-Vacances. Cette aide permet aux b\u00e9n\u00e9ficiaires d\u2019organiser un projet de s\u00e9jour tout en \u00e9tant accompagn\u00e9s par un r\u00e9seau de partenaires sociaux, favorisant ainsi [&hellip;]<\/p>\n","protected":false},"author":26,"featured_media":2428,"comment_status":"open","ping_status":"open","sticky":false,"template":"","format":"standard","meta":{"amp_status":"","footnotes":""},"categories":[38652],"tags":[],"class_list":["post-84436","post","type-post","status-publish","format-standard","has-post-thumbnail","hentry","category-aide-vacances"],"yoast_head":"<!-- This site is optimized with the Yoast SEO plugin v14.9 - https:\/\/yoast.com\/wordpress\/plugins\/seo\/ -->\n<title>Aide aux Projets Vacances (APV) de l&#039;ANCV : conditions et montants<\/title>\n<meta name=\"description\" content=\"L\u2019Aide aux Projets Vacances de l\u2019ANCV, un programme d\u2019aide vacances, facilite l&#039;acc\u00e8s aux s\u00e9jours pour les personnes \u00e0 revenus modestes.\" \/>\n<meta name=\"robots\" content=\"index, follow, max-snippet:-1, max-image-preview:large, max-video-preview:-1\" \/>\n<link rel=\"canonical\" href=\"https:\/\/www.mes-allocs.fr\/guides\/aide-vacances\/aide-projet-vacances-ancv\/\" \/>\n<meta property=\"og:locale\" content=\"fr_FR\" \/>\n<meta property=\"og:type\" content=\"article\" \/>\n<meta property=\"og:title\" content=\"Aide aux Projets Vacances (APV) de l&#039;ANCV : conditions et montants\" \/>\n<meta property=\"og:description\" content=\"L\u2019Aide aux Projets Vacances de l\u2019ANCV, un programme d\u2019aide vacances, facilite l&#039;acc\u00e8s aux s\u00e9jours pour les personnes \u00e0 revenus modestes.\" \/>\n<meta property=\"og:url\" content=\"https:\/\/www.mes-allocs.fr\/guides\/aide-vacances\/aide-projet-vacances-ancv\/\" \/>\n<meta property=\"og:site_name\" content=\"Mes-Allocs.fr\" \/>\n<meta property=\"article:published_time\" content=\"2024-10-25T11:41:53+00:00\" \/>\n<meta property=\"article:modified_time\" content=\"2026-04-22T09:51:23+00:00\" \/>\n<meta property=\"og:image\" content=\"https:\/\/www.mes-allocs.fr\/guides\/wp-content\/uploads\/2019\/11\/demande-cheque-vacances.jpeg?wsr\" \/>\n\t<meta property=\"og:image:width\" content=\"822\" \/>\n\t<meta property=\"og:image:height\" content=\"559\" \/>\n<meta name=\"twitter:card\" content=\"summary_large_image\" \/>\n<script type=\"application\/ld+json\" class=\"yoast-schema-graph\">{\"@context\":\"https:\/\/schema.org\",\"@graph\":[{\"@type\":\"WebSite\",\"@id\":\"https:\/\/www.mes-allocs.fr\/guides\/#website\",\"url\":\"https:\/\/www.mes-allocs.fr\/guides\/\",\"name\":\"Mes-Allocs.fr\",\"description\":\"\",\"potentialAction\":[{\"@type\":\"SearchAction\",\"target\":\"https:\/\/www.mes-allocs.fr\/guides\/?s={search_term_string}\",\"query-input\":\"required name=search_term_string\"}],\"inLanguage\":\"fr-FR\"},{\"@type\":\"ImageObject\",\"@id\":\"https:\/\/www.mes-allocs.fr\/guides\/aide-vacances\/aide-projet-vacances-ancv\/#primaryimage\",\"inLanguage\":\"fr-FR\",\"url\":\"https:\/\/www.mes-allocs.fr\/guides\/wp-content\/uploads\/2019\/11\/demande-cheque-vacances.jpeg?wsr\",\"width\":822,\"height\":559,\"caption\":\"aide projet vacances ancv\"},{\"@type\":\"WebPage\",\"@id\":\"https:\/\/www.mes-allocs.fr\/guides\/aide-vacances\/aide-projet-vacances-ancv\/#webpage\",\"url\":\"https:\/\/www.mes-allocs.fr\/guides\/aide-vacances\/aide-projet-vacances-ancv\/\",\"name\":\"Aide aux Projets Vacances (APV) de l'ANCV : conditions et montants\",\"isPartOf\":{\"@id\":\"https:\/\/www.mes-allocs.fr\/guides\/#website\"},\"primaryImageOfPage\":{\"@id\":\"https:\/\/www.mes-allocs.fr\/guides\/aide-vacances\/aide-projet-vacances-ancv\/#primaryimage\"},\"datePublished\":\"2024-10-25T11:41:53+00:00\",\"dateModified\":\"2026-04-22T09:51:23+00:00\",\"author\":{\"@id\":\"https:\/\/www.mes-allocs.fr\/guides\/#\/schema\/person\/9c38f3be41a0ddcd1e3fde5a3df713bf\"},\"description\":\"L\\u2019Aide aux Projets Vacances de l\\u2019ANCV, un programme d\\u2019aide vacances, facilite l'acc\\u00e8s aux s\\u00e9jours pour les personnes \\u00e0 revenus modestes.\",\"inLanguage\":\"fr-FR\"},{\"@type\":\"Person\",\"@id\":\"https:\/\/www.mes-allocs.fr\/guides\/#\/schema\/person\/9c38f3be41a0ddcd1e3fde5a3df713bf\",\"name\":\"Sessime Ananou\",\"image\":{\"@type\":\"ImageObject\",\"@id\":\"https:\/\/www.mes-allocs.fr\/guides\/#personlogo\",\"inLanguage\":\"fr-FR\",\"url\":\"https:\/\/www.mes-allocs.fr\/guides\/wp-content\/uploads\/2023\/08\/IMG_8173-150x150.jpg\",\"caption\":\"Sessime Ananou\"},\"description\":\"Sessime est r\\u00e9dactrice chez Mes Allocs, sp\\u00e9cialis\\u00e9e sur le pouvoir d'achat. Elle rejoint l'\\u00e9quipe Mes Allocs en ao\\u00fbt 2023 afin de simplifier l'acc\\u00e8s \\u00e0 l'information sur les aides en g\\u00e9n\\u00e9ral.\"}]}<\/script>\n<!-- \/ Yoast SEO plugin. -->","amp_validity":null,"acf":{"faq":{"1":{"question":"Qui peut b\u00e9n\u00e9ficier de l'APV ?","answer":"Les familles modestes, jeunes, seniors et personnes en situation de pr\u00e9carit\u00e9.\r\n"},"2":{"question":"Quel est le montant de l'aide ?","answer":"Jusqu'\u00e0 80 % du co\u00fbt du s\u00e9jour.\r\n"},"3":{"question":"Quels types de s\u00e9jours sont pris en charge ?","answer":"Des s\u00e9jours de quatre nuits minimum en France.\r\n"},"4":{"question":"Comment faire une demande ?","answer":"Par l'interm\u00e9diaire d'un organisme social partenaire de l\u2019ANCV.\r\n"},"5":{"question":"O\u00f9 utiliser les Ch\u00e8ques-Vacances ?","answer":"Dans des \u00e9tablissements et services agr\u00e9\u00e9s en France.\r\n"},"6":{"question":"Peut-on cumuler l'APV avec d'autres aides vacances ?","answer":"Non, l'APV n\u2019est pas cumulable avec certaines autres aides vacances.\r\n"},"7":{"question":"","answer":""},"8":{"question":"","answer":""},"9":{"question":"","answer":""},"10":{"question":"","answer":""},"11":{"question":"","answer":""},"12":{"question":"","answer":""},"13":{"question":"","answer":""},"14":{"question":"","answer":""},"15":{"question":"","answer":""},"16":{"question":"","answer":""}}},"_links":{"self":[{"href":"https:\/\/www.mes-allocs.fr\/guides\/wp-json\/wp\/v2\/posts\/84436","targetHints":{"allow":["GET"]}}],"collection":[{"href":"https:\/\/www.mes-allocs.fr\/guides\/wp-json\/wp\/v2\/posts"}],"about":[{"href":"https:\/\/www.mes-allocs.fr\/guides\/wp-json\/wp\/v2\/types\/post"}],"author":[{"embeddable":true,"href":"https:\/\/www.mes-allocs.fr\/guides\/wp-json\/wp\/v2\/users\/26"}],"replies":[{"embeddable":true,"href":"https:\/\/www.mes-allocs.fr\/guides\/wp-json\/wp\/v2\/comments?post=84436"}],"version-history":[{"count":6,"href":"https:\/\/www.mes-allocs.fr\/guides\/wp-json\/wp\/v2\/posts\/84436\/revisions"}],"predecessor-version":[{"id":96626,"href":"https:\/\/www.mes-allocs.fr\/guides\/wp-json\/wp\/v2\/posts\/84436\/revisions\/96626"}],"wp:featuredmedia":[{"embeddable":true,"href":"https:\/\/www.mes-allocs.fr\/guides\/wp-json\/wp\/v2\/media\/2428"}],"wp:attachment":[{"href":"https:\/\/www.mes-allocs.fr\/guides\/wp-json\/wp\/v2\/media?parent=84436"}],"wp:term":[{"taxonomy":"category","embeddable":true,"href":"https:\/\/www.mes-allocs.fr\/guides\/wp-json\/wp\/v2\/categories?post=84436"},{"taxonomy":"post_tag","embeddable":true,"href":"https:\/\/www.mes-allocs.fr\/guides\/wp-json\/wp\/v2\/tags?post=84436"}],"curies":[{"name":"wp","href":"https:\/\/api.w.org\/{rel}","templated":true}]}}