{"id":84408,"date":"2024-10-24T18:29:35","date_gmt":"2024-10-24T16:29:35","guid":{"rendered":"https:\/\/www.mes-allocs.fr\/guides\/?p=84408"},"modified":"2026-04-22T10:51:23","modified_gmt":"2026-04-22T09:51:23","slug":"location-appartement-vacances-vacaf","status":"publish","type":"post","link":"https:\/\/www.mes-allocs.fr\/guides\/aide-vacances\/vacaf\/location-appartement-vacances-vacaf\/","title":{"rendered":"Locations d&rsquo;appartements de vacances avec VACAF"},"content":{"rendered":"<p><img loading=\"lazy\" decoding=\"async\" class=\"alignnone wp-image-59585 size-full\" title=\"location appartement vacances vacaf\" src=\"https:\/\/www.mes-allocs.fr\/guides\/wp-content\/uploads\/2022\/12\/image_2022-12-09_182613032-e1685541904487.png\" alt=\"location appartement vacances vacaf\" width=\"1137\" height=\"210\" srcset=\"https:\/\/www.mes-allocs.fr\/guides\/wp-content\/uploads\/2022\/12\/image_2022-12-09_182613032-e1685541904487.png 1137w, https:\/\/www.mes-allocs.fr\/guides\/wp-content\/uploads\/2022\/12\/image_2022-12-09_182613032-e1685541904487-300x55.png 300w, https:\/\/www.mes-allocs.fr\/guides\/wp-content\/uploads\/2022\/12\/image_2022-12-09_182613032-e1685541904487-1024x189.png 1024w, https:\/\/www.mes-allocs.fr\/guides\/wp-content\/uploads\/2022\/12\/image_2022-12-09_182613032-e1685541904487-768x142.png 768w, https:\/\/www.mes-allocs.fr\/guides\/wp-content\/uploads\/2022\/12\/image_2022-12-09_182613032-e1685541904487-600x111.png 600w\" sizes=\"auto, (max-width: 1137px) 100vw, 1137px\" \/><\/p>\n<p>Le programme <a href=\"https:\/\/www.mes-allocs.fr\/guides\/allocations-familiales\/vacaf\/\">VACAF<\/a>, mis en place par la CAF (Caisse d&rsquo;Allocations Familiales), permet aux familles \u00e0 revenus modestes de profiter de vacances \u00e0 des tarifs accessibles. Parmi les nombreuses options propos\u00e9es, la location d\u2019appartements de vacances est une solution id\u00e9ale pour les familles souhaitant combiner confort, autonomie et activit\u00e9s de loisirs \u00e0 moindre co\u00fbt. Ces locations, souvent situ\u00e9es dans des r\u00e9gions touristiques pris\u00e9es, permettent aux b\u00e9n\u00e9ficiaires de VACAF de passer des vacances de qualit\u00e9 tout en profitant de l&rsquo;aide financi\u00e8re pour all\u00e9ger les d\u00e9penses li\u00e9es \u00e0 l&rsquo;h\u00e9bergement. D\u00e9couvrez comment profiter d&rsquo;une <strong>location d&rsquo;appartement de vacances avec VACAF<\/strong>.<\/p>\n<div class='cta-block'><div class='text'>Simulez toutes vos aides en 2 min.<\/div><a href='https:\/\/www.mes-allocs.fr\/ab-app?origin=guides\/wp-json\/wp\/v2\/posts\/84408' class='app-button fit'>Simulation gratuite<\/a><\/div>\n<h1>Pr\u00e9sentation des locations d&rsquo;appartements VACAF<\/h1>\n<h1><strong>D\u00e9finition et avantages des locations d&rsquo;appartements<\/strong><\/h1>\n<p>Les <strong>locations d&rsquo;appartements VACAF<\/strong> sont une option id\u00e9ale pour les familles souhaitant passer des vacances \u00e0 petit prix tout en b\u00e9n\u00e9ficiant de confort et d&rsquo;autonomie. Ces logements meubl\u00e9s permettent aux b\u00e9n\u00e9ficiaires de se sentir comme \u00e0 la maison avec la possibilit\u00e9 de g\u00e9rer eux-m\u00eames leurs repas et activit\u00e9s. Cette flexibilit\u00e9 est particuli\u00e8rement appr\u00e9ci\u00e9e des familles avec enfants en bas \u00e2ge ou de celles pr\u00e9f\u00e9rant un rythme de vacances plus d\u00e9tendu, en comparaison avec les s\u00e9jours en pension compl\u00e8te dans des h\u00f4tels ou centres de vacances.<\/p>\n<h2><strong>Types d&rsquo;appartements disponibles (en bord de mer, \u00e0 la montagne, \u00e0 la campagne)<\/strong><\/h2>\n<p>Les appartements agr\u00e9\u00e9s VACAF sont disponibles dans divers environnements : <strong>au bord de la mer<\/strong>, pour profiter de la plage et des activit\u00e9s nautiques, <strong>\u00e0 la montagne<\/strong>, pour d\u00e9couvrir les sports d\u2019hiver ou des randonn\u00e9es en \u00e9t\u00e9, et <strong>\u00e0 la campagne<\/strong>, id\u00e9ale pour un s\u00e9jour d\u00e9tente en pleine nature. Cette diversit\u00e9 d&rsquo;options permet \u00e0 chaque famille de choisir un cadre adapt\u00e9 \u00e0 ses envies et son budget.<\/p>\n<div class='cta-block'><div class='text'>Simulez toutes vos aides en 2 min.<\/div><a href='https:\/\/www.mes-allocs.fr\/ab-app?origin=guides\/wp-json\/wp\/v2\/posts\/84408' class='app-button fit'>Simulation gratuite<\/a><\/div>\n<h1>Conditions d&rsquo;\u00e9ligibilit\u00e9 pour l&rsquo;aide vacances VACAF<\/h1>\n<h2><strong>Crit\u00e8res de revenus et seuil du quotient familial<\/strong><\/h2>\n<p>Pour b\u00e9n\u00e9ficier des aides VACAF, il est n\u00e9cessaire de respecter un <strong>seuil de quotient familial<\/strong>, qui varie d\u2019un d\u00e9partement \u00e0 l\u2019autre. En r\u00e8gle g\u00e9n\u00e9rale, les familles dont le quotient familial est inf\u00e9rieur \u00e0 <strong>8<\/strong><strong>00 \u20ac<\/strong> peuvent pr\u00e9tendre \u00e0 une aide, bien que ce seuil puisse \u00eatre l\u00e9g\u00e8rement diff\u00e9rent selon les zones g\u00e9ographiques. Le quotient familial est calcul\u00e9 en fonction des revenus annuels du foyer, divis\u00e9s par le nombre de parts fiscales (enfants et adultes \u00e0 charge).<\/p>\n<h2><strong>Prise en compte du nombre d&rsquo;enfants \u00e0 charge pour l&rsquo;\u00e9ligibilit\u00e9<\/strong><\/h2>\n<p>Outre le quotient familial, la <strong>composition de la famille<\/strong> est \u00e9galement un crit\u00e8re important. Plus une famille a d&rsquo;enfants \u00e0 charge, plus elle est susceptible de recevoir une aide \u00e9lev\u00e9e. Les familles nombreuses, en particulier, b\u00e9n\u00e9ficient d&rsquo;un soutien financier accru, leur permettant d&rsquo;acc\u00e9der \u00e0 des vacances \u00e0 moindres frais.<\/p>\n<h1>Avantages des locations d&rsquo;appartements VACAF<\/h1>\n<h2><strong>Flexibilit\u00e9 et autonomie offertes par les locations d&rsquo;appartements<\/strong><\/h2>\n<p>Les locations d&rsquo;appartements offrent une <strong>autonomie<\/strong> pr\u00e9cieuse aux familles, leur permettant de g\u00e9rer leurs horaires et de cuisiner \u00e0 leur rythme. Cela \u00e9vite les contraintes li\u00e9es aux horaires de restauration et permet de mieux contr\u00f4ler le budget, en \u00e9vitant les d\u00e9penses impr\u00e9vues dans les restaurants.<\/p>\n<h2><strong>Tarification r\u00e9duite gr\u00e2ce \u00e0 l\u2019aide VACAF<\/strong><\/h2>\n<p>Gr\u00e2ce \u00e0 l&rsquo;<strong>aide VACAF<\/strong>, le co\u00fbt des locations est fortement r\u00e9duit, rendant ces s\u00e9jours beaucoup plus abordables pour les familles \u00e0 faibles revenus. Selon le quotient familial et la r\u00e9gion, l\u2019aide peut couvrir jusqu\u2019\u00e0 <strong>80 % des frais d\u2019h\u00e9bergement<\/strong>, ce qui repr\u00e9sente une \u00e9conomie substantielle.<\/p>\n<p><iframe loading=\"lazy\" title=\"VACAF\" width=\"500\" height=\"281\" src=\"https:\/\/www.youtube.com\/embed\/pT6CFTGE1gw?feature=oembed\" frameborder=\"0\" allow=\"accelerometer; autoplay; clipboard-write; encrypted-media; gyroscope; picture-in-picture; web-share\" referrerpolicy=\"strict-origin-when-cross-origin\" allowfullscreen><\/iframe><\/p>\n<h1>D\u00e9marches pour r\u00e9server une location avec VACAF<\/h1>\n<h2><strong>Consultation de la liste des appartements agr\u00e9\u00e9s<\/strong><\/h2>\n<p>La <strong>consultation de la liste des appartements agr\u00e9\u00e9s VACAF<\/strong> est une \u00e9tape essentielle pour les familles souhaitant profiter de l\u2019aide vacances. Cette liste permet de s\u00e9lectionner un h\u00e9bergement \u00e9ligible \u00e0 la subvention, en fonction de vos pr\u00e9f\u00e9rences g\u00e9ographiques, du type de logement, et des activit\u00e9s disponibles dans la r\u00e9gion.<\/p>\n<p><strong>Comment acc\u00e9der \u00e0 la liste des appartements agr\u00e9\u00e9s VACAF ?<\/strong><\/p>\n<ol>\n<li><strong>Portail officiel VACAF<\/strong> : vous pouvez consulter cette liste directement sur le <a href=\"https:\/\/www.mes-allocs.fr\/guides\/allocations-familiales\/vacaf\/catalogue-vacaf\/\">catalogue VACAF<\/a>, sur le site officiel de <strong>Vacaf.org<\/strong>. Ce site regroupe tous les centres de vacances, campings, et locations d\u2019appartements partenaires du programme.<\/li>\n<li><strong>CAF locale<\/strong> : en vous connectant \u00e0 votre <strong>espace personnel CAF<\/strong>, vous pouvez obtenir des informations sp\u00e9cifiques sur les h\u00e9bergements agr\u00e9\u00e9s selon votre d\u00e9partement, ainsi que sur votre \u00e9ligibilit\u00e9 \u00e0 l&rsquo;aide.<\/li>\n<li><strong>Recherche g\u00e9ographique<\/strong> : sur le site de VACAF, vous pouvez filtrer les r\u00e9sultats par r\u00e9gion, type d\u2019\u00e9tablissement (appartement, camping, etc.) ou par dates de s\u00e9jour, afin de trouver un appartement qui r\u00e9pond \u00e0 vos besoins.<\/li>\n<\/ol>\n<p>Une fois que vous avez s\u00e9lectionn\u00e9 un appartement agr\u00e9\u00e9, il ne vous reste plus qu&rsquo;\u00e0 suivre les d\u00e9marches de r\u00e9servation en indiquant votre statut de b\u00e9n\u00e9ficiaire VACAF.<\/p>\n<h2><strong>Processus de r\u00e9servation et documents \u00e0 fournir<\/strong><\/h2>\n<p>Une fois l&rsquo;\u00e9tablissement choisi, la r\u00e9servation se fait directement aupr\u00e8s de l&rsquo;organisme de location, en pr\u00e9cisant que vous \u00eates b\u00e9n\u00e9ficiaire de l\u2019aide VACAF. Il faudra fournir plusieurs documents, notamment votre <strong>num\u00e9ro d&rsquo;allocataire<\/strong>, ainsi que des pi\u00e8ces justificatives de votre situation familiale et de revenus, afin de valider votre \u00e9ligibilit\u00e9.<\/p>\n<h1>Limites et restrictions<\/h1>\n<h2><strong>Frais non couverts (transport, repas, etc.)<\/strong><\/h2>\n<p>Il est important de noter que l&rsquo;aide VACAF ne couvre pas tous les frais associ\u00e9s aux vacances. Par exemple, les <strong>frais de transport<\/strong>, de <strong>nourriture<\/strong>, et certaines activit\u00e9s suppl\u00e9mentaires restent \u00e0 la charge des familles. Il est donc recommand\u00e9 de bien anticiper ces d\u00e9penses pour \u00e9viter les surprises.<\/p>\n<p>Bon \u00e0 savoir : des <a href=\"https:\/\/www.mes-allocs.fr\/guides\/aide-vacances\/vacaf\/vacaf-aide-transport\/\">aides au transport VACAF<\/a> sont \u00e9galement disponibles !<\/p>\n<h2><strong>Conditions sp\u00e9cifiques \u00e0 chaque \u00e9tablissement (dur\u00e9e minimum de s\u00e9jour, p\u00e9riodes d&rsquo;application)<\/strong><\/h2>\n<p>Chaque \u00e9tablissement agr\u00e9\u00e9 par VACAF peut avoir des <strong>conditions sp\u00e9cifiques<\/strong>, comme une dur\u00e9e minimale de s\u00e9jour ou des p\u00e9riodes d\u2019application restreintes (principalement pendant les vacances scolaires). Il est essentiel de bien lire les conditions de r\u00e9servation avant de finaliser votre choix.<\/p>\n<h1>T\u00e9moignages et retours d\u2019exp\u00e9rience<\/h1>\n<h2><strong>Avis de familles ayant b\u00e9n\u00e9fici\u00e9 des locations VACAF<\/strong><\/h2>\n<p>De nombreuses familles ayant s\u00e9journ\u00e9 dans des appartements de vacances gr\u00e2ce \u00e0 l&rsquo;aide VACAF t\u00e9moignent de leur satisfaction. La plupart soulignent la <strong>qualit\u00e9 des logements<\/strong>, la <strong>flexibilit\u00e9<\/strong> offerte par ces s\u00e9jours, ainsi que le <strong>soulagement financier<\/strong> que repr\u00e9sente l\u2019aide.<\/p>\n<h2><strong>Impact des vacances sur le bien-\u00eatre familial et sur le budget<\/strong><\/h2>\n<p>Ces vacances subventionn\u00e9es ont souvent un <strong>impact tr\u00e8s positif sur le bien-\u00eatre familial<\/strong>, permettant de renforcer les liens entre parents et enfants dans un cadre de d\u00e9tente. Elles permettent \u00e9galement aux familles de profiter de s\u00e9jours de qualit\u00e9 tout en pr\u00e9servant leur budget pour d&rsquo;autres d\u00e9penses du quotidien.<\/p>\n<h1>Conclusion<\/h1>\n<div class=\"flex max-w-full flex-col flex-grow\">\n<div class=\"min-h-8 text-message flex w-full flex-col items-end gap-2 whitespace-normal break-words [.text-message+&amp;]:mt-5\" dir=\"auto\" data-message-author-role=\"assistant\" data-message-id=\"f39602a4-4f41-43ce-9270-7e0a74c87d2f\" data-message-model-slug=\"gpt-4o\">\n<div class=\"flex w-full flex-col gap-1 empty:hidden first:pt-[3px]\">\n<div class=\"markdown prose w-full break-words dark:prose-invert dark\">\n<p>En conclusion, les <strong>locations d&rsquo;appartements avec VACAF<\/strong> offrent une solution de vacances abordable et flexible, id\u00e9ale pour les familles souhaitant profiter de moments de d\u00e9tente tout en ma\u00eetrisant leur budget. Gr\u00e2ce \u00e0 une aide financi\u00e8re significative, ces s\u00e9jours permettent \u00e0 tous de partir en vacances et de cr\u00e9er des souvenirs inoubliables.<\/p>\n<\/div>\n<\/div>\n<\/div>\n<\/div>\n<div class='cta-block'><div class='text'>Simulez toutes vos aides en 2 min.<\/div><a href='https:\/\/www.mes-allocs.fr\/ab-app?origin=guides\/wp-json\/wp\/v2\/posts\/84408' class='app-button fit'>Simulation gratuite<\/a><\/div>\n","protected":false},"excerpt":{"rendered":"<p>Le programme VACAF, mis en place par la CAF (Caisse d&rsquo;Allocations Familiales), permet aux familles \u00e0 revenus modestes de profiter de vacances \u00e0 des tarifs accessibles. Parmi les nombreuses options propos\u00e9es, la location d\u2019appartements de vacances est une solution id\u00e9ale pour les familles souhaitant combiner confort, autonomie et activit\u00e9s de loisirs \u00e0 moindre co\u00fbt. Ces [&hellip;]<\/p>\n","protected":false},"author":26,"featured_media":82213,"comment_status":"open","ping_status":"open","sticky":false,"template":"","format":"standard","meta":{"amp_status":"","footnotes":""},"categories":[38652,13],"tags":[],"class_list":["post-84408","post","type-post","status-publish","format-standard","has-post-thumbnail","hentry","category-aide-vacances","category-vacaf"],"yoast_head":"<!-- This site is optimized with the Yoast SEO plugin v14.9 - https:\/\/yoast.com\/wordpress\/plugins\/seo\/ -->\n<title>Locations d&#039;appartements de vacances avec VACAF<\/title>\n<meta name=\"description\" content=\"La location d\u2019appartements de vacances est une solution id\u00e9ale pour les familles souhaitant combiner confort, autonomie et activit\u00e9s.\" \/>\n<meta name=\"robots\" content=\"index, follow, max-snippet:-1, max-image-preview:large, max-video-preview:-1\" \/>\n<link rel=\"canonical\" href=\"https:\/\/www.mes-allocs.fr\/guides\/aide-vacances\/vacaf\/location-appartement-vacances-vacaf\/\" \/>\n<meta property=\"og:locale\" content=\"fr_FR\" \/>\n<meta property=\"og:type\" content=\"article\" \/>\n<meta property=\"og:title\" content=\"Locations d&#039;appartements de vacances avec VACAF\" \/>\n<meta property=\"og:description\" content=\"La location d\u2019appartements de vacances est une solution id\u00e9ale pour les familles souhaitant combiner confort, autonomie et activit\u00e9s.\" \/>\n<meta property=\"og:url\" content=\"https:\/\/www.mes-allocs.fr\/guides\/aide-vacances\/vacaf\/location-appartement-vacances-vacaf\/\" \/>\n<meta property=\"og:site_name\" content=\"Mes-Allocs.fr\" \/>\n<meta property=\"article:published_time\" content=\"2024-10-24T16:29:35+00:00\" \/>\n<meta property=\"article:modified_time\" content=\"2026-04-22T09:51:23+00:00\" \/>\n<meta property=\"og:image\" content=\"https:\/\/www.mes-allocs.fr\/guides\/wp-content\/uploads\/2024\/09\/cle\u0301-appartement-location-scaled.jpg?wsr\" \/>\n\t<meta property=\"og:image:width\" content=\"2560\" \/>\n\t<meta property=\"og:image:height\" content=\"1922\" \/>\n<meta name=\"twitter:card\" content=\"summary_large_image\" \/>\n<script type=\"application\/ld+json\" class=\"yoast-schema-graph\">{\"@context\":\"https:\/\/schema.org\",\"@graph\":[{\"@type\":\"WebSite\",\"@id\":\"https:\/\/www.mes-allocs.fr\/guides\/#website\",\"url\":\"https:\/\/www.mes-allocs.fr\/guides\/\",\"name\":\"Mes-Allocs.fr\",\"description\":\"\",\"potentialAction\":[{\"@type\":\"SearchAction\",\"target\":\"https:\/\/www.mes-allocs.fr\/guides\/?s={search_term_string}\",\"query-input\":\"required name=search_term_string\"}],\"inLanguage\":\"fr-FR\"},{\"@type\":\"ImageObject\",\"@id\":\"https:\/\/www.mes-allocs.fr\/guides\/aide-vacances\/vacaf\/location-appartement-vacances-vacaf\/#primaryimage\",\"inLanguage\":\"fr-FR\",\"url\":\"https:\/\/www.mes-allocs.fr\/guides\/wp-content\/uploads\/2024\/09\/cle\\u0301-appartement-location-scaled.jpg?wsr\",\"width\":2560,\"height\":1922,\"caption\":\"assurance habitation serrurier\"},{\"@type\":\"WebPage\",\"@id\":\"https:\/\/www.mes-allocs.fr\/guides\/aide-vacances\/vacaf\/location-appartement-vacances-vacaf\/#webpage\",\"url\":\"https:\/\/www.mes-allocs.fr\/guides\/aide-vacances\/vacaf\/location-appartement-vacances-vacaf\/\",\"name\":\"Locations d'appartements de vacances avec VACAF\",\"isPartOf\":{\"@id\":\"https:\/\/www.mes-allocs.fr\/guides\/#website\"},\"primaryImageOfPage\":{\"@id\":\"https:\/\/www.mes-allocs.fr\/guides\/aide-vacances\/vacaf\/location-appartement-vacances-vacaf\/#primaryimage\"},\"datePublished\":\"2024-10-24T16:29:35+00:00\",\"dateModified\":\"2026-04-22T09:51:23+00:00\",\"author\":{\"@id\":\"https:\/\/www.mes-allocs.fr\/guides\/#\/schema\/person\/9c38f3be41a0ddcd1e3fde5a3df713bf\"},\"description\":\"La location d\\u2019appartements de vacances est une solution id\\u00e9ale pour les familles souhaitant combiner confort, autonomie et activit\\u00e9s.\",\"inLanguage\":\"fr-FR\"},{\"@type\":\"Person\",\"@id\":\"https:\/\/www.mes-allocs.fr\/guides\/#\/schema\/person\/9c38f3be41a0ddcd1e3fde5a3df713bf\",\"name\":\"Sessime Ananou\",\"image\":{\"@type\":\"ImageObject\",\"@id\":\"https:\/\/www.mes-allocs.fr\/guides\/#personlogo\",\"inLanguage\":\"fr-FR\",\"url\":\"https:\/\/www.mes-allocs.fr\/guides\/wp-content\/uploads\/2023\/08\/IMG_8173-150x150.jpg\",\"caption\":\"Sessime Ananou\"},\"description\":\"Sessime est r\\u00e9dactrice chez Mes Allocs, sp\\u00e9cialis\\u00e9e sur le pouvoir d'achat. Elle rejoint l'\\u00e9quipe Mes Allocs en ao\\u00fbt 2023 afin de simplifier l'acc\\u00e8s \\u00e0 l'information sur les aides en g\\u00e9n\\u00e9ral.\"}]}<\/script>\n<!-- \/ Yoast SEO plugin. -->","amp_validity":null,"acf":{"faq":{"1":{"question":"Qui peut b\u00e9n\u00e9ficier de l\u2019aide vacances VACAF pour une location d\u2019appartement ?","answer":"Les familles ayant un quotient familial inf\u00e9rieur \u00e0 un certain seuil, d\u00e9termin\u00e9 par la CAF, sont \u00e9ligibles."},"2":{"question":"Quels types de logements sont disponibles dans le cadre de l\u2019aide VACAF ?","answer":"VACAF propose des appartements en bord de mer, \u00e0 la montagne ou \u00e0 la campagne, selon vos pr\u00e9f\u00e9rences."},"3":{"question":"Comment savoir si un appartement est agr\u00e9\u00e9 par VACAF ?","answer":"La liste des \u00e9tablissements agr\u00e9\u00e9s est disponible sur le site officiel de VACAF ou via la CAF."},"4":{"question":"Quel est le montant de la prise en charge pour une location ?","answer":"La prise en charge peut aller jusqu\u2019\u00e0 80 % du co\u00fbt de l\u2019h\u00e9bergement, selon le quotient familial et la CAF d\u00e9partementale."},"5":{"question":"Les frais de repas et de transport sont-ils couverts par VACAF ?","answer":"Non, ces frais restent \u00e0 la charge des familles.\r\n"},"6":{"question":"Comment r\u00e9server une location d\u2019appartement avec l\u2019aide VACAF ?","answer":"Il suffit de s\u00e9lectionner un appartement agr\u00e9\u00e9, puis de r\u00e9server en fournissant votre num\u00e9ro d\u2019allocataire VACAF et les documents n\u00e9cessaires."},"7":{"question":"","answer":""},"8":{"question":"","answer":""},"9":{"question":"","answer":""},"10":{"question":"","answer":""},"11":{"question":"","answer":""},"12":{"question":"","answer":""},"13":{"question":"","answer":""},"14":{"question":"","answer":""},"15":{"question":"","answer":""},"16":{"question":"","answer":""}}},"_links":{"self":[{"href":"https:\/\/www.mes-allocs.fr\/guides\/wp-json\/wp\/v2\/posts\/84408","targetHints":{"allow":["GET"]}}],"collection":[{"href":"https:\/\/www.mes-allocs.fr\/guides\/wp-json\/wp\/v2\/posts"}],"about":[{"href":"https:\/\/www.mes-allocs.fr\/guides\/wp-json\/wp\/v2\/types\/post"}],"author":[{"embeddable":true,"href":"https:\/\/www.mes-allocs.fr\/guides\/wp-json\/wp\/v2\/users\/26"}],"replies":[{"embeddable":true,"href":"https:\/\/www.mes-allocs.fr\/guides\/wp-json\/wp\/v2\/comments?post=84408"}],"version-history":[{"count":7,"href":"https:\/\/www.mes-allocs.fr\/guides\/wp-json\/wp\/v2\/posts\/84408\/revisions"}],"predecessor-version":[{"id":96907,"href":"https:\/\/www.mes-allocs.fr\/guides\/wp-json\/wp\/v2\/posts\/84408\/revisions\/96907"}],"wp:featuredmedia":[{"embeddable":true,"href":"https:\/\/www.mes-allocs.fr\/guides\/wp-json\/wp\/v2\/media\/82213"}],"wp:attachment":[{"href":"https:\/\/www.mes-allocs.fr\/guides\/wp-json\/wp\/v2\/media?parent=84408"}],"wp:term":[{"taxonomy":"category","embeddable":true,"href":"https:\/\/www.mes-allocs.fr\/guides\/wp-json\/wp\/v2\/categories?post=84408"},{"taxonomy":"post_tag","embeddable":true,"href":"https:\/\/www.mes-allocs.fr\/guides\/wp-json\/wp\/v2\/tags?post=84408"}],"curies":[{"name":"wp","href":"https:\/\/api.w.org\/{rel}","templated":true}]}}