{"id":84385,"date":"2024-10-23T18:14:50","date_gmt":"2024-10-23T16:14:50","guid":{"rendered":"https:\/\/www.mes-allocs.fr\/guides\/?p=84385"},"modified":"2026-04-22T10:51:24","modified_gmt":"2026-04-22T09:51:24","slug":"centre-de-vacance-vacaf","status":"publish","type":"post","link":"https:\/\/www.mes-allocs.fr\/guides\/aide-vacances\/vacaf\/centre-de-vacance-vacaf\/","title":{"rendered":"Les centres de vacances agr\u00e9\u00e9s VACAF"},"content":{"rendered":"<p><img loading=\"lazy\" decoding=\"async\" class=\"alignnone wp-image-32562 size-full\" title=\"centre de vacances vacaf\" src=\"https:\/\/www.mes-allocs.fr\/guides\/wp-content\/uploads\/2021\/07\/vacances-2-e1729699204751.jpeg\" alt=\"centre de vacances vacaf\" width=\"1155\" height=\"360\" srcset=\"https:\/\/www.mes-allocs.fr\/guides\/wp-content\/uploads\/2021\/07\/vacances-2-e1729699204751.jpeg 1155w, https:\/\/www.mes-allocs.fr\/guides\/wp-content\/uploads\/2021\/07\/vacances-2-e1729699204751-300x94.jpeg 300w, https:\/\/www.mes-allocs.fr\/guides\/wp-content\/uploads\/2021\/07\/vacances-2-e1729699204751-1024x319.jpeg 1024w, https:\/\/www.mes-allocs.fr\/guides\/wp-content\/uploads\/2021\/07\/vacances-2-e1729699204751-768x239.jpeg 768w, https:\/\/www.mes-allocs.fr\/guides\/wp-content\/uploads\/2021\/07\/vacances-2-e1729699204751-600x187.jpeg 600w\" sizes=\"auto, (max-width: 1155px) 100vw, 1155px\" \/><\/p>\n<p><strong>Les centres de vacances agr\u00e9\u00e9s par Vacaf jouent un r\u00f4le essentiel dans l\u2019acc\u00e8s aux loisirs et aux vacances pour les familles \u00e0 revenus modestes. Gr\u00e2ce \u00e0 l\u2019<a href=\"https:\/\/www.mes-allocs.fr\/guides\/aide-vacances\/\">aide vacances<\/a> propos\u00e9e par Vacaf, ces \u00e9tablissements offrent des s\u00e9jours adapt\u00e9s qui permettent aux enfants et aux parents de se ressourcer et de cr\u00e9er des souvenirs inoubliables. Que ce soit \u00e0 la mer, \u00e0 la montagne ou \u00e0 la campagne, ces centres sont con\u00e7us pour r\u00e9pondre aux besoins des familles tout en garantissant une qualit\u00e9 d\u2019accueil et de services. Cet article vous pr\u00e9sente les diff\u00e9rentes caract\u00e9ristiques des centres de vacances agr\u00e9\u00e9s, leurs avantages, ainsi que les d\u00e9marches \u00e0 suivre pour en b\u00e9n\u00e9ficier.<\/strong><\/p>\n<div class='cta-block'><div class='text'>Simulez toutes vos aides en 2 min.<\/div><a href='https:\/\/www.mes-allocs.fr\/ab-app?origin=guides\/wp-json\/wp\/v2\/posts\/84385' class='app-button fit'>Simulation gratuite<\/a><\/div>\n<h1>Pr\u00e9sentation des centres de vacances agr\u00e9\u00e9s Vacaf<\/h1>\n<h2>D\u00e9finition et r\u00f4le des centres de vacances<\/h2>\n<p>Les centres de vacances agr\u00e9\u00e9s par <a href=\"https:\/\/www.mes-allocs.fr\/guides\/aide-vacances\/vacaf\/\">Vacaf<\/a> sont des \u00e9tablissements qui offrent des s\u00e9jours adapt\u00e9s aux familles \u00e0 revenus modestes. Ces centres sont sp\u00e9cialement con\u00e7us pour accueillir des familles avec enfants et sont labellis\u00e9s par la Caisse d&rsquo;Allocations Familiales (CAF), garantissant ainsi un niveau de qualit\u00e9 et de s\u00e9curit\u00e9. Le r\u00f4le principal de ces centres est de promouvoir l&rsquo;acc\u00e8s aux loisirs et aux vacances pour tous, permettant ainsi aux familles de se ressourcer, de partager des moments de convivialit\u00e9 et de cr\u00e9er des souvenirs inoubliables.<\/p>\n<h2>Types de centres : camping, village de vacances, etc.<\/h2>\n<p>Les centres de vacances agr\u00e9\u00e9s par Vacaf se d\u00e9clinent en plusieurs types, chacun offrant des exp\u00e9riences uniques :<\/p>\n<ul>\n<li><strong>Villages de vacances<\/strong> : ces \u00e9tablissements proposent des logements vari\u00e9s, des activit\u00e9s organis\u00e9es, ainsi que des infrastructures adapt\u00e9es aux familles, comme des piscines, des aires de jeux et des terrains de sport.<\/li>\n<li><strong>Campings<\/strong> : id\u00e9aux pour les familles qui souhaitent profiter de la nature, ces sites offrent des emplacements pour tentes, caravanes, et mobil-homes, souvent agr\u00e9ment\u00e9s d&rsquo;activit\u00e9s de plein air.<\/li>\n<li><strong>Centres de loisirs<\/strong> : ces centres se concentrent sur des activit\u00e9s ludiques et \u00e9ducatives, comme des ateliers artistiques, des stages sportifs, et des excursions culturelles, permettant aux enfants de d\u00e9couvrir de nouvelles passions tout en s&rsquo;amusant.<\/li>\n<\/ul>\n<p>D\u00e9couvrez les possibilit\u00e9s offertes par <a href=\"https:\/\/www.mes-allocs.fr\/guides\/aide-vacances\/vacaf\/vacaf-vacances-noel\/\">Vacaf pour des vacances de No\u00ebl<\/a> r\u00e9ussies, et les types de s\u00e9jours disponibles.<\/p>\n<div class='cta-block'><div class='text'>Simulez toutes vos aides en 2 min.<\/div><a href='https:\/\/www.mes-allocs.fr\/ab-app?origin=guides\/wp-json\/wp\/v2\/posts\/84385' class='app-button fit'>Simulation gratuite<\/a><\/div>\n<div class=\"flex max-w-full flex-col flex-grow\">\n<div class=\"min-h-8 text-message flex w-full flex-col items-end gap-2 whitespace-normal break-words [.text-message+&amp;]:mt-5\" dir=\"auto\" data-message-author-role=\"assistant\" data-message-id=\"c5eca053-d96b-4c3b-94a4-376b7894c76f\" data-message-model-slug=\"gpt-4o-mini\">\n<div class=\"flex w-full flex-col gap-1 empty:hidden first:pt-[3px]\">\n<div class=\"markdown prose w-full break-words dark:prose-invert dark\">\n<h1>Conditions d&rsquo;\u00e9ligibilit\u00e9 pour l&rsquo;aide vacances<\/h1>\n<h2>Crit\u00e8res de revenus et de composition familiale<\/h2>\n<p>Pour b\u00e9n\u00e9ficier de l&rsquo;aide vacances propos\u00e9e par Vacaf, les familles doivent r\u00e9pondre \u00e0 certains crit\u00e8res de revenus. En g\u00e9n\u00e9ral, l&rsquo;aide est accord\u00e9e aux foyers dont le quotient familial ne d\u00e9passe pas un seuil fix\u00e9 par la CAF. Ce quotient est calcul\u00e9 en fonction des ressources du foyer et du nombre d&rsquo;enfants \u00e0 charge. Les familles ayant plusieurs enfants ou un revenu modeste sont donc prioris\u00e9es dans l\u2019attribution de l\u2019aide.<\/p>\n<h2>Conditions sp\u00e9cifiques selon les d\u00e9partements<\/h2>\n<p>Les conditions d\u2019\u00e9ligibilit\u00e9 peuvent \u00e9galement varier d\u2019un d\u00e9partement \u00e0 l\u2019autre. Certaines CAF peuvent appliquer des r\u00e8gles sp\u00e9cifiques, comme des plafonds de revenus plus stricts ou des priorit\u00e9s pour des cat\u00e9gories particuli\u00e8res de familles (par exemple, les familles monoparentales). Il est donc important de se renseigner aupr\u00e8s de la CAF locale pour conna\u00eetre les crit\u00e8res exacts et s&rsquo;assurer de l&rsquo;\u00e9ligibilit\u00e9.<\/p>\n<h1>Avantages des centres de vacances agr\u00e9\u00e9s<\/h1>\n<h2>Activit\u00e9s vari\u00e9es et adapt\u00e9es aux familles<\/h2>\n<p>Les centres de vacances agr\u00e9\u00e9s Vacaf offrent une multitude d&rsquo;activit\u00e9s adapt\u00e9es \u00e0 tous les \u00e2ges. Que ce soit des ateliers cr\u00e9atifs, des excursions, des sports collectifs ou des jeux de plein air, les programmes sont con\u00e7us pour divertir et \u00e9duquer. Ces activit\u00e9s permettent non seulement aux enfants de s&rsquo;amuser, mais aussi aux parents de participer, favorisant ainsi des moments de partage en famille.<\/p>\n<h2>Tarification abordable gr\u00e2ce \u00e0 l\u2019aide Vacaf<\/h2>\n<p>L&rsquo;un des principaux avantages des centres de vacances agr\u00e9\u00e9s est la tarification accessible. Gr\u00e2ce \u00e0 l\u2019aide vacances de Vacaf, les familles peuvent b\u00e9n\u00e9ficier de subventions allant jusqu&rsquo;\u00e0 80 % du co\u00fbt total du s\u00e9jour. Cela rend les vacances accessibles \u00e0 un plus grand nombre de familles, permettant ainsi de vivre des exp\u00e9riences enrichissantes sans trop peser sur le budget.<\/p>\n<h1>D\u00e9marches pour r\u00e9server un s\u00e9jour<\/h1>\n<h2>Acc\u00e8s \u00e0 la liste des centres agr\u00e9\u00e9s<\/h2>\n<p>Pour trouver un centre de vacances agr\u00e9\u00e9, les familles peuvent consulter le site officiel de Vacaf ou celui de la CAF. Ces plateformes offrent des listes \u00e0 jour des \u00e9tablissements agr\u00e9\u00e9s, souvent accompagn\u00e9es de d\u00e9tails sur les activit\u00e9s propos\u00e9es, les tarifs et les disponibilit\u00e9s.<\/p>\n<h2>Processus de r\u00e9servation et documents n\u00e9cessaires<\/h2>\n<p>Une fois qu&rsquo;une famille a choisi un centre, elle doit suivre un processus de r\u00e9servation. Cela inclut g\u00e9n\u00e9ralement la prise de contact directe avec le centre choisi, la fourniture de son num\u00e9ro d\u2019allocataire Vacaf et la confirmation des dates souhait\u00e9es. Les familles devront \u00e9galement fournir des documents justificatifs, comme l\u2019avis d\u2019imposition, pour finaliser la r\u00e9servation.<\/p>\n<p><iframe loading=\"lazy\" title=\"VACAF\" width=\"500\" height=\"281\" src=\"https:\/\/www.youtube.com\/embed\/pT6CFTGE1gw?feature=oembed\" frameborder=\"0\" allow=\"accelerometer; autoplay; clipboard-write; encrypted-media; gyroscope; picture-in-picture; web-share\" referrerpolicy=\"strict-origin-when-cross-origin\" allowfullscreen><\/iframe><\/p>\n<h1>Limitations et restrictions<\/h1>\n<h2>Frais non couverts par l\u2019aide vacances<\/h2>\n<p>Bien que l\u2019aide vacances de Vacaf couvre une partie des frais de s\u00e9jour, certaines d\u00e9penses restent \u00e0 la charge des familles. Cela peut inclure les repas, les frais de transport jusqu\u2019au centre, ainsi que la location de mat\u00e9riel sp\u00e9cifique pour les activit\u00e9s (comme le mat\u00e9riel de sport ou de loisirs). Il est donc essentiel de lire attentivement les conditions de chaque \u00e9tablissement pour anticiper ces co\u00fbts suppl\u00e9mentaires.<\/p>\n<h2>Conditions sp\u00e9cifiques \u00e0 chaque \u00e9tablissement<\/h2>\n<p>Les centres de vacances agr\u00e9\u00e9s peuvent \u00e9galement avoir des conditions sp\u00e9cifiques concernant la dur\u00e9e des s\u00e9jours, les p\u00e9riodes de prise en charge et le nombre de s\u00e9jours autoris\u00e9s par an. Par exemple, certaines aides peuvent \u00eatre limit\u00e9es \u00e0 une p\u00e9riode pr\u00e9cise de l&rsquo;ann\u00e9e ou \u00e0 un nombre maximum de nuits. Les familles doivent donc se renseigner directement aupr\u00e8s des centres pour s&rsquo;assurer de bien comprendre les limitations qui s&rsquo;appliquent \u00e0 leur r\u00e9servation.<\/p>\n<h1>T\u00e9moignages et retours d&rsquo;exp\u00e9rience<\/h1>\n<h2>Avis de familles ayant s\u00e9journ\u00e9 dans ces centres<\/h2>\n<p>Les t\u00e9moignages de familles ayant s\u00e9journ\u00e9 dans des centres de vacances agr\u00e9\u00e9s Vacaf sont g\u00e9n\u00e9ralement tr\u00e8s positifs. Beaucoup soulignent la qualit\u00e9 des services, l\u2019amabilit\u00e9 du personnel et la vari\u00e9t\u00e9 des activit\u00e9s propos\u00e9es. Les parents appr\u00e9cient \u00e9galement le cadre s\u00e9curis\u00e9 dans lequel leurs enfants peuvent jouer et s\u2019\u00e9panouir.<\/p>\n<h2>Impact des vacances sur le bien-\u00eatre familial<\/h2>\n<p>Les vacances en famille sont souvent per\u00e7ues comme un moment essentiel pour renforcer les liens. Les s\u00e9jours dans des centres agr\u00e9\u00e9s permettent non seulement de d\u00e9couvrir de nouveaux lieux, mais aussi de passer du temps de qualit\u00e9 ensemble. Les souvenirs cr\u00e9\u00e9s lors de ces vacances sont pr\u00e9cieux et contribuent au bien-\u00eatre global de la famille, ce qui en fait une exp\u00e9rience inoubliable.<\/p>\n<\/div>\n<\/div>\n<\/div>\n<\/div>\n<p><a href=\"https:\/\/www.mes-allocs.fr\/guides\/aide-vacances\/vacaf\/villages-vacances-vacaf\/\">Quels sont les villages vacances VACAF<\/a> ?<\/p>\n<div class='cta-block'><div class='text'>Simulez toutes vos aides en 2 min.<\/div><a href='https:\/\/www.mes-allocs.fr\/ab-app?origin=guides\/wp-json\/wp\/v2\/posts\/84385' class='app-button fit'>Simulation gratuite<\/a><\/div>\n","protected":false},"excerpt":{"rendered":"<p>Les centres de vacances agr\u00e9\u00e9s par Vacaf jouent un r\u00f4le essentiel dans l\u2019acc\u00e8s aux loisirs et aux vacances pour les familles \u00e0 revenus modestes. Gr\u00e2ce \u00e0 l\u2019aide vacances propos\u00e9e par Vacaf, ces \u00e9tablissements offrent des s\u00e9jours adapt\u00e9s qui permettent aux enfants et aux parents de se ressourcer et de cr\u00e9er des souvenirs inoubliables. Que ce [&hellip;]<\/p>\n","protected":false},"author":26,"featured_media":27997,"comment_status":"open","ping_status":"open","sticky":false,"template":"","format":"standard","meta":{"amp_status":"","footnotes":""},"categories":[38652,13],"tags":[],"class_list":["post-84385","post","type-post","status-publish","format-standard","has-post-thumbnail","hentry","category-aide-vacances","category-vacaf"],"yoast_head":"<!-- This site is optimized with the Yoast SEO plugin v14.9 - https:\/\/yoast.com\/wordpress\/plugins\/seo\/ -->\n<title>Les centres de vacances agr\u00e9\u00e9s VACAF | Mes-Allocs.fr<\/title>\n<meta name=\"description\" content=\"Les centres de vacances agr\u00e9\u00e9s par Vacaf jouent un r\u00f4le essentiel dans l\u2019acc\u00e8s aux vacances pour les familles \u00e0 revenus modestes.\" \/>\n<meta name=\"robots\" content=\"index, follow, max-snippet:-1, max-image-preview:large, max-video-preview:-1\" \/>\n<link rel=\"canonical\" href=\"https:\/\/www.mes-allocs.fr\/guides\/aide-vacances\/vacaf\/centre-de-vacance-vacaf\/\" \/>\n<meta property=\"og:locale\" content=\"fr_FR\" \/>\n<meta property=\"og:type\" content=\"article\" \/>\n<meta property=\"og:title\" content=\"Les centres de vacances agr\u00e9\u00e9s VACAF | Mes-Allocs.fr\" \/>\n<meta property=\"og:description\" content=\"Les centres de vacances agr\u00e9\u00e9s par Vacaf jouent un r\u00f4le essentiel dans l\u2019acc\u00e8s aux vacances pour les familles \u00e0 revenus modestes.\" \/>\n<meta property=\"og:url\" content=\"https:\/\/www.mes-allocs.fr\/guides\/aide-vacances\/vacaf\/centre-de-vacance-vacaf\/\" \/>\n<meta property=\"og:site_name\" content=\"Mes-Allocs.fr\" \/>\n<meta property=\"article:published_time\" content=\"2024-10-23T16:14:50+00:00\" \/>\n<meta property=\"article:modified_time\" content=\"2026-04-22T09:51:24+00:00\" \/>\n<meta property=\"og:image\" content=\"https:\/\/www.mes-allocs.fr\/guides\/wp-content\/uploads\/2021\/05\/pexels-emma-bauso-2253879-1.jpg?wsr\" \/>\n\t<meta property=\"og:image:width\" content=\"1280\" \/>\n\t<meta property=\"og:image:height\" content=\"854\" \/>\n<meta name=\"twitter:card\" content=\"summary_large_image\" \/>\n<script type=\"application\/ld+json\" class=\"yoast-schema-graph\">{\"@context\":\"https:\/\/schema.org\",\"@graph\":[{\"@type\":\"WebSite\",\"@id\":\"https:\/\/www.mes-allocs.fr\/guides\/#website\",\"url\":\"https:\/\/www.mes-allocs.fr\/guides\/\",\"name\":\"Mes-Allocs.fr\",\"description\":\"\",\"potentialAction\":[{\"@type\":\"SearchAction\",\"target\":\"https:\/\/www.mes-allocs.fr\/guides\/?s={search_term_string}\",\"query-input\":\"required name=search_term_string\"}],\"inLanguage\":\"fr-FR\"},{\"@type\":\"ImageObject\",\"@id\":\"https:\/\/www.mes-allocs.fr\/guides\/aide-vacances\/vacaf\/centre-de-vacance-vacaf\/#primaryimage\",\"inLanguage\":\"fr-FR\",\"url\":\"https:\/\/www.mes-allocs.fr\/guides\/wp-content\/uploads\/2021\/05\/pexels-emma-bauso-2253879-1.jpg?wsr\",\"width\":1280,\"height\":854,\"caption\":\"centre de vacances vacaf\"},{\"@type\":\"WebPage\",\"@id\":\"https:\/\/www.mes-allocs.fr\/guides\/aide-vacances\/vacaf\/centre-de-vacance-vacaf\/#webpage\",\"url\":\"https:\/\/www.mes-allocs.fr\/guides\/aide-vacances\/vacaf\/centre-de-vacance-vacaf\/\",\"name\":\"Les centres de vacances agr\\u00e9\\u00e9s VACAF | Mes-Allocs.fr\",\"isPartOf\":{\"@id\":\"https:\/\/www.mes-allocs.fr\/guides\/#website\"},\"primaryImageOfPage\":{\"@id\":\"https:\/\/www.mes-allocs.fr\/guides\/aide-vacances\/vacaf\/centre-de-vacance-vacaf\/#primaryimage\"},\"datePublished\":\"2024-10-23T16:14:50+00:00\",\"dateModified\":\"2026-04-22T09:51:24+00:00\",\"author\":{\"@id\":\"https:\/\/www.mes-allocs.fr\/guides\/#\/schema\/person\/9c38f3be41a0ddcd1e3fde5a3df713bf\"},\"description\":\"Les centres de vacances agr\\u00e9\\u00e9s par Vacaf jouent un r\\u00f4le essentiel dans l\\u2019acc\\u00e8s aux vacances pour les familles \\u00e0 revenus modestes.\",\"inLanguage\":\"fr-FR\"},{\"@type\":\"Person\",\"@id\":\"https:\/\/www.mes-allocs.fr\/guides\/#\/schema\/person\/9c38f3be41a0ddcd1e3fde5a3df713bf\",\"name\":\"Sessime Ananou\",\"image\":{\"@type\":\"ImageObject\",\"@id\":\"https:\/\/www.mes-allocs.fr\/guides\/#personlogo\",\"inLanguage\":\"fr-FR\",\"url\":\"https:\/\/www.mes-allocs.fr\/guides\/wp-content\/uploads\/2023\/08\/IMG_8173-150x150.jpg\",\"caption\":\"Sessime Ananou\"},\"description\":\"Sessime est r\\u00e9dactrice chez Mes Allocs, sp\\u00e9cialis\\u00e9e sur le pouvoir d'achat. Elle rejoint l'\\u00e9quipe Mes Allocs en ao\\u00fbt 2023 afin de simplifier l'acc\\u00e8s \\u00e0 l'information sur les aides en g\\u00e9n\\u00e9ral.\"}]}<\/script>\n<!-- \/ Yoast SEO plugin. -->","amp_validity":null,"acf":{"faq":{"1":{"question":"Qu'est-ce qu'un centre de vacances agr\u00e9\u00e9 Vacaf ?","answer":"Un centre de vacances agr\u00e9\u00e9 Vacaf est un \u00e9tablissement qui r\u00e9pond aux normes de qualit\u00e9 d\u00e9finies par la Caisse d\u2019Allocations Familiales (CAF) pour accueillir les familles b\u00e9n\u00e9ficiant de l\u2019aide vacances."},"2":{"question":"Qui peut b\u00e9n\u00e9ficier de l'aide vacances Vacaf ?","answer":"Les familles dont le quotient familial est en dessous d'un certain seuil et qui ont au moins un enfant \u00e0 charge peuvent b\u00e9n\u00e9ficier de l'aide vacances.\r\n"},"3":{"question":"Quels types de s\u00e9jours sont propos\u00e9s dans les centres Vacaf ?","answer":"Les centres de vacances agr\u00e9\u00e9s proposent une vari\u00e9t\u00e9 d'activit\u00e9s et de s\u00e9jours, allant des s\u00e9jours en pleine nature \u00e0 des vacances \u00e0 la mer ou \u00e0 la montagne, avec des programmes adapt\u00e9s aux enfants et aux familles."},"4":{"question":"Comment puis-je r\u00e9server un s\u00e9jour dans un centre de vacances Vacaf ?","answer":"Pour r\u00e9server, il faut consulter la liste des centres agr\u00e9\u00e9s sur le site de Vacaf ou de la CAF, choisir un \u00e9tablissement, puis contacter le centre directement pour finaliser la r\u00e9servation."},"5":{"question":"Quels frais sont couverts par l\u2019aide vacances Vacaf ?","answer":"L\u2019aide vacances Vacaf couvre g\u00e9n\u00e9ralement une partie des frais d'h\u00e9bergement et des activit\u00e9s encadr\u00e9es, mais certains frais comme les repas ou les transports peuvent rester \u00e0 la charge des familles."},"6":{"question":"Y a-t-il des limites \u00e0 l'aide vacances ?","answer":"Oui, l'aide vacances peut \u00eatre limit\u00e9e par le nombre de s\u00e9jours par an, la dur\u00e9e des s\u00e9jours et les types d'activit\u00e9s couvertes, qui peuvent varier selon les d\u00e9partements."},"7":{"question":"","answer":""},"8":{"question":"","answer":""},"9":{"question":"","answer":""},"10":{"question":"","answer":""},"11":{"question":"","answer":""},"12":{"question":"","answer":""},"13":{"question":"","answer":""},"14":{"question":"","answer":""},"15":{"question":"","answer":""},"16":{"question":"","answer":""}}},"_links":{"self":[{"href":"https:\/\/www.mes-allocs.fr\/guides\/wp-json\/wp\/v2\/posts\/84385","targetHints":{"allow":["GET"]}}],"collection":[{"href":"https:\/\/www.mes-allocs.fr\/guides\/wp-json\/wp\/v2\/posts"}],"about":[{"href":"https:\/\/www.mes-allocs.fr\/guides\/wp-json\/wp\/v2\/types\/post"}],"author":[{"embeddable":true,"href":"https:\/\/www.mes-allocs.fr\/guides\/wp-json\/wp\/v2\/users\/26"}],"replies":[{"embeddable":true,"href":"https:\/\/www.mes-allocs.fr\/guides\/wp-json\/wp\/v2\/comments?post=84385"}],"version-history":[{"count":3,"href":"https:\/\/www.mes-allocs.fr\/guides\/wp-json\/wp\/v2\/posts\/84385\/revisions"}],"predecessor-version":[{"id":94704,"href":"https:\/\/www.mes-allocs.fr\/guides\/wp-json\/wp\/v2\/posts\/84385\/revisions\/94704"}],"wp:featuredmedia":[{"embeddable":true,"href":"https:\/\/www.mes-allocs.fr\/guides\/wp-json\/wp\/v2\/media\/27997"}],"wp:attachment":[{"href":"https:\/\/www.mes-allocs.fr\/guides\/wp-json\/wp\/v2\/media?parent=84385"}],"wp:term":[{"taxonomy":"category","embeddable":true,"href":"https:\/\/www.mes-allocs.fr\/guides\/wp-json\/wp\/v2\/categories?post=84385"},{"taxonomy":"post_tag","embeddable":true,"href":"https:\/\/www.mes-allocs.fr\/guides\/wp-json\/wp\/v2\/tags?post=84385"}],"curies":[{"name":"wp","href":"https:\/\/api.w.org\/{rel}","templated":true}]}}