{"id":84325,"date":"2024-10-22T12:09:14","date_gmt":"2024-10-22T10:09:14","guid":{"rendered":"https:\/\/www.mes-allocs.fr\/guides\/?p=84325"},"modified":"2026-04-22T10:51:24","modified_gmt":"2026-04-22T09:51:24","slug":"peut-on-cumuler-ave-avf","status":"publish","type":"post","link":"https:\/\/www.mes-allocs.fr\/guides\/aide-vacances\/vacaf\/ave-avf\/peut-on-cumuler-ave-avf\/","title":{"rendered":"Peut-on cumuler AVE et AVF ?"},"content":{"rendered":"<p><img loading=\"lazy\" decoding=\"async\" class=\"alignnone wp-image-57553 size-full\" title=\"peut on cumuler ave et avf\" src=\"https:\/\/www.mes-allocs.fr\/guides\/wp-content\/uploads\/2022\/10\/tyler-nix-V3dHmb1MOXM-unsplash-e1666970924900.jpg\" alt=\"peut on cumuler ave et avf\" width=\"1920\" height=\"384\" srcset=\"https:\/\/www.mes-allocs.fr\/guides\/wp-content\/uploads\/2022\/10\/tyler-nix-V3dHmb1MOXM-unsplash-e1666970924900.jpg 1920w, https:\/\/www.mes-allocs.fr\/guides\/wp-content\/uploads\/2022\/10\/tyler-nix-V3dHmb1MOXM-unsplash-e1666970924900-300x60.jpg 300w, https:\/\/www.mes-allocs.fr\/guides\/wp-content\/uploads\/2022\/10\/tyler-nix-V3dHmb1MOXM-unsplash-e1666970924900-1024x205.jpg 1024w, https:\/\/www.mes-allocs.fr\/guides\/wp-content\/uploads\/2022\/10\/tyler-nix-V3dHmb1MOXM-unsplash-e1666970924900-768x154.jpg 768w, https:\/\/www.mes-allocs.fr\/guides\/wp-content\/uploads\/2022\/10\/tyler-nix-V3dHmb1MOXM-unsplash-e1666970924900-1536x307.jpg 1536w, https:\/\/www.mes-allocs.fr\/guides\/wp-content\/uploads\/2022\/10\/tyler-nix-V3dHmb1MOXM-unsplash-e1666970924900-600x120.jpg 600w\" sizes=\"auto, (max-width: 1920px) 100vw, 1920px\" \/><\/p>\n<p>Les aides VACAF englobent deux aides :\u00a0<a href=\"https:\/\/www.mes-allocs.fr\/guides\/aide-vacances\/vacaf\/ave-avf\/\">l\u2019AVE et l\u2019AVF<\/a>. Ces dispositifs sociaux sont mis en place pour offrir un soutien financier aux familles et aux enfants afin qu\u2019ils puissent partir en vacances malgr\u00e9 leurs revenus modestes. Ces aides visent \u00e0 r\u00e9duire le poids financier des vacances et \u00e0 permettre aux enfants, comme aux familles, de profiter de moments de d\u00e9tente. Bien que l\u2019AVE et l\u2019AVF partagent des objectifs similaires, elles s&rsquo;adressent \u00e0 des b\u00e9n\u00e9ficiaires et des besoins sp\u00e9cifiques, ce qui am\u00e8ne souvent les familles \u00e0 se demander s&rsquo;il est possible de cumuler ces deux dispositifs. Alors, <strong>peut-on cumuler AVE et AVF<\/strong> ? Dans cet article, nous d\u00e9taillerons les conditions d&rsquo;attribution de chacune de ces aides, leur utilisation, ainsi que la possibilit\u00e9 ou non de les cumuler.<\/p>\n<div class='cta-block'><div class='text'>Simulez toutes vos aides en 2 min.<\/div><a href='https:\/\/www.mes-allocs.fr\/ab-app?origin=guides\/wp-json\/wp\/v2\/posts\/84325' class='app-button fit'>Simulation gratuite<\/a><\/div>\n<h1><strong>Pr\u00e9sentation de l&rsquo;Aide aux Vacances Enfants (AVE)<\/strong><\/h1>\n<h2><strong>Objectifs et finalit\u00e9s de l&rsquo;AVE<\/strong><\/h2>\n<p>L\u2019<a href=\"https:\/\/www.mes-allocs.fr\/guides\/aide-vacances\/vacaf\/ave-avf\/aide-aux-vacances-enfants\/\">Aide aux Vacances Enfants<\/a> (AVE) est un dispositif social g\u00e9r\u00e9 par la Caisse d&rsquo;Allocations Familiales (CAF), qui a pour but de permettre aux enfants de familles \u00e0 revenus modestes de partir en vacances, m\u00eame lorsque les moyens financiers sont limit\u00e9s. L&rsquo;AVE vise \u00e0 garantir que chaque enfant puisse b\u00e9n\u00e9ficier de moments de d\u00e9tente et de loisirs essentiels \u00e0 son \u00e9panouissement, qu\u2019il s\u2019agisse de colonies de vacances, de camps sportifs, ou de s\u00e9jours \u00e9ducatifs. En offrant un soutien financier partiel pour couvrir une partie des frais, cette aide all\u00e8ge le poids \u00e9conomique des vacances, souvent per\u00e7ues comme un luxe inaccessible pour de nombreuses familles.\u00a0Elle favorise ainsi l&rsquo;acc\u00e8s aux loisirs pour les enfants de 3 \u00e0 18 ans.<\/p>\n<h2><strong>Crit\u00e8res d&rsquo;\u00e9ligibilit\u00e9 <\/strong><strong>de l&rsquo;AVE<\/strong><\/h2>\n<ul>\n<li>Les familles doivent \u00eatre allocataires de la <strong>CAF<\/strong>.<\/li>\n<li>Le <strong>quotient familial<\/strong> de la famille doit \u00eatre inf\u00e9rieur \u00e0 un certain seuil fix\u00e9 par la CAF.<\/li>\n<li>L&rsquo;enfant doit \u00eatre inscrit dans une colonie ou un s\u00e9jour approuv\u00e9 par la CAF.<\/li>\n<\/ul>\n<h2><strong>Montants et prise en charge de l&rsquo;AVE<\/strong><\/h2>\n<p>Le montant de l&rsquo;AVE varie en fonction du quotient familial et de la composition du foyer. La prise en charge peut couvrir jusqu&rsquo;\u00e0 80% du co\u00fbt du s\u00e9jour, avec un plafond fix\u00e9 par chaque d\u00e9partement.<\/p>\n<p>Les familles doivent contacter la CAF de leur d\u00e9partement pour faire la demande. Le processus implique souvent de remplir un dossier et de fournir des justificatifs de revenus.<\/p>\n<p>L&rsquo;AVE est sp\u00e9cifiquement destin\u00e9e \u00e0 couvrir les frais des colonies de vacances, s\u00e9jours scolaires ou camps sportifs pour enfants.<\/p>\n<h1><strong>Pr\u00e9sentation de l&rsquo;Aide aux Vacances Familiales (AVF)<\/strong><\/h1>\n<h2><strong>Objectifs et finalit\u00e9s de l&rsquo;AVF<\/strong><\/h2>\n<p>L\u2019<strong><a href=\"https:\/\/www.mes-allocs.fr\/guides\/aide-vacances\/vacaf\/ave-avf\/aide-aux-vacances-familiales\/\">Aide aux Vacances Familiales<\/a> (AVF)<\/strong> a pour vocation de permettre aux familles aux revenus modestes, qui n&rsquo;ont pas les moyens financiers suffisants, de partir en vacances. Ce dispositif est accessible aux familles ayant au moins un enfant \u00e0 charge, afin de renforcer les liens familiaux tout en offrant aux enfants une opportunit\u00e9 de d\u00e9tente et de d\u00e9couverte. Ces vacances sont souvent organis\u00e9es dans des centres agr\u00e9\u00e9s par la CAF, garantissant ainsi des s\u00e9jours de qualit\u00e9 \u00e0 des tarifs abordables. L\u2019AVF permet de financer une partie des frais d&rsquo;h\u00e9bergement, des activit\u00e9s de loisirs et, dans certains cas, des frais de transport, afin de faciliter l\u2019acc\u00e8s aux vacances pour tous.<\/p>\n<h2><strong>Crit\u00e8res d&rsquo;\u00e9ligibilit\u00e9 <\/strong><strong>de l&rsquo;AVF<\/strong><\/h2>\n<ul>\n<li>\u00catre allocataire de la <strong>CAF<\/strong>.<\/li>\n<li>Disposer d&rsquo;un <strong>quotient familial<\/strong> en dessous du seuil fix\u00e9 par la CAF.<\/li>\n<li>Avoir au moins un enfant \u00e0 charge.<\/li>\n<\/ul>\n<h2><strong>Montants et prise en charge de l&rsquo;AVF<\/strong><\/h2>\n<p>Comme pour l&rsquo;AVE, le montant d\u00e9pend du quotient familial et du nombre de personnes dans le foyer. Les frais de s\u00e9jour peuvent \u00eatre pris en charge jusqu&rsquo;\u00e0 un certain pourcentage, avec un plafond qui d\u00e9pend des r\u00e9gions.<\/p>\n<p>La demande se fait \u00e9galement aupr\u00e8s de la CAF, avec un processus similaire \u00e0 celui de l&rsquo;AVE. Les familles doivent remplir un formulaire et fournir les documents requis.<\/p>\n<p>L\u2019AVF permet de financer les s\u00e9jours en famille dans des centres de vacances agr\u00e9\u00e9s par la CAF, incluant souvent des activit\u00e9s encadr\u00e9es pour les enfants et des programmes adapt\u00e9s pour les familles.<\/p>\n<p><iframe loading=\"lazy\" title=\"VACAF\" width=\"500\" height=\"281\" src=\"https:\/\/www.youtube.com\/embed\/pT6CFTGE1gw?feature=oembed\" frameborder=\"0\" allow=\"accelerometer; autoplay; clipboard-write; encrypted-media; gyroscope; picture-in-picture; web-share\" referrerpolicy=\"strict-origin-when-cross-origin\" allowfullscreen><\/iframe><\/p>\n<h1><strong>Peut-on cumuler l&rsquo;AVE et l&rsquo;AVF ?<\/strong><\/h1>\n<h2><strong>R\u00e8gles de cumul<\/strong><\/h2>\n<p>En th\u00e9orie, l\u2019AVE et l\u2019AVF peuvent coexister dans la mesure o\u00f9 elles sont destin\u00e9es \u00e0 couvrir des besoins diff\u00e9rents. L\u2019AVE est sp\u00e9cifiquement orient\u00e9e vers les enfants qui partent en vacances sans leurs parents (colonies, s\u00e9jours \u00e9ducatifs), tandis que l\u2019AVF est destin\u00e9e \u00e0 financer les vacances familiales. Cependant, certaines CAF peuvent appliquer des restrictions locales, il est donc essentiel de consulter sa CAF locale pour conna\u00eetre les r\u00e8gles sp\u00e9cifiques au cumul.<\/p>\n<h2><strong>Exceptions et restrictions locales<\/strong><\/h2>\n<p>Selon les r\u00e9gions et les d\u00e9partements, certaines restrictions peuvent s&rsquo;appliquer. Il est donc recommand\u00e9 de v\u00e9rifier aupr\u00e8s de la CAF pour s&rsquo;assurer des possibilit\u00e9s de cumul et des conditions sp\u00e9cifiques.<\/p>\n<h2><strong>Importance de v\u00e9rifier les conditions locales<\/strong><\/h2>\n<p>Chaque d\u00e9partement peut avoir ses propres r\u00e8gles concernant les plafonds et la possibilit\u00e9 de cumuler les aides. Il est donc indispensable de contacter directement sa CAF pour obtenir des informations pr\u00e9cises.<\/p>\n<div class='cta-block'><div class='text'>Simulez toutes vos aides en 2 min.<\/div><a href='https:\/\/www.mes-allocs.fr\/ab-app?origin=guides\/wp-json\/wp\/v2\/posts\/84325' class='app-button fit'>Simulation gratuite<\/a><\/div>\n<h1><strong>Diff\u00e9rences principales entre AVE et AVF<\/strong><\/h1>\n<p>Vous ne savez pas quelle aide choisir ? Mes Allocs vous explique les <a href=\"https:\/\/www.mes-allocs.fr\/guides\/aide-vacances\/vacaf\/ave-avf\/difference-ave-avf\/\">diff\u00e9rences entre AVE et AVF<\/a> !<\/p>\n<h2><strong>Crit\u00e8res d&rsquo;\u00e9ligibilit\u00e9 de l&rsquo;<\/strong><strong>AVE et l&rsquo;AVF<\/strong><\/h2>\n<p>L&rsquo;AVE s\u2019adresse uniquement aux enfants et est bas\u00e9e sur le financement des s\u00e9jours en groupes ou \u00e9ducatifs, alors que l\u2019AVF concerne les s\u00e9jours en famille.<\/p>\n<p>L\u2019AVE tend \u00e0 offrir une couverture plus importante pour les colonies de vacances, tandis que l\u2019AVF est plus flexible mais avec des plafonds qui varient.<\/p>\n<p>L\u2019AVE est destin\u00e9e exclusivement aux enfants, tandis que l\u2019AVF inclut toute la famille. Cela explique la diff\u00e9rence dans les activit\u00e9s et le type de vacances financ\u00e9es.<\/p>\n<h2><strong>Avantages et inconv\u00e9nients de chaque aide<\/strong><\/h2>\n<p><strong>Pour l&rsquo;AVE :<\/strong><\/p>\n<ul>\n<li><strong>Avantages<\/strong> : aide substantielle pour les enfants, permet des vacances \u00e9ducatives.<\/li>\n<li><strong>Inconv\u00e9nients<\/strong> : n&rsquo;est pas valable pour les vacances en famille.<\/li>\n<\/ul>\n<p><strong>Pour l&rsquo;AVF :<\/strong><\/p>\n<ul>\n<li><strong>Avantages<\/strong> : permet des vacances en famille, encourage le partage de moments de qualit\u00e9.<\/li>\n<li><strong>Inconv\u00e9nients<\/strong> : les montants peuvent \u00eatre inf\u00e9rieurs \u00e0 ceux de l\u2019AVE.<\/li>\n<\/ul>\n<p>L\u2019AVE et l\u2019AVF sont des aides compl\u00e9mentaires qui s\u2019adressent \u00e0 des besoins sp\u00e9cifiques. Il est parfois possible de cumuler les deux, mais cela d\u00e9pend des r\u00e8gles locales. Pour maximiser les avantages, il est crucial de v\u00e9rifier aupr\u00e8s de sa CAF.\u00a0Le cumul ou non de ces aides d\u00e9pend souvent des politiques locales des CAF, il est donc recommand\u00e9 de consulter r\u00e9guli\u00e8rement les informations \u00e0 jour aupr\u00e8s des organismes sociaux.<\/p>\n<div class='cta-block'><div class='text'>Simulez toutes vos aides en 2 min.<\/div><a href='https:\/\/www.mes-allocs.fr\/ab-app?origin=guides\/wp-json\/wp\/v2\/posts\/84325' class='app-button fit'>Simulation gratuite<\/a><\/div>\n","protected":false},"excerpt":{"rendered":"<p>Les aides VACAF englobent deux aides :\u00a0l\u2019AVE et l\u2019AVF. Ces dispositifs sociaux sont mis en place pour offrir un soutien financier aux familles et aux enfants afin qu\u2019ils puissent partir en vacances malgr\u00e9 leurs revenus modestes. Ces aides visent \u00e0 r\u00e9duire le poids financier des vacances et \u00e0 permettre aux enfants, comme aux familles, de [&hellip;]<\/p>\n","protected":false},"author":26,"featured_media":45467,"comment_status":"open","ping_status":"open","sticky":false,"template":"","format":"standard","meta":{"amp_status":"","footnotes":""},"categories":[38652,39847,13],"tags":[],"class_list":["post-84325","post","type-post","status-publish","format-standard","has-post-thumbnail","hentry","category-aide-vacances","category-ave-avf","category-vacaf"],"yoast_head":"<!-- This site is optimized with the Yoast SEO plugin v14.9 - https:\/\/yoast.com\/wordpress\/plugins\/seo\/ -->\n<title>Peut-on cumuler AVE et AVF ? | Mes-Allocs.fr<\/title>\n<meta name=\"description\" content=\"Dans cet article, nous d\u00e9taillerons les conditions de l&#039;AVE et l&#039;AVF, ainsi que la possibilit\u00e9 ou non de les cumuler.\" \/>\n<meta name=\"robots\" content=\"index, follow, max-snippet:-1, max-image-preview:large, max-video-preview:-1\" \/>\n<link rel=\"canonical\" href=\"https:\/\/www.mes-allocs.fr\/guides\/aide-vacances\/vacaf\/ave-avf\/peut-on-cumuler-ave-avf\/\" \/>\n<meta property=\"og:locale\" content=\"fr_FR\" \/>\n<meta property=\"og:type\" content=\"article\" \/>\n<meta property=\"og:title\" content=\"Peut-on cumuler AVE et AVF ? | Mes-Allocs.fr\" \/>\n<meta property=\"og:description\" content=\"Dans cet article, nous d\u00e9taillerons les conditions de l&#039;AVE et l&#039;AVF, ainsi que la possibilit\u00e9 ou non de les cumuler.\" \/>\n<meta property=\"og:url\" content=\"https:\/\/www.mes-allocs.fr\/guides\/aide-vacances\/vacaf\/ave-avf\/peut-on-cumuler-ave-avf\/\" \/>\n<meta property=\"og:site_name\" content=\"Mes-Allocs.fr\" \/>\n<meta property=\"article:published_time\" content=\"2024-10-22T10:09:14+00:00\" \/>\n<meta property=\"article:modified_time\" content=\"2026-04-22T09:51:24+00:00\" \/>\n<meta property=\"og:image\" content=\"https:\/\/www.mes-allocs.fr\/guides\/wp-content\/uploads\/2022\/02\/famille-6.jpeg?wsr\" \/>\n\t<meta property=\"og:image:width\" content=\"1075\" \/>\n\t<meta property=\"og:image:height\" content=\"750\" \/>\n<meta name=\"twitter:card\" content=\"summary_large_image\" \/>\n<script type=\"application\/ld+json\" class=\"yoast-schema-graph\">{\"@context\":\"https:\/\/schema.org\",\"@graph\":[{\"@type\":\"WebSite\",\"@id\":\"https:\/\/www.mes-allocs.fr\/guides\/#website\",\"url\":\"https:\/\/www.mes-allocs.fr\/guides\/\",\"name\":\"Mes-Allocs.fr\",\"description\":\"\",\"potentialAction\":[{\"@type\":\"SearchAction\",\"target\":\"https:\/\/www.mes-allocs.fr\/guides\/?s={search_term_string}\",\"query-input\":\"required name=search_term_string\"}],\"inLanguage\":\"fr-FR\"},{\"@type\":\"ImageObject\",\"@id\":\"https:\/\/www.mes-allocs.fr\/guides\/aide-vacances\/vacaf\/ave-avf\/peut-on-cumuler-ave-avf\/#primaryimage\",\"inLanguage\":\"fr-FR\",\"url\":\"https:\/\/www.mes-allocs.fr\/guides\/wp-content\/uploads\/2022\/02\/famille-6.jpeg?wsr\",\"width\":1075,\"height\":750,\"caption\":\"difference entre ave et avf\"},{\"@type\":\"WebPage\",\"@id\":\"https:\/\/www.mes-allocs.fr\/guides\/aide-vacances\/vacaf\/ave-avf\/peut-on-cumuler-ave-avf\/#webpage\",\"url\":\"https:\/\/www.mes-allocs.fr\/guides\/aide-vacances\/vacaf\/ave-avf\/peut-on-cumuler-ave-avf\/\",\"name\":\"Peut-on cumuler AVE et AVF ? | Mes-Allocs.fr\",\"isPartOf\":{\"@id\":\"https:\/\/www.mes-allocs.fr\/guides\/#website\"},\"primaryImageOfPage\":{\"@id\":\"https:\/\/www.mes-allocs.fr\/guides\/aide-vacances\/vacaf\/ave-avf\/peut-on-cumuler-ave-avf\/#primaryimage\"},\"datePublished\":\"2024-10-22T10:09:14+00:00\",\"dateModified\":\"2026-04-22T09:51:24+00:00\",\"author\":{\"@id\":\"https:\/\/www.mes-allocs.fr\/guides\/#\/schema\/person\/9c38f3be41a0ddcd1e3fde5a3df713bf\"},\"description\":\"Dans cet article, nous d\\u00e9taillerons les conditions de l'AVE et l'AVF, ainsi que la possibilit\\u00e9 ou non de les cumuler.\",\"inLanguage\":\"fr-FR\"},{\"@type\":\"Person\",\"@id\":\"https:\/\/www.mes-allocs.fr\/guides\/#\/schema\/person\/9c38f3be41a0ddcd1e3fde5a3df713bf\",\"name\":\"Sessime Ananou\",\"image\":{\"@type\":\"ImageObject\",\"@id\":\"https:\/\/www.mes-allocs.fr\/guides\/#personlogo\",\"inLanguage\":\"fr-FR\",\"url\":\"https:\/\/www.mes-allocs.fr\/guides\/wp-content\/uploads\/2023\/08\/IMG_8173-150x150.jpg\",\"caption\":\"Sessime Ananou\"},\"description\":\"Sessime est r\\u00e9dactrice chez Mes Allocs, sp\\u00e9cialis\\u00e9e sur le pouvoir d'achat. Elle rejoint l'\\u00e9quipe Mes Allocs en ao\\u00fbt 2023 afin de simplifier l'acc\\u00e8s \\u00e0 l'information sur les aides en g\\u00e9n\\u00e9ral.\"}]}<\/script>\n<!-- \/ Yoast SEO plugin. -->","amp_validity":null,"acf":{"faq":{"1":{"question":"Quelles sont les principales diff\u00e9rences entre l'AVE et l'AVF ?","answer":"L'AVE est destin\u00e9e aux enfants pour des vacances encadr\u00e9es, tandis que l\u2019AVF finance des s\u00e9jours en famille."},"2":{"question":"Peut-on cumuler l\u2019AVE et l\u2019AVF ?","answer":" Dans certains cas, oui. Cependant, cela d\u00e9pend des r\u00e8gles locales de chaque CAF."},"3":{"question":"Comment savoir si je suis \u00e9ligible \u00e0 l'une de ces aides ? ","answer":" Il est n\u00e9cessaire de consulter sa CAF et de v\u00e9rifier son quotient familial pour d\u00e9terminer l'\u00e9ligibilit\u00e9."},"4":{"question":"Quels types de vacances sont pris en charge par l'AVE ?","answer":" L'AVE couvre les s\u00e9jours en colonies de vacances, camps \u00e9ducatifs et s\u00e9jours sportifs pour enfants."},"5":{"question":"Quels frais sont couverts par l\u2019AVF ?","answer":" L'AVF couvre les frais d\u2019h\u00e9bergement et certaines activit\u00e9s dans des centres de vacances agr\u00e9\u00e9s."},"6":{"question":"Comment faire une demande d\u2019AVE ou d\u2019AVF ? ","answer":"La demande se fait via l'espace personnel sur le site de la CAF, avec des justificatifs \u00e0 fournir comme l\u2019avis d'imposition et des informations sur la composition de la famille."},"7":{"question":"","answer":""},"8":{"question":"","answer":""},"9":{"question":"","answer":""},"10":{"question":"","answer":""},"11":{"question":"","answer":""},"12":{"question":"","answer":""},"13":{"question":"","answer":""},"14":{"question":"","answer":""},"15":{"question":"","answer":""},"16":{"question":"","answer":""}}},"_links":{"self":[{"href":"https:\/\/www.mes-allocs.fr\/guides\/wp-json\/wp\/v2\/posts\/84325","targetHints":{"allow":["GET"]}}],"collection":[{"href":"https:\/\/www.mes-allocs.fr\/guides\/wp-json\/wp\/v2\/posts"}],"about":[{"href":"https:\/\/www.mes-allocs.fr\/guides\/wp-json\/wp\/v2\/types\/post"}],"author":[{"embeddable":true,"href":"https:\/\/www.mes-allocs.fr\/guides\/wp-json\/wp\/v2\/users\/26"}],"replies":[{"embeddable":true,"href":"https:\/\/www.mes-allocs.fr\/guides\/wp-json\/wp\/v2\/comments?post=84325"}],"version-history":[{"count":4,"href":"https:\/\/www.mes-allocs.fr\/guides\/wp-json\/wp\/v2\/posts\/84325\/revisions"}],"predecessor-version":[{"id":96436,"href":"https:\/\/www.mes-allocs.fr\/guides\/wp-json\/wp\/v2\/posts\/84325\/revisions\/96436"}],"wp:featuredmedia":[{"embeddable":true,"href":"https:\/\/www.mes-allocs.fr\/guides\/wp-json\/wp\/v2\/media\/45467"}],"wp:attachment":[{"href":"https:\/\/www.mes-allocs.fr\/guides\/wp-json\/wp\/v2\/media?parent=84325"}],"wp:term":[{"taxonomy":"category","embeddable":true,"href":"https:\/\/www.mes-allocs.fr\/guides\/wp-json\/wp\/v2\/categories?post=84325"},{"taxonomy":"post_tag","embeddable":true,"href":"https:\/\/www.mes-allocs.fr\/guides\/wp-json\/wp\/v2\/tags?post=84325"}],"curies":[{"name":"wp","href":"https:\/\/api.w.org\/{rel}","templated":true}]}}