{"id":84319,"date":"2024-10-22T11:32:47","date_gmt":"2024-10-22T09:32:47","guid":{"rendered":"https:\/\/www.mes-allocs.fr\/guides\/?p=84319"},"modified":"2026-04-22T10:51:24","modified_gmt":"2026-04-22T09:51:24","slug":"aide-aux-vacances-famille","status":"publish","type":"post","link":"https:\/\/www.mes-allocs.fr\/guides\/aide-vacances\/vacaf\/ave-avf\/aide-aux-vacances-famille\/","title":{"rendered":"Aide aux vacances famille (AVF) : conditions, montants, d\u00e9marches"},"content":{"rendered":"<p><img loading=\"lazy\" decoding=\"async\" class=\"alignnone wp-image-37881 size-full\" title=\"aide aux vacances familiales\" src=\"https:\/\/www.mes-allocs.fr\/guides\/wp-content\/uploads\/2021\/09\/Allocations-familiales-quest-ce-que-cest--e1729587528625.jpg\" alt=\"aide aux vacances familiales\" width=\"1280\" height=\"358\" srcset=\"https:\/\/www.mes-allocs.fr\/guides\/wp-content\/uploads\/2021\/09\/Allocations-familiales-quest-ce-que-cest--e1729587528625.jpg 1280w, https:\/\/www.mes-allocs.fr\/guides\/wp-content\/uploads\/2021\/09\/Allocations-familiales-quest-ce-que-cest--e1729587528625-300x84.jpg 300w, https:\/\/www.mes-allocs.fr\/guides\/wp-content\/uploads\/2021\/09\/Allocations-familiales-quest-ce-que-cest--e1729587528625-1024x286.jpg 1024w, https:\/\/www.mes-allocs.fr\/guides\/wp-content\/uploads\/2021\/09\/Allocations-familiales-quest-ce-que-cest--e1729587528625-768x215.jpg 768w, https:\/\/www.mes-allocs.fr\/guides\/wp-content\/uploads\/2021\/09\/Allocations-familiales-quest-ce-que-cest--e1729587528625-600x168.jpg 600w\" sizes=\"auto, (max-width: 1280px) 100vw, 1280px\" \/><\/p>\n<p>Les aides VACAF englobent deux aides :\u00a0<a href=\"https:\/\/www.mes-allocs.fr\/guides\/aide-vacances\/vacaf\/ave-avf\/\">l\u2019AVE et l\u2019AVF<\/a>.\u00a0L&rsquo;<strong>Aide aux Vacances Familiales<\/strong> (AVF), g\u00e9r\u00e9e par la Caisse d&rsquo;Allocations Familiales (CAF), est un dispositif con\u00e7u pour soutenir les familles modestes dans l&rsquo;organisation de vacances. En contribuant \u00e0 une partie des frais de s\u00e9jour, cette aide vise \u00e0 offrir aux familles, souvent confront\u00e9es \u00e0 des difficult\u00e9s financi\u00e8res, la possibilit\u00e9 de profiter de moments de d\u00e9tente et de loisirs. L\u2019AVF permet \u00e0 ces familles de partir en vacances dans des centres agr\u00e9\u00e9s, favorisant ainsi le bien-\u00eatre familial et l\u2019acc\u00e8s aux loisirs pour les enfants et leurs parents. Cette aide vacances fait partie int\u00e9grante des efforts de la CAF pour lutter contre l&rsquo;exclusion sociale et permettre \u00e0 toutes les familles de profiter de temps de repos et de d\u00e9couverte.<\/p>\n<div class='cta-block'><div class='text'>Simulez toutes vos aides en 2 min.<\/div><a href='https:\/\/www.mes-allocs.fr\/ab-app?origin=guides\/wp-json\/wp\/v2\/posts\/84319' class='app-button fit'>Simulation gratuite<\/a><\/div>\n<h1>Pr\u00e9sentation de l\u2019Aide aux Vacances Familiales (AVF)<\/h1>\n<h2>D\u00e9finition <strong>de l\u2019Aide aux Vacances Famille (AVF)<\/strong><\/h2>\n<p>L\u2019<strong>Aide aux Vacances Familiales (AVF)<\/strong> a pour vocation de permettre aux familles aux revenus modestes, qui n&rsquo;ont pas les moyens financiers suffisants, de partir en vacances. Ce dispositif est accessible aux familles ayant au moins un enfant \u00e0 charge, afin de renforcer les liens familiaux tout en offrant aux enfants une opportunit\u00e9 de d\u00e9tente et de d\u00e9couverte. Ces vacances sont souvent organis\u00e9es dans des centres agr\u00e9\u00e9s par la CAF, garantissant ainsi des s\u00e9jours de qualit\u00e9 \u00e0 des tarifs abordables. L\u2019AVF permet de financer une partie des frais d&rsquo;h\u00e9bergement, des activit\u00e9s de loisirs et, dans certains cas, des frais de transport, afin de faciliter l\u2019acc\u00e8s aux vacances pour tous.<\/p>\n<h2>Quel est l&rsquo;objectif principal de l&rsquo;AVF ?<\/h2>\n<p>L&rsquo;objectif principal de l&rsquo;Aide aux Vacances Familiales (AVF) est de permettre aux familles \u00e0 revenus modestes de partir en vacances, malgr\u00e9 des contraintes financi\u00e8res. Ce dispositif vise \u00e0 favoriser le bien-\u00eatre familial en offrant aux parents et aux enfants l&rsquo;opportunit\u00e9 de passer du temps ensemble dans des cadres de d\u00e9tente et de loisirs. En contribuant \u00e0 une partie des frais d&rsquo;h\u00e9bergement et des activit\u00e9s de vacances, l&rsquo;AVF cherche \u00e0 \u00e9viter l&rsquo;exclusion sociale et \u00e0 garantir que chaque enfant, m\u00eame dans des familles modestes, puisse profiter de vacances dans des conditions adapt\u00e9es \u00e0 ses besoins et \u00e0 ceux de sa famille.<\/p>\n<p>Cette aide permet d&rsquo;acc\u00e9der \u00e0 des s\u00e9jours dans des centres de vacances agr\u00e9\u00e9s par la CAF, contribuant ainsi \u00e0 renforcer les liens familiaux tout en encourageant l&rsquo;acc\u00e8s aux loisirs et \u00e0 la culture pour tous les membres de la famille.<\/p>\n<div class='cta-block'><div class='text'>Simulez toutes vos aides en 2 min.<\/div><a href='https:\/\/www.mes-allocs.fr\/ab-app?origin=guides\/wp-json\/wp\/v2\/posts\/84319' class='app-button fit'>Simulation gratuite<\/a><\/div>\n<h1>Conditions d&rsquo;\u00e9ligibilit\u00e9 pour b\u00e9n\u00e9ficier <strong>de l\u2019Aide aux Vacances Famille (AVF)<\/strong><\/h1>\n<h2><strong>Crit\u00e8res de revenus <\/strong>pour b\u00e9n\u00e9ficier <strong>de l\u2019Aide aux Vacances Famille (AVF)<\/strong><\/h2>\n<p>L\u2019\u00e9ligibilit\u00e9 \u00e0 l\u2019Aide aux Vacances Familiales repose sur plusieurs crit\u00e8res, le plus important \u00e9tant le <strong>quotient familial<\/strong>. Le quotient familial est calcul\u00e9 par la CAF en fonction des revenus annuels du foyer et de la composition familiale (nombre d\u2019enfants \u00e0 charge). En g\u00e9n\u00e9ral, les familles ayant un quotient familial en dessous d&rsquo;un certain seuil peuvent pr\u00e9tendre \u00e0 cette aide. Les seuils peuvent varier en fonction de la CAF locale, et il est conseill\u00e9 de v\u00e9rifier aupr\u00e8s de sa caisse pour conna\u00eetre les conditions exactes.<\/p>\n<h2>\u00c0 qui est r\u00e9serv\u00e9e l\u2019AVF ?<\/h2>\n<p>De plus, l\u2019AVF est r\u00e9serv\u00e9e aux familles ayant <strong>au moins un enfant \u00e0 charge<\/strong>. Selon les modalit\u00e9s locales, l&rsquo;\u00e2ge des enfants peut \u00eatre pris en compte (souvent jusqu\u2019\u00e0 18 ans, ou plus dans certains cas d&rsquo;enfants en situation de handicap).<\/p>\n<p><iframe loading=\"lazy\" title=\"L&#039;AVF\" width=\"500\" height=\"281\" src=\"https:\/\/www.youtube.com\/embed\/cRdflmmRSBU?feature=oembed\" frameborder=\"0\" allow=\"accelerometer; autoplay; clipboard-write; encrypted-media; gyroscope; picture-in-picture; web-share\" referrerpolicy=\"strict-origin-when-cross-origin\" allowfullscreen><\/iframe><\/p>\n<h1>Montants et prise en charge<strong>\u00a0<\/strong><strong>de l\u2019Aide aux Vacances Famille (AVF)<\/strong><\/h1>\n<p>Le montant de l\u2019aide varie en fonction du <strong>quotient familial<\/strong>, de la composition du foyer et du type de s\u00e9jour choisi. La prise en charge peut couvrir une partie des frais d\u2019h\u00e9bergement et d&rsquo;activit\u00e9s propos\u00e9es dans des centres de vacances agr\u00e9\u00e9s, mais elle ne d\u00e9passe jamais un certain plafond fix\u00e9 par la CAF. En g\u00e9n\u00e9ral, plus le quotient familial est faible, plus la part des frais prise en charge sera \u00e9lev\u00e9e. Certaines CAF prennent \u00e9galement en compte la situation g\u00e9ographique ou la dur\u00e9e du s\u00e9jour pour ajuster le montant de l\u2019aide.<\/p>\n<p>Les s\u00e9jours financ\u00e9s par l\u2019AVF sont g\u00e9n\u00e9ralement des <strong>vacances en famille<\/strong> dans des centres agr\u00e9\u00e9s par la CAF, tels que des villages vacances ou des campings.<\/p>\n<h1>Les d\u00e9marches pour b\u00e9n\u00e9ficier de l\u2019AVF<\/h1>\n<h2>Une <strong>demande aupr\u00e8s de la CAF<\/strong><\/h2>\n<p>Pour b\u00e9n\u00e9ficier de l\u2019Aide aux Vacances Familiales, les familles doivent effectuer une <strong>demande aupr\u00e8s de la CAF<\/strong>. Cette d\u00e9marche peut \u00eatre r\u00e9alis\u00e9e en ligne via l\u2019espace personnel des allocataires, ou par un formulaire papier disponible dans les agences CAF ou sur leur site internet. Il est important de soumettre les justificatifs n\u00e9cessaires, tels que les <strong>avis d&rsquo;imposition<\/strong> et des documents prouvant la <strong>composition familiale<\/strong> (livret de famille, attestation de scolarit\u00e9, etc.).<\/p>\n<h2>Le traitement des dossiers<\/h2>\n<p>Il est conseill\u00e9 de faire la demande plusieurs mois avant les vacances, car le traitement des dossiers peut prendre du temps. Une fois la demande valid\u00e9e, les familles re\u00e7oivent une attestation de prise en charge partielle des frais de s\u00e9jour.<\/p>\n<h1>Utilisation des aides AVF<\/h1>\n<h2>Frais couverts<\/h2>\n<p>Contrairement \u00e0 l&rsquo;<a href=\"https:\/\/www.mes-allocs.fr\/guides\/aide-vacances\/vacaf\/ave-avf\/aide-aux-vacances-enfants\/\">Aide aux vacances enfants<\/a>, l&rsquo;AVF permet de couvrir une partie des frais li\u00e9s aux vacances familiales dans des centres agr\u00e9\u00e9s, incluant :<\/p>\n<ul>\n<li><strong>L\u2019h\u00e9bergement<\/strong> : la majorit\u00e9 des frais d\u2019h\u00e9bergement peuvent \u00eatre pris en charge, selon le type de centre et le quotient familial.<\/li>\n<li><strong>Les activit\u00e9s de loisirs<\/strong> : certaines activit\u00e9s propos\u00e9es durant le s\u00e9jour (ateliers, excursions) peuvent \u00e9galement \u00eatre financ\u00e9es par l\u2019aide.<\/li>\n<li><strong>Le transport<\/strong> : dans certains cas, une partie des frais de transport pour se rendre sur le lieu de vacances peut aussi \u00eatre couverte.<\/li>\n<\/ul>\n<p>Les familles peuvent choisir des <strong>centres de vacances conventionn\u00e9s par la CAF<\/strong>, tels que des villages de vacances, campings ou g\u00eetes familiaux.<\/p>\n<h2>Limites et restrictions<\/h2>\n<p>Bien que l\u2019AVF soit un soutien pr\u00e9cieux, elle comporte certaines restrictions. Par exemple, les <strong>d\u00e9penses li\u00e9es \u00e0 la nourriture<\/strong> et les <strong>loisirs non inclus dans le programme<\/strong> du centre de vacances ne sont pas couverts par l\u2019aide. De plus, chaque d\u00e9partement peut appliquer des crit\u00e8res l\u00e9g\u00e8rement diff\u00e9rents concernant les montants et les modalit\u00e9s de l\u2019aide. Il est donc crucial pour les familles de se renseigner aupr\u00e8s de leur CAF locale pour conna\u00eetre les conditions sp\u00e9cifiques \u00e0 leur r\u00e9gion.<\/p>\n<div class='cta-block'><div class='text'>Simulez toutes vos aides en 2 min.<\/div><a href='https:\/\/www.mes-allocs.fr\/ab-app?origin=guides\/wp-json\/wp\/v2\/posts\/84319' class='app-button fit'>Simulation gratuite<\/a><\/div>\n","protected":false},"excerpt":{"rendered":"<p>Les aides VACAF englobent deux aides :\u00a0l\u2019AVE et l\u2019AVF.\u00a0L&rsquo;Aide aux Vacances Familiales (AVF), g\u00e9r\u00e9e par la Caisse d&rsquo;Allocations Familiales (CAF), est un dispositif con\u00e7u pour soutenir les familles modestes dans l&rsquo;organisation de vacances. En contribuant \u00e0 une partie des frais de s\u00e9jour, cette aide vise \u00e0 offrir aux familles, souvent confront\u00e9es \u00e0 des difficult\u00e9s financi\u00e8res, [&hellip;]<\/p>\n","protected":false},"author":26,"featured_media":37867,"comment_status":"open","ping_status":"open","sticky":false,"template":"","format":"standard","meta":{"amp_status":"","footnotes":""},"categories":[38652,39847,13],"tags":[],"class_list":["post-84319","post","type-post","status-publish","format-standard","has-post-thumbnail","hentry","category-aide-vacances","category-ave-avf","category-vacaf"],"yoast_head":"<!-- This site is optimized with the Yoast SEO plugin v14.9 - https:\/\/yoast.com\/wordpress\/plugins\/seo\/ -->\n<title>Aide aux vacances familiales (AVF) : conditions, montants, d\u00e9marches<\/title>\n<meta name=\"description\" content=\"L&#039;AVF, g\u00e9r\u00e9e par la CAF, est un dispositif con\u00e7u pour soutenir les familles modestes dans l&#039;organisation des vacances.\" \/>\n<meta name=\"robots\" content=\"index, follow, max-snippet:-1, max-image-preview:large, max-video-preview:-1\" \/>\n<link rel=\"canonical\" href=\"https:\/\/www.mes-allocs.fr\/guides\/aide-vacances\/vacaf\/ave-avf\/aide-aux-vacances-famille\/\" \/>\n<meta property=\"og:locale\" content=\"fr_FR\" \/>\n<meta property=\"og:type\" content=\"article\" \/>\n<meta property=\"og:title\" content=\"Aide aux vacances familiales (AVF) : conditions, montants, d\u00e9marches\" \/>\n<meta property=\"og:description\" content=\"L&#039;AVF, g\u00e9r\u00e9e par la CAF, est un dispositif con\u00e7u pour soutenir les familles modestes dans l&#039;organisation des vacances.\" \/>\n<meta property=\"og:url\" content=\"https:\/\/www.mes-allocs.fr\/guides\/aide-vacances\/vacaf\/ave-avf\/aide-aux-vacances-famille\/\" \/>\n<meta property=\"og:site_name\" content=\"Mes-Allocs.fr\" \/>\n<meta property=\"article:published_time\" content=\"2024-10-22T09:32:47+00:00\" \/>\n<meta property=\"article:modified_time\" content=\"2026-04-22T09:51:24+00:00\" \/>\n<meta property=\"og:image\" content=\"https:\/\/www.mes-allocs.fr\/guides\/wp-content\/uploads\/2021\/09\/Tout-savoir-sur-les-allocations-familiales-.jpg?wsr\" \/>\n\t<meta property=\"og:image:width\" content=\"1280\" \/>\n\t<meta property=\"og:image:height\" content=\"853\" \/>\n<meta name=\"twitter:card\" content=\"summary_large_image\" \/>\n<script type=\"application\/ld+json\" class=\"yoast-schema-graph\">{\"@context\":\"https:\/\/schema.org\",\"@graph\":[{\"@type\":\"WebSite\",\"@id\":\"https:\/\/www.mes-allocs.fr\/guides\/#website\",\"url\":\"https:\/\/www.mes-allocs.fr\/guides\/\",\"name\":\"Mes-Allocs.fr\",\"description\":\"\",\"potentialAction\":[{\"@type\":\"SearchAction\",\"target\":\"https:\/\/www.mes-allocs.fr\/guides\/?s={search_term_string}\",\"query-input\":\"required name=search_term_string\"}],\"inLanguage\":\"fr-FR\"},{\"@type\":\"ImageObject\",\"@id\":\"https:\/\/www.mes-allocs.fr\/guides\/aide-vacances\/vacaf\/ave-avf\/aide-aux-vacances-famille\/#primaryimage\",\"inLanguage\":\"fr-FR\",\"url\":\"https:\/\/www.mes-allocs.fr\/guides\/wp-content\/uploads\/2021\/09\/Tout-savoir-sur-les-allocations-familiales-.jpg?wsr\",\"width\":1280,\"height\":853,\"caption\":\"quotient familial vacaf\"},{\"@type\":\"WebPage\",\"@id\":\"https:\/\/www.mes-allocs.fr\/guides\/aide-vacances\/vacaf\/ave-avf\/aide-aux-vacances-famille\/#webpage\",\"url\":\"https:\/\/www.mes-allocs.fr\/guides\/aide-vacances\/vacaf\/ave-avf\/aide-aux-vacances-famille\/\",\"name\":\"Aide aux vacances familiales (AVF) : conditions, montants, d\\u00e9marches\",\"isPartOf\":{\"@id\":\"https:\/\/www.mes-allocs.fr\/guides\/#website\"},\"primaryImageOfPage\":{\"@id\":\"https:\/\/www.mes-allocs.fr\/guides\/aide-vacances\/vacaf\/ave-avf\/aide-aux-vacances-famille\/#primaryimage\"},\"datePublished\":\"2024-10-22T09:32:47+00:00\",\"dateModified\":\"2026-04-22T09:51:24+00:00\",\"author\":{\"@id\":\"https:\/\/www.mes-allocs.fr\/guides\/#\/schema\/person\/9c38f3be41a0ddcd1e3fde5a3df713bf\"},\"description\":\"L'AVF, g\\u00e9r\\u00e9e par la CAF, est un dispositif con\\u00e7u pour soutenir les familles modestes dans l'organisation des vacances.\",\"inLanguage\":\"fr-FR\"},{\"@type\":\"Person\",\"@id\":\"https:\/\/www.mes-allocs.fr\/guides\/#\/schema\/person\/9c38f3be41a0ddcd1e3fde5a3df713bf\",\"name\":\"Sessime Ananou\",\"image\":{\"@type\":\"ImageObject\",\"@id\":\"https:\/\/www.mes-allocs.fr\/guides\/#personlogo\",\"inLanguage\":\"fr-FR\",\"url\":\"https:\/\/www.mes-allocs.fr\/guides\/wp-content\/uploads\/2023\/08\/IMG_8173-150x150.jpg\",\"caption\":\"Sessime Ananou\"},\"description\":\"Sessime est r\\u00e9dactrice chez Mes Allocs, sp\\u00e9cialis\\u00e9e sur le pouvoir d'achat. Elle rejoint l'\\u00e9quipe Mes Allocs en ao\\u00fbt 2023 afin de simplifier l'acc\\u00e8s \\u00e0 l'information sur les aides en g\\u00e9n\\u00e9ral.\"}]}<\/script>\n<!-- \/ Yoast SEO plugin. -->","amp_validity":null,"acf":{"faq":{"1":{"question":"Qui peut b\u00e9n\u00e9ficier de l\u2019Aide aux Vacances Familiales (AVF) ?","answer":" Les familles ayant au moins un enfant \u00e0 charge, avec un quotient familial inf\u00e9rieur \u00e0 un certain seuil, peuvent b\u00e9n\u00e9ficier de l\u2019AVF."},"2":{"question":"Quels types de s\u00e9jours sont \u00e9ligibles \u00e0 l'AVF ?","answer":"Les s\u00e9jours \u00e9ligibles doivent se d\u00e9rouler dans des centres de vacances ou h\u00e9bergements agr\u00e9\u00e9s par la CAF."},"3":{"question":"Comment savoir si je suis \u00e9ligible \u00e0 l\u2019AVF ?","answer":"L\u2019\u00e9ligibilit\u00e9 est principalement d\u00e9termin\u00e9e par votre quotient familial. Vous pouvez v\u00e9rifier cette information directement sur votre espace personnel CAF ou en contactant votre caisse locale."},"4":{"question":"Quelle est la prise en charge maximale de l\u2019AVF ?","answer":"La prise en charge varie en fonction du quotient familial et du type de s\u00e9jour, mais elle ne couvre jamais 100% des frais."},"5":{"question":"Comment faire une demande pour l\u2019AVF ? ","answer":" La demande se fait aupr\u00e8s de la CAF, soit en ligne sur leur site, soit en remplissant un formulaire papier."},"6":{"question":"Quels sont les frais non couverts par l\u2019AVF ? ","answer":"L\u2019AVF ne couvre pas les frais de nourriture, les achats personnels ni certaines activit\u00e9s de loisirs non conventionn\u00e9es par la CAF."},"7":{"question":"","answer":""},"8":{"question":"","answer":""},"9":{"question":"","answer":""},"10":{"question":"","answer":""},"11":{"question":"","answer":""},"12":{"question":"","answer":""},"13":{"question":"","answer":""},"14":{"question":"","answer":""},"15":{"question":"","answer":""},"16":{"question":"","answer":""}}},"_links":{"self":[{"href":"https:\/\/www.mes-allocs.fr\/guides\/wp-json\/wp\/v2\/posts\/84319","targetHints":{"allow":["GET"]}}],"collection":[{"href":"https:\/\/www.mes-allocs.fr\/guides\/wp-json\/wp\/v2\/posts"}],"about":[{"href":"https:\/\/www.mes-allocs.fr\/guides\/wp-json\/wp\/v2\/types\/post"}],"author":[{"embeddable":true,"href":"https:\/\/www.mes-allocs.fr\/guides\/wp-json\/wp\/v2\/users\/26"}],"replies":[{"embeddable":true,"href":"https:\/\/www.mes-allocs.fr\/guides\/wp-json\/wp\/v2\/comments?post=84319"}],"version-history":[{"count":7,"href":"https:\/\/www.mes-allocs.fr\/guides\/wp-json\/wp\/v2\/posts\/84319\/revisions"}],"predecessor-version":[{"id":96435,"href":"https:\/\/www.mes-allocs.fr\/guides\/wp-json\/wp\/v2\/posts\/84319\/revisions\/96435"}],"wp:featuredmedia":[{"embeddable":true,"href":"https:\/\/www.mes-allocs.fr\/guides\/wp-json\/wp\/v2\/media\/37867"}],"wp:attachment":[{"href":"https:\/\/www.mes-allocs.fr\/guides\/wp-json\/wp\/v2\/media?parent=84319"}],"wp:term":[{"taxonomy":"category","embeddable":true,"href":"https:\/\/www.mes-allocs.fr\/guides\/wp-json\/wp\/v2\/categories?post=84319"},{"taxonomy":"post_tag","embeddable":true,"href":"https:\/\/www.mes-allocs.fr\/guides\/wp-json\/wp\/v2\/tags?post=84319"}],"curies":[{"name":"wp","href":"https:\/\/api.w.org\/{rel}","templated":true}]}}