{"id":84316,"date":"2024-10-22T10:52:08","date_gmt":"2024-10-22T08:52:08","guid":{"rendered":"https:\/\/www.mes-allocs.fr\/guides\/?p=84316"},"modified":"2026-04-22T10:51:24","modified_gmt":"2026-04-22T09:51:24","slug":"aide-aux-vacances-enfants","status":"publish","type":"post","link":"https:\/\/www.mes-allocs.fr\/guides\/aide-vacances\/vacaf\/ave-avf\/aide-aux-vacances-enfants\/","title":{"rendered":"Aide aux vacances enfants (AVE) : conditions, montants, d\u00e9marches"},"content":{"rendered":"<p><img loading=\"lazy\" decoding=\"async\" class=\"alignnone wp-image-55798 size-full\" title=\"aide aux vacances enfants\" src=\"https:\/\/www.mes-allocs.fr\/guides\/wp-content\/uploads\/2022\/08\/kadyn-pierce-L203i9Xi_XE-unsplash-e1686564709285.jpg\" alt=\"aide aux vacances enfants\" width=\"1920\" height=\"312\" srcset=\"https:\/\/www.mes-allocs.fr\/guides\/wp-content\/uploads\/2022\/08\/kadyn-pierce-L203i9Xi_XE-unsplash-e1686564709285.jpg 1920w, https:\/\/www.mes-allocs.fr\/guides\/wp-content\/uploads\/2022\/08\/kadyn-pierce-L203i9Xi_XE-unsplash-e1686564709285-300x49.jpg 300w, https:\/\/www.mes-allocs.fr\/guides\/wp-content\/uploads\/2022\/08\/kadyn-pierce-L203i9Xi_XE-unsplash-e1686564709285-1024x166.jpg 1024w, https:\/\/www.mes-allocs.fr\/guides\/wp-content\/uploads\/2022\/08\/kadyn-pierce-L203i9Xi_XE-unsplash-e1686564709285-768x125.jpg 768w, https:\/\/www.mes-allocs.fr\/guides\/wp-content\/uploads\/2022\/08\/kadyn-pierce-L203i9Xi_XE-unsplash-e1686564709285-1536x250.jpg 1536w, https:\/\/www.mes-allocs.fr\/guides\/wp-content\/uploads\/2022\/08\/kadyn-pierce-L203i9Xi_XE-unsplash-e1686564709285-600x98.jpg 600w\" sizes=\"auto, (max-width: 1920px) 100vw, 1920px\" \/><\/p>\n<p>[Mis \u00e0 jour le 25\/03\/2026] Vous avez peut-\u00eatre entendu parler de <a href=\"https:\/\/www.mes-allocs.fr\/guides\/aide-vacances\/vacaf\/ave-avf\/\">l&rsquo;AVE ou AVF<\/a> pour financer vos vacances en 2026 ? L\u2019<b>aide aux vacances enfants (AVE)<\/b> vous permet d\u2019offrir des vacances \u00e0 votre enfant, m\u00eame si vous travaillez. En 2026, ce dispositif \u00e9volue pour devenir encore plus accessible. Quels sont les nouveaux montants de l\u2019AVE ? Comment en b\u00e9n\u00e9ficier ? On vous explique.<\/p>\n<div class='cta-block'><div class='text'>Simuler mon AVE et toutes mes aides<\/div><a href='https:\/\/www.mes-allocs.fr\/ab-app?origin=guides\/wp-json\/wp\/v2\/posts\/84316' class='app-button fit'>Simulation gratuite<\/a><\/div>\n<h1>Nouveaut\u00e9 2026 : les conditions et montants de l\u2019AVE changent<\/h1>\n<p>La nouveaut\u00e9 de 2026 concerne le <b>rel\u00e8vement du plafond du quotient familial<\/b>. Le plafond moyen du quotient familial passe de <b>800 \u20ac \u00e0 950 \u20ac<\/b>, ce qui permet \u00e0 davantage de familles d\u2019en b\u00e9n\u00e9ficier dans certains d\u00e9partements. En compl\u00e9ment, la part maximum du s\u00e9jour prise en charge par la CAF devient plus g\u00e9n\u00e9reuse, couvrant d\u00e9sormais <b>70 % \u00e0 80 %<\/b> du co\u00fbt total selon vos revenus.<\/p>\n<div class='shortcode important'><div class='title'>Important<\/div><div class='content'>Le plafond du quotient familial est fix\u00e9 par chaque CAF d\u00e9partementale donc ce plafond diff\u00e8re d\u2019un d\u00e9partement \u00e0 l\u2019autre. C\u2019est \u00e9galement le cas pour la part de prise en charge du co\u00fbt du s\u00e9jour par la CAF. Le plus simple pour savoir si vous \u00eates \u00e9ligible et \u00e0 combien vous avez droit est de faire une simulation en ligne sur Mes Allocs.<\/div><\/div>\n<div class='cta-block'><div class='text'>Simuler mon AVE et toutes mes aides<\/div><a href='https:\/\/www.mes-allocs.fr\/ab-app?origin=guides\/wp-json\/wp\/v2\/posts\/84316' class='app-button fit'>Simulation gratuite<\/a><\/div>\n<h1>Qu\u2019est-ce que l\u2019Aide aux vacances enfants (AVE) ?<\/h1>\n<p>L\u2019AVE est une aide financi\u00e8re de la CAF ou de la MSA qui permet, si vous \u00eates parent, d&rsquo;offrir des vacances \u00e0 vos enfants \u00e0 moindre co\u00fbt (si vous ne pouvez ou ne voulez pas partir en vacances avec eux). Vous pouvez la demander uniquement pendant les <b>p\u00e9riodes de vacances scolaires de vos enfants<\/b>.<\/p>\n<p>Elle s&rsquo;applique \u00e0 diff\u00e9rents types de s\u00e9jours, pourvu qu&rsquo;ils soient organis\u00e9s par des structures agr\u00e9\u00e9es. Votre enfant peut ainsi partir en <b>s\u00e9jour linguistique<\/b> pour apprendre l&rsquo;anglais, en <b>s\u00e9jour sportif<\/b> (\u00e9quitation, voile, football) ou encore en <b>s\u00e9jour artistique ou culturel<\/b> pour s&rsquo;initier au th\u00e9\u00e2tre ou au dessin.<\/p>\n<h1>Qui sont les b\u00e9n\u00e9ficiaires de l\u2019AVE ?<\/h1>\n<p>L\u2019AVE s\u2019adresse aux familles avec au moins un enfant \u00e0 charge. Cette aide permet d\u2019offrir aux enfants des d\u00e9parts en vacances pendant les vacances scolaires.<\/p>\n<h1>Quelles sont les conditions \u00e0 remplir pour toucher l\u2019AVE ?<\/h1>\n<p>Vous pouvez b\u00e9n\u00e9ficier de l\u2019AVE si vous remplissez 3 conditions :<\/p>\n<ul>\n<li aria-level=\"1\">Vous \u00eates allocataire CAF (ou MSA) et vous percevez au moins une prestation familiale de votre caisse (allocations familiales, prime d\u2019activit\u00e9, etc.)<\/li>\n<li aria-level=\"1\">Vous avez au moins un enfant \u00e0 charge (les crit\u00e8res li\u00e9s \u00e0 l\u2019\u00e2ge des enfants varient selon votre d\u00e9partement)<\/li>\n<li aria-level=\"1\">Votre <b>quotient familial (QF) <\/b>est inf\u00e9rieur ou \u00e9gal \u00e0 un certain montant, variant selon votre d\u00e9partement (g\u00e9n\u00e9ralement entre 800 et 950 \u20ac)<\/li>\n<\/ul>\n<div class='shortcode tips'><div class='title'>Exemple<\/div><div class='content'>Dans le <b>Finist\u00e8re<\/b>, votre QF ne doit pas d\u00e9passer 950 \u20ac pour \u00eatre \u00e9ligible \u00e0 l\u2019AVE. En revanche, en Sa\u00f4ne-et-Loire, vous pouvez \u00eatre \u00e9ligible jusqu\u2019\u00e0 1 200\u20ac de QF.<\/div><\/div>\n<h1>Aide aux vacances enfants CAF : comment savoir si je suis \u00e9ligible ?<\/h1>\n<p>Pour savoir si vous pouvez b\u00e9n\u00e9ficier de l\u2019aide aux vacances enfants (AVE) propos\u00e9e par la CAF, vous pouvez utiliser le <b>simulateur Mes Allocs<\/b>. Vous saurez en <b>2 minutes<\/b> si vous \u00eates bien \u00e9ligible et \u00e0 quel montant vous avez droit.<\/p>\n<div class='cta-block'><div class='text'>Simuler mon AVE et toutes mes aides<\/div><a href='https:\/\/www.mes-allocs.fr\/ab-app?origin=guides\/wp-json\/wp\/v2\/posts\/84316' class='app-button fit'>Simulation gratuite<\/a><\/div>\n<h1>Quel est le montant de l\u2019Aide aux vacances enfants (AVE) en 2026 ?<\/h1>\n<p>L\u2019AVE n\u2019a <b>pas de montant unique <\/b>car il s\u2019agit d\u2019un pourcentage de prise en charge. Il d\u00e9pend donc du co\u00fbt du s\u00e9jour. De plus, il existe un plafond pour le montant pris en charge qui varie selon le d\u00e9partement o\u00f9 vous habitez.<\/p>\n<div class='shortcode tips'><div class='title'>Exemple<\/div><div class='content'>La CAF d\u2019Ille-et-Vilaine accorde l\u2019AVE aux parents qui ont un <b>QF ne d\u00e9passant pas 950 \u20ac<\/b>, et qui choisissent un s\u00e9jour dont le co\u00fbt par jour ne d\u00e9passe pas 50 \u20ac. Le montant de l\u2019aide peut couvrir jusqu\u2019\u00e0 70 % du prix du s\u00e9jour. D\u2019un autre c\u00f4t\u00e9, la CAF de l\u2019Aude attribue l\u2019AVE aux parents qui ont un quotient familial <b>inf\u00e9rieur ou \u00e9gal \u00e0 950 \u20ac<\/b>, sauf pour les b\u00e9n\u00e9ficiaires de l&rsquo;AEEH qui voient le plafond monter \u00e0 1 000\u20ac. Le montant de l&rsquo;aide couvre 70% du co\u00fbt du s\u00e9jour dans la limite de 50 \u20ac \/ jour, ou 70% du tarif journalier dans la limite de 70\u20ac pour les b\u00e9n\u00e9ficiaires de l&rsquo;AEEH. <\/div><\/div>\n<h1>Comment l\u2019AVE est-elle vers\u00e9e ?<\/h1>\n<p>L&rsquo;aide est <b>vers\u00e9e <\/b><b>directement par la CAF<\/b> \u00e0 l&rsquo;organisme de vacances que vous avez choisi. Lors de votre r\u00e9servation, le montant de l&rsquo;aide est <b>automatiquement d\u00e9duit<\/b> du prix total. Vous ne payez que le reste \u00e0 votre charge.<\/p>\n<div class='shortcode tips'><div class='title'>Exemple<\/div><div class='content'>La famille Piraud r\u00e9serve un s\u00e9jour en colonie de vacances pour leur fils Hugo, d\u2019un montant total de 400 \u20ac. Leur Aide aux vacances enfants (AVE) permet une prise en charge de 60 %. L\u2019aide repr\u00e9sente donc 240 \u20ac (60 % de 400 \u20ac). Cette somme est directement vers\u00e9e par la CAF \u00e0 l\u2019organisme de vacances. Au moment de la r\u00e9servation, la famille Piraud voit le prix d\u00e9j\u00e0 r\u00e9duit : au lieu de payer 400 \u20ac, elle ne r\u00e8gle que les 160 \u20ac restants.<\/div><\/div>\n<h1>Comment demander l\u2019Aide aux vacances enfants (AVE) pour 2026 ?<\/h1>\n<h2>Quand faire la demande d\u2019aide aupr\u00e8s de la CAF ?<\/h2>\n<p>Il n\u2019y a <b>pas de date ou de p\u00e9riode<\/b> pour faire la demande car vous n\u2019avez pas \u00e0 en faire pour en b\u00e9n\u00e9ficier. Si vous remplissez les conditions, la CAF vous en informe par mail donc l\u2019AVE vous est automatiquement donn\u00e9e sans que vous n\u2019ayez de d\u00e9marches \u00e0 faire. Mais vous devrez utiliser votre aide le plus t\u00f4t possible car elle n\u2019est vers\u00e9e que dans la limite des fonds disponibles.<\/p>\n<h2>Quelles sont les d\u00e9marches ?<\/h2>\n<p>Bonne nouvelle : <b>aucune d\u00e9marche n&rsquo;est requise<\/b> aupr\u00e8s de la CAF. Si vous \u00eates \u00e9ligible, vous recevez automatiquement une <b>notification<\/b> de la CAF pour vous informer que vous pouvez b\u00e9n\u00e9ficier de l\u2019AVE. Il vous suffit ensuite de choisir un s\u00e9jour labellis\u00e9 VACAF et de communiquer votre num\u00e9ro d&rsquo;allocataire \u00e0 l&rsquo;organisateur.<\/p>\n<h2>Quels sont les justificatifs demand\u00e9s pour l\u2019AVE ?<\/h2>\n<p>Vous n\u2019avez <b>aucun justificatif<\/b> \u00e0 fournir pour l\u2019AVE. L\u2019aide est accord\u00e9e automatiquement par votre CAF, qui utilise les informations qu\u2019elle conna\u00eet d\u00e9j\u00e0. Pour l\u2019organisateur du s\u00e9jour, vous n\u2019avez pas de document car le site de r\u00e9servation VACAF est li\u00e9 \u00e0 la CAF qui qui poss\u00e8de d\u00e9j\u00e0 tous les justificatifs qui seraient n\u00e9cessaires.<\/p>\n<h2>Quelle est la dur\u00e9e du s\u00e9jour ?<\/h2>\n<p>La dur\u00e9e du s\u00e9jour doit g\u00e9n\u00e9ralement \u00eatre de <b>5 jours (4 nuits) minimum<\/b> et elle peut couvrir jusqu\u2019\u00e0 10 \u00e0 15 jours de vacances au maximum. Mais cette dur\u00e9e maximale d\u00e9pend de votre CAF locale.<\/p>\n<div class='shortcode disclaimer'><div class='title'>Attention<\/div><div class='content'>L\u2019aide est maintenue uniquement si l\u2019enfant participe au s\u00e9jour. En cas d\u2019absence injustifi\u00e9e, elle n\u2019est pas vers\u00e9e et l\u2019organisateur peut vous demander de <b>payer le reste<\/b>.<\/div><\/div>\n<h1>Est-ce que l\u2019AVE est utilisable partout ?<\/h1>\n<p><b>Non<\/b>, l&rsquo;aide ne peut \u00eatre utilis\u00e9e que pour des s\u00e9jours organis\u00e9s par des structures ayant sign\u00e9 une <b>convention avec VACAF<\/b>. Cela inclut des milliers de colonies de vacances, de centres UCPA ou d&rsquo;associations de scoutisme. Avant de r\u00e9server, vous devez v\u00e9rifier que le s\u00e9jour porte le <b>label \u00ab\u00a0VACAF\u00a0\u00bb ou \u00ab\u00a0Pass Colo\u00a0\u00bb<\/b> pour \u00eatre certain de b\u00e9n\u00e9ficier de la r\u00e9duction.<\/p>\n<h1>Comment utiliser l\u2019AVE pour r\u00e9server un s\u00e9jour ?<\/h1>\n<p>Pour utiliser l\u2019AVE, vous devez vous rendre sur le <b>catalogue en ligne de VACAF<\/b>. Vous choisissez la destination ou le th\u00e8me qui pla\u00eet \u00e0 votre enfant, puis vous devez contacter le centre de vacances par t\u00e9l\u00e9phone ou via leur site internet. En indiquant votre num\u00e9ro d&rsquo;allocataire, le gestionnaire calculera votre <b>reste \u00e0 charge imm\u00e9diat<\/b>. Vous n&rsquo;aurez plus qu&rsquo;\u00e0 r\u00e9gler la diff\u00e9rence pour valider l&rsquo;inscription.<\/p>\n<h1>Est-ce que l\u2019AVE est cumulable avec d\u2019autres aides ?<\/h1>\n<p>Oui, l\u2019AVE est cumulable avec d\u2019autres aides. Vous pouvez par exemple utiliser des <b>Ch\u00e8ques-Vacances (ANCV)<\/b> pour le reste \u00e0 payer. Des <b>aides du<\/b><b>CSE<\/b>, de certaines mairies ou de la <b>Jeunesse au Plein Air (JPA)<\/b> peuvent \u00e9galement vous aider \u00e0 r\u00e9duire le co\u00fbt du s\u00e9jour.<\/p>\n<div class='shortcode summary'><div class='title'>En r\u00e9sum\u00e9 :<\/div><div class='content'><ul><li>L\u2019AVE permet de <b>financer une partie des vacances de vos enfants<\/b> via la CAF ou la MSA, sans d\u00e9marche \u00e0 effectuer si vous \u00eates \u00e9ligible.<\/li><li>En 2026, le plafond du quotient familial est relev\u00e9 (<b>maximum 950 \u20ac<\/b> en moyenne), \u00e9largissant l\u2019acc\u00e8s, avec une prise en charge pouvant atteindre <b>70 % \u00e0 80 %<\/b><b>du co\u00fbt du s\u00e9jour<\/b>.<\/li><li>L\u2019aide concerne les familles avec enfants \u00e0 charge, pour des <b>s\u00e9jours scolaires labellis\u00e9s VACAF<\/b>, en France ou en Europe, et est vers\u00e9e directement \u00e0 l\u2019organisme, r\u00e9duisant imm\u00e9diatement le prix \u00e0 payer.<\/li><li>Elle d\u00e9pend du <b>quotient familial<\/b> et des r\u00e8gles de chaque d\u00e9partement<\/li><li><b>Aucune d\u00e9marche ni justificatif<\/b> n\u2019est n\u00e9cessaire : la CAF vous informe automatiquement si vous \u00eates \u00e9ligible.<\/li><li>Les s\u00e9jours doivent durer <b>au moins 5 jours et maximum 10 \u00e0 15 jours<\/b>.<\/li><li>L\u2019AVE est <b>cumulable avec d\u2019autres dispositifs<\/b> comme les Ch\u00e8ques-Vacances ou certaines aides locales.<\/li><\/ul><\/div><\/div>\n<div class='cta-block'><div class='text'>Simuler mon AVE et toutes mes aides<\/div><a href='https:\/\/www.mes-allocs.fr\/ab-app?origin=guides\/wp-json\/wp\/v2\/posts\/84316' class='app-button fit'>Simulation gratuite<\/a><\/div>\n","protected":false},"excerpt":{"rendered":"<p>[Mis \u00e0 jour le 25\/03\/2026] Vous avez peut-\u00eatre entendu parler de l&rsquo;AVE ou AVF pour financer vos vacances en 2026 ? L\u2019aide aux vacances enfants (AVE) vous permet d\u2019offrir des vacances \u00e0 votre enfant, m\u00eame si vous travaillez. En 2026, ce dispositif \u00e9volue pour devenir encore plus accessible. Quels sont les nouveaux montants de l\u2019AVE [&hellip;]<\/p>\n","protected":false},"author":26,"featured_media":12320,"comment_status":"open","ping_status":"open","sticky":false,"template":"","format":"standard","meta":{"amp_status":"","footnotes":""},"categories":[38652,39847,13],"tags":[],"class_list":["post-84316","post","type-post","status-publish","format-standard","has-post-thumbnail","hentry","category-aide-vacances","category-ave-avf","category-vacaf"],"yoast_head":"<!-- This site is optimized with the Yoast SEO plugin v14.9 - https:\/\/yoast.com\/wordpress\/plugins\/seo\/ -->\n<title>Aide aux vacances enfants (AVE) : conditions, montants, d\u00e9marches<\/title>\n<meta name=\"description\" content=\"L\u2019AVE permet \u00e0 votre enfant de partir en vacances \u00e0 moindre co\u00fbt. L&#039;aide peut couvrir jusqu&#039;\u00e0 80% du co\u00fbt du s\u00e9jour.\" \/>\n<meta name=\"robots\" content=\"index, follow, max-snippet:-1, max-image-preview:large, max-video-preview:-1\" \/>\n<link rel=\"canonical\" href=\"https:\/\/www.mes-allocs.fr\/guides\/aide-vacances\/vacaf\/ave-avf\/aide-aux-vacances-enfants\/\" \/>\n<meta property=\"og:locale\" content=\"fr_FR\" \/>\n<meta property=\"og:type\" content=\"article\" \/>\n<meta property=\"og:title\" content=\"Aide aux vacances enfants (AVE) : conditions, montants, d\u00e9marches\" \/>\n<meta property=\"og:description\" content=\"L\u2019AVE permet \u00e0 votre enfant de partir en vacances \u00e0 moindre co\u00fbt. L&#039;aide peut couvrir jusqu&#039;\u00e0 80% du co\u00fbt du s\u00e9jour.\" \/>\n<meta property=\"og:url\" content=\"https:\/\/www.mes-allocs.fr\/guides\/aide-vacances\/vacaf\/ave-avf\/aide-aux-vacances-enfants\/\" \/>\n<meta property=\"og:site_name\" content=\"Mes-Allocs.fr\" \/>\n<meta property=\"article:published_time\" content=\"2024-10-22T08:52:08+00:00\" \/>\n<meta property=\"article:modified_time\" content=\"2026-04-22T09:51:24+00:00\" \/>\n<meta property=\"og:image\" content=\"https:\/\/www.mes-allocs.fr\/guides\/wp-content\/uploads\/2020\/09\/Quel-est-le-montant-de-lallocation-rentre\u0301e-scolaire-pour-2-enfants-.jpg?wsr\" \/>\n\t<meta property=\"og:image:width\" content=\"1280\" \/>\n\t<meta property=\"og:image:height\" content=\"853\" \/>\n<meta name=\"twitter:card\" content=\"summary_large_image\" \/>\n<script type=\"application\/ld+json\" class=\"yoast-schema-graph\">{\"@context\":\"https:\/\/schema.org\",\"@graph\":[{\"@type\":\"WebSite\",\"@id\":\"https:\/\/www.mes-allocs.fr\/guides\/#website\",\"url\":\"https:\/\/www.mes-allocs.fr\/guides\/\",\"name\":\"Mes-Allocs.fr\",\"description\":\"\",\"potentialAction\":[{\"@type\":\"SearchAction\",\"target\":\"https:\/\/www.mes-allocs.fr\/guides\/?s={search_term_string}\",\"query-input\":\"required name=search_term_string\"}],\"inLanguage\":\"fr-FR\"},{\"@type\":\"ImageObject\",\"@id\":\"https:\/\/www.mes-allocs.fr\/guides\/aide-vacances\/vacaf\/ave-avf\/aide-aux-vacances-enfants\/#primaryimage\",\"inLanguage\":\"fr-FR\",\"url\":\"https:\/\/www.mes-allocs.fr\/guides\/wp-content\/uploads\/2020\/09\/Quel-est-le-montant-de-lallocation-rentre\\u0301e-scolaire-pour-2-enfants-.jpg?wsr\",\"width\":1280,\"height\":853,\"caption\":\"aide aux vacances enfants\"},{\"@type\":\"WebPage\",\"@id\":\"https:\/\/www.mes-allocs.fr\/guides\/aide-vacances\/vacaf\/ave-avf\/aide-aux-vacances-enfants\/#webpage\",\"url\":\"https:\/\/www.mes-allocs.fr\/guides\/aide-vacances\/vacaf\/ave-avf\/aide-aux-vacances-enfants\/\",\"name\":\"Aide aux vacances enfants (AVE) : conditions, montants, d\\u00e9marches\",\"isPartOf\":{\"@id\":\"https:\/\/www.mes-allocs.fr\/guides\/#website\"},\"primaryImageOfPage\":{\"@id\":\"https:\/\/www.mes-allocs.fr\/guides\/aide-vacances\/vacaf\/ave-avf\/aide-aux-vacances-enfants\/#primaryimage\"},\"datePublished\":\"2024-10-22T08:52:08+00:00\",\"dateModified\":\"2026-04-22T09:51:24+00:00\",\"author\":{\"@id\":\"https:\/\/www.mes-allocs.fr\/guides\/#\/schema\/person\/9c38f3be41a0ddcd1e3fde5a3df713bf\"},\"description\":\"L\\u2019AVE permet \\u00e0 votre enfant de partir en vacances \\u00e0 moindre co\\u00fbt. L'aide peut couvrir jusqu'\\u00e0 80% du co\\u00fbt du s\\u00e9jour.\",\"inLanguage\":\"fr-FR\"},{\"@type\":\"Person\",\"@id\":\"https:\/\/www.mes-allocs.fr\/guides\/#\/schema\/person\/9c38f3be41a0ddcd1e3fde5a3df713bf\",\"name\":\"Sessime Ananou\",\"image\":{\"@type\":\"ImageObject\",\"@id\":\"https:\/\/www.mes-allocs.fr\/guides\/#personlogo\",\"inLanguage\":\"fr-FR\",\"url\":\"https:\/\/www.mes-allocs.fr\/guides\/wp-content\/uploads\/2023\/08\/IMG_8173-150x150.jpg\",\"caption\":\"Sessime Ananou\"},\"description\":\"Sessime est r\\u00e9dactrice chez Mes Allocs, sp\\u00e9cialis\\u00e9e sur le pouvoir d'achat. Elle rejoint l'\\u00e9quipe Mes Allocs en ao\\u00fbt 2023 afin de simplifier l'acc\\u00e8s \\u00e0 l'information sur les aides en g\\u00e9n\\u00e9ral.\"}]}<\/script>\n<!-- \/ Yoast SEO plugin. -->","amp_validity":null,"acf":{"faq":{"1":{"question":"Qui peut b\u00e9n\u00e9ficier de l\u2019Aide aux Vacances Enfants (AVE) ?","answer":"L'AVE est destin\u00e9e aux familles ayant des enfants \u00e0 charge, avec des revenus modestes, et qui respectent les crit\u00e8res de ressources d\u00e9finis par la CAF."},"2":{"question":"Comment faire une demande d\u2019AVE ?","answer":"La demande se fait en ligne via l\u2019espace personnel sur le site de la CAF, ou directement aupr\u00e8s d\u2019un organisme conventionn\u00e9 qui organise des s\u00e9jours."},"3":{"question":" Quels types de s\u00e9jours sont \u00e9ligibles \u00e0 l\u2019AVE ?","answer":"Les colonies de vacances, camps de vacances sportifs ou culturels, et certains s\u00e9jours collectifs sont \u00e9ligibles, \u00e0 condition qu'ils soient conventionn\u00e9s par la CAF."},"4":{"question":"Le montant de l\u2019aide d\u00e9pend-il du nombre d'enfants ?","answer":"Oui, le montant est ajust\u00e9 selon la composition familiale, et prend en compte le nombre d\u2019enfants \u00e0 charge."},"5":{"question":"L\u2019AVE couvre-t-elle les frais de transport ?","answer":"Dans certains cas, les frais de transport peuvent \u00eatre partiellement pris en charge, mais cela d\u00e9pend des conditions locales."},"6":{"question":"Que faire si je ne suis pas \u00e9ligible \u00e0 l\u2019AVE ?","answer":"Si vous n\u2019\u00eates pas \u00e9ligible \u00e0 l\u2019AVE, il existe d\u2019autres aides vacances comme celles propos\u00e9es par les comit\u00e9s d\u2019entreprise ou d\u2019autres dispositifs locaux, accessibles en fonction de vos revenus et de votre situation familiale."},"7":{"question":"","answer":""},"8":{"question":"","answer":""},"9":{"question":"","answer":""},"10":{"question":"","answer":""},"11":{"question":"","answer":""},"12":{"question":"","answer":""},"13":{"question":"","answer":""},"14":{"question":"","answer":""},"15":{"question":"","answer":""},"16":{"question":"","answer":""}}},"_links":{"self":[{"href":"https:\/\/www.mes-allocs.fr\/guides\/wp-json\/wp\/v2\/posts\/84316","targetHints":{"allow":["GET"]}}],"collection":[{"href":"https:\/\/www.mes-allocs.fr\/guides\/wp-json\/wp\/v2\/posts"}],"about":[{"href":"https:\/\/www.mes-allocs.fr\/guides\/wp-json\/wp\/v2\/types\/post"}],"author":[{"embeddable":true,"href":"https:\/\/www.mes-allocs.fr\/guides\/wp-json\/wp\/v2\/users\/26"}],"replies":[{"embeddable":true,"href":"https:\/\/www.mes-allocs.fr\/guides\/wp-json\/wp\/v2\/comments?post=84316"}],"version-history":[{"count":13,"href":"https:\/\/www.mes-allocs.fr\/guides\/wp-json\/wp\/v2\/posts\/84316\/revisions"}],"predecessor-version":[{"id":110981,"href":"https:\/\/www.mes-allocs.fr\/guides\/wp-json\/wp\/v2\/posts\/84316\/revisions\/110981"}],"wp:featuredmedia":[{"embeddable":true,"href":"https:\/\/www.mes-allocs.fr\/guides\/wp-json\/wp\/v2\/media\/12320"}],"wp:attachment":[{"href":"https:\/\/www.mes-allocs.fr\/guides\/wp-json\/wp\/v2\/media?parent=84316"}],"wp:term":[{"taxonomy":"category","embeddable":true,"href":"https:\/\/www.mes-allocs.fr\/guides\/wp-json\/wp\/v2\/categories?post=84316"},{"taxonomy":"post_tag","embeddable":true,"href":"https:\/\/www.mes-allocs.fr\/guides\/wp-json\/wp\/v2\/tags?post=84316"}],"curies":[{"name":"wp","href":"https:\/\/api.w.org\/{rel}","templated":true}]}}