{"id":84157,"date":"2024-10-28T17:39:37","date_gmt":"2024-10-28T15:39:37","guid":{"rendered":"https:\/\/www.mes-allocs.fr\/guides\/?p=84157"},"modified":"2026-04-22T10:51:23","modified_gmt":"2026-04-22T09:51:23","slug":"prime-de-noel-et-travail-a-mi-temps","status":"publish","type":"post","link":"https:\/\/www.mes-allocs.fr\/guides\/prime-de-noel\/prime-de-noel-cumul\/prime-de-noel-et-travail-a-mi-temps\/","title":{"rendered":"Prime de No\u00ebl et travail \u00e0 mi-temps : est-ce cumulable ?"},"content":{"rendered":"<p><img loading=\"lazy\" decoding=\"async\" class=\"aligncenter size-full wp-image-105443\" title=\"prime noel travail mi temps\" src=\"https:\/\/www.mes-allocs.fr\/guides\/wp-content\/uploads\/2024\/10\/prime-noel-travail-mi-temps-e1762181175339.jpg\" alt=\"prime noel travail mi temps\" width=\"1920\" height=\"300\" srcset=\"https:\/\/www.mes-allocs.fr\/guides\/wp-content\/uploads\/2024\/10\/prime-noel-travail-mi-temps-e1762181175339.jpg 1920w, https:\/\/www.mes-allocs.fr\/guides\/wp-content\/uploads\/2024\/10\/prime-noel-travail-mi-temps-e1762181175339-300x47.jpg 300w, https:\/\/www.mes-allocs.fr\/guides\/wp-content\/uploads\/2024\/10\/prime-noel-travail-mi-temps-e1762181175339-1024x160.jpg 1024w, https:\/\/www.mes-allocs.fr\/guides\/wp-content\/uploads\/2024\/10\/prime-noel-travail-mi-temps-e1762181175339-768x120.jpg 768w, https:\/\/www.mes-allocs.fr\/guides\/wp-content\/uploads\/2024\/10\/prime-noel-travail-mi-temps-e1762181175339-1536x240.jpg 1536w, https:\/\/www.mes-allocs.fr\/guides\/wp-content\/uploads\/2024\/10\/prime-noel-travail-mi-temps-e1762181175339-600x94.jpg 600w\" sizes=\"auto, (max-width: 1920px) 100vw, 1920px\" \/><\/p>\n<p>[Mis \u00e0 jour le 04\/12\/2025] La prime de No\u00ebl est une aide exceptionnelle vers\u00e9e chaque fin d\u2019ann\u00e9e aux foyers les plus modestes. Mais qu\u2019en est-il si vous travaillez \u00e0 temps partiel ? Beaucoup de salari\u00e9s \u00e0 mi-temps, souvent proches des seuils de ressources, se demandent s\u2019ils peuvent cumuler la <strong>prime de No\u00ebl avec un travail \u00e0 temps partiel<\/strong>. Mes Allocs vous explique dans quels cas le <a href=\"https:\/\/www.mes-allocs.fr\/guides\/prime-de-noel\/prime-de-noel-cumul\/\">cumul de la prime de No\u00ebl<\/a> est possible pour les salari\u00e9s \u00e0 mi-temps et quelles conditions il faut remplir en 2025.<\/p>\n<div class='cta-block'><div class='text'>Simulez votre prime de No\u00ebl en 2 min.<\/div><a href='https:\/\/www.mes-allocs.fr\/ab-app?origin=guides\/wp-json\/wp\/v2\/posts\/84157' class='app-button fit'>Simulation gratuite<\/a><\/div>\n<h1>Peut-on toucher la prime de No\u00ebl en entreprise quand on travaille \u00e0 mi-temps ?<\/h1>\n<p><strong>Oui<\/strong>, un salari\u00e9 \u00e0 temps partiel peut percevoir la prime de No\u00ebl, mais seulement dans certaines conditions. Et attention, toutes les entreprises ne proposent pas de prime de No\u00ebl car ce n&rsquo;est pas obligatoire pour l&#8217;employeur.<\/p>\n<h2>Quelles sont les conditions pour percevoir la prime de No\u00ebl en \u00e9tant \u00e0 mi-temps ?<\/h2>\n<p class=\"amp-wp-7d27179\" data-amp-original-style=\"text-align: justify;\">Les conditions \u00e0 respecter pour b\u00e9n\u00e9ficier de la prime de No\u00ebl de votre entreprise sont <strong>g\u00e9n\u00e9ralement<\/strong> les suivantes :<\/p>\n<ul>\n<li class=\"amp-wp-7d27179\" data-amp-original-style=\"text-align: justify;\">Avoir travaill\u00e9 minimum 2 mois dans l\u2019entreprise, si vous \u00eates travailleur \u00e0 plein temps ou \u00e0 temps partiel<\/li>\n<li class=\"amp-wp-7d27179\" data-amp-original-style=\"text-align: justify;\">Avoir travaill\u00e9 minimum 44 jours au sein de l\u2019entreprise, si vous \u00eates travailleur occasionnel<\/li>\n<li class=\"amp-wp-7d27179\" data-amp-original-style=\"text-align: justify;\">Ne pas avoir quitt\u00e9 l\u2019entreprise de mani\u00e8re volontaire ou avoir \u00e9t\u00e9 licenci\u00e9 pour faute lourde ou grave<\/li>\n<\/ul>\n<p>Vous n&rsquo;\u00eates pas en CDI ? Pas de panique, nous vous avons pr\u00e9par\u00e9 un article pour vous aider \u00e0 comprendre les conditions du <a href=\"https:\/\/www.mes-allocs.fr\/guides\/prime-de-noel\/prime-de-noel-cumul\/cdd-et-prime-de-noel\/\">cumul CDD et prime de No\u00ebl<\/a>.<\/p>\n<h2>Temps partiel : quel est le montant de la prime de No\u00ebl vers\u00e9e ?<\/h2>\n<p>Lorsque vous travaillez \u00e0 mi-temps, vous passez moins de temps en entreprise, ce qui se r\u00e9percute logiquement sur votre fiche de paye. La m\u00eame logique s&rsquo;applique pour votre prime de No\u00ebl. En effet, cela d\u00e9pend de votre entreprise, mais tr\u00e8s souvent le montant accord\u00e9 est <strong>proportionnel \u00e0<\/strong> votre salaire, \u00e0 votre anciennet\u00e9 et\/ou au nombre d&rsquo;heures travaill\u00e9es.<\/p>\n<p>Ainsi, les salari\u00e9s \u00e0 mi-temps re\u00e7oivent souvent un <strong>montant de prime de No\u00ebl au prorata de leur dur\u00e9e de travail<\/strong>.<\/p>\n<p><iframe loading=\"lazy\" title=\"La prime de No\u00ebl\" width=\"500\" height=\"281\" src=\"https:\/\/www.youtube.com\/embed\/JSd0X11Muig?feature=oembed\" frameborder=\"0\" allow=\"accelerometer; autoplay; clipboard-write; encrypted-media; gyroscope; picture-in-picture; web-share\" referrerpolicy=\"strict-origin-when-cross-origin\" allowfullscreen><\/iframe><\/p>\n<p>&nbsp;<\/p>\n<h1>La prime de No\u00ebl des organismes de l&rsquo;Etat<\/h1>\n<p>La prime de No\u00ebl en entreprise n&rsquo;est pas la seule qui peut \u00eatre vers\u00e9e. En effet, les organismes de l&rsquo;Etat proposent eux aussi des primes de No\u00ebl.<\/p>\n<h2>Quelles sont les primes de No\u00ebl vers\u00e9es par les organismes de l&rsquo;Etat ?<\/h2>\n<p>L&rsquo;Etat verse des primes de No\u00ebl via trois organismes verseurs, ce sont les suivants :<\/p>\n<ul>\n<li>La Caisse d&rsquo;Allocations Familiales <strong>(CAF)<\/strong><\/li>\n<li>La Mutualit\u00e9 Sociale Agricole <strong>(MSA)<\/strong><\/li>\n<li>France Travail (anciennement <strong>P\u00f4le Emploi<\/strong>)<\/li>\n<\/ul>\n<h2>Salari\u00e9 \u00e0 temps partiel : \u00eates-vous \u00e9ligible ?<\/h2>\n<p>Pour b\u00e9n\u00e9ficier de la prime de No\u00ebl CAF, MSA ou France Travail, vous devez d\u00e9j\u00e0 percevoir une des aides \u00e9ligibles. C&rsquo;est le seul crit\u00e8re. Le nombre d&rsquo;heures que vous travaillez chaque semaine ou chaque mois n&rsquo;est pas d\u00e9terminant pour votre \u00e9ligibilit\u00e9. Ainsi, que vous soyez \u00e0 temps partiel ou temps complet ne change strictement rien.<\/p>\n<p>Mais, vous devez obligatoirement toucher l&rsquo;une des aides suivantes en novembre ou d\u00e9cembre 2025 pour b\u00e9n\u00e9ficier de la prime de No\u00ebl d&rsquo;un des organismes de l&rsquo;Etat :<\/p>\n<ul>\n<li>Le Revenu de Solidarit\u00e9 Active <strong>(RSA)<\/strong><\/li>\n<li>L&rsquo;Allocation Equivalent Retraite <strong>(AER)<\/strong><\/li>\n<li>L&rsquo;Allocation de Solidarit\u00e9 Sp\u00e9cifique <strong>(ASS)<\/strong><\/li>\n<li>L&rsquo;Aide \u00e0 la cr\u00e9ation d\u2019entreprise (l\u2019<strong>ACCRE<\/strong>) seulement si vous b\u00e9n\u00e9ficiez de l\u2019ASS avant<\/li>\n<li>La <strong>Prime Transitoire de Solidarit\u00e9<\/strong><\/li>\n<li>Une r\u00e9mun\u00e9ration de formation vers\u00e9e par France Travail si elle fait suite \u00e0 un versement d\u2019ASS<\/li>\n<li>La<strong> prime forfaitaire pour reprise d\u2019activit\u00e9<\/strong><\/li>\n<\/ul>\n<p><div class='shortcode tips'><div class='title'>Exemple<\/div><div class='content'>Sophie, employ\u00e9e \u00e0 temps partiel dans la grande distribution, per\u00e7oit encore en novembre 2025 le RSA socle en compl\u00e9ment de son salaire. Elle est donc \u00e9ligible \u00e0 la prime de No\u00ebl de la CAF en d\u00e9cembre 2025.<\/div><\/div><!-- notionvc: ac701c74-0f6b-45a6-8c3f-b343957583aa --><\/p>\n<div class='cta-block'><div class='text'>Simulez votre prime de No\u00ebl en 2 min.<\/div><a href='https:\/\/www.mes-allocs.fr\/ab-app?origin=guides\/wp-json\/wp\/v2\/posts\/84157' class='app-button fit'>Simulation gratuite<\/a><\/div>\n<h1>Peut-on cumuler plusieurs primes de No\u00ebl ?<\/h1>\n<p><strong>La r\u00e9ponse est non.<\/strong> Si vous \u00eates \u00e9ligible \u00e0 la prime de No\u00ebl CAF et \u00e0 celle de France Travail, vous ne pourrez pas b\u00e9n\u00e9ficier des deux. Vous percevrez seulement celle dont le montant est le plus \u00e9lev\u00e9. Cependant, vous pouvez cumuler votre prime de No\u00ebl CAF avec celle de votre entreprise. Mais g\u00e9n\u00e9ralement, si vous travaillez, vous n&rsquo;\u00eates pas \u00e9ligible \u00e0 la prime de No\u00ebl CAF.<\/p>\n<h1>Comment b\u00e9n\u00e9ficier de la prime de No\u00ebl en \u00e9tant \u00e0 mi-temps ?<\/h1>\n<h2>La simulation pour estimer vos droits \u00e0 la prime de No\u00ebl<\/h2>\n<p>Avant toute chose, l&rsquo;\u00e9tape indispensable est de simuler vos droits. Pour cela, nous mettons \u00e0 votre disposition notre <strong>simulateur gratuit<\/strong> qui vous donnera des <strong>r\u00e9sultats fiables en seulement quelques minutes<\/strong>.<\/p>\n<div class='cta-block'><div class='text'>Simulez votre prime de No\u00ebl en 2 min.<\/div><a href='https:\/\/www.mes-allocs.fr\/ab-app?origin=guides\/wp-json\/wp\/v2\/posts\/84157' class='app-button fit'>Simulation gratuite<\/a><\/div>\n<h2>Les d\u00e9marches pour percevoir la prime de No\u00ebl<\/h2>\n<p>Pour percevoir la prime de No\u00ebl, il n&rsquo;y a <strong>aucune demande \u00e0 faire et aucune d\u00e9marche \u00e0 entreprendre<\/strong>. En effet, les organismes verseurs ont toutes les donn\u00e9es \u00e0 leur disposition pour savoir qui est \u00e9ligible et quel montant leur est du.<\/p>\n<p>Le versement est un<strong> virement automatique qui se fait directement sur votre compte bancaire, d\u00e8s le 16 d\u00e9cembre 2025. <\/strong>\u00a0Afin de ne pas rencontrer de difficult\u00e9s, nous vous conseillons fortement de mettre \u00e0 jour vos informations personnelles transmises \u00e0 votre organisme verseur. Ainsi, v\u00e9rifiez bien les donn\u00e9es suivantes :<\/p>\n<ul>\n<li>Votre RIB<\/li>\n<li>La composition de votre famille<\/li>\n<li>Votre situation matrimoniale<\/li>\n<\/ul>\n","protected":false},"excerpt":{"rendered":"<p>[Mis \u00e0 jour le 04\/12\/2025] La prime de No\u00ebl est une aide exceptionnelle vers\u00e9e chaque fin d\u2019ann\u00e9e aux foyers les plus modestes. Mais qu\u2019en est-il si vous travaillez \u00e0 temps partiel ? Beaucoup de salari\u00e9s \u00e0 mi-temps, souvent proches des seuils de ressources, se demandent s\u2019ils peuvent cumuler la prime de No\u00ebl avec un travail [&hellip;]<\/p>\n","protected":false},"author":30,"featured_media":84162,"comment_status":"open","ping_status":"open","sticky":false,"template":"","format":"standard","meta":{"amp_status":"","footnotes":""},"categories":[31,38913],"tags":[],"class_list":["post-84157","post","type-post","status-publish","format-standard","has-post-thumbnail","hentry","category-prime-de-noel","category-prime-de-noel-cumul"],"yoast_head":"<!-- This site is optimized with the Yoast SEO plugin v14.9 - https:\/\/yoast.com\/wordpress\/plugins\/seo\/ -->\n<title>Prime de No\u00ebl et travail \u00e0 mi-temps : est-ce cumulable ? | Mes-Allocs.fr<\/title>\n<meta name=\"description\" content=\"La prime de No\u00ebl arrive d\u00e8s\u00a0le 16 d\u00e9cembre 2025. Votre travail \u00e0 mi-temps impacte-t-il votre \u00e9ligibilit\u00e9 \u00e0 la prime de No\u00ebl ? Explications.\" \/>\n<meta name=\"robots\" content=\"index, follow, max-snippet:-1, max-image-preview:large, max-video-preview:-1\" \/>\n<link rel=\"canonical\" href=\"https:\/\/www.mes-allocs.fr\/guides\/prime-de-noel\/prime-de-noel-cumul\/prime-de-noel-et-travail-a-mi-temps\/\" \/>\n<meta property=\"og:locale\" content=\"fr_FR\" \/>\n<meta property=\"og:type\" content=\"article\" \/>\n<meta property=\"og:title\" content=\"Prime de No\u00ebl et travail \u00e0 mi-temps : est-ce cumulable ? | Mes-Allocs.fr\" \/>\n<meta property=\"og:description\" content=\"La prime de No\u00ebl arrive d\u00e8s\u00a0le 16 d\u00e9cembre 2025. Votre travail \u00e0 mi-temps impacte-t-il votre \u00e9ligibilit\u00e9 \u00e0 la prime de No\u00ebl ? Explications.\" \/>\n<meta property=\"og:url\" content=\"https:\/\/www.mes-allocs.fr\/guides\/prime-de-noel\/prime-de-noel-cumul\/prime-de-noel-et-travail-a-mi-temps\/\" \/>\n<meta property=\"og:site_name\" content=\"Mes-Allocs.fr\" \/>\n<meta property=\"article:published_time\" content=\"2024-10-28T15:39:37+00:00\" \/>\n<meta property=\"article:modified_time\" content=\"2026-04-22T09:51:23+00:00\" \/>\n<meta property=\"og:image\" content=\"https:\/\/www.mes-allocs.fr\/guides\/wp-content\/uploads\/2024\/10\/prime-de-noel-et-travail-a-mi-temps.jpg?wsr\" \/>\n\t<meta property=\"og:image:width\" content=\"1280\" \/>\n\t<meta property=\"og:image:height\" content=\"854\" \/>\n<meta name=\"twitter:card\" content=\"summary_large_image\" \/>\n<script type=\"application\/ld+json\" class=\"yoast-schema-graph\">{\"@context\":\"https:\/\/schema.org\",\"@graph\":[{\"@type\":\"WebSite\",\"@id\":\"https:\/\/www.mes-allocs.fr\/guides\/#website\",\"url\":\"https:\/\/www.mes-allocs.fr\/guides\/\",\"name\":\"Mes-Allocs.fr\",\"description\":\"\",\"potentialAction\":[{\"@type\":\"SearchAction\",\"target\":\"https:\/\/www.mes-allocs.fr\/guides\/?s={search_term_string}\",\"query-input\":\"required name=search_term_string\"}],\"inLanguage\":\"fr-FR\"},{\"@type\":\"ImageObject\",\"@id\":\"https:\/\/www.mes-allocs.fr\/guides\/prime-de-noel\/prime-de-noel-cumul\/prime-de-noel-et-travail-a-mi-temps\/#primaryimage\",\"inLanguage\":\"fr-FR\",\"url\":\"https:\/\/www.mes-allocs.fr\/guides\/wp-content\/uploads\/2024\/10\/prime-de-noel-et-travail-a-mi-temps.jpg?wsr\",\"width\":1280,\"height\":854,\"caption\":\"prime de noel et travail a mi temps\"},{\"@type\":\"WebPage\",\"@id\":\"https:\/\/www.mes-allocs.fr\/guides\/prime-de-noel\/prime-de-noel-cumul\/prime-de-noel-et-travail-a-mi-temps\/#webpage\",\"url\":\"https:\/\/www.mes-allocs.fr\/guides\/prime-de-noel\/prime-de-noel-cumul\/prime-de-noel-et-travail-a-mi-temps\/\",\"name\":\"Prime de No\\u00ebl et travail \\u00e0 mi-temps : est-ce cumulable ? | Mes-Allocs.fr\",\"isPartOf\":{\"@id\":\"https:\/\/www.mes-allocs.fr\/guides\/#website\"},\"primaryImageOfPage\":{\"@id\":\"https:\/\/www.mes-allocs.fr\/guides\/prime-de-noel\/prime-de-noel-cumul\/prime-de-noel-et-travail-a-mi-temps\/#primaryimage\"},\"datePublished\":\"2024-10-28T15:39:37+00:00\",\"dateModified\":\"2026-04-22T09:51:23+00:00\",\"author\":{\"@id\":\"https:\/\/www.mes-allocs.fr\/guides\/#\/schema\/person\/66505fe443d6e6f3696c5af001f3fab8\"},\"description\":\"La prime de No\\u00ebl arrive d\\u00e8s\\u00a0le 16 d\\u00e9cembre 2025. Votre travail \\u00e0 mi-temps impacte-t-il votre \\u00e9ligibilit\\u00e9 \\u00e0 la prime de No\\u00ebl ? Explications.\",\"inLanguage\":\"fr-FR\"},{\"@type\":\"Person\",\"@id\":\"https:\/\/www.mes-allocs.fr\/guides\/#\/schema\/person\/66505fe443d6e6f3696c5af001f3fab8\",\"name\":\"Lauriane Oriol\",\"image\":{\"@type\":\"ImageObject\",\"@id\":\"https:\/\/www.mes-allocs.fr\/guides\/#personlogo\",\"inLanguage\":\"fr-FR\",\"url\":\"https:\/\/www.mes-allocs.fr\/guides\/wp-content\/uploads\/2024\/10\/1702589802731-1-150x150.jpeg\",\"caption\":\"Lauriane Oriol\"},\"description\":\"Lauriane est r\\u00e9dactrice chez Mes Allocs. Sp\\u00e9cialiste des d\\u00e9marches administratives, elle rejoint Mes Allocs apr\\u00e8s une premi\\u00e8re exp\\u00e9rience en marketing et communication.\"}]}<\/script>\n<!-- \/ Yoast SEO plugin. -->","amp_validity":null,"acf":{"faq":{"1":{"question":"Quel est le montant de la prime d'activit\u00e9 pour un temps partiel ?","answer":"Le montant est de 257,80 \u20ac par mois pour une dur\u00e9e de travail inf\u00e9rieure ou \u00e9gale \u00e0 un mi-temps ou de 148,72 \u20ac par mois pour une dur\u00e9e de travail comprise entre 50 % et 80 %."},"2":{"question":"Quelles sont les conditions pour b\u00e9n\u00e9ficier de la prime de No\u00ebl ?","answer":"Vous devez \u00eatre b\u00e9n\u00e9ficiaires d'une des aides \u00e9ligibles (RSA, AER ou ASS)."},"3":{"question":"Quel est le montant de la prime d'activit\u00e9 pour un salaire de 700 \u20ac ?","answer":"Pour 700 euros de revenu d'activit\u00e9, vous avez droit a eu une bonification de 24,55 \u20ac."},"4":{"question":"Est-ce que la CAF compl\u00e8te un temps partiel ?","answer":"Si vous travaillez \u00e0 temps partiel, il est possible de compl\u00e9ter vos revenus avec la prime d'activit\u00e9 vers\u00e9e par la CAF ou la MSA."},"5":{"question":"","answer":""},"6":{"question":"","answer":""},"7":{"question":"","answer":""},"8":{"question":"","answer":""},"9":{"question":"","answer":""},"10":{"question":"","answer":""},"11":{"question":"","answer":""},"12":{"question":"","answer":""},"13":{"question":"","answer":""},"14":{"question":"","answer":""},"15":{"question":"","answer":""},"16":{"question":"","answer":""}}},"_links":{"self":[{"href":"https:\/\/www.mes-allocs.fr\/guides\/wp-json\/wp\/v2\/posts\/84157","targetHints":{"allow":["GET"]}}],"collection":[{"href":"https:\/\/www.mes-allocs.fr\/guides\/wp-json\/wp\/v2\/posts"}],"about":[{"href":"https:\/\/www.mes-allocs.fr\/guides\/wp-json\/wp\/v2\/types\/post"}],"author":[{"embeddable":true,"href":"https:\/\/www.mes-allocs.fr\/guides\/wp-json\/wp\/v2\/users\/30"}],"replies":[{"embeddable":true,"href":"https:\/\/www.mes-allocs.fr\/guides\/wp-json\/wp\/v2\/comments?post=84157"}],"version-history":[{"count":26,"href":"https:\/\/www.mes-allocs.fr\/guides\/wp-json\/wp\/v2\/posts\/84157\/revisions"}],"predecessor-version":[{"id":106406,"href":"https:\/\/www.mes-allocs.fr\/guides\/wp-json\/wp\/v2\/posts\/84157\/revisions\/106406"}],"wp:featuredmedia":[{"embeddable":true,"href":"https:\/\/www.mes-allocs.fr\/guides\/wp-json\/wp\/v2\/media\/84162"}],"wp:attachment":[{"href":"https:\/\/www.mes-allocs.fr\/guides\/wp-json\/wp\/v2\/media?parent=84157"}],"wp:term":[{"taxonomy":"category","embeddable":true,"href":"https:\/\/www.mes-allocs.fr\/guides\/wp-json\/wp\/v2\/categories?post=84157"},{"taxonomy":"post_tag","embeddable":true,"href":"https:\/\/www.mes-allocs.fr\/guides\/wp-json\/wp\/v2\/tags?post=84157"}],"curies":[{"name":"wp","href":"https:\/\/api.w.org\/{rel}","templated":true}]}}