{"id":84156,"date":"2024-10-28T17:43:25","date_gmt":"2024-10-28T15:43:25","guid":{"rendered":"https:\/\/www.mes-allocs.fr\/guides\/?p=84156"},"modified":"2026-04-22T10:51:22","modified_gmt":"2026-04-22T09:51:22","slug":"conge-parental-et-prime-de-noel","status":"publish","type":"post","link":"https:\/\/www.mes-allocs.fr\/guides\/prime-de-noel\/prime-de-noel-cumul\/conge-parental-et-prime-de-noel\/","title":{"rendered":"Prime de No\u00ebl en cong\u00e9 parental : est-ce possible ?"},"content":{"rendered":"<p><img loading=\"lazy\" decoding=\"async\" class=\"aligncenter size-full wp-image-105450\" title=\"prime noel conge parental\" src=\"https:\/\/www.mes-allocs.fr\/guides\/wp-content\/uploads\/2024\/10\/prime-noel-conge-parental-e1762185474958.jpg\" alt=\"prime noel conge parental\" width=\"1917\" height=\"300\" srcset=\"https:\/\/www.mes-allocs.fr\/guides\/wp-content\/uploads\/2024\/10\/prime-noel-conge-parental-e1762185474958.jpg 1917w, https:\/\/www.mes-allocs.fr\/guides\/wp-content\/uploads\/2024\/10\/prime-noel-conge-parental-e1762185474958-300x47.jpg 300w, https:\/\/www.mes-allocs.fr\/guides\/wp-content\/uploads\/2024\/10\/prime-noel-conge-parental-e1762185474958-1024x160.jpg 1024w, https:\/\/www.mes-allocs.fr\/guides\/wp-content\/uploads\/2024\/10\/prime-noel-conge-parental-e1762185474958-768x120.jpg 768w, https:\/\/www.mes-allocs.fr\/guides\/wp-content\/uploads\/2024\/10\/prime-noel-conge-parental-e1762185474958-1536x240.jpg 1536w, https:\/\/www.mes-allocs.fr\/guides\/wp-content\/uploads\/2024\/10\/prime-noel-conge-parental-e1762185474958-600x94.jpg 600w\" sizes=\"auto, (max-width: 1917px) 100vw, 1917px\" \/><\/p>\n<p>[Mis \u00e0 jour le 04\/12\/2025] Le cong\u00e9 parental entra\u00eene souvent une baisse des revenus, alors la question revient chaque ann\u00e9e : peut-on toucher la prime de No\u00ebl pendant cette p\u00e9riode ? La r\u00e9ponse d\u00e9pend des aides que vous percevez. Si vous touchez le RSA ou une autre allocation \u00e9ligible, le <a href=\"https:\/\/www.mes-allocs.fr\/guides\/prime-de-noel\/prime-de-noel-cumul\/\">cumul avec la prime de No\u00ebl<\/a> est possible. En revanche, la simple perception de la PreParE ne suffit pas. Mes Allocs vous explique dans quels cas <strong>prime de No\u00ebl et cong\u00e9 parental<\/strong> peuvent \u00eatre cumul\u00e9s en 2025.<\/p>\n<div class='cta-block'><div class='text'>Simulez votre prime de No\u00ebl en 2 min.<\/div><a href='https:\/\/www.mes-allocs.fr\/ab-app?origin=guides\/wp-json\/wp\/v2\/posts\/84156' class='app-button fit'>Simulation gratuite<\/a><\/div>\n<h1>Peut-on toucher la prime de No\u00ebl quand on est en cong\u00e9 parental ?<\/h1>\n<p>Le cong\u00e9 parental ne donne pas automatiquement droit \u00e0 la prime de No\u00ebl, car cette aide de fin d&rsquo;ann\u00e9e n\u2019est pas li\u00e9e \u00e0 votre situation familiale, mais aux prestations sociales que vous percevez.<\/p>\n<p><iframe loading=\"lazy\" title=\"La prime de No\u00ebl\" width=\"500\" height=\"281\" src=\"https:\/\/www.youtube.com\/embed\/JSd0X11Muig?feature=oembed\" frameborder=\"0\" allow=\"accelerometer; autoplay; clipboard-write; encrypted-media; gyroscope; picture-in-picture; web-share\" referrerpolicy=\"strict-origin-when-cross-origin\" allowfullscreen><\/iframe><\/p>\n<h2>Cong\u00e9 parental : dans quels cas pouvez-vous toucher la prime de No\u00ebl ?<\/h2>\n<p>Si vous \u00eates en cong\u00e9 parental et que vous touchez le RSA socle, l\u2019ASS ou une autre aide \u00e9ligible, vous recevrez la prime de No\u00ebl automatiquement, vers\u00e9e par la CAF, la MSA ou France Travail selon votre situation.<\/p>\n<p>Voici quelques exemples de situations ouvrant droit \u00e0 la prime de No\u00ebl :<\/p>\n<ul class=\"list-10\">\n<li>Vous \u00e9tiez b\u00e9n\u00e9ficiaire, en novembre ou d\u00e9cembre 2025, d&rsquo;une des aides \u00e9ligibles pendant votre cong\u00e9 maternit\u00e9 et vous \u00eates actuellement en cong\u00e9 parental<\/li>\n<li>Vous faites une premi\u00e8re demande de minima social \u00e0 la suite d\u2019un cong\u00e9 maternit\u00e9. Et vous percevez en novembre ou d\u00e9cembre un versement, avant de partir en cong\u00e9 parental<\/li>\n<li>Vous \u00eates en situation de parent isol\u00e9 et vous prenez un cong\u00e9 parental. Dans ce cas, vous devez percevoir le RSA pour parent isol\u00e9 (en novembre ou d\u00e9cembre 2025) pendant votre cong\u00e9 parental pour \u00eatre \u00e9ligible \u00e0 la prime de No\u00ebl<\/li>\n<\/ul>\n<p>Vous \u00eates enceinte ou venez d&rsquo;accoucher ? D\u00e9couvrez notre article sur le <a href=\"https:\/\/www.mes-allocs.fr\/guides\/prime-de-noel\/prime-de-noel-cumul\/conge-maternite-et-prime-de-noel\/\">cumul cong\u00e9 maternit\u00e9 et prime de No\u00ebl<\/a> !<\/p>\n<h2>Cong\u00e9 parental : dans quel cas vous ne pouvez-vous pas toucher l&rsquo;aide de fin d&rsquo;ann\u00e9e ?<\/h2>\n<p>Si vous percevez uniquement la PreParE (Prestation partag\u00e9e d\u2019\u00e9ducation de l\u2019enfant), vous n\u2019\u00eates pas \u00e9ligible \u00e0 la prime de No\u00ebl. Cette prestation n\u2019est pas consid\u00e9r\u00e9e comme un minimum social, mais comme une aide \u00e0 la r\u00e9duction d\u2019activit\u00e9.<\/p>\n<div class='shortcode tips'><div class='title'>Exemple<\/div><div class='content'>Une m\u00e8re en cong\u00e9 parental total qui per\u00e7oit le RSA socle en compl\u00e9ment de la PreParE pourra toucher la prime de No\u00ebl CAF. En revanche, une famille qui per\u00e7oit uniquement la PreParE n\u2019y aura pas droit.<\/div><\/div>\n<div class='cta-block'><div class='text'>Simulez votre prime de No\u00ebl en 2 min.<\/div><a href='https:\/\/www.mes-allocs.fr\/ab-app?origin=guides\/wp-json\/wp\/v2\/posts\/84156' class='app-button fit'>Simulation gratuite<\/a><\/div>\n<h1>Quels sont les montants de la prime de No\u00ebl pendant un cong\u00e9 parental ?<\/h1>\n<p>Si vous \u00eates \u00e9ligible, les montants de la prime de No\u00ebl en 2025 sont les m\u00eames que les ann\u00e9es pr\u00e9c\u00e9dentes, et votre cong\u00e9 parental n&rsquo;impacte pas le montant vers\u00e9.<\/p>\n<p><strong>Pour les personnes b\u00e9n\u00e9ficiant du RSA<\/strong>, les montants auxquels vous avez droits sont les montants suivants :<\/p>\n<p><span style=\"font-weight: 400;\">\n<div class=\"wpdt-c row wpDataTableContainerSimpleTable wpDataTables wpDataTablesWrapper\n wdtscroll\"\n    >\n    <table id=\"wpdtSimpleTable-33\"\n           class=\"wpdtSimpleTable wpDataTable\"\n           data-column=\"3\"\n           data-rows=\"8\"\n           data-wpID=\"33\"\n           data-responsive=\"0\"\n           data-has-header=\"0\">\n\n                    <tbody>        <tr class=\"wpdt-cell-row \" >\n                            <td class=\"wpdt-cell wpdt-bc-F3F9FE wpdt-bold\"\n                                    data-cell-id=\"A1\"\n                data-col-index=\"0\"\n                data-row-index=\"0\"\n                style=\" width:260px;                padding:10px;\"\n                >\n                                Nombre d\u2019enfant(s)                <\/td>\n                                            <td class=\"wpdt-cell wpdt-bc-F3F9FE wpdt-bold\"\n                                    data-cell-id=\"B1\"\n                data-col-index=\"1\"\n                data-row-index=\"0\"\n                style=\" width:228px;                padding:10px;\"\n                >\n                                Personne seule                <\/td>\n                                            <td class=\"wpdt-cell wpdt-bc-F3F9FE wpdt-bold\"\n                                    data-cell-id=\"C1\"\n                data-col-index=\"2\"\n                data-row-index=\"0\"\n                style=\" width:217px;                padding:10px;\"\n                >\n                                En couple                <\/td>\n                                        <\/tr>\n                            <tr class=\"wpdt-cell-row \" >\n                            <td class=\"wpdt-cell wpdt-bold\"\n                                    data-cell-id=\"A2\"\n                data-col-index=\"0\"\n                data-row-index=\"1\"\n                style=\"                padding:10px;\"\n                >\n                                Sans enfant                <\/td>\n                                            <td class=\"wpdt-cell \"\n                                    data-cell-id=\"B2\"\n                data-col-index=\"1\"\n                data-row-index=\"1\"\n                style=\"                padding:10px;\"\n                >\n                                152,45 \u20ac                <\/td>\n                                            <td class=\"wpdt-cell \"\n                                    data-cell-id=\"C2\"\n                data-col-index=\"2\"\n                data-row-index=\"1\"\n                style=\"                padding:10px;\"\n                >\n                                228,68 \u20ac                <\/td>\n                                        <\/tr>\n                            <tr class=\"wpdt-cell-row \" >\n                            <td class=\"wpdt-cell wpdt-bold\"\n                                    data-cell-id=\"A3\"\n                data-col-index=\"0\"\n                data-row-index=\"2\"\n                style=\"                padding:10px;\"\n                >\n                                1 enfant                <\/td>\n                                            <td class=\"wpdt-cell \"\n                                    data-cell-id=\"B3\"\n                data-col-index=\"1\"\n                data-row-index=\"2\"\n                style=\"                padding:10px;\"\n                >\n                                228,68 \u20ac                <\/td>\n                                            <td class=\"wpdt-cell \"\n                                    data-cell-id=\"C3\"\n                data-col-index=\"2\"\n                data-row-index=\"2\"\n                style=\"                padding:10px;\"\n                >\n                                274,41 \u20ac                <\/td>\n                                        <\/tr>\n                            <tr class=\"wpdt-cell-row \" >\n                            <td class=\"wpdt-cell wpdt-bold\"\n                                    data-cell-id=\"A4\"\n                data-col-index=\"0\"\n                data-row-index=\"3\"\n                style=\"                padding:10px;\"\n                >\n                                2 enfants                <\/td>\n                                            <td class=\"wpdt-cell \"\n                                    data-cell-id=\"B4\"\n                data-col-index=\"1\"\n                data-row-index=\"3\"\n                style=\"                padding:10px;\"\n                >\n                                274,41 \u20ac                <\/td>\n                                            <td class=\"wpdt-cell \"\n                                    data-cell-id=\"C4\"\n                data-col-index=\"2\"\n                data-row-index=\"3\"\n                style=\"                padding:10px;\"\n                >\n                                320,15 \u20ac                <\/td>\n                                        <\/tr>\n                            <tr class=\"wpdt-cell-row \" >\n                            <td class=\"wpdt-cell wpdt-bold\"\n                                    data-cell-id=\"A5\"\n                data-col-index=\"0\"\n                data-row-index=\"4\"\n                style=\"                padding:10px;\"\n                >\n                                3 enfants                <\/td>\n                                            <td class=\"wpdt-cell \"\n                                    data-cell-id=\"B5\"\n                data-col-index=\"1\"\n                data-row-index=\"4\"\n                style=\"                padding:10px;\"\n                >\n                                335,39 \u20ac                <\/td>\n                                            <td class=\"wpdt-cell \"\n                                    data-cell-id=\"C5\"\n                data-col-index=\"2\"\n                data-row-index=\"4\"\n                style=\"                padding:10px;\"\n                >\n                                381,13 \u20ac                <\/td>\n                                        <\/tr>\n                            <tr class=\"wpdt-cell-row \" >\n                            <td class=\"wpdt-cell wpdt-bold\"\n                                    data-cell-id=\"A6\"\n                data-col-index=\"0\"\n                data-row-index=\"5\"\n                style=\"                padding:10px;\"\n                >\n                                4 enfants                <\/td>\n                                            <td class=\"wpdt-cell \"\n                                    data-cell-id=\"B6\"\n                data-col-index=\"1\"\n                data-row-index=\"5\"\n                style=\"                padding:10px;\"\n                >\n                                396,37 \u20ac                <\/td>\n                                            <td class=\"wpdt-cell \"\n                                    data-cell-id=\"C6\"\n                data-col-index=\"2\"\n                data-row-index=\"5\"\n                style=\"                padding:10px;\"\n                >\n                                442,11 \u20ac                <\/td>\n                                        <\/tr>\n                            <tr class=\"wpdt-cell-row \" >\n                            <td class=\"wpdt-cell wpdt-bold\"\n                                    data-cell-id=\"A7\"\n                data-col-index=\"0\"\n                data-row-index=\"6\"\n                style=\"                padding:10px;\"\n                >\n                                5 enfants                <\/td>\n                                            <td class=\"wpdt-cell \"\n                                    data-cell-id=\"B7\"\n                data-col-index=\"1\"\n                data-row-index=\"6\"\n                style=\"                padding:10px;\"\n                >\n                                457,35 \u20ac                <\/td>\n                                            <td class=\"wpdt-cell \"\n                                    data-cell-id=\"C7\"\n                data-col-index=\"2\"\n                data-row-index=\"6\"\n                style=\"                padding:10px;\"\n                >\n                                503,09 \u20ac                <\/td>\n                                        <\/tr>\n                            <tr class=\"wpdt-cell-row \" >\n                            <td class=\"wpdt-cell wpdt-bold\"\n                                    data-cell-id=\"A8\"\n                data-col-index=\"0\"\n                data-row-index=\"7\"\n                style=\"                padding:10px;\"\n                >\n                                Par enfant(s) suppl\u00e9mentaire                <\/td>\n                                            <td class=\"wpdt-cell \"\n                                    data-cell-id=\"B8\"\n                data-col-index=\"1\"\n                data-row-index=\"7\"\n                style=\"                padding:10px;\"\n                >\n                                +60,98 \u20ac                <\/td>\n                                            <td class=\"wpdt-cell \"\n                                    data-cell-id=\"C8\"\n                data-col-index=\"2\"\n                data-row-index=\"7\"\n                style=\"                padding:10px;\"\n                >\n                                +60,98 \u20ac                <\/td>\n                                        <\/tr>\n                    <\/table>\n<\/div><style id='wpdt-custom-style-33'>\n.wpdt-bc-F3F9FE { background-color: #F3F9FE !important;}\n<\/style>\n<\/span><\/p>\n<p><em>(Montants officiels en vigueur au 03\/12\/2025)<\/em><\/p>\n<p><strong>Si vous \u00eates allocataires de l&rsquo;AER ou de l&rsquo;ASS<\/strong>, le montant de la prime de No\u00ebl vers\u00e9e par France Travail est de 152,45 \u20ac. C\u2019est un montant fixe, et contrairement \u00e0 la prime de No\u00ebl vers\u00e9e par la CAF ou la MSA, il n\u2019y a aucune majoration en cas d\u2019enfant(s) \u00e0 charge.Le montant est fixe \u00e0 152,45\u20ac.<\/p>\n<h1>Quelle d\u00e9marche faut-il entreprendre pour b\u00e9n\u00e9ficier de la prime de No\u00ebl ?<\/h1>\n<p>Pour b\u00e9n\u00e9ficier de la prime de No\u00ebl, vous n&rsquo;avez aucune d\u00e9marche \u00e0 entreprendre. En effet, les organismes verseurs s&rsquo;occupent de tout et vous versent par virement bancaire automatique votre prime de No\u00ebl d\u00e8s le 16 d\u00e9cembre 2025.<\/p>\n<p>Ainsi, assurez-vous que les informations suivantes ont \u00e9t\u00e9 mises \u00e0 jour :<\/p>\n<ul>\n<li>Votre RIB<\/li>\n<li>Votre situation matrimoniale<\/li>\n<li>La composition de votre foyer<\/li>\n<\/ul>\n<h1>Prime de No\u00ebl vers\u00e9e par l\u2019employeur pendant un cong\u00e9 parental : est-ce possible ?<\/h1>\n<p><strong>Oui<\/strong>, c\u2019est possible dans certains cas. Le cong\u00e9 parental suspend votre contrat de travail, mais pas votre lien avec l\u2019entreprise. Cela signifie que vous pouvez, sous certaines conditions, percevoir la prime de No\u00ebl vers\u00e9e par votre employeur, \u00e0 condition que celle-ci soit pr\u00e9vue par un accord collectif, une convention de branche ou un usage d\u2019entreprise.<\/p>\n<p>Cependant, tout d\u00e9pend du type de cong\u00e9 parental :<\/p>\n<ul>\n<li>Si vous \u00eates en cong\u00e9 parental \u00e0 temps partiel, vous restez salari\u00e9 actif. Vous pouvez donc b\u00e9n\u00e9ficier de la prime de No\u00ebl d\u2019entreprise, au m\u00eame titre que vos coll\u00e8gues \u00e0 temps plein, souvent au prorata de votre temps de travail.<\/li>\n<li>Si vous \u00eates en cong\u00e9 parental total, l\u2019employeur n\u2019est pas oblig\u00e9 de vous verser cette prime, car vous ne percevez plus de salaire pendant cette p\u00e9riode. Tout d\u00e9pend alors des dispositions internes de l\u2019entreprise.<\/li>\n<\/ul>\n<h1>Quelles aides financi\u00e8res peuvent vous accompagner pendant le cong\u00e9 parental ?<\/h1>\n<p><span class=\"amp-wp-fe3f5cc\" data-amp-original-style=\"font-weight: 400;\">Pendant un cong\u00e9 parental, vous pouvez b\u00e9n\u00e9ficier de plusieurs aides pour vous accompagner durant cette p\u00e9riode. Sous certaines conditions, vous pouvez recevoir les aides sociales suivantes :<\/span><\/p>\n<ul>\n<li><span class=\"amp-wp-fe3f5cc\" data-amp-original-style=\"font-weight: 400;\">La Prestation d\u2019Accueil du Jeune Enfant <strong>(Paje)<\/strong> vers\u00e9e par la CAF ou la MSA<\/span><\/li>\n<li class=\"amp-wp-fe3f5cc\" aria-level=\"1\" data-amp-original-style=\"font-weight: 400;\">L\u2019Allocation Journali\u00e8re de Pr\u00e9sence Parentale <strong>(AJPP)<\/strong><\/li>\n<li class=\"amp-wp-fe3f5cc\" aria-level=\"1\" data-amp-original-style=\"font-weight: 400;\">La Prestation Partag\u00e9e d\u2019Education de l\u2019Enfant <strong>(PreParE)<\/strong> ou la PreParE major\u00e9e<\/li>\n<li class=\"amp-wp-fe3f5cc\" aria-level=\"1\" data-amp-original-style=\"font-weight: 400;\">Le Compl\u00e9ment de libre choix du Mode de Garde <strong>(CMG)<\/strong><\/li>\n<\/ul>\n<div class='cta-block'><div class='text'>Simulez votre prime de No\u00ebl en 2 min.<\/div><a href='https:\/\/www.mes-allocs.fr\/ab-app?origin=guides\/wp-json\/wp\/v2\/posts\/84156' class='app-button fit'>Simulation gratuite<\/a><\/div>\n","protected":false},"excerpt":{"rendered":"<p>[Mis \u00e0 jour le 04\/12\/2025] Le cong\u00e9 parental entra\u00eene souvent une baisse des revenus, alors la question revient chaque ann\u00e9e : peut-on toucher la prime de No\u00ebl pendant cette p\u00e9riode ? La r\u00e9ponse d\u00e9pend des aides que vous percevez. Si vous touchez le RSA ou une autre allocation \u00e9ligible, le cumul avec la prime de [&hellip;]<\/p>\n","protected":false},"author":30,"featured_media":84163,"comment_status":"open","ping_status":"open","sticky":false,"template":"","format":"standard","meta":{"amp_status":"","footnotes":""},"categories":[31,38913],"tags":[],"class_list":["post-84156","post","type-post","status-publish","format-standard","has-post-thumbnail","hentry","category-prime-de-noel","category-prime-de-noel-cumul"],"yoast_head":"<!-- This site is optimized with the Yoast SEO plugin v14.9 - https:\/\/yoast.com\/wordpress\/plugins\/seo\/ -->\n<title>Prime de No\u00ebl en cong\u00e9 parental : est-ce possible ? | Mes-Allocs.fr<\/title>\n<meta name=\"description\" content=\"Vous \u00eates en cong\u00e9 parental et vous vous demandez si vous pouvez b\u00e9n\u00e9ficier de la prime de No\u00ebl ? On vous explique tout !\" \/>\n<meta name=\"robots\" content=\"index, follow, max-snippet:-1, max-image-preview:large, max-video-preview:-1\" \/>\n<link rel=\"canonical\" href=\"https:\/\/www.mes-allocs.fr\/guides\/prime-de-noel\/prime-de-noel-cumul\/conge-parental-et-prime-de-noel\/\" \/>\n<meta property=\"og:locale\" content=\"fr_FR\" \/>\n<meta property=\"og:type\" content=\"article\" \/>\n<meta property=\"og:title\" content=\"Prime de No\u00ebl en cong\u00e9 parental : est-ce possible ? | Mes-Allocs.fr\" \/>\n<meta property=\"og:description\" content=\"Vous \u00eates en cong\u00e9 parental et vous vous demandez si vous pouvez b\u00e9n\u00e9ficier de la prime de No\u00ebl ? On vous explique tout !\" \/>\n<meta property=\"og:url\" content=\"https:\/\/www.mes-allocs.fr\/guides\/prime-de-noel\/prime-de-noel-cumul\/conge-parental-et-prime-de-noel\/\" \/>\n<meta property=\"og:site_name\" content=\"Mes-Allocs.fr\" \/>\n<meta property=\"article:published_time\" content=\"2024-10-28T15:43:25+00:00\" \/>\n<meta property=\"article:modified_time\" content=\"2026-04-22T09:51:22+00:00\" \/>\n<meta property=\"og:image\" content=\"https:\/\/www.mes-allocs.fr\/guides\/wp-content\/uploads\/2024\/10\/conge-parental-et-prime-de-noel.jpg?wsr\" \/>\n\t<meta property=\"og:image:width\" content=\"1280\" \/>\n\t<meta property=\"og:image:height\" content=\"848\" \/>\n<meta name=\"twitter:card\" content=\"summary_large_image\" \/>\n<script type=\"application\/ld+json\" class=\"yoast-schema-graph\">{\"@context\":\"https:\/\/schema.org\",\"@graph\":[{\"@type\":\"WebSite\",\"@id\":\"https:\/\/www.mes-allocs.fr\/guides\/#website\",\"url\":\"https:\/\/www.mes-allocs.fr\/guides\/\",\"name\":\"Mes-Allocs.fr\",\"description\":\"\",\"potentialAction\":[{\"@type\":\"SearchAction\",\"target\":\"https:\/\/www.mes-allocs.fr\/guides\/?s={search_term_string}\",\"query-input\":\"required name=search_term_string\"}],\"inLanguage\":\"fr-FR\"},{\"@type\":\"ImageObject\",\"@id\":\"https:\/\/www.mes-allocs.fr\/guides\/prime-de-noel\/prime-de-noel-cumul\/conge-parental-et-prime-de-noel\/#primaryimage\",\"inLanguage\":\"fr-FR\",\"url\":\"https:\/\/www.mes-allocs.fr\/guides\/wp-content\/uploads\/2024\/10\/conge-parental-et-prime-de-noel.jpg?wsr\",\"width\":1280,\"height\":848,\"caption\":\"conge parental et prime de noel\"},{\"@type\":\"WebPage\",\"@id\":\"https:\/\/www.mes-allocs.fr\/guides\/prime-de-noel\/prime-de-noel-cumul\/conge-parental-et-prime-de-noel\/#webpage\",\"url\":\"https:\/\/www.mes-allocs.fr\/guides\/prime-de-noel\/prime-de-noel-cumul\/conge-parental-et-prime-de-noel\/\",\"name\":\"Prime de No\\u00ebl en cong\\u00e9 parental : est-ce possible ? | Mes-Allocs.fr\",\"isPartOf\":{\"@id\":\"https:\/\/www.mes-allocs.fr\/guides\/#website\"},\"primaryImageOfPage\":{\"@id\":\"https:\/\/www.mes-allocs.fr\/guides\/prime-de-noel\/prime-de-noel-cumul\/conge-parental-et-prime-de-noel\/#primaryimage\"},\"datePublished\":\"2024-10-28T15:43:25+00:00\",\"dateModified\":\"2026-04-22T09:51:22+00:00\",\"author\":{\"@id\":\"https:\/\/www.mes-allocs.fr\/guides\/#\/schema\/person\/66505fe443d6e6f3696c5af001f3fab8\"},\"description\":\"Vous \\u00eates en cong\\u00e9 parental et vous vous demandez si vous pouvez b\\u00e9n\\u00e9ficier de la prime de No\\u00ebl ? On vous explique tout !\",\"inLanguage\":\"fr-FR\"},{\"@type\":\"Person\",\"@id\":\"https:\/\/www.mes-allocs.fr\/guides\/#\/schema\/person\/66505fe443d6e6f3696c5af001f3fab8\",\"name\":\"Lauriane Oriol\",\"image\":{\"@type\":\"ImageObject\",\"@id\":\"https:\/\/www.mes-allocs.fr\/guides\/#personlogo\",\"inLanguage\":\"fr-FR\",\"url\":\"https:\/\/www.mes-allocs.fr\/guides\/wp-content\/uploads\/2024\/10\/1702589802731-1-150x150.jpeg\",\"caption\":\"Lauriane Oriol\"},\"description\":\"Lauriane est r\\u00e9dactrice chez Mes Allocs. Sp\\u00e9cialiste des d\\u00e9marches administratives, elle rejoint Mes Allocs apr\\u00e8s une premi\\u00e8re exp\\u00e9rience en marketing et communication.\"}]}<\/script>\n<!-- \/ Yoast SEO plugin. -->","amp_validity":null,"acf":{"faq":{"1":{"question":"Quelle aide cumuler avec le cong\u00e9 parental ?","answer":"Vous pouvez cumuler le cong\u00e9 parental avec les aides suivantes :  l'aide personnalis\u00e9e au logement, l'allocation aux adultes handicap\u00e9s (AAH), les allocations familiales ou la prestation d'accueil du jeune enfant (Paje) etc."},"2":{"question":"Puis-je toucher la prime d'activit\u00e9 en cong\u00e9 parental ?","answer":"Les personnes de plus de 18 ans en cong\u00e9 parental, sabbatique, sans solde ou en disponibilit\u00e9 peuvent b\u00e9n\u00e9ficier de la prime d'activit\u00e9 sous certaines conditions. "},"3":{"question":" Comment gagner de l'argent en \u00e9tant en cong\u00e9 parental ?","answer":"Le cong\u00e9 parental n'est pas r\u00e9mun\u00e9r\u00e9 par l'employeur, mais sous certaines conditions, vous pouvez avoir droit \u00e0 une r\u00e9mun\u00e9ration via le versement d'une allocation par la CAF ou la MSA."},"4":{"question":"Quelles sont les nouvelles dispositions du cong\u00e9 parental ?","answer":"La dur\u00e9e initiale du cong\u00e9 est de 1 an, renouvelable deux fois, soit jusqu'aux trois ans de l'enfant. Mais depuis la loi du 9 mars 2023, cette anciennet\u00e9 est calcul\u00e9e \u00e0 la date de la demande de cong\u00e9 et non plus \u00e0 la date de naissance ou d'arriv\u00e9e de l'enfant."},"5":{"question":"","answer":""},"6":{"question":"","answer":""},"7":{"question":"","answer":""},"8":{"question":"","answer":""},"9":{"question":"","answer":""},"10":{"question":"","answer":""},"11":{"question":"","answer":""},"12":{"question":"","answer":""},"13":{"question":"","answer":""},"14":{"question":"","answer":""},"15":{"question":"","answer":""},"16":{"question":"","answer":""}}},"_links":{"self":[{"href":"https:\/\/www.mes-allocs.fr\/guides\/wp-json\/wp\/v2\/posts\/84156","targetHints":{"allow":["GET"]}}],"collection":[{"href":"https:\/\/www.mes-allocs.fr\/guides\/wp-json\/wp\/v2\/posts"}],"about":[{"href":"https:\/\/www.mes-allocs.fr\/guides\/wp-json\/wp\/v2\/types\/post"}],"author":[{"embeddable":true,"href":"https:\/\/www.mes-allocs.fr\/guides\/wp-json\/wp\/v2\/users\/30"}],"replies":[{"embeddable":true,"href":"https:\/\/www.mes-allocs.fr\/guides\/wp-json\/wp\/v2\/comments?post=84156"}],"version-history":[{"count":31,"href":"https:\/\/www.mes-allocs.fr\/guides\/wp-json\/wp\/v2\/posts\/84156\/revisions"}],"predecessor-version":[{"id":106399,"href":"https:\/\/www.mes-allocs.fr\/guides\/wp-json\/wp\/v2\/posts\/84156\/revisions\/106399"}],"wp:featuredmedia":[{"embeddable":true,"href":"https:\/\/www.mes-allocs.fr\/guides\/wp-json\/wp\/v2\/media\/84163"}],"wp:attachment":[{"href":"https:\/\/www.mes-allocs.fr\/guides\/wp-json\/wp\/v2\/media?parent=84156"}],"wp:term":[{"taxonomy":"category","embeddable":true,"href":"https:\/\/www.mes-allocs.fr\/guides\/wp-json\/wp\/v2\/categories?post=84156"},{"taxonomy":"post_tag","embeddable":true,"href":"https:\/\/www.mes-allocs.fr\/guides\/wp-json\/wp\/v2\/tags?post=84156"}],"curies":[{"name":"wp","href":"https:\/\/api.w.org\/{rel}","templated":true}]}}