{"id":84155,"date":"2024-10-17T18:44:09","date_gmt":"2024-10-17T16:44:09","guid":{"rendered":"https:\/\/www.mes-allocs.fr\/guides\/?p=84155"},"modified":"2026-04-22T10:51:25","modified_gmt":"2026-04-22T09:51:25","slug":"aaeh-et-prime-de-noel","status":"publish","type":"post","link":"https:\/\/www.mes-allocs.fr\/guides\/prime-de-noel\/prime-de-noel-cumul\/aaeh-et-prime-de-noel\/","title":{"rendered":"Peut-on cumuler l\u2019AEEH et la prime de No\u00ebl ?"},"content":{"rendered":"<p><img loading=\"lazy\" decoding=\"async\" class=\"aligncenter size-full wp-image-105445\" title=\"prime noel aeeh\" src=\"https:\/\/www.mes-allocs.fr\/guides\/wp-content\/uploads\/2024\/10\/prime-noel-aeeh-e1762182851618.jpg\" alt=\"prime noel aeeh\" width=\"1920\" height=\"300\" srcset=\"https:\/\/www.mes-allocs.fr\/guides\/wp-content\/uploads\/2024\/10\/prime-noel-aeeh-e1762182851618.jpg 1920w, https:\/\/www.mes-allocs.fr\/guides\/wp-content\/uploads\/2024\/10\/prime-noel-aeeh-e1762182851618-300x47.jpg 300w, https:\/\/www.mes-allocs.fr\/guides\/wp-content\/uploads\/2024\/10\/prime-noel-aeeh-e1762182851618-1024x160.jpg 1024w, https:\/\/www.mes-allocs.fr\/guides\/wp-content\/uploads\/2024\/10\/prime-noel-aeeh-e1762182851618-768x120.jpg 768w, https:\/\/www.mes-allocs.fr\/guides\/wp-content\/uploads\/2024\/10\/prime-noel-aeeh-e1762182851618-1536x240.jpg 1536w, https:\/\/www.mes-allocs.fr\/guides\/wp-content\/uploads\/2024\/10\/prime-noel-aeeh-e1762182851618-600x94.jpg 600w\" sizes=\"auto, (max-width: 1920px) 100vw, 1920px\" \/><\/p>\n<p>[Mis \u00e0 jour le 04\/12\/2025] Tous les ans, plusieurs organismes versent la prime de No\u00ebl \u00e0 tous leurs b\u00e9n\u00e9ficiaires. Les personnes percevant certains minima sociaux ont donc la possibilit\u00e9 d&rsquo;obtenir un coup de pouce cons\u00e9quent en <a href=\"https:\/\/www.mes-allocs.fr\/guides\/prime-de-noel\/prime-de-noel-cumul\/\">cumulant la prime de No\u00ebl<\/a> avec les aides per\u00e7ues tout au long de l&rsquo;ann\u00e9e. Mais quelles sont les conditions d&rsquo;\u00e9ligibilit\u00e9 ? Peut-on cumuler <strong>AEEH et prime de No\u00ebl<\/strong> ? On vous explique ce qu&rsquo;il en est en 2025.<\/p>\n<div class='cta-block'><div class='text'>Simulez votre prime de No\u00ebl en 2 min.<\/div><a href='https:\/\/www.mes-allocs.fr\/ab-app?origin=guides\/wp-json\/wp\/v2\/posts\/84155' class='app-button fit'>Simulation gratuite<\/a><\/div>\n<h1>Les b\u00e9n\u00e9ficiaires de l&rsquo;AEEH ont-ils droit \u00e0 la prime de No\u00ebl ?<\/h1>\n<p><strong>Non<\/strong>, une famille qui per\u00e7oit l\u2019AEEH (Allocation d\u2019\u00c9ducation de l\u2019Enfant Handicap\u00e9) n\u2019est pas \u00e9ligible \u00e0 la prime de No\u00ebl, sauf cas particulier o\u00f9 elle touche en parall\u00e8le une autre aide ouvrant droit \u00e0 la prime (comme le RSA socle).<\/p>\n<p>Autrement dit, si votre foyer per\u00e7oit uniquement l\u2019AEEH, vous ne recevrez pas la prime de No\u00ebl. En revanche, un cumul avec le RSA socle peut vous rendre \u00e9ligible<\/p>\n<h2>Pourquoi les personnes en situation de handicap ne sont-elles pas \u00e9ligibles \u00e0 la prime de No\u00ebl ?<\/h2>\n<p>L\u2019exclusion des personnes en situation de handicap du dispositif de la prime de No\u00ebl repose sur des choix budg\u00e9taires et politiques \u00e9tablis depuis la cr\u00e9ation de cette aide en 1998. Contrairement au RSA, \u00e0 l\u2019ASS ou \u00e0 l\u2019AER, la prime de No\u00ebl n\u2019a jamais \u00e9t\u00e9 \u00e9tendue aux b\u00e9n\u00e9ficiaires de l\u2019AAH (Allocation aux Adultes Handicap\u00e9s) ni de l\u2019AEEH (Allocation d\u2019\u00c9ducation de l\u2019Enfant Handicap\u00e9).<\/p>\n<p>Selon les pouvoirs publics, cette exclusion s\u2019explique par le fait que <strong>ces allocations ont connu des revalorisations r\u00e9guli\u00e8res<\/strong> au fil des ann\u00e9es. En 15 ans, le montant de l\u2019AAH a notamment augment\u00e9 de plus de 25 %, alors que d\u2019autres minima sociaux comme le RSA ont connu des hausses plus modestes.<\/p>\n<p>Le gouvernement consid\u00e8re donc que ces revalorisations ont d\u00e9j\u00e0 permis d\u2019am\u00e9liorer le pouvoir d\u2019achat des b\u00e9n\u00e9ficiaires, sans qu\u2019il soit n\u00e9cessaire d\u2019y ajouter une prime exceptionnelle de fin d\u2019ann\u00e9e.<\/p>\n<p><strong>Bon \u00e0 savoir : <a href=\"https:\/\/www.mes-allocs.fr\/guides\/prime-de-noel\/prime-de-noel-cumul\/aah-et-prime-de-noel\/\">AAH et prime de No\u00ebl<\/a> ne sont pas cumulables non plus.\u00a0<\/strong><\/p>\n<p><iframe loading=\"lazy\" title=\"La prime de No\u00ebl\" width=\"500\" height=\"281\" src=\"https:\/\/www.youtube.com\/embed\/JSd0X11Muig?feature=oembed\" frameborder=\"0\" allow=\"accelerometer; autoplay; clipboard-write; encrypted-media; gyroscope; picture-in-picture; web-share\" referrerpolicy=\"strict-origin-when-cross-origin\" allowfullscreen><\/iframe><\/p>\n<h2>Une revendication nationale<\/h2>\n<p>Les b\u00e9n\u00e9ficiaires de l\u2019AAH et de l&rsquo;AEEH n\u2019ont jamais \u00e9taient \u00e9ligibles \u00e0 la prime exceptionnelle de fin d&rsquo;ann\u00e9e. Cette d\u00e9cision politique est remise en question tous les ans et de nombreuses associations se battent pour un changement.<\/p>\n<p>Tous les ans, les associations qui d\u00e9fendent les droits des b\u00e9n\u00e9ficiaires de l&rsquo;AAH ou de l&rsquo;AEEH vont \u00e0 la rencontre des pouvoirs publics pour faire entendre leurs voix et leurs points de vue. Malgr\u00e9 tout cela, <strong>il n\u2019est toujours pas envisag\u00e9 d&rsquo;ouvrir la prime de No\u00ebl aux b\u00e9n\u00e9ficiaires de l&rsquo;AAH ou de l&rsquo;AEEH.<\/strong><\/p>\n<p>Les associations pers\u00e9v\u00e8rent et n&rsquo;arr\u00eatent pas leur mobilisation pour autant. De plus, depuis des ann\u00e9es, de tr\u00e8s nombreuses p\u00e9titions ont vu le jour. Par exemple, le Collectif Handicaps, qui r\u00e9unit 51 associations, soutient toutes ces revendications car les b\u00e9n\u00e9ficiaires de l&rsquo;AEEH et de l\u2019AAH restent en dessous du seuil de pauvret\u00e9 malgr\u00e9 les revalorisations. Les arguments du gouvernement sont donc contredits et r\u00e9fut\u00e9s.<\/p>\n<div class='cta-block'><div class='text'>Simulez votre prime de No\u00ebl en 2 min.<\/div><a href='https:\/\/www.mes-allocs.fr\/ab-app?origin=guides\/wp-json\/wp\/v2\/posts\/84155' class='app-button fit'>Simulation gratuite<\/a><\/div>\n<h1>Peut-on cumuler l\u2019AEEH avec une autre aide ouvrant droit \u00e0 la prime de No\u00ebl ?<\/h1>\n<p><strong>Oui<\/strong>, dans certains cas, les familles qui per\u00e7oivent l\u2019AEEH peuvent effectivement recevoir la prime de No\u00ebl, mais <strong>pas gr\u00e2ce \u00e0 l\u2019AEEH elle-m\u00eame<\/strong>. Tout d\u00e9pend des autres aides que le foyer touche au moment du versement.<\/p>\n<h2>Le cas du RSA ouvrant droit \u00e0 la prime de No\u00ebl<\/h2>\n<p>Si, en plus de l\u2019AEEH, votre foyer b\u00e9n\u00e9ficie d\u2019un minimum social \u00e9ligible, comme le <strong>RSA socle<\/strong>, vous pourrez percevoir la prime de No\u00ebl vers\u00e9e par la CAF. Autrement dit, c\u2019est le RSA qui ouvre le droit \u00e0 la prime, et non l\u2019AEEH.<\/p>\n<p><div class='shortcode tips'><div class='title'>Exemple<\/div><div class='content'>Une m\u00e8re isol\u00e9e \u00e9l\u00e8ve un enfant en situation de handicap. Elle per\u00e7oit l\u2019AEEH pour son enfant et le RSA socle pour compl\u00e9ter ses ressources. Dans ce cas, elle recevra bien la prime de No\u00ebl CAF au titre du RSA. Si elle n&rsquo;avait pas \u00e9t\u00e9 b\u00e9n\u00e9ficiaire du RSA, elle n&rsquo;aurait pas re\u00e7u la prime de No\u00ebl.<\/div><\/div><!-- notionvc: 8a033582-122b-49ec-a3e0-ce2fa09692c7 --><\/p>\n<h2>Les aides France Travail ouvrant droit \u00e0 la prime de No\u00ebl<\/h2>\n<p>Les familles percevant l\u2019AEEH peuvent \u00e9galement toucher la prime de No\u00ebl vers\u00e9e par France Travail (ex-P\u00f4le Emploi) si l\u2019un des membres du foyer b\u00e9n\u00e9ficie d\u2019une <strong>allocation \u00e9ligible<\/strong>. L\u00e0 encore, ce n\u2019est pas l\u2019AEEH qui ouvre le droit, mais l\u2019aide de France Travail per\u00e7ue en novembre ou d\u00e9cembre 2025.<\/p>\n<p>Sont notamment concern\u00e9es les personnes touchant :<\/p>\n<ul>\n<li>L\u2019Allocation de Solidarit\u00e9 Sp\u00e9cifique (ASS)<\/li>\n<li>La Prime transitoire de solidarit\u00e9 (PTS)<\/li>\n<li>L\u2019Allocation \u00e9quivalent retraite (AER)<\/li>\n<li>La prime forfaitaire pour reprise d\u2019activit\u00e9.<\/li>\n<\/ul>\n<p>Ainsi, si un parent au ch\u00f4mage per\u00e7oit l\u2019ASS tout en b\u00e9n\u00e9ficiant de l\u2019AEEH pour son enfant, il pourra toucher la prime de No\u00ebl France Travail au titre de l\u2019ASS.<br \/>\nEn revanche, s\u2019il per\u00e7oit uniquement l\u2019AEEH sans aucune de ces aides, il n\u2019y aura pas de versement.<\/p>\n<h1>Les aides qui remplacent (ou compl\u00e8tent) la prime de No\u00ebl pour les familles avec enfant handicap\u00e9<\/h1>\n<p>M\u00eame si les familles percevant l\u2019AEEH ne sont g\u00e9n\u00e9ralement pas concern\u00e9es par la prime de No\u00ebl, elles peuvent tout de m\u00eame b\u00e9n\u00e9ficier d\u2019autres aides financi\u00e8res compl\u00e9mentaires pour faire face aux d\u00e9penses de fin d\u2019ann\u00e9e.<\/p>\n<p>La premi\u00e8re est l\u2019<strong>AEEH<\/strong> elle-m\u00eame, qui peut \u00eatre major\u00e9e par un compl\u00e9ment d\u2019AEEH selon le taux de handicap de l\u2019enfant, la n\u00e9cessit\u00e9 de soins ou la r\u00e9duction d\u2019activit\u00e9 d\u2019un parent. Cette majoration vise justement \u00e0 compenser les frais suppl\u00e9mentaires li\u00e9s au handicap et \u00e0 soutenir les familles dont les revenus sont limit\u00e9s.<\/p>\n<p>En parall\u00e8le, il est possible de percevoir des aides cumulables, comme :<\/p>\n<ul>\n<li>Le RSA ou la prime d\u2019activit\u00e9, selon la situation professionnelle des parents<\/li>\n<li>Les Aides Personnalis\u00e9es au Logement (APL)<\/li>\n<li>Les aides locales vers\u00e9es par les communes, les conseils d\u00e9partementaux ou les centres communaux d\u2019action sociale (CCAS)<\/li>\n<\/ul>\n<p><div class='shortcode read-more'><div class='title'>En savoir plus<\/div><div class='content'>Certaines collectivit\u00e9s distribuent, chaque fin d\u2019ann\u00e9e, une aide exceptionnelle ou des ch\u00e8ques-cadeaux aux foyers modestes, y compris ceux ayant un enfant en situation de handicap.<\/div><\/div><!-- notionvc: f0dba7b9-84fd-4d1f-86fd-2b50ab6d29c0 --><\/p>\n<div class='cta-block'><div class='text'>Simulez votre prime de No\u00ebl en 2 min.<\/div><a href='https:\/\/www.mes-allocs.fr\/ab-app?origin=guides\/wp-json\/wp\/v2\/posts\/84155' class='app-button fit'>Simulation gratuite<\/a><\/div>\n","protected":false},"excerpt":{"rendered":"<p>[Mis \u00e0 jour le 04\/12\/2025] Tous les ans, plusieurs organismes versent la prime de No\u00ebl \u00e0 tous leurs b\u00e9n\u00e9ficiaires. Les personnes percevant certains minima sociaux ont donc la possibilit\u00e9 d&rsquo;obtenir un coup de pouce cons\u00e9quent en cumulant la prime de No\u00ebl avec les aides per\u00e7ues tout au long de l&rsquo;ann\u00e9e. Mais quelles sont les conditions [&hellip;]<\/p>\n","protected":false},"author":30,"featured_media":84164,"comment_status":"open","ping_status":"open","sticky":false,"template":"","format":"standard","meta":{"amp_status":"","footnotes":""},"categories":[31,38913],"tags":[],"class_list":["post-84155","post","type-post","status-publish","format-standard","has-post-thumbnail","hentry","category-prime-de-noel","category-prime-de-noel-cumul"],"yoast_head":"<!-- This site is optimized with the Yoast SEO plugin v14.9 - https:\/\/yoast.com\/wordpress\/plugins\/seo\/ -->\n<title>AEEH et prime de No\u00ebl : sont-elles cumulables ? | Mes-Allocs.fr<\/title>\n<meta name=\"description\" content=\"Le versement de la prime de No\u00ebl approche. Vous \u00eates allocataire de l&#039;AEEH ? D\u00e9couvrez si cette aide est cumulable avec la prime de No\u00ebl.\" \/>\n<meta name=\"robots\" content=\"index, follow, max-snippet:-1, max-image-preview:large, max-video-preview:-1\" \/>\n<link rel=\"canonical\" href=\"https:\/\/www.mes-allocs.fr\/guides\/prime-de-noel\/prime-de-noel-cumul\/aaeh-et-prime-de-noel\/\" \/>\n<meta property=\"og:locale\" content=\"fr_FR\" \/>\n<meta property=\"og:type\" content=\"article\" \/>\n<meta property=\"og:title\" content=\"AEEH et prime de No\u00ebl : sont-elles cumulables ? | Mes-Allocs.fr\" \/>\n<meta property=\"og:description\" content=\"Le versement de la prime de No\u00ebl approche. Vous \u00eates allocataire de l&#039;AEEH ? D\u00e9couvrez si cette aide est cumulable avec la prime de No\u00ebl.\" \/>\n<meta property=\"og:url\" content=\"https:\/\/www.mes-allocs.fr\/guides\/prime-de-noel\/prime-de-noel-cumul\/aaeh-et-prime-de-noel\/\" \/>\n<meta property=\"og:site_name\" content=\"Mes-Allocs.fr\" \/>\n<meta property=\"article:published_time\" content=\"2024-10-17T16:44:09+00:00\" \/>\n<meta property=\"article:modified_time\" content=\"2026-04-22T09:51:25+00:00\" \/>\n<meta property=\"og:image\" content=\"https:\/\/www.mes-allocs.fr\/guides\/wp-content\/uploads\/2024\/10\/aeeh-et-prime-de-noel.jpg?wsr\" \/>\n\t<meta property=\"og:image:width\" content=\"1280\" \/>\n\t<meta property=\"og:image:height\" content=\"853\" \/>\n<meta name=\"twitter:card\" content=\"summary_large_image\" \/>\n<script type=\"application\/ld+json\" class=\"yoast-schema-graph\">{\"@context\":\"https:\/\/schema.org\",\"@graph\":[{\"@type\":\"WebSite\",\"@id\":\"https:\/\/www.mes-allocs.fr\/guides\/#website\",\"url\":\"https:\/\/www.mes-allocs.fr\/guides\/\",\"name\":\"Mes-Allocs.fr\",\"description\":\"\",\"potentialAction\":[{\"@type\":\"SearchAction\",\"target\":\"https:\/\/www.mes-allocs.fr\/guides\/?s={search_term_string}\",\"query-input\":\"required name=search_term_string\"}],\"inLanguage\":\"fr-FR\"},{\"@type\":\"ImageObject\",\"@id\":\"https:\/\/www.mes-allocs.fr\/guides\/prime-de-noel\/prime-de-noel-cumul\/aaeh-et-prime-de-noel\/#primaryimage\",\"inLanguage\":\"fr-FR\",\"url\":\"https:\/\/www.mes-allocs.fr\/guides\/wp-content\/uploads\/2024\/10\/aeeh-et-prime-de-noel.jpg?wsr\",\"width\":1280,\"height\":853,\"caption\":\"aeeh et prime de noel\"},{\"@type\":\"WebPage\",\"@id\":\"https:\/\/www.mes-allocs.fr\/guides\/prime-de-noel\/prime-de-noel-cumul\/aaeh-et-prime-de-noel\/#webpage\",\"url\":\"https:\/\/www.mes-allocs.fr\/guides\/prime-de-noel\/prime-de-noel-cumul\/aaeh-et-prime-de-noel\/\",\"name\":\"AEEH et prime de No\\u00ebl : sont-elles cumulables ? | Mes-Allocs.fr\",\"isPartOf\":{\"@id\":\"https:\/\/www.mes-allocs.fr\/guides\/#website\"},\"primaryImageOfPage\":{\"@id\":\"https:\/\/www.mes-allocs.fr\/guides\/prime-de-noel\/prime-de-noel-cumul\/aaeh-et-prime-de-noel\/#primaryimage\"},\"datePublished\":\"2024-10-17T16:44:09+00:00\",\"dateModified\":\"2026-04-22T09:51:25+00:00\",\"author\":{\"@id\":\"https:\/\/www.mes-allocs.fr\/guides\/#\/schema\/person\/66505fe443d6e6f3696c5af001f3fab8\"},\"description\":\"Le versement de la prime de No\\u00ebl approche. Vous \\u00eates allocataire de l'AEEH ? D\\u00e9couvrez si cette aide est cumulable avec la prime de No\\u00ebl.\",\"inLanguage\":\"fr-FR\"},{\"@type\":\"Person\",\"@id\":\"https:\/\/www.mes-allocs.fr\/guides\/#\/schema\/person\/66505fe443d6e6f3696c5af001f3fab8\",\"name\":\"Lauriane Oriol\",\"image\":{\"@type\":\"ImageObject\",\"@id\":\"https:\/\/www.mes-allocs.fr\/guides\/#personlogo\",\"inLanguage\":\"fr-FR\",\"url\":\"https:\/\/www.mes-allocs.fr\/guides\/wp-content\/uploads\/2024\/10\/1702589802731-1-150x150.jpeg\",\"caption\":\"Lauriane Oriol\"},\"description\":\"Lauriane est r\\u00e9dactrice chez Mes Allocs. Sp\\u00e9cialiste des d\\u00e9marches administratives, elle rejoint Mes Allocs apr\\u00e8s une premi\\u00e8re exp\\u00e9rience en marketing et communication.\"}]}<\/script>\n<!-- \/ Yoast SEO plugin. -->","amp_validity":null,"acf":{"faq":{"1":{"question":"Est-ce que les b\u00e9n\u00e9ficiaires de l'AAH ont droit \u00e0 la prime de No\u00ebl ?","answer":"La r\u00e9ponse est malheureusement non."},"2":{"question":"Quelles sont les aides pour les b\u00e9n\u00e9ficiaires de l'AAH ?","answer":"Vous avez droit aux aides suivantes : Majoration pour la Vie Autonome (MVA), Prime d'Activit\u00e9 (PA), Prestation de Compensation du Handicap (PCH), allocations pour le logement (APL) etc."},"3":{"question":"Quel est le montant de l'AAH en 2025 ?","answer":"L'AAH est \u00e0 1 033,32 \u20ac \u00e0 taux plein."},"4":{"question":"Est-ce que l'AAH va augmenter de 350 \u20ac ?","answer":"Gr\u00e2ce \u00e0 une r\u00e9forme, les personnes en situation de handicap en couple verront leur allocation augmenter de 350 euros en moyenne."},"5":{"question":"","answer":""},"6":{"question":"","answer":""},"7":{"question":"","answer":""},"8":{"question":"","answer":""},"9":{"question":"","answer":""},"10":{"question":"","answer":""},"11":{"question":"","answer":""},"12":{"question":"","answer":""},"13":{"question":"","answer":""},"14":{"question":"","answer":""},"15":{"question":"","answer":""},"16":{"question":"","answer":""}}},"_links":{"self":[{"href":"https:\/\/www.mes-allocs.fr\/guides\/wp-json\/wp\/v2\/posts\/84155","targetHints":{"allow":["GET"]}}],"collection":[{"href":"https:\/\/www.mes-allocs.fr\/guides\/wp-json\/wp\/v2\/posts"}],"about":[{"href":"https:\/\/www.mes-allocs.fr\/guides\/wp-json\/wp\/v2\/types\/post"}],"author":[{"embeddable":true,"href":"https:\/\/www.mes-allocs.fr\/guides\/wp-json\/wp\/v2\/users\/30"}],"replies":[{"embeddable":true,"href":"https:\/\/www.mes-allocs.fr\/guides\/wp-json\/wp\/v2\/comments?post=84155"}],"version-history":[{"count":28,"href":"https:\/\/www.mes-allocs.fr\/guides\/wp-json\/wp\/v2\/posts\/84155\/revisions"}],"predecessor-version":[{"id":106407,"href":"https:\/\/www.mes-allocs.fr\/guides\/wp-json\/wp\/v2\/posts\/84155\/revisions\/106407"}],"wp:featuredmedia":[{"embeddable":true,"href":"https:\/\/www.mes-allocs.fr\/guides\/wp-json\/wp\/v2\/media\/84164"}],"wp:attachment":[{"href":"https:\/\/www.mes-allocs.fr\/guides\/wp-json\/wp\/v2\/media?parent=84155"}],"wp:term":[{"taxonomy":"category","embeddable":true,"href":"https:\/\/www.mes-allocs.fr\/guides\/wp-json\/wp\/v2\/categories?post=84155"},{"taxonomy":"post_tag","embeddable":true,"href":"https:\/\/www.mes-allocs.fr\/guides\/wp-json\/wp\/v2\/tags?post=84155"}],"curies":[{"name":"wp","href":"https:\/\/api.w.org\/{rel}","templated":true}]}}