{"id":84113,"date":"2024-10-28T19:24:55","date_gmt":"2024-10-28T17:24:55","guid":{"rendered":"https:\/\/www.mes-allocs.fr\/guides\/?p=84113"},"modified":"2026-04-22T10:51:22","modified_gmt":"2026-04-22T09:51:22","slug":"prime-de-noel-cumul","status":"publish","type":"post","link":"https:\/\/www.mes-allocs.fr\/guides\/prime-de-noel\/prime-de-noel-cumul\/","title":{"rendered":"Quelles sont les aides cumulables avec la prime de No\u00ebl ?"},"content":{"rendered":"<p><img loading=\"lazy\" decoding=\"async\" class=\"aligncenter size-full wp-image-105248\" title=\"prime noel cumul\" src=\"https:\/\/www.mes-allocs.fr\/guides\/wp-content\/uploads\/2024\/10\/prime-noel-cumul.jpg\" alt=\"prime noel cumul\" width=\"1920\" height=\"299\" srcset=\"https:\/\/www.mes-allocs.fr\/guides\/wp-content\/uploads\/2024\/10\/prime-noel-cumul.jpg 1920w, https:\/\/www.mes-allocs.fr\/guides\/wp-content\/uploads\/2024\/10\/prime-noel-cumul-300x47.jpg 300w, https:\/\/www.mes-allocs.fr\/guides\/wp-content\/uploads\/2024\/10\/prime-noel-cumul-1024x159.jpg 1024w, https:\/\/www.mes-allocs.fr\/guides\/wp-content\/uploads\/2024\/10\/prime-noel-cumul-768x120.jpg 768w, https:\/\/www.mes-allocs.fr\/guides\/wp-content\/uploads\/2024\/10\/prime-noel-cumul-1536x239.jpg 1536w, https:\/\/www.mes-allocs.fr\/guides\/wp-content\/uploads\/2024\/10\/prime-noel-cumul-600x93.jpg 600w\" sizes=\"auto, (max-width: 1920px) 100vw, 1920px\" \/><\/p>\n<p>[Mis \u00e0 jour le 04\/12\/2025] D\u00e8s le 16 d\u00e9cembre 2025 la <a href=\"https:\/\/www.mes-allocs.fr\/guides\/prime-de-noel\/\">prime de No\u00ebl<\/a> sera vers\u00e9e \u00e0 tous ses b\u00e9n\u00e9ficiaires. Pour \u00eatre \u00e9ligible, il faut \u00eatre allocataire d&rsquo;une des aides \u00e9ligibles. Mais existe-t-il des <strong>aides<\/strong> <strong>cumulables avec la prime de No\u00ebl<\/strong> ? On vous explique avec quelles aides la prime de No\u00ebl est compatible.<\/p>\n<div class='cta-block'><div class='text'>Simulez votre prime de No\u00ebl en 2 min.<\/div><a href='https:\/\/www.mes-allocs.fr\/ab-app?origin=guides\/wp-json\/wp\/v2\/posts\/84113' class='app-button fit'>Simulation gratuite<\/a><\/div>\n<h1>Peut-on cumuler plusieurs primes de No\u00ebl ?<\/h1>\n<p><strong>La r\u00e9ponse est malheureusement non.<\/strong> En effet, il est possible que vous soyez \u00e9ligible \u00e0 la prime de No\u00ebl de plusieurs organismes verseurs, qui sont pour rappel les suivants :<\/p>\n<ul>\n<li>La Caisse d&rsquo;Allocation Familiale <strong>(CAF)<\/strong><\/li>\n<li>La Mutualit\u00e9 Sociale Agricole <strong>(MSA)<\/strong><\/li>\n<li>France Travail (anciennement <strong>P\u00f4le Emploi<\/strong>)<\/li>\n<\/ul>\n<p>Si vous \u00eates dans le cas o\u00f9 vous \u00eates \u00e9ligible \u00e0 la prime de No\u00ebl CAF mais aussi \u00e0 la prime de No\u00ebl France Travail, une seule sera vers\u00e9e. Les organismes verseurs regarderont quelle prime de No\u00ebl vous donne droit <strong>au montant le plus \u00e9lev\u00e9<\/strong>, et c&rsquo;est la prime de No\u00ebl CAF car son montant augmente en fonction de la composition de votre foyer.<\/p>\n<p><div class='shortcode tips'><div class='title'>Exemple<\/div><div class='content'>Christine est \u00e9ligible \u00e0 la prime de No\u00ebl CAF car elle touche le Revenu de Solidarit\u00e9 Active (RSA). Mais Christine est aussi \u00e9ligible \u00e0 la prime de No\u00ebl France Travail car elle touche l&rsquo;Allocation de Solidarit\u00e9 Sp\u00e9cifique (ASS). Apr\u00e8s v\u00e9rification, elle touchera seulement la prime de No\u00ebl CAF car le montant auquel elle a droit est sup\u00e9rieur \u00e0 celui de la prime de No\u00ebl France Travail.<\/div><\/div><!-- notionvc: 74d7d77c-08f2-4680-a659-1ffa966c97dc --><\/p>\n<p><strong>Attention,<\/strong> il est aussi \u00e0 noter qu&rsquo;une seule prime de No\u00ebl est vers\u00e9e par foyer !<\/p>\n<p><iframe loading=\"lazy\" title=\"La prime de No\u00ebl\" width=\"500\" height=\"281\" src=\"https:\/\/www.youtube.com\/embed\/JSd0X11Muig?feature=oembed\" frameborder=\"0\" allow=\"accelerometer; autoplay; clipboard-write; encrypted-media; gyroscope; picture-in-picture; web-share\" referrerpolicy=\"strict-origin-when-cross-origin\" allowfullscreen><\/iframe><\/p>\n<h1>Peut-on cumuler la prime de No\u00ebl avec des aides sociales ?<\/h1>\n<p><strong>La r\u00e9ponse est oui et non.<\/strong> En effet, cela d\u00e9pend totalement de l&rsquo;aide en question. Certaines sont cumulables \u00e0 la prime de No\u00ebl alors qu&rsquo;au contraire d&rsquo;autres ne le sont pas.<\/p>\n<p>Les principales aides de la CAF qui peuvent \u00eatre cumul\u00e9es avec la prime de No\u00ebl sont :<\/p>\n<ul data-sourcepos=\"13:1-16:0\">\n<li data-sourcepos=\"13:1-13:137\">Le <strong>Revenu de Solidarit\u00e9 Active<\/strong>\u00a0(RSA socle) : c&rsquo;est une allocation vers\u00e9e aux personnes ou aux familles dont les ressources sont inf\u00e9rieures \u00e0 certains plafonds pr\u00e9d\u00e9finis. Le <a href=\"https:\/\/www.mes-allocs.fr\/guides\/prime-de-noel\/prime-de-noel-cumul\/prime-de-noel-et-rsa\/\">RSA et la prime de No\u00ebl<\/a> sont donc cumulables et c&rsquo;est m\u00eame le RSA qui ouvre droit \u00e0 la prime de No\u00ebl : mais attention, vous devez \u00eatre allocataire du RSA au mois de novembre ou d\u00e9cembre pour percevoir la prime de fin d&rsquo;ann\u00e9e.<\/li>\n<li data-sourcepos=\"15:1-16:0\">La<strong> prime d&rsquo;activit\u00e9 <\/strong>: c&rsquo;est est une prestation rempla\u00e7ant le RSA activit\u00e9. Elle est destin\u00e9e aux personnes ayant des revenus modestes issus d&rsquo;un emploi. Mais attention, la prime d\u2019activit\u00e9 n\u2019ouvre pas droit \u00e0 la prime de No\u00ebl \u00e0 elle seule. Par contre, si vous percevez \u00e0 la fois le RSA socle et la prime d\u2019activit\u00e9, vous pouvez b\u00e9n\u00e9ficier de la prime de No\u00ebl.<\/li>\n<li data-sourcepos=\"15:1-16:0\">Les <strong>Aides Personnalis\u00e9es au Logement <\/strong>(comme l&rsquo;APL) : en effet, il est tout \u00e0 fait possible de <a href=\"https:\/\/www.mes-allocs.fr\/guides\/prime-de-noel\/prime-de-noel-cumul\/prime-de-noel-et-apl\/\">cumuler prime de No\u00ebl et APL<\/a>, sans impact sur leur montant respectif.<\/li>\n<li data-sourcepos=\"15:1-16:0\">La <strong>Prestation d&rsquo;Accueil du Jeune Enfant<\/strong> (PAJE) : elle n\u2019emp\u00eache pas le versement de la prime de No\u00ebl, mais elle n\u2019y donne pas droit non plus.<\/li>\n<\/ul>\n<div class='cta-block'><div class='text'>Simulez votre prime de No\u00ebl en 2 min.<\/div><a href='https:\/\/www.mes-allocs.fr\/ab-app?origin=guides\/wp-json\/wp\/v2\/posts\/84113' class='app-button fit'>Simulation gratuite<\/a><\/div>\n<h1>Peut-on cumuler la prime de No\u00ebl avec d&rsquo;autres aides de France Travail ?<\/h1>\n<p><strong>Oui<\/strong>, il est possible de cumuler la prime de No\u00ebl avec certaines aides vers\u00e9es par France Travail, selon votre situation. Cette aide exceptionnelle a pour objectif de soutenir les personnes en situation pr\u00e9caire et ne remplace pas vos autres allocations : <strong>elle s\u2019y ajoute lorsque vous remplissez les conditions d\u2019\u00e9ligibilit\u00e9<\/strong>.<\/p>\n<h2>Les aides de France Travail cumulables avec la prime de No\u00ebl<\/h2>\n<h3>L\u2019Allocation de Solidarit\u00e9 Sp\u00e9cifique (ASS)<\/h3>\n<p>Destin\u00e9e aux demandeurs d\u2019emploi ayant \u00e9puis\u00e9 leurs droits \u00e0 l\u2019Allocation de Retour \u00e0 l\u2019Emploi (ARE), l\u2019<a href=\"https:\/\/www.mes-allocs.fr\/guides\/prime-de-noel\/prime-de-noel-cumul\/prime-de-noel-et-ass\/\">ASS est compatible avec la prime de No\u00ebl<\/a>. Si vous percevez cette aide en novembre ou d\u00e9cembre 2025, vous recevrez automatiquement la prime, vers\u00e9e par France Travail.<\/p>\n<h3>La prime forfaitaire pour reprise d\u2019activit\u00e9<\/h3>\n<p>Cette prime est attribu\u00e9e aux personnes qui reprennent un emploi apr\u00e8s une p\u00e9riode de ch\u00f4mage. Les b\u00e9n\u00e9ficiaires peuvent \u00e9galement toucher la prime de No\u00ebl la m\u00eame ann\u00e9e, d\u00e8s lors qu\u2019ils remplissent les conditions d\u2019\u00e9ligibilit\u00e9 fix\u00e9es par France Travail.<\/p>\n<h3>L\u2019Allocation \u00c9quivalent Retraite (AER)<\/h3>\n<p>Cette aide, destin\u00e9e aux demandeurs d\u2019emploi proches de la retraite, est cumulable avec la prime de No\u00ebl. Le versement est effectu\u00e9, l\u00e0 encore, par France Travail.<\/p>\n<h2>Cas particuliers : ARCE et ACRE<\/h2>\n<h3>L\u2019Aide \u00e0 la Reprise et \u00e0 la Cr\u00e9ation d\u2019Entreprise (ARCE)<\/h3>\n<p>L\u2019ARCE est vers\u00e9e sous forme de capital \u00e0 partir de vos droits restants \u00e0 l\u2019ARE. Si vous percevez encore une partie de votre ARE, la prime de No\u00ebl n\u2019est pas cumulable.<br \/>\nEn revanche, si vos droits \u00e0 l\u2019ARE sont \u00e9puis\u00e9s et que vous remplissez les conditions (par exemple, vous touchez l\u2019ASS), vous pouvez cumuler ARCE et prime de No\u00ebl.<\/p>\n<h3>L\u2019Aide aux Cr\u00e9ateurs et Repreneurs d\u2019Entreprise (ACRE)<\/h3>\n<p>Le <a href=\"https:\/\/www.mes-allocs.fr\/guides\/prime-de-noel\/prime-de-noel-cumul\/acre-et-prime-de-noel\/\">cumul de l&rsquo;ACRE et de la prime de No\u00ebl<\/a> d\u00e9pend de votre statut avant la cr\u00e9ation de l\u2019entreprise :<\/p>\n<ul>\n<li>Si vous \u00e9tiez b\u00e9n\u00e9ficiaire de l\u2019ASS, le cumul reste possible.<\/li>\n<li>Si vous \u00e9tiez b\u00e9n\u00e9ficiaire de l\u2019ARE, la prime de No\u00ebl n\u2019est pas vers\u00e9e.<\/li>\n<\/ul>\n<h2>Attention, ARE et prime de No\u00ebl ne sont pas cumulables<\/h2>\n<p>Les b\u00e9n\u00e9ficiaires de l\u2019ARE (Allocation de Retour \u00e0 l\u2019Emploi) <strong>ne peuvent pas percevoir la prime de No\u00ebl<\/strong>. Cette derni\u00e8re est r\u00e9serv\u00e9e aux personnes touchant des minima sociaux, et non une indemnisation de ch\u00f4mage classique.<\/p>\n<h1>Peut-on cumuler la prime de No\u00ebl avec les aides de la MDPH ?<\/h1>\n<p><strong>Non<\/strong>, les aides vers\u00e9es par la MDPH ne permettent pas de cumuler ou de b\u00e9n\u00e9ficier de la prime de No\u00ebl. En effet, la prime de No\u00ebl est r\u00e9serv\u00e9e aux personnes percevant certains minima sociaux, comme le RSA, l\u2019Allocation de Solidarit\u00e9 Sp\u00e9cifique (ASS) ou l\u2019Allocation \u00c9quivalent Retraite (AER).<\/p>\n<p>Les aides vers\u00e9es suite \u00e0 une d\u00e9cision de la Maison D\u00e9partementale des Personnes Handicap\u00e9es (MDPH), comme l&rsquo;Allocation aux Adultes Handicap\u00e9s (AAH) ou l\u2019Allocation d\u2019\u00c9ducation de l\u2019Enfant Handicap\u00e9 (AEEH), <strong>ne figurent pas parmi les prestations ouvrant droit \u00e0 la prime de No\u00ebl<\/strong>.<\/p>\n<p>La raison est simple : ces aides visent \u00e0 compenser un handicap, tandis que la prime de No\u00ebl a pour objectif de soutenir les m\u00e9nages aux revenus modestes b\u00e9n\u00e9ficiant d\u00e9j\u00e0 de minima sociaux. Ces deux dispositifs ne rel\u00e8vent donc pas du m\u00eame cadre l\u00e9gal.<\/p>\n<h1>Prime de No\u00ebl : l&rsquo;aide est-elle cumulable avec une activit\u00e9 professionnelle ?<\/h1>\n<p><strong>Oui<\/strong>, il est tout \u00e0 fait possible de cumuler la prime de No\u00ebl avec une activit\u00e9 professionnelle, sous certaines conditions. La prime de No\u00ebl n\u2019est pas li\u00e9e \u00e0 votre statut professionnel, mais \u00e0 la nature de l\u2019aide sociale que vous percevez.<\/p>\n<p>Pour b\u00e9n\u00e9ficier de la prime de No\u00ebl, il faut d\u00e9j\u00e0 percevoir l\u2019une des aides \u00e9ligibles (RSA, ASS, AER, etc.). Peu importe que vous soyez en CDD, en CDI, ou m\u00eame auto-entrepreneur : tant que vous restez allocataire d\u2019un de ces dispositifs, vous conservez votre droit \u00e0 la prime de No\u00ebl.<\/p>\n<p>Mais attention, ces prestations sont justement r\u00e9serv\u00e9es aux foyers sans activit\u00e9 ou disposant de revenus tr\u00e8s faibles. Cela signifie que, dans la majorit\u00e9 des cas : si vous \u00eates \u00e9ligible \u00e0 la prime de No\u00ebl, c\u2019est que vous n\u2019exercez pas d\u2019activit\u00e9 professionnelle, ou que celle-ci est tr\u00e8s partielle (temps tr\u00e8s r\u00e9duit ou revenus en dessous du seuil du RSA).<\/p>\n<div class='cta-block'><div class='text'>Simulez votre prime de No\u00ebl en 2 min.<\/div><a href='https:\/\/www.mes-allocs.fr\/ab-app?origin=guides\/wp-json\/wp\/v2\/posts\/84113' class='app-button fit'>Simulation gratuite<\/a><\/div>\n","protected":false},"excerpt":{"rendered":"<p>[Mis \u00e0 jour le 04\/12\/2025] D\u00e8s le 16 d\u00e9cembre 2025 la prime de No\u00ebl sera vers\u00e9e \u00e0 tous ses b\u00e9n\u00e9ficiaires. Pour \u00eatre \u00e9ligible, il faut \u00eatre allocataire d&rsquo;une des aides \u00e9ligibles. Mais existe-t-il des aides cumulables avec la prime de No\u00ebl ? On vous explique avec quelles aides la prime de No\u00ebl est compatible. Peut-on [&hellip;]<\/p>\n","protected":false},"author":30,"featured_media":84165,"comment_status":"open","ping_status":"open","sticky":false,"template":"","format":"standard","meta":{"amp_status":"","footnotes":""},"categories":[31],"tags":[],"class_list":["post-84113","post","type-post","status-publish","format-standard","has-post-thumbnail","hentry","category-prime-de-noel"],"yoast_head":"<!-- This site is optimized with the Yoast SEO plugin v14.9 - https:\/\/yoast.com\/wordpress\/plugins\/seo\/ -->\n<title>Quelles sont les aides cumulables avec la prime de No\u00ebl ? | Mes-Allocs.fr<\/title>\n<meta name=\"description\" content=\"Le versement de la prime de No\u00ebl approche. Peut-elle \u00eatre cumul\u00e9e avec d&#039;autres aides ? Le cumul modifie-t-il le montant ? On vous r\u00e9pond !\" \/>\n<meta name=\"robots\" content=\"index, follow, max-snippet:-1, max-image-preview:large, max-video-preview:-1\" \/>\n<link rel=\"canonical\" href=\"https:\/\/www.mes-allocs.fr\/guides\/prime-de-noel\/prime-de-noel-cumul\/\" \/>\n<meta property=\"og:locale\" content=\"fr_FR\" \/>\n<meta property=\"og:type\" content=\"article\" \/>\n<meta property=\"og:title\" content=\"Quelles sont les aides cumulables avec la prime de No\u00ebl ? | Mes-Allocs.fr\" \/>\n<meta property=\"og:description\" content=\"Le versement de la prime de No\u00ebl approche. Peut-elle \u00eatre cumul\u00e9e avec d&#039;autres aides ? Le cumul modifie-t-il le montant ? On vous r\u00e9pond !\" \/>\n<meta property=\"og:url\" content=\"https:\/\/www.mes-allocs.fr\/guides\/prime-de-noel\/prime-de-noel-cumul\/\" \/>\n<meta property=\"og:site_name\" content=\"Mes-Allocs.fr\" \/>\n<meta property=\"article:published_time\" content=\"2024-10-28T17:24:55+00:00\" \/>\n<meta property=\"article:modified_time\" content=\"2026-04-22T09:51:22+00:00\" \/>\n<meta property=\"og:image\" content=\"https:\/\/www.mes-allocs.fr\/guides\/wp-content\/uploads\/2024\/10\/prime-de-noel-cumul.jpg?wsr\" \/>\n\t<meta property=\"og:image:width\" content=\"1280\" \/>\n\t<meta property=\"og:image:height\" content=\"853\" \/>\n<meta name=\"twitter:card\" content=\"summary_large_image\" \/>\n<script type=\"application\/ld+json\" class=\"yoast-schema-graph\">{\"@context\":\"https:\/\/schema.org\",\"@graph\":[{\"@type\":\"WebSite\",\"@id\":\"https:\/\/www.mes-allocs.fr\/guides\/#website\",\"url\":\"https:\/\/www.mes-allocs.fr\/guides\/\",\"name\":\"Mes-Allocs.fr\",\"description\":\"\",\"potentialAction\":[{\"@type\":\"SearchAction\",\"target\":\"https:\/\/www.mes-allocs.fr\/guides\/?s={search_term_string}\",\"query-input\":\"required name=search_term_string\"}],\"inLanguage\":\"fr-FR\"},{\"@type\":\"ImageObject\",\"@id\":\"https:\/\/www.mes-allocs.fr\/guides\/prime-de-noel\/prime-de-noel-cumul\/#primaryimage\",\"inLanguage\":\"fr-FR\",\"url\":\"https:\/\/www.mes-allocs.fr\/guides\/wp-content\/uploads\/2024\/10\/prime-de-noel-cumul.jpg?wsr\",\"width\":1280,\"height\":853,\"caption\":\"prime de noel cumul\"},{\"@type\":\"WebPage\",\"@id\":\"https:\/\/www.mes-allocs.fr\/guides\/prime-de-noel\/prime-de-noel-cumul\/#webpage\",\"url\":\"https:\/\/www.mes-allocs.fr\/guides\/prime-de-noel\/prime-de-noel-cumul\/\",\"name\":\"Quelles sont les aides cumulables avec la prime de No\\u00ebl ? | Mes-Allocs.fr\",\"isPartOf\":{\"@id\":\"https:\/\/www.mes-allocs.fr\/guides\/#website\"},\"primaryImageOfPage\":{\"@id\":\"https:\/\/www.mes-allocs.fr\/guides\/prime-de-noel\/prime-de-noel-cumul\/#primaryimage\"},\"datePublished\":\"2024-10-28T17:24:55+00:00\",\"dateModified\":\"2026-04-22T09:51:22+00:00\",\"author\":{\"@id\":\"https:\/\/www.mes-allocs.fr\/guides\/#\/schema\/person\/66505fe443d6e6f3696c5af001f3fab8\"},\"description\":\"Le versement de la prime de No\\u00ebl approche. Peut-elle \\u00eatre cumul\\u00e9e avec d'autres aides ? Le cumul modifie-t-il le montant ? On vous r\\u00e9pond !\",\"inLanguage\":\"fr-FR\"},{\"@type\":\"Person\",\"@id\":\"https:\/\/www.mes-allocs.fr\/guides\/#\/schema\/person\/66505fe443d6e6f3696c5af001f3fab8\",\"name\":\"Lauriane Oriol\",\"image\":{\"@type\":\"ImageObject\",\"@id\":\"https:\/\/www.mes-allocs.fr\/guides\/#personlogo\",\"inLanguage\":\"fr-FR\",\"url\":\"https:\/\/www.mes-allocs.fr\/guides\/wp-content\/uploads\/2024\/10\/1702589802731-1-150x150.jpeg\",\"caption\":\"Lauriane Oriol\"},\"description\":\"Lauriane est r\\u00e9dactrice chez Mes Allocs. Sp\\u00e9cialiste des d\\u00e9marches administratives, elle rejoint Mes Allocs apr\\u00e8s une premi\\u00e8re exp\\u00e9rience en marketing et communication.\"}]}<\/script>\n<!-- \/ Yoast SEO plugin. -->","amp_validity":null,"acf":{"faq":{"1":{"question":"Quel est le montant de la prime de No\u00ebl 2025 ?","answer":"Le montant forfaitaire de la prime de No\u00ebl est de 152,45 \u20ac en 2025."},"2":{"question":"Puis-je toucher la prime de No\u00ebl si j'ai la prime d'activit\u00e9 ?","answer":"La r\u00e9ponse est oui mais sous certaines conditions d'\u00e9ligibilit\u00e9."},"3":{"question":"Comment savoir si je vais avoir la prime de No\u00ebl ?","answer":"Nous vous conseillons de faire une simulation sur notre simulateur gratuit pour avoir un r\u00e9sultat fiable et gratuit."},"4":{"question":"Quand sera affich\u00e9e la prime de No\u00ebl sur le compte CAF ?","answer":"La prime de No\u00ebl s'affichera sur votre compte CAF au dernier moment, soit quelques jours avant son versement soit le jour m\u00eame du versement, c'est-\u00e0-dire le 16 d\u00e9cembre 2025."},"5":{"question":"","answer":""},"6":{"question":"","answer":""},"7":{"question":"","answer":""},"8":{"question":"","answer":""},"9":{"question":"","answer":""},"10":{"question":"","answer":""},"11":{"question":"","answer":""},"12":{"question":"","answer":""},"13":{"question":"","answer":""},"14":{"question":"","answer":""},"15":{"question":"","answer":""},"16":{"question":"","answer":""}}},"_links":{"self":[{"href":"https:\/\/www.mes-allocs.fr\/guides\/wp-json\/wp\/v2\/posts\/84113","targetHints":{"allow":["GET"]}}],"collection":[{"href":"https:\/\/www.mes-allocs.fr\/guides\/wp-json\/wp\/v2\/posts"}],"about":[{"href":"https:\/\/www.mes-allocs.fr\/guides\/wp-json\/wp\/v2\/types\/post"}],"author":[{"embeddable":true,"href":"https:\/\/www.mes-allocs.fr\/guides\/wp-json\/wp\/v2\/users\/30"}],"replies":[{"embeddable":true,"href":"https:\/\/www.mes-allocs.fr\/guides\/wp-json\/wp\/v2\/comments?post=84113"}],"version-history":[{"count":28,"href":"https:\/\/www.mes-allocs.fr\/guides\/wp-json\/wp\/v2\/posts\/84113\/revisions"}],"predecessor-version":[{"id":106402,"href":"https:\/\/www.mes-allocs.fr\/guides\/wp-json\/wp\/v2\/posts\/84113\/revisions\/106402"}],"wp:featuredmedia":[{"embeddable":true,"href":"https:\/\/www.mes-allocs.fr\/guides\/wp-json\/wp\/v2\/media\/84165"}],"wp:attachment":[{"href":"https:\/\/www.mes-allocs.fr\/guides\/wp-json\/wp\/v2\/media?parent=84113"}],"wp:term":[{"taxonomy":"category","embeddable":true,"href":"https:\/\/www.mes-allocs.fr\/guides\/wp-json\/wp\/v2\/categories?post=84113"},{"taxonomy":"post_tag","embeddable":true,"href":"https:\/\/www.mes-allocs.fr\/guides\/wp-json\/wp\/v2\/tags?post=84113"}],"curies":[{"name":"wp","href":"https:\/\/api.w.org\/{rel}","templated":true}]}}