{"id":84112,"date":"2024-10-17T17:53:03","date_gmt":"2024-10-17T15:53:03","guid":{"rendered":"https:\/\/www.mes-allocs.fr\/guides\/?p=84112"},"modified":"2026-04-22T10:51:25","modified_gmt":"2026-04-22T09:51:25","slug":"prime-de-noel-et-apl","status":"publish","type":"post","link":"https:\/\/www.mes-allocs.fr\/guides\/prime-de-noel\/prime-de-noel-cumul\/prime-de-noel-et-apl\/","title":{"rendered":"Peut-on percevoir la prime de No\u00ebl et les APL ?"},"content":{"rendered":"<p><img loading=\"lazy\" decoding=\"async\" class=\"aligncenter wp-image-105359 size-full\" title=\"cumul prime noel apl\" src=\"https:\/\/www.mes-allocs.fr\/guides\/wp-content\/uploads\/2024\/10\/cumul-prime-noel-apl-e1761931570241.jpg\" alt=\"cumul prime noel apl\" width=\"1917\" height=\"300\" srcset=\"https:\/\/www.mes-allocs.fr\/guides\/wp-content\/uploads\/2024\/10\/cumul-prime-noel-apl-e1761931570241.jpg 1917w, https:\/\/www.mes-allocs.fr\/guides\/wp-content\/uploads\/2024\/10\/cumul-prime-noel-apl-e1761931570241-300x47.jpg 300w, https:\/\/www.mes-allocs.fr\/guides\/wp-content\/uploads\/2024\/10\/cumul-prime-noel-apl-e1761931570241-1024x160.jpg 1024w, https:\/\/www.mes-allocs.fr\/guides\/wp-content\/uploads\/2024\/10\/cumul-prime-noel-apl-e1761931570241-768x120.jpg 768w, https:\/\/www.mes-allocs.fr\/guides\/wp-content\/uploads\/2024\/10\/cumul-prime-noel-apl-e1761931570241-1536x240.jpg 1536w, https:\/\/www.mes-allocs.fr\/guides\/wp-content\/uploads\/2024\/10\/cumul-prime-noel-apl-e1761931570241-600x94.jpg 600w\" sizes=\"auto, (max-width: 1917px) 100vw, 1917px\" \/><\/p>\n<p>[Mis \u00e0 jour le 04\/12\/2025] En 2025, le versement de la prime de No\u00ebl a lieu d\u00e8s le 16 d\u00e9cembre 2025. Cette prime exceptionnelle est r\u00e9serv\u00e9e \u00e0 certains b\u00e9n\u00e9ficiaires de minima sociaux. Mais la <strong>prime de No\u00ebl et les APL<\/strong> sont-elles compatibles ? Les APL sont-elles un frein \u00e0 votre \u00e9ligibilit\u00e9 ? On vous explique si un <a href=\"https:\/\/www.mes-allocs.fr\/guides\/prime-de-noel\/prime-de-noel-cumul\/\">cumul de la prime de No\u00ebl<\/a> et des APL est possible.<\/p>\n<div class='cta-block'><div class='text'>Simulez votre prime de No\u00ebl en 2 min.<\/div><a href='https:\/\/www.mes-allocs.fr\/ab-app?origin=guides\/wp-json\/wp\/v2\/posts\/84112' class='app-button fit'>Simulation gratuite<\/a><\/div>\n<h1>Prime de No\u00ebl et APL : peut-on cumuler les deux en 2025 ?<\/h1>\n<p><strong>Oui<\/strong>, il est tout \u00e0 fait possible de toucher \u00e0 la fois la prime de No\u00ebl et les APL. Cependant, le versement de la prime ne d\u00e9pend pas de vos APL, mais du type d\u2019aide sociale que vous percevez au moment des f\u00eates.<\/p>\n<h2>Cumul APL et prime de No\u00ebl : dans quels cas c\u2019est possible ?<\/h2>\n<p>Le cumul entre la prime de No\u00ebl et les APL est possible d\u00e8s lors que vous percevez une aide \u00e9ligible \u00e0 la prime. Concr\u00e8tement, si vous \u00eates locataire et touchez le RSA socle, vous percevrez \u00e0 la fois vos APL (chaque mois) et la prime de No\u00ebl (une fois dans l\u2019ann\u00e9e).<\/p>\n<p>De la m\u00eame mani\u00e8re, si vous percevez l\u2019ASS ou l\u2019AER, vous continuerez \u00e0 percevoir vos APL et recevrez \u00e9galement la prime de No\u00ebl, qui est alors vers\u00e9e par France Travail.<\/p>\n<p>En revanche, si vous touchez uniquement la prime d\u2019activit\u00e9 en plus de vos APL, vous n\u2019\u00eates pas \u00e9ligible \u00e0 la prime de No\u00ebl. Ce dispositif reste r\u00e9serv\u00e9 aux b\u00e9n\u00e9ficiaires de minima sociaux et non aux travailleurs modestes.<\/p>\n<h2>APL et prime de No\u00ebl : deux aides totalement ind\u00e9pendantes<\/h2>\n<p>Les APL ont pour objectif de r\u00e9duire le montant de votre loyer ou de votre mensualit\u00e9 de pr\u00eat immobilier. Elles sont calcul\u00e9es en fonction de vos revenus, du nombre de personnes dans votre foyer et du montant de votre loyer. Elles ne sont ni un minimum social, ni une aide exceptionnelle, mais une prestation mensuelle li\u00e9e \u00e0 votre logement.<\/p>\n<p>La prime de No\u00ebl, elle, est une aide exceptionnelle vers\u00e9e une seule fois dans l\u2019ann\u00e9e, d\u00e8s\u00a0le 16 d\u00e9cembre 2025, aux personnes b\u00e9n\u00e9ficiaires de certains minima sociaux comme le RSA ou l\u2019ASS. Son montant et son versement <strong>ne d\u00e9pendent donc en aucun cas des APL<\/strong>. Vous pouvez \u00eatre allocataire des deux aides, sans que l\u2019une n\u2019influence l\u2019autre.<\/p>\n<h1>Qui peut toucher la prime de No\u00ebl en 2025 ?<\/h1>\n<p>Pour percevoir la prime de No\u00ebl, il ne suffit pas de toucher une aide de la CAF. Il faut \u00eatre b\u00e9n\u00e9ficiaire d\u2019un minimum social \u00e9ligible.<\/p>\n<p>En 2025, la prime est attribu\u00e9e automatiquement aux personnes percevant en novembre ou d\u00e9cembre l\u2019une des aides suivantes : le RSA socle, l\u2019Allocation de Solidarit\u00e9 Sp\u00e9cifique (ASS), l\u2019Allocation \u00c9quivalent Retraite (AER) ou la prime forfaitaire de reprise d\u2019activit\u00e9.<\/p>\n<p><strong>Les APL, la prime d\u2019activit\u00e9 ou encore l\u2019AAH (Allocation Adulte Handicap\u00e9) ne font pas partie des aides ouvrant droit \u00e0 la prime de No\u00ebl. <\/strong>Ainsi, si vous touchez uniquement les APL, vous ne recevrez pas la prime de No\u00ebl. En revanche, si vous cumulez APL + RSA socle ou APL + ASS, vous en b\u00e9n\u00e9ficiez automatiquement.<\/p>\n<div class='cta-block'><div class='text'>Simulez votre prime de No\u00ebl en 2 min.<\/div><a href='https:\/\/www.mes-allocs.fr\/ab-app?origin=guides\/wp-json\/wp\/v2\/posts\/84112' class='app-button fit'>Simulation gratuite<\/a><\/div>\n<h1>Les APL ouvrent-elles droit \u00e0 la prime de No\u00ebl ?<\/h1>\n<p><strong>Non<\/strong>, les APL seules ne suffisent pas pour b\u00e9n\u00e9ficier de la prime de No\u00ebl. Il faut toucher une aide \u00e9ligible comme le RSA ou l\u2019ASS.<\/p>\n<h1>Les APL ont-elles un impact sur le montant de la prime de No\u00ebl ?<\/h1>\n<p><strong>Non<\/strong>, les APL n\u2019ont aucun impact sur le montant de la prime de No\u00ebl. Le montant d\u00e9pend uniquement de l\u2019organisme qui vous la verse : la CAF ou la MSA pour les b\u00e9n\u00e9ficiaires du RSA, et France Travail pour ceux de l\u2019ASS ou de l\u2019AER. Les premiers re\u00e7oivent un montant qui varie selon la composition du foyer (personne seule, couple, enfants \u00e0 charge), tandis que les seconds per\u00e7oivent un montant fixe de <strong>152,45 \u20ac<\/strong>.<\/p>\n<p>Voici les montants pour les allocataires CAF :<\/p>\n<p><span style=\"font-weight: 400;\">\n<div class=\"wpdt-c row wpDataTableContainerSimpleTable wpDataTables wpDataTablesWrapper\n wdtscroll\"\n    >\n    <table id=\"wpdtSimpleTable-33\"\n           class=\"wpdtSimpleTable wpDataTable\"\n           data-column=\"3\"\n           data-rows=\"8\"\n           data-wpID=\"33\"\n           data-responsive=\"0\"\n           data-has-header=\"0\">\n\n                    <tbody>        <tr class=\"wpdt-cell-row \" >\n                            <td class=\"wpdt-cell wpdt-bc-F3F9FE wpdt-bold\"\n                                    data-cell-id=\"A1\"\n                data-col-index=\"0\"\n                data-row-index=\"0\"\n                style=\" width:260px;                padding:10px;\"\n                >\n                                Nombre d\u2019enfant(s)                <\/td>\n                                            <td class=\"wpdt-cell wpdt-bc-F3F9FE wpdt-bold\"\n                                    data-cell-id=\"B1\"\n                data-col-index=\"1\"\n                data-row-index=\"0\"\n                style=\" width:228px;                padding:10px;\"\n                >\n                                Personne seule                <\/td>\n                                            <td class=\"wpdt-cell wpdt-bc-F3F9FE wpdt-bold\"\n                                    data-cell-id=\"C1\"\n                data-col-index=\"2\"\n                data-row-index=\"0\"\n                style=\" width:217px;                padding:10px;\"\n                >\n                                En couple                <\/td>\n                                        <\/tr>\n                            <tr class=\"wpdt-cell-row \" >\n                            <td class=\"wpdt-cell wpdt-bold\"\n                                    data-cell-id=\"A2\"\n                data-col-index=\"0\"\n                data-row-index=\"1\"\n                style=\"                padding:10px;\"\n                >\n                                Sans enfant                <\/td>\n                                            <td class=\"wpdt-cell \"\n                                    data-cell-id=\"B2\"\n                data-col-index=\"1\"\n                data-row-index=\"1\"\n                style=\"                padding:10px;\"\n                >\n                                152,45 \u20ac                <\/td>\n                                            <td class=\"wpdt-cell \"\n                                    data-cell-id=\"C2\"\n                data-col-index=\"2\"\n                data-row-index=\"1\"\n                style=\"                padding:10px;\"\n                >\n                                228,68 \u20ac                <\/td>\n                                        <\/tr>\n                            <tr class=\"wpdt-cell-row \" >\n                            <td class=\"wpdt-cell wpdt-bold\"\n                                    data-cell-id=\"A3\"\n                data-col-index=\"0\"\n                data-row-index=\"2\"\n                style=\"                padding:10px;\"\n                >\n                                1 enfant                <\/td>\n                                            <td class=\"wpdt-cell \"\n                                    data-cell-id=\"B3\"\n                data-col-index=\"1\"\n                data-row-index=\"2\"\n                style=\"                padding:10px;\"\n                >\n                                228,68 \u20ac                <\/td>\n                                            <td class=\"wpdt-cell \"\n                                    data-cell-id=\"C3\"\n                data-col-index=\"2\"\n                data-row-index=\"2\"\n                style=\"                padding:10px;\"\n                >\n                                274,41 \u20ac                <\/td>\n                                        <\/tr>\n                            <tr class=\"wpdt-cell-row \" >\n                            <td class=\"wpdt-cell wpdt-bold\"\n                                    data-cell-id=\"A4\"\n                data-col-index=\"0\"\n                data-row-index=\"3\"\n                style=\"                padding:10px;\"\n                >\n                                2 enfants                <\/td>\n                                            <td class=\"wpdt-cell \"\n                                    data-cell-id=\"B4\"\n                data-col-index=\"1\"\n                data-row-index=\"3\"\n                style=\"                padding:10px;\"\n                >\n                                274,41 \u20ac                <\/td>\n                                            <td class=\"wpdt-cell \"\n                                    data-cell-id=\"C4\"\n                data-col-index=\"2\"\n                data-row-index=\"3\"\n                style=\"                padding:10px;\"\n                >\n                                320,15 \u20ac                <\/td>\n                                        <\/tr>\n                            <tr class=\"wpdt-cell-row \" >\n                            <td class=\"wpdt-cell wpdt-bold\"\n                                    data-cell-id=\"A5\"\n                data-col-index=\"0\"\n                data-row-index=\"4\"\n                style=\"                padding:10px;\"\n                >\n                                3 enfants                <\/td>\n                                            <td class=\"wpdt-cell \"\n                                    data-cell-id=\"B5\"\n                data-col-index=\"1\"\n                data-row-index=\"4\"\n                style=\"                padding:10px;\"\n                >\n                                335,39 \u20ac                <\/td>\n                                            <td class=\"wpdt-cell \"\n                                    data-cell-id=\"C5\"\n                data-col-index=\"2\"\n                data-row-index=\"4\"\n                style=\"                padding:10px;\"\n                >\n                                381,13 \u20ac                <\/td>\n                                        <\/tr>\n                            <tr class=\"wpdt-cell-row \" >\n                            <td class=\"wpdt-cell wpdt-bold\"\n                                    data-cell-id=\"A6\"\n                data-col-index=\"0\"\n                data-row-index=\"5\"\n                style=\"                padding:10px;\"\n                >\n                                4 enfants                <\/td>\n                                            <td class=\"wpdt-cell \"\n                                    data-cell-id=\"B6\"\n                data-col-index=\"1\"\n                data-row-index=\"5\"\n                style=\"                padding:10px;\"\n                >\n                                396,37 \u20ac                <\/td>\n                                            <td class=\"wpdt-cell \"\n                                    data-cell-id=\"C6\"\n                data-col-index=\"2\"\n                data-row-index=\"5\"\n                style=\"                padding:10px;\"\n                >\n                                442,11 \u20ac                <\/td>\n                                        <\/tr>\n                            <tr class=\"wpdt-cell-row \" >\n                            <td class=\"wpdt-cell wpdt-bold\"\n                                    data-cell-id=\"A7\"\n                data-col-index=\"0\"\n                data-row-index=\"6\"\n                style=\"                padding:10px;\"\n                >\n                                5 enfants                <\/td>\n                                            <td class=\"wpdt-cell \"\n                                    data-cell-id=\"B7\"\n                data-col-index=\"1\"\n                data-row-index=\"6\"\n                style=\"                padding:10px;\"\n                >\n                                457,35 \u20ac                <\/td>\n                                            <td class=\"wpdt-cell \"\n                                    data-cell-id=\"C7\"\n                data-col-index=\"2\"\n                data-row-index=\"6\"\n                style=\"                padding:10px;\"\n                >\n                                503,09 \u20ac                <\/td>\n                                        <\/tr>\n                            <tr class=\"wpdt-cell-row \" >\n                            <td class=\"wpdt-cell wpdt-bold\"\n                                    data-cell-id=\"A8\"\n                data-col-index=\"0\"\n                data-row-index=\"7\"\n                style=\"                padding:10px;\"\n                >\n                                Par enfant(s) suppl\u00e9mentaire                <\/td>\n                                            <td class=\"wpdt-cell \"\n                                    data-cell-id=\"B8\"\n                data-col-index=\"1\"\n                data-row-index=\"7\"\n                style=\"                padding:10px;\"\n                >\n                                +60,98 \u20ac                <\/td>\n                                            <td class=\"wpdt-cell \"\n                                    data-cell-id=\"C8\"\n                data-col-index=\"2\"\n                data-row-index=\"7\"\n                style=\"                padding:10px;\"\n                >\n                                +60,98 \u20ac                <\/td>\n                                        <\/tr>\n                    <\/table>\n<\/div><style id='wpdt-custom-style-33'>\n.wpdt-bc-F3F9FE { background-color: #F3F9FE !important;}\n<\/style>\n<\/span><\/p>\n<p><em>(Montants officiels en vigueur au 03\/12\/2025)<\/em><\/p>\n<p><iframe loading=\"lazy\" title=\"La prime de No\u00ebl\" width=\"500\" height=\"281\" src=\"https:\/\/www.youtube.com\/embed\/JSd0X11Muig?feature=oembed\" frameborder=\"0\" allow=\"accelerometer; autoplay; clipboard-write; encrypted-media; gyroscope; picture-in-picture; web-share\" referrerpolicy=\"strict-origin-when-cross-origin\" allowfullscreen><\/iframe><\/p>\n<h1>Comment savoir si vous \u00eates concern\u00e9 ?<\/h1>\n<p>Si vous percevez les APL et que vous avez un doute sur votre \u00e9ligibilit\u00e9 \u00e0 la prime de No\u00ebl, vous pouvez le v\u00e9rifier facilement. Connectez-vous \u00e0 votre espace personnel CAF, MSA ou France Travail, puis consultez la rubrique \u201cMes paiements\u201d. La ligne \u201cPrime exceptionnelle de fin d\u2019ann\u00e9e\u201d appara\u00eetra d\u00e8s que le versement aura \u00e9t\u00e9 programm\u00e9.<\/p>\n<p>Pour obtenir une estimation rapide de vos droits, vous pouvez \u00e9galement effectuer une <strong>simulation gratuite sur Mes Allocs<\/strong>. Notre outil en ligne vous permet de savoir imm\u00e9diatement si vous \u00eates \u00e9ligible et de quel organisme d\u00e9pendra le versement.<\/p>\n<div class='cta-block'><div class='text'>Simulez votre prime de No\u00ebl en 2 min.<\/div><a href='https:\/\/www.mes-allocs.fr\/ab-app?origin=guides\/wp-json\/wp\/v2\/posts\/84112' class='app-button fit'>Simulation gratuite<\/a><\/div>\n","protected":false},"excerpt":{"rendered":"<p>[Mis \u00e0 jour le 04\/12\/2025] En 2025, le versement de la prime de No\u00ebl a lieu d\u00e8s le 16 d\u00e9cembre 2025. Cette prime exceptionnelle est r\u00e9serv\u00e9e \u00e0 certains b\u00e9n\u00e9ficiaires de minima sociaux. Mais la prime de No\u00ebl et les APL sont-elles compatibles ? Les APL sont-elles un frein \u00e0 votre \u00e9ligibilit\u00e9 ? On vous explique [&hellip;]<\/p>\n","protected":false},"author":30,"featured_media":84161,"comment_status":"open","ping_status":"open","sticky":false,"template":"","format":"standard","meta":{"amp_status":"","footnotes":""},"categories":[31,38913],"tags":[],"class_list":["post-84112","post","type-post","status-publish","format-standard","has-post-thumbnail","hentry","category-prime-de-noel","category-prime-de-noel-cumul"],"yoast_head":"<!-- This site is optimized with the Yoast SEO plugin v14.9 - https:\/\/yoast.com\/wordpress\/plugins\/seo\/ -->\n<title>Prime de No\u00ebl et APL : sont-elles cumulables ? | Mes-Allocs.fr<\/title>\n<meta name=\"description\" content=\"Le versement de la prime de No\u00ebl approche. Mais pouvez-vous cumuler APL et prime de fin d&#039;ann\u00e9e ? On vous explique ce qu&#039;il en est en 2025.\" \/>\n<meta name=\"robots\" content=\"index, follow, max-snippet:-1, max-image-preview:large, max-video-preview:-1\" \/>\n<link rel=\"canonical\" href=\"https:\/\/www.mes-allocs.fr\/guides\/prime-de-noel\/prime-de-noel-cumul\/prime-de-noel-et-apl\/\" \/>\n<meta property=\"og:locale\" content=\"fr_FR\" \/>\n<meta property=\"og:type\" content=\"article\" \/>\n<meta property=\"og:title\" content=\"Prime de No\u00ebl et APL : sont-elles cumulables ? | Mes-Allocs.fr\" \/>\n<meta property=\"og:description\" content=\"Le versement de la prime de No\u00ebl approche. Mais pouvez-vous cumuler APL et prime de fin d&#039;ann\u00e9e ? On vous explique ce qu&#039;il en est en 2025.\" \/>\n<meta property=\"og:url\" content=\"https:\/\/www.mes-allocs.fr\/guides\/prime-de-noel\/prime-de-noel-cumul\/prime-de-noel-et-apl\/\" \/>\n<meta property=\"og:site_name\" content=\"Mes-Allocs.fr\" \/>\n<meta property=\"article:published_time\" content=\"2024-10-17T15:53:03+00:00\" \/>\n<meta property=\"article:modified_time\" content=\"2026-04-22T09:51:25+00:00\" \/>\n<meta property=\"og:image\" content=\"https:\/\/www.mes-allocs.fr\/guides\/wp-content\/uploads\/2024\/10\/prime-de-noel-et-apl.jpg?wsr\" \/>\n\t<meta property=\"og:image:width\" content=\"1280\" \/>\n\t<meta property=\"og:image:height\" content=\"853\" \/>\n<meta name=\"twitter:card\" content=\"summary_large_image\" \/>\n<script type=\"application\/ld+json\" class=\"yoast-schema-graph\">{\"@context\":\"https:\/\/schema.org\",\"@graph\":[{\"@type\":\"WebSite\",\"@id\":\"https:\/\/www.mes-allocs.fr\/guides\/#website\",\"url\":\"https:\/\/www.mes-allocs.fr\/guides\/\",\"name\":\"Mes-Allocs.fr\",\"description\":\"\",\"potentialAction\":[{\"@type\":\"SearchAction\",\"target\":\"https:\/\/www.mes-allocs.fr\/guides\/?s={search_term_string}\",\"query-input\":\"required name=search_term_string\"}],\"inLanguage\":\"fr-FR\"},{\"@type\":\"ImageObject\",\"@id\":\"https:\/\/www.mes-allocs.fr\/guides\/prime-de-noel\/prime-de-noel-cumul\/prime-de-noel-et-apl\/#primaryimage\",\"inLanguage\":\"fr-FR\",\"url\":\"https:\/\/www.mes-allocs.fr\/guides\/wp-content\/uploads\/2024\/10\/prime-de-noel-et-apl.jpg?wsr\",\"width\":1280,\"height\":853,\"caption\":\"prime de noel et apl\"},{\"@type\":\"WebPage\",\"@id\":\"https:\/\/www.mes-allocs.fr\/guides\/prime-de-noel\/prime-de-noel-cumul\/prime-de-noel-et-apl\/#webpage\",\"url\":\"https:\/\/www.mes-allocs.fr\/guides\/prime-de-noel\/prime-de-noel-cumul\/prime-de-noel-et-apl\/\",\"name\":\"Prime de No\\u00ebl et APL : sont-elles cumulables ? | Mes-Allocs.fr\",\"isPartOf\":{\"@id\":\"https:\/\/www.mes-allocs.fr\/guides\/#website\"},\"primaryImageOfPage\":{\"@id\":\"https:\/\/www.mes-allocs.fr\/guides\/prime-de-noel\/prime-de-noel-cumul\/prime-de-noel-et-apl\/#primaryimage\"},\"datePublished\":\"2024-10-17T15:53:03+00:00\",\"dateModified\":\"2026-04-22T09:51:25+00:00\",\"author\":{\"@id\":\"https:\/\/www.mes-allocs.fr\/guides\/#\/schema\/person\/66505fe443d6e6f3696c5af001f3fab8\"},\"description\":\"Le versement de la prime de No\\u00ebl approche. Mais pouvez-vous cumuler APL et prime de fin d'ann\\u00e9e ? On vous explique ce qu'il en est en 2025.\",\"inLanguage\":\"fr-FR\"},{\"@type\":\"Person\",\"@id\":\"https:\/\/www.mes-allocs.fr\/guides\/#\/schema\/person\/66505fe443d6e6f3696c5af001f3fab8\",\"name\":\"Lauriane Oriol\",\"image\":{\"@type\":\"ImageObject\",\"@id\":\"https:\/\/www.mes-allocs.fr\/guides\/#personlogo\",\"inLanguage\":\"fr-FR\",\"url\":\"https:\/\/www.mes-allocs.fr\/guides\/wp-content\/uploads\/2024\/10\/1702589802731-1-150x150.jpeg\",\"caption\":\"Lauriane Oriol\"},\"description\":\"Lauriane est r\\u00e9dactrice chez Mes Allocs. Sp\\u00e9cialiste des d\\u00e9marches administratives, elle rejoint Mes Allocs apr\\u00e8s une premi\\u00e8re exp\\u00e9rience en marketing et communication.\"}]}<\/script>\n<!-- \/ Yoast SEO plugin. -->","amp_validity":null,"acf":{"faq":{"1":{"question":"Qui a le droit \u00e0 la prime de No\u00ebl par la CAF ?","answer":"Les b\u00e9n\u00e9ficiaires de la prime de No\u00ebl CAF sont les allocataires du RSA, de l'AER ou de l'ASS."},"2":{"question":"Quand sera vers\u00e9e la prime exceptionnelle de la CAF en 2025 ?","answer":"La prime de No\u00ebl CAF sera vers\u00e9e d\u00e8s\u00a0le 16 d\u00e9cembre 2025."},"3":{"question":"Comment savoir si on a le droit \u00e0 la prime de No\u00ebl ?","answer":"Nous mettons \u00e0 votre disposition notre simulateur rapide, gratuit et fiable."},"4":{"question":"Qui a le droit \u00e0 la prime de No\u00ebl 2025 ?","answer":"La prime de No\u00ebl est r\u00e9serv\u00e9e \u00e0 certains b\u00e9n\u00e9ficiaires de minima sociaux."},"5":{"question":"","answer":""},"6":{"question":"","answer":""},"7":{"question":"","answer":""},"8":{"question":"","answer":""},"9":{"question":"","answer":""},"10":{"question":"","answer":""},"11":{"question":"","answer":""},"12":{"question":"","answer":""},"13":{"question":"","answer":""},"14":{"question":"","answer":""},"15":{"question":"","answer":""},"16":{"question":"","answer":""}}},"_links":{"self":[{"href":"https:\/\/www.mes-allocs.fr\/guides\/wp-json\/wp\/v2\/posts\/84112","targetHints":{"allow":["GET"]}}],"collection":[{"href":"https:\/\/www.mes-allocs.fr\/guides\/wp-json\/wp\/v2\/posts"}],"about":[{"href":"https:\/\/www.mes-allocs.fr\/guides\/wp-json\/wp\/v2\/types\/post"}],"author":[{"embeddable":true,"href":"https:\/\/www.mes-allocs.fr\/guides\/wp-json\/wp\/v2\/users\/30"}],"replies":[{"embeddable":true,"href":"https:\/\/www.mes-allocs.fr\/guides\/wp-json\/wp\/v2\/comments?post=84112"}],"version-history":[{"count":27,"href":"https:\/\/www.mes-allocs.fr\/guides\/wp-json\/wp\/v2\/posts\/84112\/revisions"}],"predecessor-version":[{"id":106404,"href":"https:\/\/www.mes-allocs.fr\/guides\/wp-json\/wp\/v2\/posts\/84112\/revisions\/106404"}],"wp:featuredmedia":[{"embeddable":true,"href":"https:\/\/www.mes-allocs.fr\/guides\/wp-json\/wp\/v2\/media\/84161"}],"wp:attachment":[{"href":"https:\/\/www.mes-allocs.fr\/guides\/wp-json\/wp\/v2\/media?parent=84112"}],"wp:term":[{"taxonomy":"category","embeddable":true,"href":"https:\/\/www.mes-allocs.fr\/guides\/wp-json\/wp\/v2\/categories?post=84112"},{"taxonomy":"post_tag","embeddable":true,"href":"https:\/\/www.mes-allocs.fr\/guides\/wp-json\/wp\/v2\/tags?post=84112"}],"curies":[{"name":"wp","href":"https:\/\/api.w.org\/{rel}","templated":true}]}}