{"id":83984,"date":"2024-10-15T18:03:29","date_gmt":"2024-10-15T16:03:29","guid":{"rendered":"https:\/\/www.mes-allocs.fr\/guides\/?p=83984"},"modified":"2026-04-22T10:51:26","modified_gmt":"2026-04-22T09:51:26","slug":"complement-prime-de-noel","status":"publish","type":"post","link":"https:\/\/www.mes-allocs.fr\/guides\/prime-de-noel\/prime-de-noel-montant\/complement-prime-de-noel\/","title":{"rendered":"Compl\u00e9ment prime de No\u00ebl : quel est son montant en 2025 ?"},"content":{"rendered":"<p><img loading=\"lazy\" decoding=\"async\" class=\"aligncenter size-full wp-image-105222\" title=\"complement prime noel\" src=\"https:\/\/www.mes-allocs.fr\/guides\/wp-content\/uploads\/2024\/10\/complement-prime-noel.jpg\" alt=\"complement prime noel\" width=\"1905\" height=\"300\" srcset=\"https:\/\/www.mes-allocs.fr\/guides\/wp-content\/uploads\/2024\/10\/complement-prime-noel.jpg 1905w, https:\/\/www.mes-allocs.fr\/guides\/wp-content\/uploads\/2024\/10\/complement-prime-noel-300x47.jpg 300w, https:\/\/www.mes-allocs.fr\/guides\/wp-content\/uploads\/2024\/10\/complement-prime-noel-1024x161.jpg 1024w, https:\/\/www.mes-allocs.fr\/guides\/wp-content\/uploads\/2024\/10\/complement-prime-noel-768x121.jpg 768w, https:\/\/www.mes-allocs.fr\/guides\/wp-content\/uploads\/2024\/10\/complement-prime-noel-1536x242.jpg 1536w, https:\/\/www.mes-allocs.fr\/guides\/wp-content\/uploads\/2024\/10\/complement-prime-noel-600x94.jpg 600w\" sizes=\"auto, (max-width: 1905px) 100vw, 1905px\" \/>[Mis \u00e0 jour le 04\/12\/2025] Le versement de l&rsquo;aide exceptionnelle de fin d&rsquo;ann\u00e9e approche &#8230; mais comment est calcul\u00e9 le <a href=\"https:\/\/www.mes-allocs.fr\/guides\/prime-de-noel\/prime-de-noel-montant\/\">montant de la prime de No\u00ebl<\/a> ? Pouvez-vous b\u00e9n\u00e9ficier d&rsquo;un compl\u00e9ment en fonction de votre situation ? Et est-il le m\u00eame pour tous ? Mes Allocs vous explique si un <strong>compl\u00e9ment de prime de No\u00ebl<\/strong> existe en 2025, et dans quels cas il s&rsquo;ajoute \u00e0 l&rsquo;aide.<\/p>\n<div class='cta-block'><div class='text'>Simulez votre prime de No\u00ebl en 2 min.<\/div><a href='https:\/\/www.mes-allocs.fr\/ab-app?origin=guides\/wp-json\/wp\/v2\/posts\/83984' class='app-button fit'>Simulation gratuite<\/a><\/div>\n<h1>Existe-t-il un compl\u00e9ment \u00e0 la prime de No\u00ebl en 2025 ?<\/h1>\n<p>La r\u00e9ponse est <strong>oui et non<\/strong>. En effet, il existe bien un compl\u00e9ment \u00e0 la prime de No\u00ebl, mais tout d\u00e9pend de votre organisme verseur et de votre situation familiale.<\/p>\n<h2>Le compl\u00e9ment pour la prime de No\u00ebl CAF ou MSA<\/h2>\n<p>La CAF et la MSA continuent en effet d\u2019appliquer un <strong>compl\u00e9ment automatique en fonction de la composition du foyer<\/strong> pour les b\u00e9n\u00e9ficiaires du RSA. Concr\u00e8tement, plus votre foyer compte de personnes &#8211; conjoint(e) et\/ou enfant(s) \u00e0 charge &#8211; plus le montant de la prime augmente. Ce compl\u00e9ment est int\u00e9gr\u00e9 directement dans le calcul de la prime, sans aucune d\u00e9marche \u00e0 faire.<\/p>\n<h2>Le compl\u00e9ment pour la prime de No\u00ebl France Travail<\/h2>\n<p>En 2025, la <strong>majoration de 35 %<\/strong> accord\u00e9e aux familles monoparentales en 2023 n\u2019a pas \u00e9t\u00e9 reconduite. Pour les b\u00e9n\u00e9ficiaires de France Travail (anciennement P\u00f4le emploi), le montant reste donc forfaitaire et fixe : 152,45 \u20ac, quel que soit le nombre d\u2019enfants \u00e0 charge.<\/p>\n<h2><strong>Ce qu&rsquo;il faut<\/strong>\u00a0retenir<\/h2>\n<ul>\n<li>Il existe bien un compl\u00e9ment \u00e0 la prime de No\u00ebl pour les b\u00e9n\u00e9ficiaires du RSA (CAF ou MSA) : il varie en fonction de votre \u00e9tat matrimonial (c\u00e9libataire ou en couple) et du nombre d&rsquo;enfants vivant au sein de votre foyer<\/li>\n<li>Il n\u2019existe plus de majoration de 35 % accord\u00e9e aux familles monoparentales (comme c&rsquo;\u00e9tait le cas en 2023)<\/li>\n<\/ul>\n<h1>Compl\u00e9ment \u00e0 la prime de No\u00ebl : quel est le calcul ?<\/h1>\n<h2>1. Le montant forfaitaire<\/h2>\n<p><strong>En 2025, le montant de la prime de No\u00ebl correspond \u00e0 un montant forfaitaire de base qui s&rsquo;\u00e9l\u00e8ve \u00e0 152,45 \u20ac pour tous ses b\u00e9n\u00e9ficiaires.<\/strong> C&rsquo;est le montant minimal qu&rsquo;une personne \u00e9ligible peut toucher en fin d&rsquo;ann\u00e9e par un des organismes verseurs.<\/p>\n<p>Les organismes verseurs sont au nombre de trois : la Caisse d&rsquo;Allocations Familiales, la Mutualit\u00e9 Sociale Agricole et France Travail (anciennement P\u00f4le Emploi).<\/p>\n<h2>2. L&rsquo;ajout du compl\u00e9ment sur le montant forfaitaire de la prime de No\u00ebl<\/h2>\n<p>Le montant forfaitaire sert de base de calcul pour les montants individuels pour la CAF et la MSA. En effet, le montant final de la prime de No\u00ebl CAF ou MSA est propre \u00e0 chacun parce qu&rsquo;il d\u00e9pend de deux crit\u00e8res :<\/p>\n<ul>\n<li>Votre situation matrimoniale : le fait de vivre en couple ou seul va faire varier le montant auquel vous avez droit<\/li>\n<li>La composition de votre foyer : le nombre d&rsquo;enfants \u00e0 votre charge va augmenter le montant de prime de No\u00ebl qui vous est d\u00fb en 2025<\/li>\n<\/ul>\n<h1>Quel est le montant de la prime de No\u00ebl avec un compl\u00e9ment ?<\/h1>\n<p>Le montant de base de la prime de No\u00ebl est fix\u00e9 \u00e0 152,45 \u20ac. Pour les b\u00e9n\u00e9ficiaires du RSA et donc allocataires de la CAF ou de la MSA, les montants de la prime de No\u00ebl avec le compl\u00e9ment sont les suivants :<\/p>\n\n<div class=\"wpdt-c row wpDataTableContainerSimpleTable wpDataTables wpDataTablesWrapper\n wdtscroll\"\n    >\n    <table id=\"wpdtSimpleTable-33\"\n           class=\"wpdtSimpleTable wpDataTable\"\n           data-column=\"3\"\n           data-rows=\"8\"\n           data-wpID=\"33\"\n           data-responsive=\"0\"\n           data-has-header=\"0\">\n\n                    <tbody>        <tr class=\"wpdt-cell-row \" >\n                            <td class=\"wpdt-cell wpdt-bc-F3F9FE wpdt-bold\"\n                                    data-cell-id=\"A1\"\n                data-col-index=\"0\"\n                data-row-index=\"0\"\n                style=\" width:260px;                padding:10px;\"\n                >\n                                Nombre d\u2019enfant(s)                <\/td>\n                                            <td class=\"wpdt-cell wpdt-bc-F3F9FE wpdt-bold\"\n                                    data-cell-id=\"B1\"\n                data-col-index=\"1\"\n                data-row-index=\"0\"\n                style=\" width:228px;                padding:10px;\"\n                >\n                                Personne seule                <\/td>\n                                            <td class=\"wpdt-cell wpdt-bc-F3F9FE wpdt-bold\"\n                                    data-cell-id=\"C1\"\n                data-col-index=\"2\"\n                data-row-index=\"0\"\n                style=\" width:217px;                padding:10px;\"\n                >\n                                En couple                <\/td>\n                                        <\/tr>\n                            <tr class=\"wpdt-cell-row \" >\n                            <td class=\"wpdt-cell wpdt-bold\"\n                                    data-cell-id=\"A2\"\n                data-col-index=\"0\"\n                data-row-index=\"1\"\n                style=\"                padding:10px;\"\n                >\n                                Sans enfant                <\/td>\n                                            <td class=\"wpdt-cell \"\n                                    data-cell-id=\"B2\"\n                data-col-index=\"1\"\n                data-row-index=\"1\"\n                style=\"                padding:10px;\"\n                >\n                                152,45 \u20ac                <\/td>\n                                            <td class=\"wpdt-cell \"\n                                    data-cell-id=\"C2\"\n                data-col-index=\"2\"\n                data-row-index=\"1\"\n                style=\"                padding:10px;\"\n                >\n                                228,68 \u20ac                <\/td>\n                                        <\/tr>\n                            <tr class=\"wpdt-cell-row \" >\n                            <td class=\"wpdt-cell wpdt-bold\"\n                                    data-cell-id=\"A3\"\n                data-col-index=\"0\"\n                data-row-index=\"2\"\n                style=\"                padding:10px;\"\n                >\n                                1 enfant                <\/td>\n                                            <td class=\"wpdt-cell \"\n                                    data-cell-id=\"B3\"\n                data-col-index=\"1\"\n                data-row-index=\"2\"\n                style=\"                padding:10px;\"\n                >\n                                228,68 \u20ac                <\/td>\n                                            <td class=\"wpdt-cell \"\n                                    data-cell-id=\"C3\"\n                data-col-index=\"2\"\n                data-row-index=\"2\"\n                style=\"                padding:10px;\"\n                >\n                                274,41 \u20ac                <\/td>\n                                        <\/tr>\n                            <tr class=\"wpdt-cell-row \" >\n                            <td class=\"wpdt-cell wpdt-bold\"\n                                    data-cell-id=\"A4\"\n                data-col-index=\"0\"\n                data-row-index=\"3\"\n                style=\"                padding:10px;\"\n                >\n                                2 enfants                <\/td>\n                                            <td class=\"wpdt-cell \"\n                                    data-cell-id=\"B4\"\n                data-col-index=\"1\"\n                data-row-index=\"3\"\n                style=\"                padding:10px;\"\n                >\n                                274,41 \u20ac                <\/td>\n                                            <td class=\"wpdt-cell \"\n                                    data-cell-id=\"C4\"\n                data-col-index=\"2\"\n                data-row-index=\"3\"\n                style=\"                padding:10px;\"\n                >\n                                320,15 \u20ac                <\/td>\n                                        <\/tr>\n                            <tr class=\"wpdt-cell-row \" >\n                            <td class=\"wpdt-cell wpdt-bold\"\n                                    data-cell-id=\"A5\"\n                data-col-index=\"0\"\n                data-row-index=\"4\"\n                style=\"                padding:10px;\"\n                >\n                                3 enfants                <\/td>\n                                            <td class=\"wpdt-cell \"\n                                    data-cell-id=\"B5\"\n                data-col-index=\"1\"\n                data-row-index=\"4\"\n                style=\"                padding:10px;\"\n                >\n                                335,39 \u20ac                <\/td>\n                                            <td class=\"wpdt-cell \"\n                                    data-cell-id=\"C5\"\n                data-col-index=\"2\"\n                data-row-index=\"4\"\n                style=\"                padding:10px;\"\n                >\n                                381,13 \u20ac                <\/td>\n                                        <\/tr>\n                            <tr class=\"wpdt-cell-row \" >\n                            <td class=\"wpdt-cell wpdt-bold\"\n                                    data-cell-id=\"A6\"\n                data-col-index=\"0\"\n                data-row-index=\"5\"\n                style=\"                padding:10px;\"\n                >\n                                4 enfants                <\/td>\n                                            <td class=\"wpdt-cell \"\n                                    data-cell-id=\"B6\"\n                data-col-index=\"1\"\n                data-row-index=\"5\"\n                style=\"                padding:10px;\"\n                >\n                                396,37 \u20ac                <\/td>\n                                            <td class=\"wpdt-cell \"\n                                    data-cell-id=\"C6\"\n                data-col-index=\"2\"\n                data-row-index=\"5\"\n                style=\"                padding:10px;\"\n                >\n                                442,11 \u20ac                <\/td>\n                                        <\/tr>\n                            <tr class=\"wpdt-cell-row \" >\n                            <td class=\"wpdt-cell wpdt-bold\"\n                                    data-cell-id=\"A7\"\n                data-col-index=\"0\"\n                data-row-index=\"6\"\n                style=\"                padding:10px;\"\n                >\n                                5 enfants                <\/td>\n                                            <td class=\"wpdt-cell \"\n                                    data-cell-id=\"B7\"\n                data-col-index=\"1\"\n                data-row-index=\"6\"\n                style=\"                padding:10px;\"\n                >\n                                457,35 \u20ac                <\/td>\n                                            <td class=\"wpdt-cell \"\n                                    data-cell-id=\"C7\"\n                data-col-index=\"2\"\n                data-row-index=\"6\"\n                style=\"                padding:10px;\"\n                >\n                                503,09 \u20ac                <\/td>\n                                        <\/tr>\n                            <tr class=\"wpdt-cell-row \" >\n                            <td class=\"wpdt-cell wpdt-bold\"\n                                    data-cell-id=\"A8\"\n                data-col-index=\"0\"\n                data-row-index=\"7\"\n                style=\"                padding:10px;\"\n                >\n                                Par enfant(s) suppl\u00e9mentaire                <\/td>\n                                            <td class=\"wpdt-cell \"\n                                    data-cell-id=\"B8\"\n                data-col-index=\"1\"\n                data-row-index=\"7\"\n                style=\"                padding:10px;\"\n                >\n                                +60,98 \u20ac                <\/td>\n                                            <td class=\"wpdt-cell \"\n                                    data-cell-id=\"C8\"\n                data-col-index=\"2\"\n                data-row-index=\"7\"\n                style=\"                padding:10px;\"\n                >\n                                +60,98 \u20ac                <\/td>\n                                        <\/tr>\n                    <\/table>\n<\/div><style id='wpdt-custom-style-33'>\n.wpdt-bc-F3F9FE { background-color: #F3F9FE !important;}\n<\/style>\n\n<p><em>(Montants officiels en vigueur au 03\/12\/2025)<\/em><\/p>\n<p>Pour les b\u00e9n\u00e9ficiaires de P\u00f4le Emploi, maintenant France Travail, le montant de la prime de No\u00ebl est de 152,45 \u20ac. C\u2019est un montant fixe, et contrairement \u00e0 la prime de No\u00ebl vers\u00e9e par la CAF ou la MSA, il n\u2019y a aucune majoration en cas d\u2019enfant(s) \u00e0 charge. En effet, en 2023, une majoration de 35% \u00e9tait appliqu\u00e9e si vous \u00e9tiez parent isol\u00e9 avec un ou plusieurs enfants \u00e0 charge. Mais depuis 2024, ce n\u2019est plus le cas. Le montant est fixe \u00e0 152,45\u20ac.<\/p>\n<div class='cta-block'><div class='text'>Simulez votre prime de No\u00ebl en 2 min.<\/div><a href='https:\/\/www.mes-allocs.fr\/ab-app?origin=guides\/wp-json\/wp\/v2\/posts\/83984' class='app-button fit'>Simulation gratuite<\/a><\/div>\n<p><iframe loading=\"lazy\" title=\"La prime de No\u00ebl\" width=\"500\" height=\"281\" src=\"https:\/\/www.youtube.com\/embed\/JSd0X11Muig?feature=oembed\" frameborder=\"0\" allow=\"accelerometer; autoplay; clipboard-write; encrypted-media; gyroscope; picture-in-picture; web-share\" referrerpolicy=\"strict-origin-when-cross-origin\" allowfullscreen><\/iframe><\/p>\n<h1>Comment recevoir le compl\u00e9ment de la prime de No\u00ebl ?<\/h1>\n<p>Pour recevoir la prime de No\u00ebl, <strong>vous n&rsquo;avez ni demande \u00e0 faire ni d\u00e9marche \u00e0 entamer.\u00a0<\/strong>Tout se fait automatiquement par votre organisme verseur. Cependant, nous vous conseillons de v\u00e9rifier que les informations communiqu\u00e9es \u00e0 votre organisme ont bien \u00e9t\u00e9 mises \u00e0 jour :<\/p>\n<ul>\n<li>Votre RIB<\/li>\n<li>Votre situation matrimoniale<\/li>\n<li>En fonction de la composition de votre foyer<\/li>\n<\/ul>\n<p>Le versement de la prime de No\u00ebl s&rsquo;effectue directement sur le compte bancaire que vous avez renseign\u00e9 via un virement automatique d\u00e8s le 16 d\u00e9cembre 2025.<\/p>\n<div class='cta-block'><div class='text'>Simulez votre prime de No\u00ebl en 2 min.<\/div><a href='https:\/\/www.mes-allocs.fr\/ab-app?origin=guides\/wp-json\/wp\/v2\/posts\/83984' class='app-button fit'>Simulation gratuite<\/a><\/div>\n","protected":false},"excerpt":{"rendered":"<p>[Mis \u00e0 jour le 04\/12\/2025] Le versement de l&rsquo;aide exceptionnelle de fin d&rsquo;ann\u00e9e approche &#8230; mais comment est calcul\u00e9 le montant de la prime de No\u00ebl ? Pouvez-vous b\u00e9n\u00e9ficier d&rsquo;un compl\u00e9ment en fonction de votre situation ? Et est-il le m\u00eame pour tous ? Mes Allocs vous explique si un compl\u00e9ment de prime de No\u00ebl [&hellip;]<\/p>\n","protected":false},"author":30,"featured_media":83996,"comment_status":"open","ping_status":"open","sticky":false,"template":"","format":"standard","meta":{"amp_status":"","footnotes":""},"categories":[31,39619],"tags":[],"class_list":["post-83984","post","type-post","status-publish","format-standard","has-post-thumbnail","hentry","category-prime-de-noel","category-prime-de-noel-montant"],"yoast_head":"<!-- This site is optimized with the Yoast SEO plugin v14.9 - https:\/\/yoast.com\/wordpress\/plugins\/seo\/ -->\n<title>Compl\u00e9ment prime de No\u00ebl : quel est son montant en 2025 ?<\/title>\n<meta name=\"description\" content=\"Le montait forfaitaire de la prime de No\u00ebl est de 152,45 \u20ac. Mais avez-vous droit \u00e0 un compl\u00e9ment au moment du calcul ?\" \/>\n<meta name=\"robots\" content=\"index, follow, max-snippet:-1, max-image-preview:large, max-video-preview:-1\" \/>\n<link rel=\"canonical\" href=\"https:\/\/www.mes-allocs.fr\/guides\/prime-de-noel\/prime-de-noel-montant\/complement-prime-de-noel\/\" \/>\n<meta property=\"og:locale\" content=\"fr_FR\" \/>\n<meta property=\"og:type\" content=\"article\" \/>\n<meta property=\"og:title\" content=\"Compl\u00e9ment prime de No\u00ebl : quel est son montant en 2025 ?\" \/>\n<meta property=\"og:description\" content=\"Le montait forfaitaire de la prime de No\u00ebl est de 152,45 \u20ac. Mais avez-vous droit \u00e0 un compl\u00e9ment au moment du calcul ?\" \/>\n<meta property=\"og:url\" content=\"https:\/\/www.mes-allocs.fr\/guides\/prime-de-noel\/prime-de-noel-montant\/complement-prime-de-noel\/\" \/>\n<meta property=\"og:site_name\" content=\"Mes-Allocs.fr\" \/>\n<meta property=\"article:published_time\" content=\"2024-10-15T16:03:29+00:00\" \/>\n<meta property=\"article:modified_time\" content=\"2026-04-22T09:51:26+00:00\" \/>\n<meta property=\"og:image\" content=\"https:\/\/www.mes-allocs.fr\/guides\/wp-content\/uploads\/2024\/10\/complement-prime-de-noel.jpg?wsr\" \/>\n\t<meta property=\"og:image:width\" content=\"1280\" \/>\n\t<meta property=\"og:image:height\" content=\"853\" \/>\n<meta name=\"twitter:card\" content=\"summary_large_image\" \/>\n<script type=\"application\/ld+json\" class=\"yoast-schema-graph\">{\"@context\":\"https:\/\/schema.org\",\"@graph\":[{\"@type\":\"WebSite\",\"@id\":\"https:\/\/www.mes-allocs.fr\/guides\/#website\",\"url\":\"https:\/\/www.mes-allocs.fr\/guides\/\",\"name\":\"Mes-Allocs.fr\",\"description\":\"\",\"potentialAction\":[{\"@type\":\"SearchAction\",\"target\":\"https:\/\/www.mes-allocs.fr\/guides\/?s={search_term_string}\",\"query-input\":\"required name=search_term_string\"}],\"inLanguage\":\"fr-FR\"},{\"@type\":\"ImageObject\",\"@id\":\"https:\/\/www.mes-allocs.fr\/guides\/prime-de-noel\/prime-de-noel-montant\/complement-prime-de-noel\/#primaryimage\",\"inLanguage\":\"fr-FR\",\"url\":\"https:\/\/www.mes-allocs.fr\/guides\/wp-content\/uploads\/2024\/10\/complement-prime-de-noel.jpg?wsr\",\"width\":1280,\"height\":853,\"caption\":\"complement prime de noel\"},{\"@type\":\"WebPage\",\"@id\":\"https:\/\/www.mes-allocs.fr\/guides\/prime-de-noel\/prime-de-noel-montant\/complement-prime-de-noel\/#webpage\",\"url\":\"https:\/\/www.mes-allocs.fr\/guides\/prime-de-noel\/prime-de-noel-montant\/complement-prime-de-noel\/\",\"name\":\"Compl\\u00e9ment prime de No\\u00ebl : quel est son montant en 2025 ?\",\"isPartOf\":{\"@id\":\"https:\/\/www.mes-allocs.fr\/guides\/#website\"},\"primaryImageOfPage\":{\"@id\":\"https:\/\/www.mes-allocs.fr\/guides\/prime-de-noel\/prime-de-noel-montant\/complement-prime-de-noel\/#primaryimage\"},\"datePublished\":\"2024-10-15T16:03:29+00:00\",\"dateModified\":\"2026-04-22T09:51:26+00:00\",\"author\":{\"@id\":\"https:\/\/www.mes-allocs.fr\/guides\/#\/schema\/person\/66505fe443d6e6f3696c5af001f3fab8\"},\"description\":\"Le montait forfaitaire de la prime de No\\u00ebl est de 152,45 \\u20ac. Mais avez-vous droit \\u00e0 un compl\\u00e9ment au moment du calcul ?\",\"inLanguage\":\"fr-FR\"},{\"@type\":\"Person\",\"@id\":\"https:\/\/www.mes-allocs.fr\/guides\/#\/schema\/person\/66505fe443d6e6f3696c5af001f3fab8\",\"name\":\"Lauriane Oriol\",\"image\":{\"@type\":\"ImageObject\",\"@id\":\"https:\/\/www.mes-allocs.fr\/guides\/#personlogo\",\"inLanguage\":\"fr-FR\",\"url\":\"https:\/\/www.mes-allocs.fr\/guides\/wp-content\/uploads\/2024\/10\/1702589802731-1-150x150.jpeg\",\"caption\":\"Lauriane Oriol\"},\"description\":\"Lauriane est r\\u00e9dactrice chez Mes Allocs. Sp\\u00e9cialiste des d\\u00e9marches administratives, elle rejoint Mes Allocs apr\\u00e8s une premi\\u00e8re exp\\u00e9rience en marketing et communication.\"}]}<\/script>\n<!-- \/ Yoast SEO plugin. -->","amp_validity":null,"acf":{"faq":{"1":{"question":"Quelle est la diff\u00e9rence entre la prime exceptionnelle et la prime de No\u00ebl ?","answer":"La prime de No\u00ebl est la prime exceptionnelle de fin d'ann\u00e9e."},"2":{"question":"Quand la prime de No\u00ebl appara\u00eet sur le compte CAF ?","answer":"La prime de No\u00ebl appara\u00eet sur le compte CAF quelques jours avant son versement voire le jour du versement, c'est-\u00e0-dire\u00a0le 16 d\u00e9cembre 2025."},"3":{"question":"Comment savoir si je vais toucher la prime de No\u00ebl ?","answer":"Nous mettons \u00e0 votre disposition notre simulateur gratuit, fiable et rapide pour r\u00e9pondre \u00e0 cette question."},"4":{"question":"Quel est le montant de la prime de No\u00ebl 2025 ?","answer":"Le montant forfaitaire de la prime de No\u00ebl est de 152,45 \u20ac."},"5":{"question":"","answer":""},"6":{"question":"","answer":""},"7":{"question":"","answer":""},"8":{"question":"","answer":""},"9":{"question":"","answer":""},"10":{"question":"","answer":""},"11":{"question":"","answer":""},"12":{"question":"","answer":""},"13":{"question":"","answer":""},"14":{"question":"","answer":""},"15":{"question":"","answer":""},"16":{"question":"","answer":""}}},"_links":{"self":[{"href":"https:\/\/www.mes-allocs.fr\/guides\/wp-json\/wp\/v2\/posts\/83984","targetHints":{"allow":["GET"]}}],"collection":[{"href":"https:\/\/www.mes-allocs.fr\/guides\/wp-json\/wp\/v2\/posts"}],"about":[{"href":"https:\/\/www.mes-allocs.fr\/guides\/wp-json\/wp\/v2\/types\/post"}],"author":[{"embeddable":true,"href":"https:\/\/www.mes-allocs.fr\/guides\/wp-json\/wp\/v2\/users\/30"}],"replies":[{"embeddable":true,"href":"https:\/\/www.mes-allocs.fr\/guides\/wp-json\/wp\/v2\/comments?post=83984"}],"version-history":[{"count":32,"href":"https:\/\/www.mes-allocs.fr\/guides\/wp-json\/wp\/v2\/posts\/83984\/revisions"}],"predecessor-version":[{"id":106395,"href":"https:\/\/www.mes-allocs.fr\/guides\/wp-json\/wp\/v2\/posts\/83984\/revisions\/106395"}],"wp:featuredmedia":[{"embeddable":true,"href":"https:\/\/www.mes-allocs.fr\/guides\/wp-json\/wp\/v2\/media\/83996"}],"wp:attachment":[{"href":"https:\/\/www.mes-allocs.fr\/guides\/wp-json\/wp\/v2\/media?parent=83984"}],"wp:term":[{"taxonomy":"category","embeddable":true,"href":"https:\/\/www.mes-allocs.fr\/guides\/wp-json\/wp\/v2\/categories?post=83984"},{"taxonomy":"post_tag","embeddable":true,"href":"https:\/\/www.mes-allocs.fr\/guides\/wp-json\/wp\/v2\/tags?post=83984"}],"curies":[{"name":"wp","href":"https:\/\/api.w.org\/{rel}","templated":true}]}}