{"id":83983,"date":"2024-10-15T17:54:21","date_gmt":"2024-10-15T15:54:21","guid":{"rendered":"https:\/\/www.mes-allocs.fr\/guides\/?p=83983"},"modified":"2026-04-22T10:51:26","modified_gmt":"2026-04-22T09:51:26","slug":"prime-de-noel-non-recue","status":"publish","type":"post","link":"https:\/\/www.mes-allocs.fr\/guides\/prime-de-noel\/versement-prime-de-noel\/prime-de-noel-non-recue\/","title":{"rendered":"Prime de No\u00ebl CAF non re\u00e7ue : comment faire ?"},"content":{"rendered":"<p><img loading=\"lazy\" decoding=\"async\" class=\"aligncenter size-full wp-image-105251\" title=\"prime noel non recue\" src=\"https:\/\/www.mes-allocs.fr\/guides\/wp-content\/uploads\/2024\/10\/prime-noel-non-recue.png\" alt=\"prime noel non recue\" width=\"1920\" height=\"300\" srcset=\"https:\/\/www.mes-allocs.fr\/guides\/wp-content\/uploads\/2024\/10\/prime-noel-non-recue.png 1920w, https:\/\/www.mes-allocs.fr\/guides\/wp-content\/uploads\/2024\/10\/prime-noel-non-recue-300x47.png 300w, https:\/\/www.mes-allocs.fr\/guides\/wp-content\/uploads\/2024\/10\/prime-noel-non-recue-1024x160.png 1024w, https:\/\/www.mes-allocs.fr\/guides\/wp-content\/uploads\/2024\/10\/prime-noel-non-recue-768x120.png 768w, https:\/\/www.mes-allocs.fr\/guides\/wp-content\/uploads\/2024\/10\/prime-noel-non-recue-1536x240.png 1536w, https:\/\/www.mes-allocs.fr\/guides\/wp-content\/uploads\/2024\/10\/prime-noel-non-recue-600x94.png 600w\" sizes=\"auto, (max-width: 1920px) 100vw, 1920px\" \/><\/p>\n<p>[Mis \u00e0 jour le 04\/12\/2025] La prime de No\u00ebl est vers\u00e9e \u00e0 partir du mardi 16 d\u00e9cembre par la CAF. Mais il arrive que le <a href=\"https:\/\/www.mes-allocs.fr\/guides\/prime-de-noel\/versement-prime-de-noel\/\">versement de la prime de No\u00ebl<\/a> n&rsquo;apparaisse pas imm\u00e9diatement sur votre compte. Avant de vous inqui\u00e9ter, sachez qu\u2019un l\u00e9ger d\u00e9calage de versement est souvent li\u00e9 \u00e0 des d\u00e9lais bancaires ou \u00e0 la mise \u00e0 jour de votre dossier. Mes Allocs vous explique que faire si <strong>vous n&rsquo;avez pas re\u00e7u la prime de No\u00ebl CAF<\/strong>.<\/p>\n<div class='cta-block'><div class='text'>Simulez votre prime de No\u00ebl en 2 min.<\/div><a href='https:\/\/www.mes-allocs.fr\/ab-app?origin=guides\/wp-json\/wp\/v2\/posts\/83983' class='app-button fit'>Simulation gratuite<\/a><\/div>\n<h1>Prime de No\u00ebl non re\u00e7ue : quand devez-vous vous inqui\u00e9ter ?<\/h1>\n<p>Vous \u00eates \u00e9ligible \u00e0 la prime de No\u00ebl mais vous ne l&rsquo;avez pas re\u00e7ue ? Avant de vous inqui\u00e9ter, <strong>nous vous conseillons d&rsquo;attendre une semaine<\/strong> car il se peut que ce soit d\u00fb \u00e0 un traitement bancaire un peu long.<\/p>\n<h1>Prime de No\u00ebl CAF non re\u00e7ue : pourquoi ?<\/h1>\n<p>Si \u00e7a fait plus d&rsquo;une semaine que vous n&rsquo;avez pas re\u00e7u la prime de No\u00ebl, il vous faut conna\u00eetre la raison de cette absence sur votre compte bancaire avant de faire un recours.<\/p>\n<h2>Raison n\u00b01 : Vous ne remplissez pas les conditions d&rsquo;\u00e9ligibilit\u00e9<\/h2>\n<p><strong>La raison la plus courante est que vous ne remplissez pas les conditions d&rsquo;\u00e9ligibilit\u00e9.<\/strong><\/p>\n<p>Pour rappel, vous devez \u00eatre allocataire d&rsquo;une des aides suivantes pour b\u00e9n\u00e9ficier de la prime de No\u00ebl en 2025 :<\/p>\n<ul>\n<li>Revenu de solidarit\u00e9 active <strong>(RSA)<\/strong><\/li>\n<li>Revenu de solidarit\u00e9 active socle et de la prime d\u2019activit\u00e9 (si les ressources du foyer ne d\u00e9passent pas le montant du RSA socle)<\/li>\n<li>Allocation de solidarit\u00e9 sp\u00e9cifique <strong>(ASS)<\/strong><\/li>\n<li>Allocation de Solidarit\u00e9 Sp\u00e9cifique Formation <strong>(ASS-F)<\/strong><\/li>\n<li>R\u00e9mun\u00e9ration de la Formation P\u00f4le Emploi <strong>(RFPE)<\/strong> ou la R\u00e9mun\u00e9ration des Stagiaires de la Formation Professionnelle\/R\u00e9mun\u00e9ration Publique de Stage <strong>(RSFP\/RPS)<\/strong> <strong>uniquement si<\/strong> vous percevez l&rsquo;Allocation de Solidarit\u00e9 Sp\u00e9cifique (ASS) la veille de vos d\u00e9buts en formation<\/li>\n<li>Aide \u00e0 la Cr\u00e9ation et la Reprise d&rsquo;Entreprise pour les b\u00e9n\u00e9ficiaires de l&rsquo;ASS <strong>(ACRE-ASS)<\/strong><\/li>\n<li>Allocation \u00c9quivalent Retraite <strong>(AER)<\/strong><\/li>\n<\/ul>\n<p>Malheureusement, si vous percevez une autre aide sociale qui n&rsquo;est pas dans cette liste ci-dessus, vous n&rsquo;\u00eates pas \u00e9ligible \u00e0 la prime de No\u00ebl. C&rsquo;est le cas, si vous \u00eates b\u00e9n\u00e9ficiaires d&rsquo;une de ces aides :<\/p>\n<ul>\n<li>Allocation de Retour \u00e0 l&rsquo;Emploi (ARE)<\/li>\n<li>Allocation Adulte Handicap\u00e9 (AAH)<\/li>\n<li>Minimum vieillesse<\/li>\n<\/ul>\n<p>Si vous n&rsquo;\u00eates pas \u00e9ligible, il est donc logique que vous ne perceviez pas la prime de No\u00ebl en 2025.<\/p>\n<h2>Raison n\u00b02 : Le traitement bancaire<\/h2>\n<p>Ensuite, il se peut que<strong> votre banque applique un traitement bancaire de quelques jours pour les virements<\/strong>. Si c&rsquo;est plus long que pr\u00e9vu ou si vous n&rsquo;\u00eates pas habitu\u00e9 \u00e0 ce qu&rsquo;il y est un traitement bancaire long, vous pouvez contacter votre conseiller bancaire. Celui-ci pourra vous dire s&rsquo;il y a un probl\u00e8me et o\u00f9 en est le virement de la prime de No\u00ebl intervenu d\u00e8s le 16 d\u00e9cembre 2025.<\/p>\n<h2>Raison n\u00b03 : Le versement sera effectu\u00e9 au mois de janvier<\/h2>\n<p>Comme dit pr\u00e9c\u00e9demment, il se peut que vous soyez \u00e9ligible mais que la <a href=\"https:\/\/www.mes-allocs.fr\/guides\/prime-de-noel\/versement-prime-de-noel\/date-prime-de-noel\/\">date de versement de la prime de No\u00ebl<\/a> soit report\u00e9e en janvier. Vous recevrez votre prime de No\u00ebl en janvier si vous \u00eates <strong>b\u00e9n\u00e9ficiaire d&rsquo;une des aides \u00e9ligibles qu&rsquo;\u00e0 partir de d\u00e9cembre 2025.<\/strong><\/p>\n<p>Si c&rsquo;est votre cas, <strong>le versement de la prime de No\u00ebl s&rsquo;effectuera courant janvier 2026.<\/strong><\/p>\n<h2>Raison n\u00b04 : Une erreur de l&rsquo;organisme verseur<\/h2>\n<p><strong>Une des raisons peut \u00eatre une erreur qui provient de l&rsquo;organisme verseur.<\/strong> Pour rappel, la prime de No\u00ebl est vers\u00e9e par <strong>la CAF, la MSA ou France Travail<\/strong> (anciennement P\u00f4le Emploi).<\/p>\n<p>Il peut arriver que l&rsquo;organisme fasse une erreur de calcul ou oublie de vous verser la prime de No\u00ebl. <strong>Dans ce cas l\u00e0, vous pouvez faire un recours<\/strong> pour qu&rsquo;elle vous soit vers\u00e9e.<\/p>\n<h2>Raison n\u00b05 : Le versement a du retard<\/h2>\n<p>La derni\u00e8re raison est <strong>un cas tr\u00e8s rare.<\/strong> Il se peut qu&rsquo;un des organismes ait un probl\u00e8me interne (informatique ou autre) qui emp\u00eache le versement de la prime de No\u00ebl \u00e0 partir du mardi 16 d\u00e9cembre 2025.<\/p>\n<p>Dans ces cas l\u00e0, vous n&rsquo;avez pas de recours \u00e0 faire, l&rsquo;organisme se chargera de se remettre aux normes.<\/p>\n<p><iframe loading=\"lazy\" title=\"La prime de No\u00ebl\" width=\"500\" height=\"281\" src=\"https:\/\/www.youtube.com\/embed\/JSd0X11Muig?feature=oembed\" frameborder=\"0\" allow=\"accelerometer; autoplay; clipboard-write; encrypted-media; gyroscope; picture-in-picture; web-share\" referrerpolicy=\"strict-origin-when-cross-origin\" allowfullscreen><\/iframe><\/p>\n<p>&nbsp;<\/p>\n<h1>La prime de No\u00ebl n\u2019appara\u00eet pas sur mon compte CAF<\/h1>\n<p>Vous attendez votre prime de No\u00ebl et ne la voyez pas encore appara\u00eetre dans votre espace personnel CAF ? Pas de panique : dans la majorit\u00e9 des cas, cela ne signifie pas que vous ne la recevrez pas.<\/p>\n<p>D\u2019abord, sachez que <strong>la CAF affiche le paiement quelques jours avant ou apr\u00e8s l\u2019\u00e9mission effective du virement bancaire<\/strong>. Il est donc possible que le virement ait d\u00e9j\u00e0 \u00e9t\u00e9 programm\u00e9, mais qu\u2019il ne soit pas encore visible dans votre espace.<\/p>\n<p>Pour v\u00e9rifier, connectez-vous \u00e0 votre espace Mon Compte CAF, puis rendez-vous dans la rubrique \u201cMes paiements et mes droits\u201d. Si la mention \u201cPrime exceptionnelle de fin d\u2019ann\u00e9e\u201d ou \u201cPrime de No\u00ebl\u201d appara\u00eet, le versement est bien pr\u00e9vu : il arrivera <strong>sur votre compte sous 48 \u00e0 72 heures<\/strong>. Si aucune ligne ne s\u2019affiche apr\u00e8s le mardi 16 d\u00e9cembre 2025 et que vous \u00eates pourtant \u00e9ligible, il est possible que :<\/p>\n<ul>\n<li>Votre dossier soit en cours de traitement (actualisation, changement de situation, ou erreur de coordonn\u00e9es bancaires)<\/li>\n<li>Votre droit ait \u00e9t\u00e9 ouvert trop tardivement (\u00e0 partir de d\u00e9cembre, ce qui d\u00e9cale le paiement \u00e0 janvier)<\/li>\n<\/ul>\n<h1>Quelle est la date de versement de la prime de No\u00ebl en 2025 ?<\/h1>\n<p>Le versement de la prime de No\u00ebl en 2025 d\u00e9bute <strong>d\u00e8s le 16 novembre 2025<\/strong>, comme l&rsquo;a annonc\u00e9 le minist\u00e8re du Travail \u00e0 l&rsquo;AFP le 24 novembre 2025.<\/p>\n<p>Pour rappel, il faut \u00eatre b\u00e9n\u00e9ficiaire d&rsquo;une des aides \u00e9ligibles au mois de novembre 2025 ou \u00e0 d\u00e9faut au mois de d\u00e9cembre 2025 pour \u00eatre pris en compte pour recevoir la prime de No\u00ebl.<\/p>\n<div class='cta-block'><div class='text'>Simulez votre prime de No\u00ebl en 2 min.<\/div><a href='https:\/\/www.mes-allocs.fr\/ab-app?origin=guides\/wp-json\/wp\/v2\/posts\/83983' class='app-button fit'>Simulation gratuite<\/a><\/div>\n<h1>Prime de No\u00ebl non re\u00e7ue : que faire avant d&rsquo;entamer un recours ?<\/h1>\n<p><span style=\"font-weight: 400;\">Avant d&rsquo;entamer une d\u00e9marche de recours, nous vous conseillons fortement de <strong>v\u00e9rifier vos informations personnelles<\/strong> sur votre compte CAF, MSA ou France Travail en fonction de l&rsquo;<a href=\"https:\/\/www.mes-allocs.fr\/guides\/prime-de-noel\/versement-prime-de-noel\/qui-verse-prime-de-noel\/\">organisme qui vous verse la prime de No\u00ebl<\/a>. En effet, il se peut que ce soit vous qui ait fait une erreur. Cette erreur peut provenir de vos revenus d\u00e9clar\u00e9s, de votre situation matrimoniale ou de la composition de votre foyer.<\/span><\/p>\n<p>De plus, nous vous conseillons aussi de <strong>v\u00e9rifier les coordonn\u00e9es bancaires (RIB)<\/strong> que vous avez fournies \u00e0 la CAF, la MSA ou France Travail. Si vous avez chang\u00e9 de banque r\u00e9cemment ou que vous vous \u00eates tromp\u00e9 alors le virement n&rsquo;a pas pu se faire. L&rsquo;organisme n&rsquo;est donc pas responsable.<\/p>\n<h1>Quelles d\u00e9marches pour contester le non versement de la prime de No\u00ebl ?<\/h1>\n<h2>Etape 1 : Simuler vos droits \u00e0 la prime de No\u00ebl<\/h2>\n<p>La premi\u00e8re \u00e9tape est de simuler vos droits. Cette \u00e9tape est indispensable parce que si vous vous trompez en faisant un recours et qu&rsquo;il s&rsquo;av\u00e8re que c&rsquo;est votre faute, que vous n&rsquo;avez en r\u00e9alit\u00e9 pas droit \u00e0 la prime de No\u00ebl ou que vous avez commis une erreur dans votre d\u00e9claration d&rsquo;informations, vous allez tr\u00e8s certainement devoir rembourser le montant de la prime de No\u00ebl.<\/p>\n<p>Nous vous proposons d&rsquo;utiliser <strong>notre simulateur gratuit qui vous donnera des r\u00e9sultats fiables et rapides<\/strong>.<\/p>\n<h2>Etape 2 : Contacter votre organisme verseur<\/h2>\n<p>Si vous avez v\u00e9rifi\u00e9 votre \u00e9ligibilit\u00e9 et que la prime de No\u00ebl ne vous a toujours pas \u00e9t\u00e9 vers\u00e9e, la deuxi\u00e8me \u00e9tape consiste \u00e0 <strong>contacter directement votre organisme verseur<\/strong>.<\/p>\n<h3>Qui contacter et comment ?<\/h3>\n<p>Commencez par identifier quel organisme g\u00e8re votre prestation :<\/p>\n<ul>\n<li>La CAF ou la MSA si vous percevez le RSA<\/li>\n<li>France Travail (anciennement P\u00f4le emploi) si vous touchez l\u2019ASS, l\u2019AER ou une autre aide \u00e9ligible<\/li>\n<\/ul>\n<p>Vous pouvez contacter votre organisme de plusieurs fa\u00e7ons :<\/p>\n<ul>\n<li>Via votre espace personnel en ligne (rubrique \u201cMes paiements\u201d, \u201cContact\u201d ou \u201cR\u00e9clamations\u201d)<\/li>\n<li>Par t\u00e9l\u00e9phone<\/li>\n<li>En vous rendant directement \u00e0 l\u2019accueil de votre CAF, MSA ou agence France Travail<\/li>\n<\/ul>\n<h3>Quelles informations fournir ?<\/h3>\n<p>Lors de votre contact, pr\u00e9parez vos informations essentielles : votre num\u00e9ro d\u2019allocataire ou identifiant France Travail, votre RIB (pour v\u00e9rifier le compte destinataire) et la date de votre derni\u00e8re prestation vers\u00e9e.<\/p>\n<p>L\u2019agent pourra ainsi v\u00e9rifier imm\u00e9diatement si un <strong>virement est en attente<\/strong> ou si une erreur bloque le paiement (coordonn\u00e9es bancaires erron\u00e9es, dossier incomplet, changement de situation, etc.).<\/p>\n<div class='cta-block'><div class='text'>Simulez votre prime de No\u00ebl en 2 min.<\/div><a href='https:\/\/www.mes-allocs.fr\/ab-app?origin=guides\/wp-json\/wp\/v2\/posts\/83983' class='app-button fit'>Simulation gratuite<\/a><\/div>\n","protected":false},"excerpt":{"rendered":"<p>[Mis \u00e0 jour le 04\/12\/2025] La prime de No\u00ebl est vers\u00e9e \u00e0 partir du mardi 16 d\u00e9cembre par la CAF. Mais il arrive que le versement de la prime de No\u00ebl n&rsquo;apparaisse pas imm\u00e9diatement sur votre compte. Avant de vous inqui\u00e9ter, sachez qu\u2019un l\u00e9ger d\u00e9calage de versement est souvent li\u00e9 \u00e0 des d\u00e9lais bancaires ou [&hellip;]<\/p>\n","protected":false},"author":30,"featured_media":83997,"comment_status":"open","ping_status":"open","sticky":false,"template":"","format":"standard","meta":{"amp_status":"","footnotes":""},"categories":[31,38932],"tags":[],"class_list":["post-83983","post","type-post","status-publish","format-standard","has-post-thumbnail","hentry","category-prime-de-noel","category-versement-prime-de-noel"],"yoast_head":"<!-- This site is optimized with the Yoast SEO plugin v14.9 - https:\/\/yoast.com\/wordpress\/plugins\/seo\/ -->\n<title>Prime de No\u00ebl CAF non re\u00e7ue : comment faire ? | Mes-Allocs.fr<\/title>\n<meta name=\"description\" content=\"Vous n&#039;avez pas re\u00e7u la prime de No\u00ebl de la CAF ? D\u00e9couvrez pourquoi, si la date de versement peut varier et quelles sont les solutions.\" \/>\n<meta name=\"robots\" content=\"index, follow, max-snippet:-1, max-image-preview:large, max-video-preview:-1\" \/>\n<link rel=\"canonical\" href=\"https:\/\/www.mes-allocs.fr\/guides\/prime-de-noel\/versement-prime-de-noel\/prime-de-noel-non-recue\/\" \/>\n<meta property=\"og:locale\" content=\"fr_FR\" \/>\n<meta property=\"og:type\" content=\"article\" \/>\n<meta property=\"og:title\" content=\"Prime de No\u00ebl CAF non re\u00e7ue : comment faire ? | Mes-Allocs.fr\" \/>\n<meta property=\"og:description\" content=\"Vous n&#039;avez pas re\u00e7u la prime de No\u00ebl de la CAF ? D\u00e9couvrez pourquoi, si la date de versement peut varier et quelles sont les solutions.\" \/>\n<meta property=\"og:url\" content=\"https:\/\/www.mes-allocs.fr\/guides\/prime-de-noel\/versement-prime-de-noel\/prime-de-noel-non-recue\/\" \/>\n<meta property=\"og:site_name\" content=\"Mes-Allocs.fr\" \/>\n<meta property=\"article:published_time\" content=\"2024-10-15T15:54:21+00:00\" \/>\n<meta property=\"article:modified_time\" content=\"2026-04-22T09:51:26+00:00\" \/>\n<meta property=\"og:image\" content=\"https:\/\/www.mes-allocs.fr\/guides\/wp-content\/uploads\/2024\/10\/je-nai-pas-recu-la-prime-de-noel-e1728985540308.jpg?wsr\" \/>\n\t<meta property=\"og:image:width\" content=\"1280\" \/>\n\t<meta property=\"og:image:height\" content=\"336\" \/>\n<meta name=\"twitter:card\" content=\"summary_large_image\" \/>\n<script type=\"application\/ld+json\" class=\"yoast-schema-graph\">{\"@context\":\"https:\/\/schema.org\",\"@graph\":[{\"@type\":\"WebSite\",\"@id\":\"https:\/\/www.mes-allocs.fr\/guides\/#website\",\"url\":\"https:\/\/www.mes-allocs.fr\/guides\/\",\"name\":\"Mes-Allocs.fr\",\"description\":\"\",\"potentialAction\":[{\"@type\":\"SearchAction\",\"target\":\"https:\/\/www.mes-allocs.fr\/guides\/?s={search_term_string}\",\"query-input\":\"required name=search_term_string\"}],\"inLanguage\":\"fr-FR\"},{\"@type\":\"ImageObject\",\"@id\":\"https:\/\/www.mes-allocs.fr\/guides\/prime-de-noel\/versement-prime-de-noel\/prime-de-noel-non-recue\/#primaryimage\",\"inLanguage\":\"fr-FR\",\"url\":\"https:\/\/www.mes-allocs.fr\/guides\/wp-content\/uploads\/2024\/10\/je-nai-pas-recu-la-prime-de-noel-e1728985540308.jpg?wsr\",\"width\":1280,\"height\":336,\"caption\":\"je nai pas recu la prime de noel\"},{\"@type\":\"WebPage\",\"@id\":\"https:\/\/www.mes-allocs.fr\/guides\/prime-de-noel\/versement-prime-de-noel\/prime-de-noel-non-recue\/#webpage\",\"url\":\"https:\/\/www.mes-allocs.fr\/guides\/prime-de-noel\/versement-prime-de-noel\/prime-de-noel-non-recue\/\",\"name\":\"Prime de No\\u00ebl CAF non re\\u00e7ue : comment faire ? | Mes-Allocs.fr\",\"isPartOf\":{\"@id\":\"https:\/\/www.mes-allocs.fr\/guides\/#website\"},\"primaryImageOfPage\":{\"@id\":\"https:\/\/www.mes-allocs.fr\/guides\/prime-de-noel\/versement-prime-de-noel\/prime-de-noel-non-recue\/#primaryimage\"},\"datePublished\":\"2024-10-15T15:54:21+00:00\",\"dateModified\":\"2026-04-22T09:51:26+00:00\",\"author\":{\"@id\":\"https:\/\/www.mes-allocs.fr\/guides\/#\/schema\/person\/66505fe443d6e6f3696c5af001f3fab8\"},\"description\":\"Vous n'avez pas re\\u00e7u la prime de No\\u00ebl de la CAF ? D\\u00e9couvrez pourquoi, si la date de versement peut varier et quelles sont les solutions.\",\"inLanguage\":\"fr-FR\"},{\"@type\":\"Person\",\"@id\":\"https:\/\/www.mes-allocs.fr\/guides\/#\/schema\/person\/66505fe443d6e6f3696c5af001f3fab8\",\"name\":\"Lauriane Oriol\",\"image\":{\"@type\":\"ImageObject\",\"@id\":\"https:\/\/www.mes-allocs.fr\/guides\/#personlogo\",\"inLanguage\":\"fr-FR\",\"url\":\"https:\/\/www.mes-allocs.fr\/guides\/wp-content\/uploads\/2024\/10\/1702589802731-1-150x150.jpeg\",\"caption\":\"Lauriane Oriol\"},\"description\":\"Lauriane est r\\u00e9dactrice chez Mes Allocs. Sp\\u00e9cialiste des d\\u00e9marches administratives, elle rejoint Mes Allocs apr\\u00e8s une premi\\u00e8re exp\\u00e9rience en marketing et communication.\"}]}<\/script>\n<!-- \/ Yoast SEO plugin. -->","amp_validity":null,"acf":{"faq":{"1":{"question":"Pourquoi je n'ai pas re\u00e7u ma prime de No\u00ebl ?","answer":"Plusieurs raisons sont possibles, la principale est que vous n'\u00eates pas \u00e9ligible \u00e0 la prime de No\u00ebl."},"2":{"question":"Pourquoi je ne vois pas la prime de No\u00ebl sur mon compte CAF ?","answer":"Pour le moment, il est totalement normal de ne voir aucune information sur votre compte CAF."},"3":{"question":"Quand appara\u00eet la prime de No\u00ebl sur le compte CAF ?","answer":"La prime de No\u00ebl appara\u00eet sur le compte CAF quelques jours avant son versement voire le jour du versement, soit le 16 d\u00e9cembre 2025."},"4":{"question":" Comment demander la prime de No\u00ebl ?","answer":"Il n'y a aucune d\u00e9marche \u00e0 entamer pour b\u00e9n\u00e9ficier de la prime de No\u00ebl."},"5":{"question":"","answer":""},"6":{"question":"","answer":""},"7":{"question":"","answer":""},"8":{"question":"","answer":""},"9":{"question":"","answer":""},"10":{"question":"","answer":""},"11":{"question":"","answer":""},"12":{"question":"","answer":""},"13":{"question":"","answer":""},"14":{"question":"","answer":""},"15":{"question":"","answer":""},"16":{"question":"","answer":""}}},"_links":{"self":[{"href":"https:\/\/www.mes-allocs.fr\/guides\/wp-json\/wp\/v2\/posts\/83983","targetHints":{"allow":["GET"]}}],"collection":[{"href":"https:\/\/www.mes-allocs.fr\/guides\/wp-json\/wp\/v2\/posts"}],"about":[{"href":"https:\/\/www.mes-allocs.fr\/guides\/wp-json\/wp\/v2\/types\/post"}],"author":[{"embeddable":true,"href":"https:\/\/www.mes-allocs.fr\/guides\/wp-json\/wp\/v2\/users\/30"}],"replies":[{"embeddable":true,"href":"https:\/\/www.mes-allocs.fr\/guides\/wp-json\/wp\/v2\/comments?post=83983"}],"version-history":[{"count":29,"href":"https:\/\/www.mes-allocs.fr\/guides\/wp-json\/wp\/v2\/posts\/83983\/revisions"}],"predecessor-version":[{"id":106393,"href":"https:\/\/www.mes-allocs.fr\/guides\/wp-json\/wp\/v2\/posts\/83983\/revisions\/106393"}],"wp:featuredmedia":[{"embeddable":true,"href":"https:\/\/www.mes-allocs.fr\/guides\/wp-json\/wp\/v2\/media\/83997"}],"wp:attachment":[{"href":"https:\/\/www.mes-allocs.fr\/guides\/wp-json\/wp\/v2\/media?parent=83983"}],"wp:term":[{"taxonomy":"category","embeddable":true,"href":"https:\/\/www.mes-allocs.fr\/guides\/wp-json\/wp\/v2\/categories?post=83983"},{"taxonomy":"post_tag","embeddable":true,"href":"https:\/\/www.mes-allocs.fr\/guides\/wp-json\/wp\/v2\/tags?post=83983"}],"curies":[{"name":"wp","href":"https:\/\/api.w.org\/{rel}","templated":true}]}}