{"id":83936,"date":"2024-10-15T18:26:59","date_gmt":"2024-10-15T16:26:59","guid":{"rendered":"https:\/\/www.mes-allocs.fr\/guides\/?p=83936"},"modified":"2026-04-22T10:51:26","modified_gmt":"2026-04-22T09:51:26","slug":"prime-de-noel-garde-alternee","status":"publish","type":"post","link":"https:\/\/www.mes-allocs.fr\/guides\/prime-de-noel\/conditions-prime-de-noel\/prime-de-noel-garde-alternee\/","title":{"rendered":"Prime de No\u00ebl en garde altern\u00e9e : est-ce possible ?"},"content":{"rendered":"<p><img loading=\"lazy\" decoding=\"async\" class=\"aligncenter size-full wp-image-105210\" title=\"prime noel garde alternee\" src=\"https:\/\/www.mes-allocs.fr\/guides\/wp-content\/uploads\/2024\/10\/prime-noel-garde-alternee.jpg\" alt=\"prime noel garde alternee\" width=\"1920\" height=\"300\" srcset=\"https:\/\/www.mes-allocs.fr\/guides\/wp-content\/uploads\/2024\/10\/prime-noel-garde-alternee.jpg 1920w, https:\/\/www.mes-allocs.fr\/guides\/wp-content\/uploads\/2024\/10\/prime-noel-garde-alternee-300x47.jpg 300w, https:\/\/www.mes-allocs.fr\/guides\/wp-content\/uploads\/2024\/10\/prime-noel-garde-alternee-1024x160.jpg 1024w, https:\/\/www.mes-allocs.fr\/guides\/wp-content\/uploads\/2024\/10\/prime-noel-garde-alternee-768x120.jpg 768w, https:\/\/www.mes-allocs.fr\/guides\/wp-content\/uploads\/2024\/10\/prime-noel-garde-alternee-1536x240.jpg 1536w, https:\/\/www.mes-allocs.fr\/guides\/wp-content\/uploads\/2024\/10\/prime-noel-garde-alternee-600x94.jpg 600w\" sizes=\"auto, (max-width: 1920px) 100vw, 1920px\" \/><\/p>\n<p>[Mis \u00e0 jour le 04\/12\/2025] Chaque ann\u00e9e, la prime de No\u00ebl profite \u00e0 pr\u00e8s de 2.3 millions de m\u00e9nages. Cette aide exceptionnelle apporte un soutien consid\u00e9rable aux b\u00e9n\u00e9ficiaires de minima sociaux au moment des f\u00eates. Mais quelles sont les <a href=\"https:\/\/www.mes-allocs.fr\/guides\/prime-de-noel\/conditions-prime-de-noel\/\">conditions d&rsquo;\u00e9ligibilit\u00e9 \u00e0 la prime de No\u00ebl<\/a> et qui peut la recevoir ? Comment se passe le versement en cas de garde altern\u00e9e ? On vous \u00e9claire sur les questions que vous vous posez pour b\u00e9n\u00e9ficier de la <strong>prime de No\u00ebl en garde altern\u00e9e<\/strong>.<\/p>\n<div class='cta-block'><div class='text'>Simulez votre prime de No\u00ebl en garde altern\u00e9e.<\/div><a href='https:\/\/www.mes-allocs.fr\/ab-app?origin=guides\/wp-json\/wp\/v2\/posts\/83936' class='app-button fit'>Simulation gratuite<\/a><\/div>\n<h1>Quel parent re\u00e7oit la prime de No\u00ebl avec un enfant en garde altern\u00e9e ?<\/h1>\n<p>En cas de garde altern\u00e9e, la prime de No\u00ebl n\u2019est<strong> vers\u00e9e qu\u2019\u00e0 un seul des deux parents<\/strong>, jamais aux deux. L&rsquo;organisme verseur prend en compte le foyer allocataire qui per\u00e7oit le RSA ou l\u2019allocation \u00e9ligible au moment du versement.<\/p>\n<h2>Le cas d&rsquo;un seul parent \u00e9ligible \u00e0 la prime de No\u00ebl<\/h2>\n<p>Si un seul parent est \u00e9ligible, c\u2019est ce parent qui recevra la prime de No\u00ebl. M\u00eame si la garde est strictement altern\u00e9e \u00e0 50\/50, le droit est attach\u00e9 \u00e0 l\u2019allocataire qui touche la prestation principale ouvrant droit \u00e0 la prime. C&rsquo;est donc le parent b\u00e9n\u00e9ficiaire du RSA ou d&rsquo;une aide rendant \u00e9ligible \u00e0 la prime de No\u00ebl qui per\u00e7oit l&rsquo;aide exceptionnelle de fin d&rsquo;ann\u00e9e.\u00a0<strong>La CAF ne partage pas le montant de la prime entre les deux foyers<\/strong>.<\/p>\n<div class='shortcode tips'><div class='title'>Exemple<\/div><div class='content'>Marie et Julien sont s\u00e9par\u00e9s et ont un enfant en garde altern\u00e9e. Marie per\u00e7oit le RSA et l\u2019enfant est rattach\u00e9 \u00e0 son dossier CAF. C\u2019est Marie qui recevra la prime de No\u00ebl, m\u00eame si la garde est \u00e0 50\/50. Julien, s\u2019il ne per\u00e7oit pas de RSA, ne touchera pas la prime.<\/div><\/div>\n<h2>Le cas des deux parents \u00e9ligibles \u00e0 la prime de No\u00ebl<\/h2>\n<p>Si les deux parents touchent une part du <strong>RSA \u201cparent isol\u00e9\u201d<\/strong> en alternance, la CAF d\u00e9cidera en fonction de la situation d\u00e9clar\u00e9e au moment du calcul (revenus, enfants \u00e0 charge, etc.) et du foyer o\u00f9 l\u2019enfant est rattach\u00e9 au moment du calcul des droits. Il s&rsquo;agira donc de savoir sur le dossier de quel parent l&rsquo;enfant est rattach\u00e9. En effet, tout d\u00e9pend de la d\u00e9claration de garde et la d\u00e9claration de r\u00e9sidence altern\u00e9e.<\/p>\n<p>Ainsi, la CAF peut verser la prime de No\u00ebl aux deux parents, mais <strong>un seul verra son montant augment\u00e9 en raison de l&rsquo;enfant \u00e0 charge<\/strong>.<\/p>\n<p>Si votre organisme verseur est France Travail, vous devez savoir que votre situation personnelle n&rsquo;est pas prise en compte. Le fait d&rsquo;avoir des enfants en garde altern\u00e9e n&rsquo;impactera pas le montant pour les deux parents.<\/p>\n<h1>Rappel des conditions pour recevoir la prime de No\u00ebl<\/h1>\n<p>Avant de savoir si vous pouvez recevoir la prime de No\u00ebl en garde altern\u00e9e, il faut d&rsquo;abord savoir si individuellement vous pouvez pr\u00e9tendre \u00e0 cette prime de fin d&rsquo;ann\u00e9e. Cette prime fait partie des prestations familiales, aussi appel\u00e9es allocations familiales, et des conditions d&rsquo;\u00e9ligibilit\u00e9\u00a0sont d\u00e9finies pour limiter l&rsquo;attribution de cette aide.<\/p>\n<p>La prime de No\u00ebl est vers\u00e9e \u00e0 tous les allocataires d&rsquo;une des aides suivantes :<\/p>\n<ul>\n<li>Revenu de solidarit\u00e9 active <strong>(RSA)<\/strong><\/li>\n<li>Revenu de solidarit\u00e9 active socle et de la prime d\u2019activit\u00e9 (si les ressources du foyer ne d\u00e9passent pas le montant du RSA socle)<\/li>\n<li>Allocation de solidarit\u00e9 sp\u00e9cifique <strong>(ASS)<\/strong><\/li>\n<li>Allocation de Solidarit\u00e9 Sp\u00e9cifique Formation <strong>(ASS-F)<\/strong><\/li>\n<li>Allocation \u00c9quivalent Retraite <strong>(AER)<\/strong><\/li>\n<li>R\u00e9mun\u00e9ration de la Formation P\u00f4le Emploi <strong>(RFPE)<\/strong> ou la R\u00e9mun\u00e9ration des Stagiaires de la Formation Professionnelle\/R\u00e9mun\u00e9ration Publique de Stage <strong>(RSFP\/RPS)<\/strong> <strong>uniquement si<\/strong> vous percevez l&rsquo;Allocation de Solidarit\u00e9 Sp\u00e9cifique (ASS) la veille de vos d\u00e9buts en formation<\/li>\n<li>Aide \u00e0 la Cr\u00e9ation et la Reprise d&rsquo;Entreprise pour les b\u00e9n\u00e9ficiaires de l&rsquo;ASS <strong>(ACRE-ASS)<\/strong><\/li>\n<\/ul>\n<p>Si vous percevez une autre aide sociale que vous ne retrouvez pas dans la liste ci-dessus, cela signifie malheureusement que vous n&rsquo;\u00eates pas \u00e9ligible. Si vous touchez une des aides suivantes, vous ne b\u00e9n\u00e9ficierez pas de la prime de No\u00ebl :<\/p>\n<ul>\n<li>Allocation de Retour \u00e0 l&rsquo;Emploi (ARE)<\/li>\n<li>Allocation Adulte Handicap\u00e9 (AAH)<\/li>\n<li>Minimum vieillesse<\/li>\n<\/ul>\n<p><strong>Les organismes verseurs de la prime de No\u00ebl sont la CAF, la MSA et France Travail (anciennement P\u00f4le Emploi).<\/strong><\/p>\n<h1>Montant de la prime de No\u00ebl en situation de garde altern\u00e9e<\/h1>\n<p>Que votre enfant \u00e0 charge soit en garde altern\u00e9e ou non ne change pas le calcul de votre prime de No\u00ebl, sauf si cet enfant est d\u00e9clar\u00e9 sur le dossier allocataire de l&rsquo;autre parent. Car en effet, <strong>le montant de la prime de No\u00ebl est impact\u00e9 pour le parent qui a ses enfants sur son dossier<\/strong>, mais seulement si votre organisme verseur est la CAF ou la MSA.<\/p>\n<p>Les b\u00e9n\u00e9ficiaires de France Travail (anciennement P\u00f4le Emploi) en cas de garde altern\u00e9e recevront le montant suivant : 152,45 \u20ac, quelle que soit la situation familiale. Ce montant est le m\u00eame pour tous.<\/p>\n<p>Les b\u00e9n\u00e9ficiaires de la CAF ou de la MSA pour la prime de No\u00ebl peuvent esp\u00e9rer les montants suivants en 2025, calcul\u00e9 en fonction de la situation maritale et du nombre d&rsquo;enfants \u00e0 charge :<\/p>\n<p><span style=\"font-weight: 400;\">\n<div class=\"wpdt-c row wpDataTableContainerSimpleTable wpDataTables wpDataTablesWrapper\n wdtscroll\"\n    >\n    <table id=\"wpdtSimpleTable-33\"\n           class=\"wpdtSimpleTable wpDataTable\"\n           data-column=\"3\"\n           data-rows=\"8\"\n           data-wpID=\"33\"\n           data-responsive=\"0\"\n           data-has-header=\"0\">\n\n                    <tbody>        <tr class=\"wpdt-cell-row \" >\n                            <td class=\"wpdt-cell wpdt-bc-F3F9FE wpdt-bold\"\n                                    data-cell-id=\"A1\"\n                data-col-index=\"0\"\n                data-row-index=\"0\"\n                style=\" width:260px;                padding:10px;\"\n                >\n                                Nombre d\u2019enfant(s)                <\/td>\n                                            <td class=\"wpdt-cell wpdt-bc-F3F9FE wpdt-bold\"\n                                    data-cell-id=\"B1\"\n                data-col-index=\"1\"\n                data-row-index=\"0\"\n                style=\" width:228px;                padding:10px;\"\n                >\n                                Personne seule                <\/td>\n                                            <td class=\"wpdt-cell wpdt-bc-F3F9FE wpdt-bold\"\n                                    data-cell-id=\"C1\"\n                data-col-index=\"2\"\n                data-row-index=\"0\"\n                style=\" width:217px;                padding:10px;\"\n                >\n                                En couple                <\/td>\n                                        <\/tr>\n                            <tr class=\"wpdt-cell-row \" >\n                            <td class=\"wpdt-cell wpdt-bold\"\n                                    data-cell-id=\"A2\"\n                data-col-index=\"0\"\n                data-row-index=\"1\"\n                style=\"                padding:10px;\"\n                >\n                                Sans enfant                <\/td>\n                                            <td class=\"wpdt-cell \"\n                                    data-cell-id=\"B2\"\n                data-col-index=\"1\"\n                data-row-index=\"1\"\n                style=\"                padding:10px;\"\n                >\n                                152,45 \u20ac                <\/td>\n                                            <td class=\"wpdt-cell \"\n                                    data-cell-id=\"C2\"\n                data-col-index=\"2\"\n                data-row-index=\"1\"\n                style=\"                padding:10px;\"\n                >\n                                228,68 \u20ac                <\/td>\n                                        <\/tr>\n                            <tr class=\"wpdt-cell-row \" >\n                            <td class=\"wpdt-cell wpdt-bold\"\n                                    data-cell-id=\"A3\"\n                data-col-index=\"0\"\n                data-row-index=\"2\"\n                style=\"                padding:10px;\"\n                >\n                                1 enfant                <\/td>\n                                            <td class=\"wpdt-cell \"\n                                    data-cell-id=\"B3\"\n                data-col-index=\"1\"\n                data-row-index=\"2\"\n                style=\"                padding:10px;\"\n                >\n                                228,68 \u20ac                <\/td>\n                                            <td class=\"wpdt-cell \"\n                                    data-cell-id=\"C3\"\n                data-col-index=\"2\"\n                data-row-index=\"2\"\n                style=\"                padding:10px;\"\n                >\n                                274,41 \u20ac                <\/td>\n                                        <\/tr>\n                            <tr class=\"wpdt-cell-row \" >\n                            <td class=\"wpdt-cell wpdt-bold\"\n                                    data-cell-id=\"A4\"\n                data-col-index=\"0\"\n                data-row-index=\"3\"\n                style=\"                padding:10px;\"\n                >\n                                2 enfants                <\/td>\n                                            <td class=\"wpdt-cell \"\n                                    data-cell-id=\"B4\"\n                data-col-index=\"1\"\n                data-row-index=\"3\"\n                style=\"                padding:10px;\"\n                >\n                                274,41 \u20ac                <\/td>\n                                            <td class=\"wpdt-cell \"\n                                    data-cell-id=\"C4\"\n                data-col-index=\"2\"\n                data-row-index=\"3\"\n                style=\"                padding:10px;\"\n                >\n                                320,15 \u20ac                <\/td>\n                                        <\/tr>\n                            <tr class=\"wpdt-cell-row \" >\n                            <td class=\"wpdt-cell wpdt-bold\"\n                                    data-cell-id=\"A5\"\n                data-col-index=\"0\"\n                data-row-index=\"4\"\n                style=\"                padding:10px;\"\n                >\n                                3 enfants                <\/td>\n                                            <td class=\"wpdt-cell \"\n                                    data-cell-id=\"B5\"\n                data-col-index=\"1\"\n                data-row-index=\"4\"\n                style=\"                padding:10px;\"\n                >\n                                335,39 \u20ac                <\/td>\n                                            <td class=\"wpdt-cell \"\n                                    data-cell-id=\"C5\"\n                data-col-index=\"2\"\n                data-row-index=\"4\"\n                style=\"                padding:10px;\"\n                >\n                                381,13 \u20ac                <\/td>\n                                        <\/tr>\n                            <tr class=\"wpdt-cell-row \" >\n                            <td class=\"wpdt-cell wpdt-bold\"\n                                    data-cell-id=\"A6\"\n                data-col-index=\"0\"\n                data-row-index=\"5\"\n                style=\"                padding:10px;\"\n                >\n                                4 enfants                <\/td>\n                                            <td class=\"wpdt-cell \"\n                                    data-cell-id=\"B6\"\n                data-col-index=\"1\"\n                data-row-index=\"5\"\n                style=\"                padding:10px;\"\n                >\n                                396,37 \u20ac                <\/td>\n                                            <td class=\"wpdt-cell \"\n                                    data-cell-id=\"C6\"\n                data-col-index=\"2\"\n                data-row-index=\"5\"\n                style=\"                padding:10px;\"\n                >\n                                442,11 \u20ac                <\/td>\n                                        <\/tr>\n                            <tr class=\"wpdt-cell-row \" >\n                            <td class=\"wpdt-cell wpdt-bold\"\n                                    data-cell-id=\"A7\"\n                data-col-index=\"0\"\n                data-row-index=\"6\"\n                style=\"                padding:10px;\"\n                >\n                                5 enfants                <\/td>\n                                            <td class=\"wpdt-cell \"\n                                    data-cell-id=\"B7\"\n                data-col-index=\"1\"\n                data-row-index=\"6\"\n                style=\"                padding:10px;\"\n                >\n                                457,35 \u20ac                <\/td>\n                                            <td class=\"wpdt-cell \"\n                                    data-cell-id=\"C7\"\n                data-col-index=\"2\"\n                data-row-index=\"6\"\n                style=\"                padding:10px;\"\n                >\n                                503,09 \u20ac                <\/td>\n                                        <\/tr>\n                            <tr class=\"wpdt-cell-row \" >\n                            <td class=\"wpdt-cell wpdt-bold\"\n                                    data-cell-id=\"A8\"\n                data-col-index=\"0\"\n                data-row-index=\"7\"\n                style=\"                padding:10px;\"\n                >\n                                Par enfant(s) suppl\u00e9mentaire                <\/td>\n                                            <td class=\"wpdt-cell \"\n                                    data-cell-id=\"B8\"\n                data-col-index=\"1\"\n                data-row-index=\"7\"\n                style=\"                padding:10px;\"\n                >\n                                +60,98 \u20ac                <\/td>\n                                            <td class=\"wpdt-cell \"\n                                    data-cell-id=\"C8\"\n                data-col-index=\"2\"\n                data-row-index=\"7\"\n                style=\"                padding:10px;\"\n                >\n                                +60,98 \u20ac                <\/td>\n                                        <\/tr>\n                    <\/table>\n<\/div><style id='wpdt-custom-style-33'>\n.wpdt-bc-F3F9FE { background-color: #F3F9FE !important;}\n<\/style>\n<\/span><\/p>\n<p><em>(Montants officiels en vigueur au 03\/12\/2025)<\/em><\/p>\n<div class='cta-block'><div class='text'>Simulez votre prime de No\u00ebl en garde altern\u00e9e.<\/div><a href='https:\/\/www.mes-allocs.fr\/ab-app?origin=guides\/wp-json\/wp\/v2\/posts\/83936' class='app-button fit'>Simulation gratuite<\/a><\/div>\n<h2>Existe-t-il une majoration de la prime de No\u00ebl en cas de garde altern\u00e9e ?<\/h2>\n<p><strong>La r\u00e9ponse est malheureusement non. <\/strong>Le fait d&rsquo;\u00eatre en garde altern\u00e9e n&rsquo;ouvre pas droit \u00e0 une quelconque majoration. Par contre, la composition de la famille et le nombre d&rsquo;enfants \u00e0 charge sont pris en compte dans le calcul du montant vers\u00e9.<\/p>\n<p>Toutefois, le montant de la <a href=\"https:\/\/www.mes-allocs.fr\/guides\/prime-de-noel\/conditions-prime-de-noel\/prime-de-noel-familles-monoparentales\/\">prime de No\u00ebl pour une famille monoparentale<\/a> ne sera jamais sup\u00e9rieur \u00e0 celui attribu\u00e9 pour un couple.<\/p>\n<p><iframe loading=\"lazy\" title=\"La prime de No\u00ebl\" width=\"500\" height=\"281\" src=\"https:\/\/www.youtube.com\/embed\/JSd0X11Muig?feature=oembed\" frameborder=\"0\" allow=\"accelerometer; autoplay; clipboard-write; encrypted-media; gyroscope; picture-in-picture; web-share\" referrerpolicy=\"strict-origin-when-cross-origin\" allowfullscreen><\/iframe><\/p>\n<h1>Comment faire une demande de prime de No\u00ebl en 2025 en cas de garde altern\u00e9e ?<\/h1>\n<p>Les f\u00eates de fin d&rsquo;ann\u00e9e approchent \u00e0 grand pas, vous devez savoir que vous n&rsquo;avez <strong>aucune d\u00e9marche \u00e0 entamer<\/strong> pour b\u00e9n\u00e9ficier de la prime de No\u00ebl en 2025. Cependant, nous avons \u00e9tabli une liste de trois \u00e9tapes pour vous aider et vous rassurer.<\/p>\n<h2>Etape 1 : V\u00e9rifier les conditions d&rsquo;\u00e9ligibilit\u00e9 et les montants<\/h2>\n<p>Premi\u00e8rement, nous vous conseillons de v\u00e9rifier les diff\u00e9rentes conditions d&rsquo;\u00e9ligibilit\u00e9 de la prime de No\u00ebl. Ensuite, lorsque vous savez que vous \u00eates bien \u00e9ligible, nous vous conseillons de prendre connaissance des montants de la prime de No\u00ebl.<\/p>\n<p>En cas de changement r\u00e9cent (garde modifi\u00e9e, rattachement d\u2019un enfant transf\u00e9r\u00e9), il est conseill\u00e9 de mettre \u00e0 jour votre dossier CAF avant fin novembre, car c\u2019est cette situation qui d\u00e9terminera le versement de la prime.<\/p>\n<h2>Etape 2 : Simuler vos droits<\/h2>\n<p>Deuxi\u00e8mement, nous vous conseillons fortement de vous assurer de vos droits en utilisant <strong>notre simulateur gratuit, rapide et fiable<\/strong>. Il vous permettra d&rsquo;avoir une r\u00e9ponse \u00e0 toutes vos questions. De plus, des conseillers sont \u00e0 votre disposition pour vous aider au mieux. Ils seront ravis de vous accompagner suivant vos besoins.<\/p>\n<div class='cta-block'><div class='text'>Simulez votre prime de No\u00ebl en garde altern\u00e9e.<\/div><a href='https:\/\/www.mes-allocs.fr\/ab-app?origin=guides\/wp-json\/wp\/v2\/posts\/83936' class='app-button fit'>Simulation gratuite<\/a><\/div>\n<h2>Etape 3 : Recevoir votre prime de No\u00ebl<\/h2>\n<p>La derni\u00e8re \u00e9tape est d&rsquo;attendre le versement de votre prime de No\u00ebl, fix\u00e9 au 16 d\u00e9cembre 2025, et de v\u00e9rifier qu&rsquo;elle appara\u00eet bien sur votre compte.<\/p>\n<p>Finalement, nous vous conseillons de mettre \u00e0 jour vos informations sur votre situation personnelle sur votre compte de l&rsquo;organisme verseur pour ne pas faire face \u00e0 des erreurs :<\/p>\n<ul>\n<li>Votre RIB<\/li>\n<li>Votre situation matrimoniale<\/li>\n<li>La composition de votre famille<\/li>\n<\/ul>\n","protected":false},"excerpt":{"rendered":"<p>[Mis \u00e0 jour le 04\/12\/2025] Chaque ann\u00e9e, la prime de No\u00ebl profite \u00e0 pr\u00e8s de 2.3 millions de m\u00e9nages. Cette aide exceptionnelle apporte un soutien consid\u00e9rable aux b\u00e9n\u00e9ficiaires de minima sociaux au moment des f\u00eates. Mais quelles sont les conditions d&rsquo;\u00e9ligibilit\u00e9 \u00e0 la prime de No\u00ebl et qui peut la recevoir ? Comment se passe [&hellip;]<\/p>\n","protected":false},"author":30,"featured_media":83958,"comment_status":"open","ping_status":"open","sticky":false,"template":"","format":"standard","meta":{"amp_status":"","footnotes":""},"categories":[38870,31],"tags":[],"class_list":["post-83936","post","type-post","status-publish","format-standard","has-post-thumbnail","hentry","category-conditions-prime-de-noel","category-prime-de-noel"],"yoast_head":"<!-- This site is optimized with the Yoast SEO plugin v14.9 - https:\/\/yoast.com\/wordpress\/plugins\/seo\/ -->\n<title>Prime de No\u00ebl et garde altern\u00e9e : est-ce possible ?<\/title>\n<meta name=\"description\" content=\"Le versement de la prime de No\u00ebl est pour bient\u00f4t mais vous ne connaissez pas vos droits en situation de garde altern\u00e9e ? On vous explique.\" \/>\n<meta name=\"robots\" content=\"index, follow, max-snippet:-1, max-image-preview:large, max-video-preview:-1\" \/>\n<link rel=\"canonical\" href=\"https:\/\/www.mes-allocs.fr\/guides\/prime-de-noel\/conditions-prime-de-noel\/prime-de-noel-garde-alternee\/\" \/>\n<meta property=\"og:locale\" content=\"fr_FR\" \/>\n<meta property=\"og:type\" content=\"article\" \/>\n<meta property=\"og:title\" content=\"Prime de No\u00ebl et garde altern\u00e9e : est-ce possible ?\" \/>\n<meta property=\"og:description\" content=\"Le versement de la prime de No\u00ebl est pour bient\u00f4t mais vous ne connaissez pas vos droits en situation de garde altern\u00e9e ? On vous explique.\" \/>\n<meta property=\"og:url\" content=\"https:\/\/www.mes-allocs.fr\/guides\/prime-de-noel\/conditions-prime-de-noel\/prime-de-noel-garde-alternee\/\" \/>\n<meta property=\"og:site_name\" content=\"Mes-Allocs.fr\" \/>\n<meta property=\"article:published_time\" content=\"2024-10-15T16:26:59+00:00\" \/>\n<meta property=\"article:modified_time\" content=\"2026-04-22T09:51:26+00:00\" \/>\n<meta property=\"og:image\" content=\"https:\/\/www.mes-allocs.fr\/guides\/wp-content\/uploads\/2024\/10\/prime-de-noel-garde-alternee.jpg?wsr\" \/>\n\t<meta property=\"og:image:width\" content=\"1280\" \/>\n\t<meta property=\"og:image:height\" content=\"1280\" \/>\n<meta name=\"twitter:card\" content=\"summary_large_image\" \/>\n<script type=\"application\/ld+json\" class=\"yoast-schema-graph\">{\"@context\":\"https:\/\/schema.org\",\"@graph\":[{\"@type\":\"WebSite\",\"@id\":\"https:\/\/www.mes-allocs.fr\/guides\/#website\",\"url\":\"https:\/\/www.mes-allocs.fr\/guides\/\",\"name\":\"Mes-Allocs.fr\",\"description\":\"\",\"potentialAction\":[{\"@type\":\"SearchAction\",\"target\":\"https:\/\/www.mes-allocs.fr\/guides\/?s={search_term_string}\",\"query-input\":\"required name=search_term_string\"}],\"inLanguage\":\"fr-FR\"},{\"@type\":\"ImageObject\",\"@id\":\"https:\/\/www.mes-allocs.fr\/guides\/prime-de-noel\/conditions-prime-de-noel\/prime-de-noel-garde-alternee\/#primaryimage\",\"inLanguage\":\"fr-FR\",\"url\":\"https:\/\/www.mes-allocs.fr\/guides\/wp-content\/uploads\/2024\/10\/prime-de-noel-garde-alternee.jpg?wsr\",\"width\":1280,\"height\":1280,\"caption\":\"prime de noel garde alternee\"},{\"@type\":\"WebPage\",\"@id\":\"https:\/\/www.mes-allocs.fr\/guides\/prime-de-noel\/conditions-prime-de-noel\/prime-de-noel-garde-alternee\/#webpage\",\"url\":\"https:\/\/www.mes-allocs.fr\/guides\/prime-de-noel\/conditions-prime-de-noel\/prime-de-noel-garde-alternee\/\",\"name\":\"Prime de No\\u00ebl et garde altern\\u00e9e : est-ce possible ?\",\"isPartOf\":{\"@id\":\"https:\/\/www.mes-allocs.fr\/guides\/#website\"},\"primaryImageOfPage\":{\"@id\":\"https:\/\/www.mes-allocs.fr\/guides\/prime-de-noel\/conditions-prime-de-noel\/prime-de-noel-garde-alternee\/#primaryimage\"},\"datePublished\":\"2024-10-15T16:26:59+00:00\",\"dateModified\":\"2026-04-22T09:51:26+00:00\",\"author\":{\"@id\":\"https:\/\/www.mes-allocs.fr\/guides\/#\/schema\/person\/66505fe443d6e6f3696c5af001f3fab8\"},\"description\":\"Le versement de la prime de No\\u00ebl est pour bient\\u00f4t mais vous ne connaissez pas vos droits en situation de garde altern\\u00e9e ? On vous explique.\",\"inLanguage\":\"fr-FR\"},{\"@type\":\"Person\",\"@id\":\"https:\/\/www.mes-allocs.fr\/guides\/#\/schema\/person\/66505fe443d6e6f3696c5af001f3fab8\",\"name\":\"Lauriane Oriol\",\"image\":{\"@type\":\"ImageObject\",\"@id\":\"https:\/\/www.mes-allocs.fr\/guides\/#personlogo\",\"inLanguage\":\"fr-FR\",\"url\":\"https:\/\/www.mes-allocs.fr\/guides\/wp-content\/uploads\/2024\/10\/1702589802731-1-150x150.jpeg\",\"caption\":\"Lauriane Oriol\"},\"description\":\"Lauriane est r\\u00e9dactrice chez Mes Allocs. Sp\\u00e9cialiste des d\\u00e9marches administratives, elle rejoint Mes Allocs apr\\u00e8s une premi\\u00e8re exp\\u00e9rience en marketing et communication.\"}]}<\/script>\n<!-- \/ Yoast SEO plugin. -->","amp_validity":null,"acf":{"faq":{"1":{"question":"Quelles aides quand il y a une garde altern\u00e9e ?","answer":"Les aides peuvent \u00eatre les suivantes : Paje, compl\u00e9ment familial, AEEH, ASF, ARS etc."},"2":{"question":"Quels sont mes droits en garde altern\u00e9e ?","answer":"En cas de garde altern\u00e9e, seul le montant des allocations familiales peut \u00eatre partag\u00e9 \u00e0 part \u00e9gale entre les parents. Chaque parent peut b\u00e9n\u00e9ficier des APL et partager, le cas \u00e9ch\u00e9ant, la majoration du RSA."},"3":{"question":"Est-ce que la garde altern\u00e9e joue sur la prime d'activit\u00e9 ?","answer":"Si vous \u00eates en garde altern\u00e9e, la prime d'activit\u00e9 est per\u00e7ue par le parent d\u00e9sign\u00e9 comme \u201callocataire principal\u201d pour l'ensemble des prestations."},"4":{"question":"Qui touche la prime de rentr\u00e9e scolaire en cas de garde altern\u00e9e ?","answer":"L'allocation est attribu\u00e9e au parent qui en fait la demande en premier."},"5":{"question":"","answer":""},"6":{"question":"","answer":""},"7":{"question":"","answer":""},"8":{"question":"","answer":""},"9":{"question":"","answer":""},"10":{"question":"","answer":""},"11":{"question":"","answer":""},"12":{"question":"","answer":""},"13":{"question":"","answer":""},"14":{"question":"","answer":""},"15":{"question":"","answer":""},"16":{"question":"","answer":""}}},"_links":{"self":[{"href":"https:\/\/www.mes-allocs.fr\/guides\/wp-json\/wp\/v2\/posts\/83936","targetHints":{"allow":["GET"]}}],"collection":[{"href":"https:\/\/www.mes-allocs.fr\/guides\/wp-json\/wp\/v2\/posts"}],"about":[{"href":"https:\/\/www.mes-allocs.fr\/guides\/wp-json\/wp\/v2\/types\/post"}],"author":[{"embeddable":true,"href":"https:\/\/www.mes-allocs.fr\/guides\/wp-json\/wp\/v2\/users\/30"}],"replies":[{"embeddable":true,"href":"https:\/\/www.mes-allocs.fr\/guides\/wp-json\/wp\/v2\/comments?post=83936"}],"version-history":[{"count":22,"href":"https:\/\/www.mes-allocs.fr\/guides\/wp-json\/wp\/v2\/posts\/83936\/revisions"}],"predecessor-version":[{"id":106372,"href":"https:\/\/www.mes-allocs.fr\/guides\/wp-json\/wp\/v2\/posts\/83936\/revisions\/106372"}],"wp:featuredmedia":[{"embeddable":true,"href":"https:\/\/www.mes-allocs.fr\/guides\/wp-json\/wp\/v2\/media\/83958"}],"wp:attachment":[{"href":"https:\/\/www.mes-allocs.fr\/guides\/wp-json\/wp\/v2\/media?parent=83936"}],"wp:term":[{"taxonomy":"category","embeddable":true,"href":"https:\/\/www.mes-allocs.fr\/guides\/wp-json\/wp\/v2\/categories?post=83936"},{"taxonomy":"post_tag","embeddable":true,"href":"https:\/\/www.mes-allocs.fr\/guides\/wp-json\/wp\/v2\/tags?post=83936"}],"curies":[{"name":"wp","href":"https:\/\/api.w.org\/{rel}","templated":true}]}}